{"id":205907,"date":"2023-05-23T12:27:46","date_gmt":"2023-05-23T10:27:46","guid":{"rendered":"https:\/\/www.prijedordanas.com\/?p=205907"},"modified":"2023-05-23T12:27:46","modified_gmt":"2023-05-23T10:27:46","slug":"stab-za-vanredne-situacije-grada-prijedora-prestanak-vanredne-situacije-uzrokovane-pandemijom-korona-virusa","status":"publish","type":"post","link":"https:\/\/www.prijedordanas.com\/?p=205907","title":{"rendered":"\u0160tab za vanredne situacije grada Prijedora: Prestanak vanredne situacije uzrokovane pandemijom korona virusa"},"content":{"rendered":"<p><a href=\"https:\/\/www.prijedordanas.com\/wp-content\/uploads\/2022\/08\/prijedorgradorg-gradska-uprava-iz-vazduha.jpg\"><img loading=\"lazy\" decoding=\"async\" src=\"https:\/\/www.prijedordanas.com\/wp-content\/uploads\/2022\/08\/prijedorgradorg-gradska-uprava-iz-vazduha-300x225.jpg\" alt=\"\" width=\"300\" height=\"225\" class=\"alignleft size-medium wp-image-190719\" srcset=\"https:\/\/www.prijedordanas.com\/wp-content\/uploads\/2022\/08\/prijedorgradorg-gradska-uprava-iz-vazduha-300x225.jpg 300w, https:\/\/www.prijedordanas.com\/wp-content\/uploads\/2022\/08\/prijedorgradorg-gradska-uprava-iz-vazduha-640x480.jpg 640w, https:\/\/www.prijedordanas.com\/wp-content\/uploads\/2022\/08\/prijedorgradorg-gradska-uprava-iz-vazduha.jpg 667w\" sizes=\"(max-width: 300px) 100vw, 300px\" \/><\/a>Gradski \u0161tab za vanredne situacije je na 6. sjednici odr\u017eanoj 23. maja 2023. godine donio sljede\u0107e:<\/p>\n<p>ZAKLJU\u010cKE<\/p>\n<p>Gradski \u0161tab za vanredne situacije konstatuje:<\/p>\n<p>1.Na podru\u010dju grada Prijedora trenutno nema lica sa pozitivnim PSR testom na virus korona. Do sada se 3.122 lica oporavilo od oboljenja uzrokovanog virusom korona, a 174 lica su preminula. Pod zdravstvenim nadzorom &#8211; u ku\u0107noj izolaciji je 7 lica, a zdravstveni nadzor je prestao za 20.616 lica. Do sada je prvom dozom vakcine vakcinisano 18.579 gra\u0111ana, drugom dozom 17.924, tre\u0107om dozom 5.686 i \u010detvrtom 195 gra\u0111ana;<\/p>\n<p>2.Svi subjekti uklju\u010deni u sprovo\u0111enje mjera za\u0161tite i spre\u010davanja \u0161irenja virusa korona na podru\u010dju grada Prijedora profesionalno su izvr\u0161avali zadatke i sprovodili mjere i preporuke date od strane Gradskog \u0161taba za vanredne situacije.<\/p>\n<p>Vlada Republike Srpske na prijedlog Republi\u010dkog \u0161taba za vanredne situacije donijela je na sjednici od 18.05.2023. godine Uredbu o prestanku va\u017eenja Odluke o progla\u0161enju vanredne situacije za teritoriju Republike Srpske (Sl.glasnik RS &#8221; broj 46\/23) i Uredbu o prestanku va\u017eenja Uredbe o na\u010dinu izvr\u0161enja mjera za spre\u010davanje i suzbijanje zaraznog oboljenja kovid 19, (Su\u017ebeni glasnik RS &#8221; broj 46\/23).<\/p>\n<p>Naredbe, zadu\u017eenja i preporuke:<\/p>\n<p>1. Prestaje da va\u017ei zaklju\u010dak Gradskog \u0161taba za vanredne situacije grada Prijedor o progla\u0161enju vanredne situacije na podru\u010dju grada Prijedora uzrokovane pojavom zaraznog oboljenja Kovid 19 donesen u martu 2020. godine.<\/p>\n<p>2. Za realizaciju ovih zaklju\u010daka zadu\u017euju se organi i slu\u017ebe Gradske uprave Prijedor, privredna dru\u0161tva, javne ustanove i institucije na podru\u010dju grada Prijedora.<\/p>\n<p>Broj: 02- sl-6 \/23<br \/>\nDatum: 23.05.2023. godine<\/p>\n<p>KOMANDANT<br \/>\nSlobodan Javor<\/p>\n","protected":false},"excerpt":{"rendered":"<p>Gradski \u0161tab za vanredne situacije je na 6. sjednici odr\u017eanoj 23. maja 2023. godine donio sljede\u0107e: ZAKLJU\u010cKE Gradski \u0161tab za vanredne situacije konstatuje: 1.Na podru\u010dju grada Prijedora trenutno nema lica [&hellip;]<\/p>\n","protected":false},"author":1,"featured_media":0,"comment_status":"closed","ping_status":"open","sticky":false,"template":"","format":"standard","meta":{"_monsterinsights_skip_tracking":false,"_monsterinsights_sitenote_active":false,"_monsterinsights_sitenote_note":"","_monsterinsights_sitenote_category":0,"footnotes":""},"categories":[4],"tags":[],"yoast_head":"<!-- This site is optimized with the Yoast SEO plugin v21.6 - https:\/\/yoast.com\/wordpress\/plugins\/seo\/ -->\n<title>\u0160tab za vanredne situacije grada Prijedora: Prestanak vanredne situacije uzrokovane pandemijom korona virusa - PrijedorDanas.com - Prijedorski gradski portal<\/title>\n<meta name=\"robots\" content=\"index, follow, max-snippet:-1, max-image-preview:large, max-video-preview:-1\" \/>\n<link rel=\"canonical\" href=\"https:\/\/www.prijedordanas.com\/?p=205907\" \/>\n<meta property=\"og:locale\" content=\"en_US\" \/>\n<meta property=\"og:type\" content=\"article\" \/>\n<meta property=\"og:title\" content=\"\u0160tab za vanredne situacije grada Prijedora: Prestanak vanredne situacije uzrokovane pandemijom korona virusa - PrijedorDanas.com - Prijedorski gradski portal\" \/>\n<meta property=\"og:description\" content=\"Gradski \u0161tab za vanredne situacije je na 6. sjednici odr\u017eanoj 23. maja 2023. godine donio sljede\u0107e: ZAKLJU\u010cKE Gradski \u0161tab za vanredne situacije konstatuje: 1.Na podru\u010dju grada Prijedora trenutno nema lica [&hellip;]\" \/>\n<meta property=\"og:url\" content=\"https:\/\/www.prijedordanas.com\/?p=205907\" \/>\n<meta property=\"og:site_name\" content=\"PrijedorDanas.com - Prijedorski gradski portal\" \/>\n<meta property=\"article:publisher\" content=\"https:\/\/www.facebook.com\/PrijedorDanasCom\/\" \/>\n<meta property=\"article:published_time\" content=\"2023-05-23T10:27:46+00:00\" \/>\n<meta property=\"og:image\" content=\"https:\/\/www.prijedordanas.com\/wp-content\/uploads\/2022\/08\/prijedorgradorg-gradska-uprava-iz-vazduha-300x225.jpg\" \/>\n<meta name=\"author\" content=\"admin\" \/>\n<meta name=\"twitter:card\" content=\"summary_large_image\" \/>\n<meta name=\"twitter:label1\" content=\"Written by\" \/>\n\t<meta name=\"twitter:data1\" content=\"admin\" \/>\n<script type=\"application\/ld+json\" class=\"yoast-schema-graph\">{\"@context\":\"https:\/\/schema.org\",\"@graph\":[{\"@type\":\"Article\",\"@id\":\"https:\/\/www.prijedordanas.com\/?p=205907#article\",\"isPartOf\":{\"@id\":\"https:\/\/www.prijedordanas.com\/?p=205907\"},\"author\":{\"name\":\"admin\",\"@id\":\"https:\/\/www.prijedordanas.com\/#\/schema\/person\/4e08ccf29b506ca916ff86d46bb700e6\"},\"headline\":\"\u0160tab za vanredne situacije grada Prijedora: Prestanak vanredne situacije uzrokovane pandemijom korona virusa\",\"datePublished\":\"2023-05-23T10:27:46+00:00\",\"dateModified\":\"2023-05-23T10:27:46+00:00\",\"mainEntityOfPage\":{\"@id\":\"https:\/\/www.prijedordanas.com\/?p=205907\"},\"wordCount\":273,\"publisher\":{\"@id\":\"https:\/\/www.prijedordanas.com\/#organization\"},\"articleSection\":[\"Dru\u0161tvo\"],\"inLanguage\":\"en-US\"},{\"@type\":\"WebPage\",\"@id\":\"https:\/\/www.prijedordanas.com\/?p=205907\",\"url\":\"https:\/\/www.prijedordanas.com\/?p=205907\",\"name\":\"\u0160tab za vanredne situacije grada Prijedora: Prestanak vanredne situacije uzrokovane pandemijom korona virusa - PrijedorDanas.com - Prijedorski gradski portal\",\"isPartOf\":{\"@id\":\"https:\/\/www.prijedordanas.com\/#website\"},\"datePublished\":\"2023-05-23T10:27:46+00:00\",\"dateModified\":\"2023-05-23T10:27:46+00:00\",\"breadcrumb\":{\"@id\":\"https:\/\/www.prijedordanas.com\/?p=205907#breadcrumb\"},\"inLanguage\":\"en-US\",\"potentialAction\":[{\"@type\":\"ReadAction\",\"target\":[\"https:\/\/www.prijedordanas.com\/?p=205907\"]}]},{\"@type\":\"BreadcrumbList\",\"@id\":\"https:\/\/www.prijedordanas.com\/?p=205907#breadcrumb\",\"itemListElement\":[{\"@type\":\"ListItem\",\"position\":1,\"name\":\"Home\",\"item\":\"https:\/\/www.prijedordanas.com\/\"},{\"@type\":\"ListItem\",\"position\":2,\"name\":\"\u0160tab za vanredne situacije grada Prijedora: Prestanak vanredne situacije uzrokovane pandemijom korona virusa\"}]},{\"@type\":\"WebSite\",\"@id\":\"https:\/\/www.prijedordanas.com\/#website\",\"url\":\"https:\/\/www.prijedordanas.com\/\",\"name\":\"PrijedorDanas.com - Prijedorski gradski portal\",\"description\":\"Portal o doga\u0111anjima u gradu Prijedoru\",\"publisher\":{\"@id\":\"https:\/\/www.prijedordanas.com\/#organization\"},\"potentialAction\":[{\"@type\":\"SearchAction\",\"target\":{\"@type\":\"EntryPoint\",\"urlTemplate\":\"https:\/\/www.prijedordanas.com\/?s={search_term_string}\"},\"query-input\":\"required name=search_term_string\"}],\"inLanguage\":\"en-US\"},{\"@type\":\"Organization\",\"@id\":\"https:\/\/www.prijedordanas.com\/#organization\",\"name\":\"PrijedorDanas.com\",\"url\":\"https:\/\/www.prijedordanas.com\/\",\"logo\":{\"@type\":\"ImageObject\",\"inLanguage\":\"en-US\",\"@id\":\"https:\/\/www.prijedordanas.com\/#\/schema\/logo\/image\/\",\"url\":\"http:\/\/www.prijedordanas.com\/wp-content\/uploads\/2021\/12\/logopng.png\",\"contentUrl\":\"http:\/\/www.prijedordanas.com\/wp-content\/uploads\/2021\/12\/logopng.png\",\"width\":1019,\"height\":776,\"caption\":\"PrijedorDanas.com\"},\"image\":{\"@id\":\"https:\/\/www.prijedordanas.com\/#\/schema\/logo\/image\/\"},\"sameAs\":[\"https:\/\/www.facebook.com\/PrijedorDanasCom\/\"]},{\"@type\":\"Person\",\"@id\":\"https:\/\/www.prijedordanas.com\/#\/schema\/person\/4e08ccf29b506ca916ff86d46bb700e6\",\"name\":\"admin\",\"image\":{\"@type\":\"ImageObject\",\"inLanguage\":\"en-US\",\"@id\":\"https:\/\/www.prijedordanas.com\/#\/schema\/person\/image\/\",\"url\":\"https:\/\/secure.gravatar.com\/avatar\/1d3fc949d550f0b53a5f0d51e06dfd79?s=96&d=mm&r=g\",\"contentUrl\":\"https:\/\/secure.gravatar.com\/avatar\/1d3fc949d550f0b53a5f0d51e06dfd79?s=96&d=mm&r=g\",\"caption\":\"admin\"},\"url\":\"https:\/\/www.prijedordanas.com\/?author=1\"}]}<\/script>\n<!-- \/ Yoast SEO plugin. -->","yoast_head_json":{"title":"\u0160tab za vanredne situacije grada Prijedora: Prestanak vanredne situacije uzrokovane pandemijom korona virusa - PrijedorDanas.com - Prijedorski gradski portal","robots":{"index":"index","follow":"follow","max-snippet":"max-snippet:-1","max-image-preview":"max-image-preview:large","max-video-preview":"max-video-preview:-1"},"canonical":"https:\/\/www.prijedordanas.com\/?p=205907","og_locale":"en_US","og_type":"article","og_title":"\u0160tab za vanredne situacije grada Prijedora: Prestanak vanredne situacije uzrokovane pandemijom korona virusa - PrijedorDanas.com - Prijedorski gradski portal","og_description":"Gradski \u0161tab za vanredne situacije je na 6. sjednici odr\u017eanoj 23. maja 2023. godine donio sljede\u0107e: ZAKLJU\u010cKE Gradski \u0161tab za vanredne situacije konstatuje: 1.Na podru\u010dju grada Prijedora trenutno nema lica [&hellip;]","og_url":"https:\/\/www.prijedordanas.com\/?p=205907","og_site_name":"PrijedorDanas.com - Prijedorski gradski portal","article_publisher":"https:\/\/www.facebook.com\/PrijedorDanasCom\/","article_published_time":"2023-05-23T10:27:46+00:00","og_image":[{"url":"https:\/\/www.prijedordanas.com\/wp-content\/uploads\/2022\/08\/prijedorgradorg-gradska-uprava-iz-vazduha-300x225.jpg"}],"author":"admin","twitter_card":"summary_large_image","twitter_misc":{"Written by":"admin"},"schema":{"@context":"https:\/\/schema.org","@graph":[{"@type":"Article","@id":"https:\/\/www.prijedordanas.com\/?p=205907#article","isPartOf":{"@id":"https:\/\/www.prijedordanas.com\/?p=205907"},"author":{"name":"admin","@id":"https:\/\/www.prijedordanas.com\/#\/schema\/person\/4e08ccf29b506ca916ff86d46bb700e6"},"headline":"\u0160tab za vanredne situacije grada Prijedora: Prestanak vanredne situacije uzrokovane pandemijom korona virusa","datePublished":"2023-05-23T10:27:46+00:00","dateModified":"2023-05-23T10:27:46+00:00","mainEntityOfPage":{"@id":"https:\/\/www.prijedordanas.com\/?p=205907"},"wordCount":273,"publisher":{"@id":"https:\/\/www.prijedordanas.com\/#organization"},"articleSection":["Dru\u0161tvo"],"inLanguage":"en-US"},{"@type":"WebPage","@id":"https:\/\/www.prijedordanas.com\/?p=205907","url":"https:\/\/www.prijedordanas.com\/?p=205907","name":"\u0160tab za vanredne situacije grada Prijedora: Prestanak vanredne situacije uzrokovane pandemijom korona virusa - PrijedorDanas.com - Prijedorski gradski portal","isPartOf":{"@id":"https:\/\/www.prijedordanas.com\/#website"},"datePublished":"2023-05-23T10:27:46+00:00","dateModified":"2023-05-23T10:27:46+00:00","breadcrumb":{"@id":"https:\/\/www.prijedordanas.com\/?p=205907#breadcrumb"},"inLanguage":"en-US","potentialAction":[{"@type":"ReadAction","target":["https:\/\/www.prijedordanas.com\/?p=205907"]}]},{"@type":"BreadcrumbList","@id":"https:\/\/www.prijedordanas.com\/?p=205907#breadcrumb","itemListElement":[{"@type":"ListItem","position":1,"name":"Home","item":"https:\/\/www.prijedordanas.com\/"},{"@type":"ListItem","position":2,"name":"\u0160tab za vanredne situacije grada Prijedora: Prestanak vanredne situacije uzrokovane pandemijom korona virusa"}]},{"@type":"WebSite","@id":"https:\/\/www.prijedordanas.com\/#website","url":"https:\/\/www.prijedordanas.com\/","name":"PrijedorDanas.com - Prijedorski gradski portal","description":"Portal o doga\u0111anjima u gradu Prijedoru","publisher":{"@id":"https:\/\/www.prijedordanas.com\/#organization"},"potentialAction":[{"@type":"SearchAction","target":{"@type":"EntryPoint","urlTemplate":"https:\/\/www.prijedordanas.com\/?s={search_term_string}"},"query-input":"required name=search_term_string"}],"inLanguage":"en-US"},{"@type":"Organization","@id":"https:\/\/www.prijedordanas.com\/#organization","name":"PrijedorDanas.com","url":"https:\/\/www.prijedordanas.com\/","logo":{"@type":"ImageObject","inLanguage":"en-US","@id":"https:\/\/www.prijedordanas.com\/#\/schema\/logo\/image\/","url":"http:\/\/www.prijedordanas.com\/wp-content\/uploads\/2021\/12\/logopng.png","contentUrl":"http:\/\/www.prijedordanas.com\/wp-content\/uploads\/2021\/12\/logopng.png","width":1019,"height":776,"caption":"PrijedorDanas.com"},"image":{"@id":"https:\/\/www.prijedordanas.com\/#\/schema\/logo\/image\/"},"sameAs":["https:\/\/www.facebook.com\/PrijedorDanasCom\/"]},{"@type":"Person","@id":"https:\/\/www.prijedordanas.com\/#\/schema\/person\/4e08ccf29b506ca916ff86d46bb700e6","name":"admin","image":{"@type":"ImageObject","inLanguage":"en-US","@id":"https:\/\/www.prijedordanas.com\/#\/schema\/person\/image\/","url":"https:\/\/secure.gravatar.com\/avatar\/1d3fc949d550f0b53a5f0d51e06dfd79?s=96&d=mm&r=g","contentUrl":"https:\/\/secure.gravatar.com\/avatar\/1d3fc949d550f0b53a5f0d51e06dfd79?s=96&d=mm&r=g","caption":"admin"},"url":"https:\/\/www.prijedordanas.com\/?author=1"}]}},"_links":{"self":[{"href":"https:\/\/www.prijedordanas.com\/index.php?rest_route=\/wp\/v2\/posts\/205907"}],"collection":[{"href":"https:\/\/www.prijedordanas.com\/index.php?rest_route=\/wp\/v2\/posts"}],"about":[{"href":"https:\/\/www.prijedordanas.com\/index.php?rest_route=\/wp\/v2\/types\/post"}],"author":[{"embeddable":true,"href":"https:\/\/www.prijedordanas.com\/index.php?rest_route=\/wp\/v2\/users\/1"}],"replies":[{"embeddable":true,"href":"https:\/\/www.prijedordanas.com\/index.php?rest_route=%2Fwp%2Fv2%2Fcomments&post=205907"}],"version-history":[{"count":1,"href":"https:\/\/www.prijedordanas.com\/index.php?rest_route=\/wp\/v2\/posts\/205907\/revisions"}],"predecessor-version":[{"id":205908,"href":"https:\/\/www.prijedordanas.com\/index.php?rest_route=\/wp\/v2\/posts\/205907\/revisions\/205908"}],"wp:attachment":[{"href":"https:\/\/www.prijedordanas.com\/index.php?rest_route=%2Fwp%2Fv2%2Fmedia&parent=205907"}],"wp:term":[{"taxonomy":"category","embeddable":true,"href":"https:\/\/www.prijedordanas.com\/index.php?rest_route=%2Fwp%2Fv2%2Fcategories&post=205907"},{"taxonomy":"post_tag","embeddable":true,"href":"https:\/\/www.prijedordanas.com\/index.php?rest_route=%2Fwp%2Fv2%2Ftags&post=205907"}],"curies":[{"name":"wp","href":"https:\/\/api.w.org\/{rel}","templated":true}]}}