{"id":205813,"date":"2023-05-22T11:26:39","date_gmt":"2023-05-22T09:26:39","guid":{"rendered":"https:\/\/www.prijedordanas.com\/?p=205813"},"modified":"2023-05-22T11:26:39","modified_gmt":"2023-05-22T09:26:39","slug":"gradski-stab-za-vanredne-situacije-ukinut-prvi-stepen-pripravnosti-od-poplava-vodostaji-vise-ne-ugrozavaju-stanovnistvo","status":"publish","type":"post","link":"https:\/\/www.prijedordanas.com\/?p=205813","title":{"rendered":"Gradski \u0161tab za vanredne situacije: Ukinut prvi stepen pripravnosti od poplava, vodostaji vi\u0161e ne ugro\u017eavaju stanovni\u0161tvo"},"content":{"rendered":"<p><a href=\"https:\/\/www.prijedordanas.com\/wp-content\/uploads\/2019\/12\/grad-prijedor-ilustracija.jpg\"><img loading=\"lazy\" decoding=\"async\" src=\"https:\/\/www.prijedordanas.com\/wp-content\/uploads\/2019\/12\/grad-prijedor-ilustracija-300x253.jpg\" alt=\"\" width=\"300\" height=\"253\" class=\"alignleft size-medium wp-image-137729\" srcset=\"https:\/\/www.prijedordanas.com\/wp-content\/uploads\/2019\/12\/grad-prijedor-ilustracija-300x253.jpg 300w, https:\/\/www.prijedordanas.com\/wp-content\/uploads\/2019\/12\/grad-prijedor-ilustracija.jpg 653w\" sizes=\"(max-width: 300px) 100vw, 300px\" \/><\/a>Nakon danas odr\u017eane 5.sjednice, Gradski \u0161tab za vanredne situacije donio je slijede\u0107e<\/p>\n<p>ZAKLJU\u010cKE<\/p>\n<p>Gradski \u0161tab za vanredne situacije konstatuje:<\/p>\n<p>-Vodostaj rijeke Sane na mjernoj letvi kod gradskog mosta u 07,00 \u010dasova iznosio je 208 cm i ispod je granice redovnog pra\u0107enja. Vodostaji i op\u0161tinama uzvodno od grada Prijedora su tako\u0111e u padu i ispod granica redovnog pra\u0107enja. Vodostaj rijeke Milo\u0161evice je u granicama koje ne ugro\u017eavaju stanovni\u0161tvo i materijalna dobra u zoni tog vodotoka;<\/p>\n<p>-Svi subjekti za\u0161tite i spasavanja su na vrijeme i kvalitetno odgovorili na pojavu poplava u vremenu od 14. do 19.05 2023. godine i prestala je potreba za njihovim vanrednim anga\u017eovanjem;<\/p>\n<p>-Stanje na polavljenim dijelovima grada je zadovoljavaju\u0107e i sve dalje aktivnosti vezane za redovno odvijanje gradskih funkcija preuzele su redovne slu\u017ebe u skladu sa svojim ovla\u0161tenjima.<\/p>\n<p>Naredbe, zadu\u017eenja i preporuke<\/p>\n<p>1.Prestaje da va\u017ei Prvi stepen pripravnosti od poplava progla\u0161en Naredbom Gradskog \u0161taba za vanredne situacije broj: 02-sl-3\/23 od 15.05.2023. godine.<\/p>\n<p>Za realizaciju ovog zaklju\u010daka zadu\u017euju se organi i slu\u017ebe Gradske uprave Prijedor, privredna dru\u0161tva, javne ustanove i institucije na podru\u010dju grada Prijedora.<\/p>\n<p>Broj: 02-sl-5\/23<br \/>\nDatum: 22.05.2023. godine<\/p>\n<p>KOMANDANT<br \/>\nSlobodan Javor<\/p>\n","protected":false},"excerpt":{"rendered":"<p>Nakon danas odr\u017eane 5.sjednice, Gradski \u0161tab za vanredne situacije donio je slijede\u0107e ZAKLJU\u010cKE Gradski \u0161tab za vanredne situacije konstatuje: -Vodostaj rijeke Sane na mjernoj letvi kod gradskog mosta u 07,00 [&hellip;]<\/p>\n","protected":false},"author":1,"featured_media":0,"comment_status":"closed","ping_status":"open","sticky":false,"template":"","format":"standard","meta":{"_monsterinsights_skip_tracking":false,"_monsterinsights_sitenote_active":false,"_monsterinsights_sitenote_note":"","_monsterinsights_sitenote_category":0,"footnotes":""},"categories":[4],"tags":[],"yoast_head":"<!-- This site is optimized with the Yoast SEO plugin v21.6 - https:\/\/yoast.com\/wordpress\/plugins\/seo\/ -->\n<title>Gradski \u0161tab za vanredne situacije: Ukinut prvi stepen pripravnosti od poplava, vodostaji vi\u0161e ne ugro\u017eavaju stanovni\u0161tvo - PrijedorDanas.com - Prijedorski gradski portal<\/title>\n<meta name=\"robots\" content=\"index, follow, max-snippet:-1, max-image-preview:large, max-video-preview:-1\" \/>\n<link rel=\"canonical\" href=\"https:\/\/www.prijedordanas.com\/?p=205813\" \/>\n<meta property=\"og:locale\" content=\"en_US\" \/>\n<meta property=\"og:type\" content=\"article\" \/>\n<meta property=\"og:title\" content=\"Gradski \u0161tab za vanredne situacije: Ukinut prvi stepen pripravnosti od poplava, vodostaji vi\u0161e ne ugro\u017eavaju stanovni\u0161tvo - PrijedorDanas.com - Prijedorski gradski portal\" \/>\n<meta property=\"og:description\" content=\"Nakon danas odr\u017eane 5.sjednice, Gradski \u0161tab za vanredne situacije donio je slijede\u0107e ZAKLJU\u010cKE Gradski \u0161tab za vanredne situacije konstatuje: -Vodostaj rijeke Sane na mjernoj letvi kod gradskog mosta u 07,00 [&hellip;]\" \/>\n<meta property=\"og:url\" content=\"https:\/\/www.prijedordanas.com\/?p=205813\" \/>\n<meta property=\"og:site_name\" content=\"PrijedorDanas.com - Prijedorski gradski portal\" \/>\n<meta property=\"article:publisher\" content=\"https:\/\/www.facebook.com\/PrijedorDanasCom\/\" \/>\n<meta property=\"article:published_time\" content=\"2023-05-22T09:26:39+00:00\" \/>\n<meta property=\"og:image\" content=\"https:\/\/www.prijedordanas.com\/wp-content\/uploads\/2019\/12\/grad-prijedor-ilustracija-300x253.jpg\" \/>\n<meta name=\"author\" content=\"admin\" \/>\n<meta name=\"twitter:card\" content=\"summary_large_image\" \/>\n<meta name=\"twitter:label1\" content=\"Written by\" \/>\n\t<meta name=\"twitter:data1\" content=\"admin\" \/>\n\t<meta name=\"twitter:label2\" content=\"Est. reading time\" \/>\n\t<meta name=\"twitter:data2\" content=\"2 minutes\" \/>\n<script type=\"application\/ld+json\" class=\"yoast-schema-graph\">{\"@context\":\"https:\/\/schema.org\",\"@graph\":[{\"@type\":\"Article\",\"@id\":\"https:\/\/www.prijedordanas.com\/?p=205813#article\",\"isPartOf\":{\"@id\":\"https:\/\/www.prijedordanas.com\/?p=205813\"},\"author\":{\"name\":\"admin\",\"@id\":\"https:\/\/www.prijedordanas.com\/#\/schema\/person\/4e08ccf29b506ca916ff86d46bb700e6\"},\"headline\":\"Gradski \u0161tab za vanredne situacije: Ukinut prvi stepen pripravnosti od poplava, vodostaji vi\u0161e ne ugro\u017eavaju stanovni\u0161tvo\",\"datePublished\":\"2023-05-22T09:26:39+00:00\",\"dateModified\":\"2023-05-22T09:26:39+00:00\",\"mainEntityOfPage\":{\"@id\":\"https:\/\/www.prijedordanas.com\/?p=205813\"},\"wordCount\":219,\"publisher\":{\"@id\":\"https:\/\/www.prijedordanas.com\/#organization\"},\"articleSection\":[\"Dru\u0161tvo\"],\"inLanguage\":\"en-US\"},{\"@type\":\"WebPage\",\"@id\":\"https:\/\/www.prijedordanas.com\/?p=205813\",\"url\":\"https:\/\/www.prijedordanas.com\/?p=205813\",\"name\":\"Gradski \u0161tab za vanredne situacije: Ukinut prvi stepen pripravnosti od poplava, vodostaji vi\u0161e ne ugro\u017eavaju stanovni\u0161tvo - PrijedorDanas.com - Prijedorski gradski portal\",\"isPartOf\":{\"@id\":\"https:\/\/www.prijedordanas.com\/#website\"},\"datePublished\":\"2023-05-22T09:26:39+00:00\",\"dateModified\":\"2023-05-22T09:26:39+00:00\",\"breadcrumb\":{\"@id\":\"https:\/\/www.prijedordanas.com\/?p=205813#breadcrumb\"},\"inLanguage\":\"en-US\",\"potentialAction\":[{\"@type\":\"ReadAction\",\"target\":[\"https:\/\/www.prijedordanas.com\/?p=205813\"]}]},{\"@type\":\"BreadcrumbList\",\"@id\":\"https:\/\/www.prijedordanas.com\/?p=205813#breadcrumb\",\"itemListElement\":[{\"@type\":\"ListItem\",\"position\":1,\"name\":\"Home\",\"item\":\"https:\/\/www.prijedordanas.com\/\"},{\"@type\":\"ListItem\",\"position\":2,\"name\":\"Gradski \u0161tab za vanredne situacije: Ukinut prvi stepen pripravnosti od poplava, vodostaji vi\u0161e ne ugro\u017eavaju stanovni\u0161tvo\"}]},{\"@type\":\"WebSite\",\"@id\":\"https:\/\/www.prijedordanas.com\/#website\",\"url\":\"https:\/\/www.prijedordanas.com\/\",\"name\":\"PrijedorDanas.com - Prijedorski gradski portal\",\"description\":\"Portal o doga\u0111anjima u gradu Prijedoru\",\"publisher\":{\"@id\":\"https:\/\/www.prijedordanas.com\/#organization\"},\"potentialAction\":[{\"@type\":\"SearchAction\",\"target\":{\"@type\":\"EntryPoint\",\"urlTemplate\":\"https:\/\/www.prijedordanas.com\/?s={search_term_string}\"},\"query-input\":\"required name=search_term_string\"}],\"inLanguage\":\"en-US\"},{\"@type\":\"Organization\",\"@id\":\"https:\/\/www.prijedordanas.com\/#organization\",\"name\":\"PrijedorDanas.com\",\"url\":\"https:\/\/www.prijedordanas.com\/\",\"logo\":{\"@type\":\"ImageObject\",\"inLanguage\":\"en-US\",\"@id\":\"https:\/\/www.prijedordanas.com\/#\/schema\/logo\/image\/\",\"url\":\"http:\/\/www.prijedordanas.com\/wp-content\/uploads\/2021\/12\/logopng.png\",\"contentUrl\":\"http:\/\/www.prijedordanas.com\/wp-content\/uploads\/2021\/12\/logopng.png\",\"width\":1019,\"height\":776,\"caption\":\"PrijedorDanas.com\"},\"image\":{\"@id\":\"https:\/\/www.prijedordanas.com\/#\/schema\/logo\/image\/\"},\"sameAs\":[\"https:\/\/www.facebook.com\/PrijedorDanasCom\/\"]},{\"@type\":\"Person\",\"@id\":\"https:\/\/www.prijedordanas.com\/#\/schema\/person\/4e08ccf29b506ca916ff86d46bb700e6\",\"name\":\"admin\",\"image\":{\"@type\":\"ImageObject\",\"inLanguage\":\"en-US\",\"@id\":\"https:\/\/www.prijedordanas.com\/#\/schema\/person\/image\/\",\"url\":\"https:\/\/secure.gravatar.com\/avatar\/1d3fc949d550f0b53a5f0d51e06dfd79?s=96&d=mm&r=g\",\"contentUrl\":\"https:\/\/secure.gravatar.com\/avatar\/1d3fc949d550f0b53a5f0d51e06dfd79?s=96&d=mm&r=g\",\"caption\":\"admin\"},\"url\":\"https:\/\/www.prijedordanas.com\/?author=1\"}]}<\/script>\n<!-- \/ Yoast SEO plugin. -->","yoast_head_json":{"title":"Gradski \u0161tab za vanredne situacije: Ukinut prvi stepen pripravnosti od poplava, vodostaji vi\u0161e ne ugro\u017eavaju stanovni\u0161tvo - PrijedorDanas.com - Prijedorski gradski portal","robots":{"index":"index","follow":"follow","max-snippet":"max-snippet:-1","max-image-preview":"max-image-preview:large","max-video-preview":"max-video-preview:-1"},"canonical":"https:\/\/www.prijedordanas.com\/?p=205813","og_locale":"en_US","og_type":"article","og_title":"Gradski \u0161tab za vanredne situacije: Ukinut prvi stepen pripravnosti od poplava, vodostaji vi\u0161e ne ugro\u017eavaju stanovni\u0161tvo - PrijedorDanas.com - Prijedorski gradski portal","og_description":"Nakon danas odr\u017eane 5.sjednice, Gradski \u0161tab za vanredne situacije donio je slijede\u0107e ZAKLJU\u010cKE Gradski \u0161tab za vanredne situacije konstatuje: -Vodostaj rijeke Sane na mjernoj letvi kod gradskog mosta u 07,00 [&hellip;]","og_url":"https:\/\/www.prijedordanas.com\/?p=205813","og_site_name":"PrijedorDanas.com - Prijedorski gradski portal","article_publisher":"https:\/\/www.facebook.com\/PrijedorDanasCom\/","article_published_time":"2023-05-22T09:26:39+00:00","og_image":[{"url":"https:\/\/www.prijedordanas.com\/wp-content\/uploads\/2019\/12\/grad-prijedor-ilustracija-300x253.jpg"}],"author":"admin","twitter_card":"summary_large_image","twitter_misc":{"Written by":"admin","Est. reading time":"2 minutes"},"schema":{"@context":"https:\/\/schema.org","@graph":[{"@type":"Article","@id":"https:\/\/www.prijedordanas.com\/?p=205813#article","isPartOf":{"@id":"https:\/\/www.prijedordanas.com\/?p=205813"},"author":{"name":"admin","@id":"https:\/\/www.prijedordanas.com\/#\/schema\/person\/4e08ccf29b506ca916ff86d46bb700e6"},"headline":"Gradski \u0161tab za vanredne situacije: Ukinut prvi stepen pripravnosti od poplava, vodostaji vi\u0161e ne ugro\u017eavaju stanovni\u0161tvo","datePublished":"2023-05-22T09:26:39+00:00","dateModified":"2023-05-22T09:26:39+00:00","mainEntityOfPage":{"@id":"https:\/\/www.prijedordanas.com\/?p=205813"},"wordCount":219,"publisher":{"@id":"https:\/\/www.prijedordanas.com\/#organization"},"articleSection":["Dru\u0161tvo"],"inLanguage":"en-US"},{"@type":"WebPage","@id":"https:\/\/www.prijedordanas.com\/?p=205813","url":"https:\/\/www.prijedordanas.com\/?p=205813","name":"Gradski \u0161tab za vanredne situacije: Ukinut prvi stepen pripravnosti od poplava, vodostaji vi\u0161e ne ugro\u017eavaju stanovni\u0161tvo - PrijedorDanas.com - Prijedorski gradski portal","isPartOf":{"@id":"https:\/\/www.prijedordanas.com\/#website"},"datePublished":"2023-05-22T09:26:39+00:00","dateModified":"2023-05-22T09:26:39+00:00","breadcrumb":{"@id":"https:\/\/www.prijedordanas.com\/?p=205813#breadcrumb"},"inLanguage":"en-US","potentialAction":[{"@type":"ReadAction","target":["https:\/\/www.prijedordanas.com\/?p=205813"]}]},{"@type":"BreadcrumbList","@id":"https:\/\/www.prijedordanas.com\/?p=205813#breadcrumb","itemListElement":[{"@type":"ListItem","position":1,"name":"Home","item":"https:\/\/www.prijedordanas.com\/"},{"@type":"ListItem","position":2,"name":"Gradski \u0161tab za vanredne situacije: Ukinut prvi stepen pripravnosti od poplava, vodostaji vi\u0161e ne ugro\u017eavaju stanovni\u0161tvo"}]},{"@type":"WebSite","@id":"https:\/\/www.prijedordanas.com\/#website","url":"https:\/\/www.prijedordanas.com\/","name":"PrijedorDanas.com - Prijedorski gradski portal","description":"Portal o doga\u0111anjima u gradu Prijedoru","publisher":{"@id":"https:\/\/www.prijedordanas.com\/#organization"},"potentialAction":[{"@type":"SearchAction","target":{"@type":"EntryPoint","urlTemplate":"https:\/\/www.prijedordanas.com\/?s={search_term_string}"},"query-input":"required name=search_term_string"}],"inLanguage":"en-US"},{"@type":"Organization","@id":"https:\/\/www.prijedordanas.com\/#organization","name":"PrijedorDanas.com","url":"https:\/\/www.prijedordanas.com\/","logo":{"@type":"ImageObject","inLanguage":"en-US","@id":"https:\/\/www.prijedordanas.com\/#\/schema\/logo\/image\/","url":"http:\/\/www.prijedordanas.com\/wp-content\/uploads\/2021\/12\/logopng.png","contentUrl":"http:\/\/www.prijedordanas.com\/wp-content\/uploads\/2021\/12\/logopng.png","width":1019,"height":776,"caption":"PrijedorDanas.com"},"image":{"@id":"https:\/\/www.prijedordanas.com\/#\/schema\/logo\/image\/"},"sameAs":["https:\/\/www.facebook.com\/PrijedorDanasCom\/"]},{"@type":"Person","@id":"https:\/\/www.prijedordanas.com\/#\/schema\/person\/4e08ccf29b506ca916ff86d46bb700e6","name":"admin","image":{"@type":"ImageObject","inLanguage":"en-US","@id":"https:\/\/www.prijedordanas.com\/#\/schema\/person\/image\/","url":"https:\/\/secure.gravatar.com\/avatar\/1d3fc949d550f0b53a5f0d51e06dfd79?s=96&d=mm&r=g","contentUrl":"https:\/\/secure.gravatar.com\/avatar\/1d3fc949d550f0b53a5f0d51e06dfd79?s=96&d=mm&r=g","caption":"admin"},"url":"https:\/\/www.prijedordanas.com\/?author=1"}]}},"_links":{"self":[{"href":"https:\/\/www.prijedordanas.com\/index.php?rest_route=\/wp\/v2\/posts\/205813"}],"collection":[{"href":"https:\/\/www.prijedordanas.com\/index.php?rest_route=\/wp\/v2\/posts"}],"about":[{"href":"https:\/\/www.prijedordanas.com\/index.php?rest_route=\/wp\/v2\/types\/post"}],"author":[{"embeddable":true,"href":"https:\/\/www.prijedordanas.com\/index.php?rest_route=\/wp\/v2\/users\/1"}],"replies":[{"embeddable":true,"href":"https:\/\/www.prijedordanas.com\/index.php?rest_route=%2Fwp%2Fv2%2Fcomments&post=205813"}],"version-history":[{"count":2,"href":"https:\/\/www.prijedordanas.com\/index.php?rest_route=\/wp\/v2\/posts\/205813\/revisions"}],"predecessor-version":[{"id":205822,"href":"https:\/\/www.prijedordanas.com\/index.php?rest_route=\/wp\/v2\/posts\/205813\/revisions\/205822"}],"wp:attachment":[{"href":"https:\/\/www.prijedordanas.com\/index.php?rest_route=%2Fwp%2Fv2%2Fmedia&parent=205813"}],"wp:term":[{"taxonomy":"category","embeddable":true,"href":"https:\/\/www.prijedordanas.com\/index.php?rest_route=%2Fwp%2Fv2%2Fcategories&post=205813"},{"taxonomy":"post_tag","embeddable":true,"href":"https:\/\/www.prijedordanas.com\/index.php?rest_route=%2Fwp%2Fv2%2Ftags&post=205813"}],"curies":[{"name":"wp","href":"https:\/\/api.w.org\/{rel}","templated":true}]}}