{"id":205711,"date":"2023-05-19T04:19:00","date_gmt":"2023-05-19T02:19:00","guid":{"rendered":"https:\/\/www.prijedordanas.com\/?p=205711"},"modified":"2023-05-19T04:19:00","modified_gmt":"2023-05-19T02:19:00","slug":"multisektorski-tim-prijedor-centar-za-socijalni-rad-zabiljezio-u-aprilu-10-slucajeva-nasilja","status":"publish","type":"post","link":"https:\/\/www.prijedordanas.com\/?p=205711","title":{"rendered":"Multisektorski tim Prijedor: Centar za socijalni rad zabilje\u017eio u aprilu 10 slu\u010dajeva nasilja"},"content":{"rendered":"<p><a href=\"https:\/\/www.prijedordanas.com\/wp-content\/uploads\/2023\/05\/multisektorski-tim-prijedor-maj2023-1.jpg\"><img loading=\"lazy\" decoding=\"async\" class=\"alignleft size-medium wp-image-205712\" src=\"https:\/\/www.prijedordanas.com\/wp-content\/uploads\/2023\/05\/multisektorski-tim-prijedor-maj2023-1-300x225.jpg\" alt=\"\" width=\"300\" height=\"225\" srcset=\"https:\/\/www.prijedordanas.com\/wp-content\/uploads\/2023\/05\/multisektorski-tim-prijedor-maj2023-1-300x225.jpg 300w, https:\/\/www.prijedordanas.com\/wp-content\/uploads\/2023\/05\/multisektorski-tim-prijedor-maj2023-1-640x480.jpg 640w, https:\/\/www.prijedordanas.com\/wp-content\/uploads\/2023\/05\/multisektorski-tim-prijedor-maj2023-1.jpg 666w\" sizes=\"(max-width: 300px) 100vw, 300px\" \/><\/a>Prijedorski Centar za socijalni rad zabilje\u017eio je u aprilu 10 slu\u010dajeva porodi\u010dnog i partnerskog nasilja, u tri slu\u010daja je rije\u010d o nasilju oca prema k\u0107erki, zatim maloljetnog sina prema ocu, k\u0107erke prema majci, bake prema unuku, izme\u0111u dva brata i tri su slu\u010daja partnerskog nasilja.<\/p>\n<p>Radnik ovog centra Dragana Gruji\u010di\u0107 rekla je da su slu\u010dajevi partnerskog nasilja obi\u010dno najzastupljeniji, ali da u pro\u0161lom mjesecu to nije bio slu\u010daj.<\/p>\n<p>&#8220;U jednom od ta tri partnerska nasilja imamo pojavu koja nije uobi\u010dajena &#8211; po\u010dinilac je \u017eena, a \u017ertva mu\u0161karac&#8221;, rekla je Gruji\u010di\u0107eva tokom sastanka Multisektorskog tima u Prijedoru.<\/p>\n<p>Psihijatar Goran Ra\u010detovi\u0107 iz Doma zdravlja naveo je da je jedan slu\u010daj zabilje\u017een u Slu\u017ebi hitne pomo\u0107i i da je prijavljen policiji i Centru za socijalni rad.<\/p>\n<p>Predstavnici Policijske uprave Prijedor rekli su da je ovaj slu\u010daj na prvu prijavljen kao partnersko nasilje, ali da je na kraju prijava ka tu\u017eila\u0161tvu kvalifikovana kao tjelesna povreda.<\/p>\n<p><a href=\"https:\/\/www.prijedordanas.com\/wp-content\/uploads\/2023\/05\/multisektorski-tim-prijedor-maj2023-2.jpg\"><img loading=\"lazy\" decoding=\"async\" src=\"https:\/\/www.prijedordanas.com\/wp-content\/uploads\/2023\/05\/multisektorski-tim-prijedor-maj2023-2-300x225.jpg\" alt=\"\" width=\"300\" height=\"225\" class=\"alignleft size-medium wp-image-205713\" srcset=\"https:\/\/www.prijedordanas.com\/wp-content\/uploads\/2023\/05\/multisektorski-tim-prijedor-maj2023-2-300x225.jpg 300w, https:\/\/www.prijedordanas.com\/wp-content\/uploads\/2023\/05\/multisektorski-tim-prijedor-maj2023-2-640x480.jpg 640w, https:\/\/www.prijedordanas.com\/wp-content\/uploads\/2023\/05\/multisektorski-tim-prijedor-maj2023-2.jpg 666w\" sizes=\"(max-width: 300px) 100vw, 300px\" \/><\/a>Oni su naveli da je rije\u010d o \u017eeni iz Prijedora i mu\u0161karcu koji nije iz tog grada, a koji su zajedno u Prijedoru koristili usluge &#8220;stan na dan&#8221;, te da je \u017eena, koja je pretrpjela fizi\u010dko nasilje, negirala da su u bilo kakvoj vezi.<\/p>\n<p>Tanja Bo\u017ei\u0107 iz prijedorskog Okru\u017enog javnog tu\u017eila\u0161tva rekla je da je ova institucija u aprilu imala 13 predmeta krivi\u010dnih djela nasilja u porodici, a Nemanja Predojevi\u0107 iz Policijske uprave Prijedor rekao je da su za \u010detiri slu\u010daja s podru\u010dja ovog grada izvje\u0161taji proslije\u0111eni tu\u017eila\u0161tvu.<\/p>\n<p>Socijalni radnik iz Bolnice &#8220;Dr Mladen Stojanovi\u0107&#8221; Gordana Kragulj rekla je da je ova ustanova zabilje\u017eila tri slu\u010daja porodi\u010dnog nasilja u pro\u0161lom mjesecu, te da su u dva \u017ertve navele da su nasilnike prijavile policiji, dok u jednom niti je to navedeno niti je to u\u010dinila bolnica.<\/p>\n<p>Stoga je sugestija i sa dana\u0161njeg sastanka Multisektorskog tima da se sa novim protokolom, potpisanim u martu, koji odre\u0111uje postupanje u slu\u010dajevima nasilja u porodici na podru\u010dju grada Prijedora, svi subjekti za\u0161tite \u0161to bolje upoznaju, s naglaskom na potrebu me\u0111usobne razmjene informacija.<\/p>\n<p>Dana\u0161njem sastanku multisektorskog tima za za\u0161titu od nasilja u porodici, koji je odr\u017ean u Centru za socijalni rad, prisustvovali su i predstavnici Centra &#8220;Sunce&#8221;, Aktiva direktora osnovnih \u0161kola i medijske zajednice, a \u010dine ga jo\u0161 i predstavnici aktiva direktora srednjih \u0161kola.<\/p>\n<p>SRNA<\/p>\n","protected":false},"excerpt":{"rendered":"<p>Prijedorski Centar za socijalni rad zabilje\u017eio je u aprilu 10 slu\u010dajeva porodi\u010dnog i partnerskog nasilja, u tri slu\u010daja je rije\u010d o nasilju oca prema k\u0107erki, zatim maloljetnog sina prema ocu, [&hellip;]<\/p>\n","protected":false},"author":1,"featured_media":0,"comment_status":"closed","ping_status":"open","sticky":false,"template":"","format":"standard","meta":{"_monsterinsights_skip_tracking":false,"_monsterinsights_sitenote_active":false,"_monsterinsights_sitenote_note":"","_monsterinsights_sitenote_category":0,"footnotes":""},"categories":[8],"tags":[],"yoast_head":"<!-- This site is optimized with the Yoast SEO plugin v21.6 - https:\/\/yoast.com\/wordpress\/plugins\/seo\/ -->\n<title>Multisektorski tim Prijedor: Centar za socijalni rad zabilje\u017eio u aprilu 10 slu\u010dajeva nasilja - PrijedorDanas.com - Prijedorski gradski portal<\/title>\n<meta name=\"robots\" content=\"index, follow, max-snippet:-1, max-image-preview:large, max-video-preview:-1\" \/>\n<link rel=\"canonical\" href=\"https:\/\/www.prijedordanas.com\/?p=205711\" \/>\n<meta property=\"og:locale\" content=\"en_US\" \/>\n<meta property=\"og:type\" content=\"article\" \/>\n<meta property=\"og:title\" content=\"Multisektorski tim Prijedor: Centar za socijalni rad zabilje\u017eio u aprilu 10 slu\u010dajeva nasilja - PrijedorDanas.com - Prijedorski gradski portal\" \/>\n<meta property=\"og:description\" content=\"Prijedorski Centar za socijalni rad zabilje\u017eio je u aprilu 10 slu\u010dajeva porodi\u010dnog i partnerskog nasilja, u tri slu\u010daja je rije\u010d o nasilju oca prema k\u0107erki, zatim maloljetnog sina prema ocu, [&hellip;]\" \/>\n<meta property=\"og:url\" content=\"https:\/\/www.prijedordanas.com\/?p=205711\" \/>\n<meta property=\"og:site_name\" content=\"PrijedorDanas.com - Prijedorski gradski portal\" \/>\n<meta property=\"article:publisher\" content=\"https:\/\/www.facebook.com\/PrijedorDanasCom\/\" \/>\n<meta property=\"article:published_time\" content=\"2023-05-19T02:19:00+00:00\" \/>\n<meta property=\"og:image\" content=\"https:\/\/www.prijedordanas.com\/wp-content\/uploads\/2023\/05\/multisektorski-tim-prijedor-maj2023-1-300x225.jpg\" \/>\n<meta name=\"author\" content=\"admin\" \/>\n<meta name=\"twitter:card\" content=\"summary_large_image\" \/>\n<meta name=\"twitter:label1\" content=\"Written by\" \/>\n\t<meta name=\"twitter:data1\" content=\"admin\" \/>\n\t<meta name=\"twitter:label2\" content=\"Est. reading time\" \/>\n\t<meta name=\"twitter:data2\" content=\"2 minutes\" \/>\n<script type=\"application\/ld+json\" class=\"yoast-schema-graph\">{\"@context\":\"https:\/\/schema.org\",\"@graph\":[{\"@type\":\"Article\",\"@id\":\"https:\/\/www.prijedordanas.com\/?p=205711#article\",\"isPartOf\":{\"@id\":\"https:\/\/www.prijedordanas.com\/?p=205711\"},\"author\":{\"name\":\"admin\",\"@id\":\"https:\/\/www.prijedordanas.com\/#\/schema\/person\/4e08ccf29b506ca916ff86d46bb700e6\"},\"headline\":\"Multisektorski tim Prijedor: Centar za socijalni rad zabilje\u017eio u aprilu 10 slu\u010dajeva nasilja\",\"datePublished\":\"2023-05-19T02:19:00+00:00\",\"dateModified\":\"2023-05-19T02:19:00+00:00\",\"mainEntityOfPage\":{\"@id\":\"https:\/\/www.prijedordanas.com\/?p=205711\"},\"wordCount\":435,\"publisher\":{\"@id\":\"https:\/\/www.prijedordanas.com\/#organization\"},\"articleSection\":[\"Svakodnevno\"],\"inLanguage\":\"en-US\"},{\"@type\":\"WebPage\",\"@id\":\"https:\/\/www.prijedordanas.com\/?p=205711\",\"url\":\"https:\/\/www.prijedordanas.com\/?p=205711\",\"name\":\"Multisektorski tim Prijedor: Centar za socijalni rad zabilje\u017eio u aprilu 10 slu\u010dajeva nasilja - PrijedorDanas.com - Prijedorski gradski portal\",\"isPartOf\":{\"@id\":\"https:\/\/www.prijedordanas.com\/#website\"},\"datePublished\":\"2023-05-19T02:19:00+00:00\",\"dateModified\":\"2023-05-19T02:19:00+00:00\",\"breadcrumb\":{\"@id\":\"https:\/\/www.prijedordanas.com\/?p=205711#breadcrumb\"},\"inLanguage\":\"en-US\",\"potentialAction\":[{\"@type\":\"ReadAction\",\"target\":[\"https:\/\/www.prijedordanas.com\/?p=205711\"]}]},{\"@type\":\"BreadcrumbList\",\"@id\":\"https:\/\/www.prijedordanas.com\/?p=205711#breadcrumb\",\"itemListElement\":[{\"@type\":\"ListItem\",\"position\":1,\"name\":\"Home\",\"item\":\"https:\/\/www.prijedordanas.com\/\"},{\"@type\":\"ListItem\",\"position\":2,\"name\":\"Multisektorski tim Prijedor: Centar za socijalni rad zabilje\u017eio u aprilu 10 slu\u010dajeva nasilja\"}]},{\"@type\":\"WebSite\",\"@id\":\"https:\/\/www.prijedordanas.com\/#website\",\"url\":\"https:\/\/www.prijedordanas.com\/\",\"name\":\"PrijedorDanas.com - Prijedorski gradski portal\",\"description\":\"Portal o doga\u0111anjima u gradu Prijedoru\",\"publisher\":{\"@id\":\"https:\/\/www.prijedordanas.com\/#organization\"},\"potentialAction\":[{\"@type\":\"SearchAction\",\"target\":{\"@type\":\"EntryPoint\",\"urlTemplate\":\"https:\/\/www.prijedordanas.com\/?s={search_term_string}\"},\"query-input\":\"required name=search_term_string\"}],\"inLanguage\":\"en-US\"},{\"@type\":\"Organization\",\"@id\":\"https:\/\/www.prijedordanas.com\/#organization\",\"name\":\"PrijedorDanas.com\",\"url\":\"https:\/\/www.prijedordanas.com\/\",\"logo\":{\"@type\":\"ImageObject\",\"inLanguage\":\"en-US\",\"@id\":\"https:\/\/www.prijedordanas.com\/#\/schema\/logo\/image\/\",\"url\":\"http:\/\/www.prijedordanas.com\/wp-content\/uploads\/2021\/12\/logopng.png\",\"contentUrl\":\"http:\/\/www.prijedordanas.com\/wp-content\/uploads\/2021\/12\/logopng.png\",\"width\":1019,\"height\":776,\"caption\":\"PrijedorDanas.com\"},\"image\":{\"@id\":\"https:\/\/www.prijedordanas.com\/#\/schema\/logo\/image\/\"},\"sameAs\":[\"https:\/\/www.facebook.com\/PrijedorDanasCom\/\"]},{\"@type\":\"Person\",\"@id\":\"https:\/\/www.prijedordanas.com\/#\/schema\/person\/4e08ccf29b506ca916ff86d46bb700e6\",\"name\":\"admin\",\"image\":{\"@type\":\"ImageObject\",\"inLanguage\":\"en-US\",\"@id\":\"https:\/\/www.prijedordanas.com\/#\/schema\/person\/image\/\",\"url\":\"https:\/\/secure.gravatar.com\/avatar\/1d3fc949d550f0b53a5f0d51e06dfd79?s=96&d=mm&r=g\",\"contentUrl\":\"https:\/\/secure.gravatar.com\/avatar\/1d3fc949d550f0b53a5f0d51e06dfd79?s=96&d=mm&r=g\",\"caption\":\"admin\"},\"url\":\"https:\/\/www.prijedordanas.com\/?author=1\"}]}<\/script>\n<!-- \/ Yoast SEO plugin. -->","yoast_head_json":{"title":"Multisektorski tim Prijedor: Centar za socijalni rad zabilje\u017eio u aprilu 10 slu\u010dajeva nasilja - PrijedorDanas.com - Prijedorski gradski portal","robots":{"index":"index","follow":"follow","max-snippet":"max-snippet:-1","max-image-preview":"max-image-preview:large","max-video-preview":"max-video-preview:-1"},"canonical":"https:\/\/www.prijedordanas.com\/?p=205711","og_locale":"en_US","og_type":"article","og_title":"Multisektorski tim Prijedor: Centar za socijalni rad zabilje\u017eio u aprilu 10 slu\u010dajeva nasilja - PrijedorDanas.com - Prijedorski gradski portal","og_description":"Prijedorski Centar za socijalni rad zabilje\u017eio je u aprilu 10 slu\u010dajeva porodi\u010dnog i partnerskog nasilja, u tri slu\u010daja je rije\u010d o nasilju oca prema k\u0107erki, zatim maloljetnog sina prema ocu, [&hellip;]","og_url":"https:\/\/www.prijedordanas.com\/?p=205711","og_site_name":"PrijedorDanas.com - Prijedorski gradski portal","article_publisher":"https:\/\/www.facebook.com\/PrijedorDanasCom\/","article_published_time":"2023-05-19T02:19:00+00:00","og_image":[{"url":"https:\/\/www.prijedordanas.com\/wp-content\/uploads\/2023\/05\/multisektorski-tim-prijedor-maj2023-1-300x225.jpg"}],"author":"admin","twitter_card":"summary_large_image","twitter_misc":{"Written by":"admin","Est. reading time":"2 minutes"},"schema":{"@context":"https:\/\/schema.org","@graph":[{"@type":"Article","@id":"https:\/\/www.prijedordanas.com\/?p=205711#article","isPartOf":{"@id":"https:\/\/www.prijedordanas.com\/?p=205711"},"author":{"name":"admin","@id":"https:\/\/www.prijedordanas.com\/#\/schema\/person\/4e08ccf29b506ca916ff86d46bb700e6"},"headline":"Multisektorski tim Prijedor: Centar za socijalni rad zabilje\u017eio u aprilu 10 slu\u010dajeva nasilja","datePublished":"2023-05-19T02:19:00+00:00","dateModified":"2023-05-19T02:19:00+00:00","mainEntityOfPage":{"@id":"https:\/\/www.prijedordanas.com\/?p=205711"},"wordCount":435,"publisher":{"@id":"https:\/\/www.prijedordanas.com\/#organization"},"articleSection":["Svakodnevno"],"inLanguage":"en-US"},{"@type":"WebPage","@id":"https:\/\/www.prijedordanas.com\/?p=205711","url":"https:\/\/www.prijedordanas.com\/?p=205711","name":"Multisektorski tim Prijedor: Centar za socijalni rad zabilje\u017eio u aprilu 10 slu\u010dajeva nasilja - PrijedorDanas.com - Prijedorski gradski portal","isPartOf":{"@id":"https:\/\/www.prijedordanas.com\/#website"},"datePublished":"2023-05-19T02:19:00+00:00","dateModified":"2023-05-19T02:19:00+00:00","breadcrumb":{"@id":"https:\/\/www.prijedordanas.com\/?p=205711#breadcrumb"},"inLanguage":"en-US","potentialAction":[{"@type":"ReadAction","target":["https:\/\/www.prijedordanas.com\/?p=205711"]}]},{"@type":"BreadcrumbList","@id":"https:\/\/www.prijedordanas.com\/?p=205711#breadcrumb","itemListElement":[{"@type":"ListItem","position":1,"name":"Home","item":"https:\/\/www.prijedordanas.com\/"},{"@type":"ListItem","position":2,"name":"Multisektorski tim Prijedor: Centar za socijalni rad zabilje\u017eio u aprilu 10 slu\u010dajeva nasilja"}]},{"@type":"WebSite","@id":"https:\/\/www.prijedordanas.com\/#website","url":"https:\/\/www.prijedordanas.com\/","name":"PrijedorDanas.com - Prijedorski gradski portal","description":"Portal o doga\u0111anjima u gradu Prijedoru","publisher":{"@id":"https:\/\/www.prijedordanas.com\/#organization"},"potentialAction":[{"@type":"SearchAction","target":{"@type":"EntryPoint","urlTemplate":"https:\/\/www.prijedordanas.com\/?s={search_term_string}"},"query-input":"required name=search_term_string"}],"inLanguage":"en-US"},{"@type":"Organization","@id":"https:\/\/www.prijedordanas.com\/#organization","name":"PrijedorDanas.com","url":"https:\/\/www.prijedordanas.com\/","logo":{"@type":"ImageObject","inLanguage":"en-US","@id":"https:\/\/www.prijedordanas.com\/#\/schema\/logo\/image\/","url":"http:\/\/www.prijedordanas.com\/wp-content\/uploads\/2021\/12\/logopng.png","contentUrl":"http:\/\/www.prijedordanas.com\/wp-content\/uploads\/2021\/12\/logopng.png","width":1019,"height":776,"caption":"PrijedorDanas.com"},"image":{"@id":"https:\/\/www.prijedordanas.com\/#\/schema\/logo\/image\/"},"sameAs":["https:\/\/www.facebook.com\/PrijedorDanasCom\/"]},{"@type":"Person","@id":"https:\/\/www.prijedordanas.com\/#\/schema\/person\/4e08ccf29b506ca916ff86d46bb700e6","name":"admin","image":{"@type":"ImageObject","inLanguage":"en-US","@id":"https:\/\/www.prijedordanas.com\/#\/schema\/person\/image\/","url":"https:\/\/secure.gravatar.com\/avatar\/1d3fc949d550f0b53a5f0d51e06dfd79?s=96&d=mm&r=g","contentUrl":"https:\/\/secure.gravatar.com\/avatar\/1d3fc949d550f0b53a5f0d51e06dfd79?s=96&d=mm&r=g","caption":"admin"},"url":"https:\/\/www.prijedordanas.com\/?author=1"}]}},"_links":{"self":[{"href":"https:\/\/www.prijedordanas.com\/index.php?rest_route=\/wp\/v2\/posts\/205711"}],"collection":[{"href":"https:\/\/www.prijedordanas.com\/index.php?rest_route=\/wp\/v2\/posts"}],"about":[{"href":"https:\/\/www.prijedordanas.com\/index.php?rest_route=\/wp\/v2\/types\/post"}],"author":[{"embeddable":true,"href":"https:\/\/www.prijedordanas.com\/index.php?rest_route=\/wp\/v2\/users\/1"}],"replies":[{"embeddable":true,"href":"https:\/\/www.prijedordanas.com\/index.php?rest_route=%2Fwp%2Fv2%2Fcomments&post=205711"}],"version-history":[{"count":1,"href":"https:\/\/www.prijedordanas.com\/index.php?rest_route=\/wp\/v2\/posts\/205711\/revisions"}],"predecessor-version":[{"id":205714,"href":"https:\/\/www.prijedordanas.com\/index.php?rest_route=\/wp\/v2\/posts\/205711\/revisions\/205714"}],"wp:attachment":[{"href":"https:\/\/www.prijedordanas.com\/index.php?rest_route=%2Fwp%2Fv2%2Fmedia&parent=205711"}],"wp:term":[{"taxonomy":"category","embeddable":true,"href":"https:\/\/www.prijedordanas.com\/index.php?rest_route=%2Fwp%2Fv2%2Fcategories&post=205711"},{"taxonomy":"post_tag","embeddable":true,"href":"https:\/\/www.prijedordanas.com\/index.php?rest_route=%2Fwp%2Fv2%2Ftags&post=205711"}],"curies":[{"name":"wp","href":"https:\/\/api.w.org\/{rel}","templated":true}]}}