{"id":205679,"date":"2023-05-18T23:05:50","date_gmt":"2023-05-18T21:05:50","guid":{"rendered":"https:\/\/www.prijedordanas.com\/?p=205679"},"modified":"2023-05-18T23:05:50","modified_gmt":"2023-05-18T21:05:50","slug":"vodostaji-se-smanjuju-poplave-iz-2014-godine-nisu-bile-dovoljna-lekcija","status":"publish","type":"post","link":"https:\/\/www.prijedordanas.com\/?p=205679","title":{"rendered":"Vodostaji se smanjuju: Poplave iz 2014. godine nisu bile dovoljna lekcija"},"content":{"rendered":"<p><a href=\"https:\/\/www.prijedordanas.com\/wp-content\/uploads\/2023\/05\/nezavisne-poplava-prijedor-16maj-3.jpg\"><img loading=\"lazy\" decoding=\"async\" class=\"alignleft size-medium wp-image-205416\" src=\"https:\/\/www.prijedordanas.com\/wp-content\/uploads\/2023\/05\/nezavisne-poplava-prijedor-16maj-3-300x225.jpg\" alt=\"\" width=\"300\" height=\"225\" srcset=\"https:\/\/www.prijedordanas.com\/wp-content\/uploads\/2023\/05\/nezavisne-poplava-prijedor-16maj-3-300x225.jpg 300w, https:\/\/www.prijedordanas.com\/wp-content\/uploads\/2023\/05\/nezavisne-poplava-prijedor-16maj-3-640x480.jpg 640w, https:\/\/www.prijedordanas.com\/wp-content\/uploads\/2023\/05\/nezavisne-poplava-prijedor-16maj-3.jpg 667w\" sizes=\"(max-width: 300px) 100vw, 300px\" \/><\/a>Dok poplavljene lokalne zajednice u Republici Srpskoj \u010dekaju na posjetu nadle\u017enih da bi \u010dule obe\u0107anja kako \u0107e im se pomo\u0107i, mje\u0161tani se vi\u0161e okre\u0107u nebu i mole da ki\u0161a kona\u010dno prestane.<\/p>\n<p>O\u010digledno je da 2014. godina, najte\u017ea kada su u pitanju poplave u Republici Srpskoj, nije bila dovoljna lekcija, jer da jeste, nijedna od lokalnih zajednica koja se i ovog maja suo\u010dava sa poplavama ne bi morala da brine da \u0107e im voda doslovno do\u0107i do grla.<\/p>\n<p>Republi\u010dki organi su te 2014. obe\u0107ali da \u0107e svaka ugro\u017eena op\u0161tina i grad dobiti adekvatnu za\u0161titu od poplava, a procijenjena \u0161teta, podsjetimo, tada je bila \u010dak \u010detiri milijarde KM. Da li su sredstva za sanaciju obezbije\u0111ena, pitanje je za nadle\u017ene? Na to se nadovezuje i sljede\u0107e: Ako su obezbije\u0111ena, gdje su oti\u0161la, jer je i vi\u0161e nego o\u010digledno da su se stari problemi vratili, a da se gotovo ni\u0161ta nije uradilo da do njih vi\u0161e nikada ne do\u0111e.<\/p>\n<p>Ipak, treba re\u0107i da su pojedine op\u0161tine tada zaista ekspresno rije\u0161ile ove probleme, ali da velika ve\u0107ina bukvalno u ovom momentu muku mu\u010di kako da za\u0161titi sopstveni prag. Prijedor, Novi Grad, Kostajnica, Kozarska Dubica, Srbac, te druge op\u0161tine i gradovi BiH u ugro\u017eenom podru\u010dju, danima se bore sa rijekama koje su se izlile iz svojih korita.<\/p>\n<p><a href=\"https:\/\/www.prijedordanas.com\/wp-content\/uploads\/2023\/05\/nezavisne-poplava-prijedor-16maj-5.jpg\"><img loading=\"lazy\" decoding=\"async\" class=\"alignleft size-medium wp-image-205415\" src=\"https:\/\/www.prijedordanas.com\/wp-content\/uploads\/2023\/05\/nezavisne-poplava-prijedor-16maj-5-300x200.jpg\" alt=\"\" width=\"300\" height=\"200\" srcset=\"https:\/\/www.prijedordanas.com\/wp-content\/uploads\/2023\/05\/nezavisne-poplava-prijedor-16maj-5-300x200.jpg 300w, https:\/\/www.prijedordanas.com\/wp-content\/uploads\/2023\/05\/nezavisne-poplava-prijedor-16maj-5-480x320.jpg 480w, https:\/\/www.prijedordanas.com\/wp-content\/uploads\/2023\/05\/nezavisne-poplava-prijedor-16maj-5.jpg 600w\" sizes=\"(max-width: 300px) 100vw, 300px\" \/><\/a>&#8220;Ovo je problem koji traje deset godina&#8221;, ka\u017ee Slobodan Javor, gradona\u010delnik Prijedora, koji za &#8220;Nezavisne novine&#8221; isti\u010de da se ni\u0161ta nije napravilo kako bi Prijedor u ovom smislu bio obezbije\u0111en.<\/p>\n<p>&#8220;Deset punih godina plavi u Vrbicama, Topoliku. Ovo je prva godina kada nisu ova podru\u010dja poplavila, a vodostaj rijeke Milo\u0161evice je ve\u0107i nego u decembru pro\u0161le godine kada je pod vodom bilo vi\u0161e od 100 doma\u0107instava. Bez obzira na sve, ja to kritikujem javno. Sramota je velika za grad, jer se godinama unazad nije ni\u0161ta napravilo, ogromna je \u0161teta za na\u0161e stanovni\u0161tvo&#8221;, pri\u010da Javor.<\/p>\n<p>Milorad Dodik je u aprilu 2021. godine, tada kao predsjedavaju\u0107i Predsjedni\u0161tva BiH, javno obe\u0107ao da \u0107e Prijedor dobiti kompletan projekat odbrane od poplava i da \u0107e on ko\u0161tati 15 miliona KM. Javor nam poja\u0161njava da su &#8220;Vode Srpske&#8221; dobile pet miliona KM za ure\u0111enje korita rijeke Milo\u0161evice i da se radi o sredstvima Evropske investicione banke (EIB).<\/p>\n<p><a href=\"https:\/\/www.prijedordanas.com\/wp-content\/uploads\/2023\/05\/prijedorgradorg-javor-stabilizacija-stanja-3.jpg\"><img loading=\"lazy\" decoding=\"async\" class=\"alignleft size-medium wp-image-205557\" src=\"https:\/\/www.prijedordanas.com\/wp-content\/uploads\/2023\/05\/prijedorgradorg-javor-stabilizacija-stanja-3-300x225.jpg\" alt=\"\" width=\"300\" height=\"225\" srcset=\"https:\/\/www.prijedordanas.com\/wp-content\/uploads\/2023\/05\/prijedorgradorg-javor-stabilizacija-stanja-3-300x225.jpg 300w, https:\/\/www.prijedordanas.com\/wp-content\/uploads\/2023\/05\/prijedorgradorg-javor-stabilizacija-stanja-3.jpg 600w\" sizes=\"(max-width: 300px) 100vw, 300px\" \/><\/a>&#8220;Taj projekat je spreman, tender je zavr\u0161en, nadzor je izabran i pet miliona je spremno da se koliko sutra u\u0111e u radove. Grad je dao gra\u0111evinsku dozvolu za 500 metara&#8221;, ka\u017ee Javor, koji na pitanje za\u0161to se na radove \u010dekalo dvije godine, odgovara:<\/p>\n<p>&#8220;Evropska investiciona banka (EIB) koja daje sredstva nije izabrala svoj nadzor, a to je trebalo da uradi. To ne mogu raditi ni &#8216;Vode Srpske&#8217;, niti Republika Srpska, ni grad, jer su to sredstva koja daje neko drugi&#8221;, istakao je Javor.<\/p>\n<p>Kada su u pitanju poplave, situacija u Prijedoru se, na sre\u0107u, smiruje. Prvi \u010dovjek grada ka\u017ee da su vodostaji u padu.<\/p>\n<p>Poplave nisu \u0161tedjele ni Novi Grad. I ova op\u0161tina na samom sjeverozapadu Srpske deset godina \u010deka da se problem sa poplavama rije\u0161i.<\/p>\n<p>Miroslav Drlja\u010da, na\u010delnik Novog Grada, ka\u017ee da najve\u0107e probleme pri\u010dinjavaju podzemne vode i da o\u010dekuju da \u0107e izvr\u0161na vlast pomo\u0107i u saniranju nastale \u0161tete.<\/p>\n<p>&#8220;Ne znam kolika \u0107e biti \u0161teta. Ono \u0161to je nama jako va\u017eno jeste da napokon krenemo sa rekonstrukcijom prepumpne stanice Grad. To je klju\u010dni objekat za odbranu centra grada. Mi smo sa na\u0161im kejom definitivno za\u0161ti\u0107eni da voda ne u\u0111e u centar grada, ali se suo\u010davamo sa podzemnim vodama. Ta prepumpna stanica vr\u0161i korekciju tih voda, ali je najve\u0107i problem \u0161to je to sistem iz pedesetih godina pro\u0161log vijeka i jednostavno nemamo sigurnost da \u0107e neka od tih pumpi izdr\u017eati jer su ipak dugog vijeka. Op\u0161tina je napravila projekat za to, ali se od 2014. godine vrtimo u istom mjestu&#8221;, naglasio je Drlja\u010da.<\/p>\n<p>Projekat rekonstrukcije ove stanice ko\u0161tao bi izme\u0111u 700.000 i 800.000 KM.<\/p>\n<p>&#8220;Taj novac se mora obezbijediti&#8221;, rekao je predsjednik Vlade RS Radovan Vi\u0161kovi\u0107, koji je posjetio Novi Grad i obe\u0107ao da \u0107e Vlada pomo\u0107i svim pogo\u0111enim op\u0161tinama.<\/p>\n<p>Situacija se smiruje i u Kostajnici, ali je i dalje te\u0161ka.<\/p>\n<p>Na\u010delnik op\u0161tine Nikola Janjetovi\u0107 u trenutku na\u0161eg poziva pomagao je ekipama na ispumpavanju vode. On je rekao da je rje\u0161enje za probleme gra\u0111ana Kostajnice izgradnja nasipa kroz dio op\u0161tine koji nije branjen.<\/p>\n<p>&#8220;Tako\u0111e, tu su naravno i prepumpne stanice. Ne znam zaista koliko bi to ko\u0161talo&#8221;, poru\u010dio je Janjetovi\u0107.<\/p>\n<p>Vi\u0161kovi\u0107 je prilikom posjete Kostajnici rekao da bi trebalo uraditi neku vrstu potpornog zida koji bi ovu lokalnu zajednicu \u0161titio od poplava.<\/p>\n<p>&#8220;Ono \u0161to mo\u017ee biti rje\u0161enje jeste da radimo preventivno. Hrvatska sa druge strane radi nasip i di\u017ee svoje kote, tako da \u0107e u narednom periodu, ako se ni\u0161ta ne uradi sa strane Republike Srpske, Kostajnica sa ovim nivoom padavina biti metar do dva pod vodom. Mi to ne smijemo dozvoliti. Predlo\u017eio sam da radimo neki nivo potpornog zida gdje bismo, u su\u0161tini, i\u0161li bar metar ili dva u dubinu, ali isto tako i iznad, sa za\u0161titnim folijama gdje ne bi bilo vodopropusnosti ispod zida&#8221;, istakao je Vi\u0161kovi\u0107, te dodao da se treba krenuti sa tim projektom i svim dozvolama.<\/p>\n<p>U Kozarskoj Dubici prolazi opasnost od visokog vodostaja Une, koja je poplavila pet ku\u0107a na podru\u010dju prema \u0160pilji, a tridesetak je ju\u010de bilo okru\u017eeno vodom, izjavio je Radenko Relji\u0107, na\u010delnik ove op\u0161tine.<\/p>\n<p>On je naveo da su ekipe vatrogasaca obilazile ljude koji nisu htjeli napustiti svoje domove i provjeri\u0107e da li im je potrebno hrane, lijekova i drugih potrep\u0161tina.<\/p>\n<p>I predsjednik Republike Srpske Milorad Dodik obe\u0107ao je pomo\u0107 ugro\u017eenim podru\u010djima. U razgovoru sa na\u010delnicima Novog Grada, Kostajnice i Kozarske Dubica on je istakao da su republi\u010dke institucije ve\u0107 preduzele aktivnosti da bi \u0161teta bila sanirana.<\/p>\n<p>I na teritoriji Srpca stanje na poplavljenim podru\u010djima je pod kontrolom, a zaplavljeno je jedno doma\u0107instvo u nebranjenom podru\u010dju u Gaju, rekao je Dalibor Ko\u0161uti\u0107, samostalni stru\u010dni saradnik za poslove civilne za\u0161tite.<\/p>\n<p>&#8220;I dalje je u blagom porastu vodostaj Save koja se izlila i poplavila rastinje i oranice, ali zasad nema ugro\u017eenih doma\u0107instava i drugih objekata. Sava i dalje pokazuje trend rasta i o\u010dekuje se da \u0107e vodostaj porasti za oko 40 do 50 centimetara u narednim danima, a najvi\u0161i nivo se o\u010dekuje u nedjelju, 21. maja u jutarnjim \u010dasovima, kada bi trebalo da dostigne oko 890 centimetara&#8221;, naveo je Ko\u0161uti\u0107.<\/p>\n<p>U Gradi\u0161ci je ju\u010de progla\u0161en prvi stepen redovne odbrane od poplava nakon \u0161to je vodostaj rijeke Save dostigao 700 centimetara, rekao je Slobodan Kne\u017eevi\u0107, \u0161ef gradskog Odsjeka civilne za\u0161tite.<\/p>\n<p><a href=\"https:\/\/www.nezavisne.com\/novosti\/gradovi\/Vodostaji-se-smanjuju-Poplave-iz-2014-godine-nisu-bile-dovoljna-lekcija\/772499\" target=\"_blank\" rel=\"noopener\">nezavisne.com<\/a><\/p>\n","protected":false},"excerpt":{"rendered":"<p>Dok poplavljene lokalne zajednice u Republici Srpskoj \u010dekaju na posjetu nadle\u017enih da bi \u010dule obe\u0107anja kako \u0107e im se pomo\u0107i, mje\u0161tani se vi\u0161e okre\u0107u nebu i mole da ki\u0161a kona\u010dno [&hellip;]<\/p>\n","protected":false},"author":1,"featured_media":0,"comment_status":"closed","ping_status":"open","sticky":false,"template":"","format":"standard","meta":{"_monsterinsights_skip_tracking":false,"_monsterinsights_sitenote_active":false,"_monsterinsights_sitenote_note":"","_monsterinsights_sitenote_category":0,"footnotes":""},"categories":[3],"tags":[],"yoast_head":"<!-- This site is optimized with the Yoast SEO plugin v21.6 - https:\/\/yoast.com\/wordpress\/plugins\/seo\/ -->\n<title>Vodostaji se smanjuju: Poplave iz 2014. godine nisu bile dovoljna lekcija - PrijedorDanas.com - Prijedorski gradski portal<\/title>\n<meta name=\"robots\" content=\"index, follow, max-snippet:-1, max-image-preview:large, max-video-preview:-1\" \/>\n<link rel=\"canonical\" href=\"https:\/\/www.prijedordanas.com\/?p=205679\" \/>\n<meta property=\"og:locale\" content=\"en_US\" \/>\n<meta property=\"og:type\" content=\"article\" \/>\n<meta property=\"og:title\" content=\"Vodostaji se smanjuju: Poplave iz 2014. godine nisu bile dovoljna lekcija - PrijedorDanas.com - Prijedorski gradski portal\" \/>\n<meta property=\"og:description\" content=\"Dok poplavljene lokalne zajednice u Republici Srpskoj \u010dekaju na posjetu nadle\u017enih da bi \u010dule obe\u0107anja kako \u0107e im se pomo\u0107i, mje\u0161tani se vi\u0161e okre\u0107u nebu i mole da ki\u0161a kona\u010dno [&hellip;]\" \/>\n<meta property=\"og:url\" content=\"https:\/\/www.prijedordanas.com\/?p=205679\" \/>\n<meta property=\"og:site_name\" content=\"PrijedorDanas.com - Prijedorski gradski portal\" \/>\n<meta property=\"article:publisher\" content=\"https:\/\/www.facebook.com\/PrijedorDanasCom\/\" \/>\n<meta property=\"article:published_time\" content=\"2023-05-18T21:05:50+00:00\" \/>\n<meta property=\"og:image\" content=\"https:\/\/www.prijedordanas.com\/wp-content\/uploads\/2023\/05\/nezavisne-poplava-prijedor-16maj-3-300x225.jpg\" \/>\n<meta name=\"author\" content=\"admin\" \/>\n<meta name=\"twitter:card\" content=\"summary_large_image\" \/>\n<meta name=\"twitter:label1\" content=\"Written by\" \/>\n\t<meta name=\"twitter:data1\" content=\"admin\" \/>\n\t<meta name=\"twitter:label2\" content=\"Est. reading time\" \/>\n\t<meta name=\"twitter:data2\" content=\"6 minutes\" \/>\n<script type=\"application\/ld+json\" class=\"yoast-schema-graph\">{\"@context\":\"https:\/\/schema.org\",\"@graph\":[{\"@type\":\"Article\",\"@id\":\"https:\/\/www.prijedordanas.com\/?p=205679#article\",\"isPartOf\":{\"@id\":\"https:\/\/www.prijedordanas.com\/?p=205679\"},\"author\":{\"name\":\"admin\",\"@id\":\"https:\/\/www.prijedordanas.com\/#\/schema\/person\/4e08ccf29b506ca916ff86d46bb700e6\"},\"headline\":\"Vodostaji se smanjuju: Poplave iz 2014. godine nisu bile dovoljna lekcija\",\"datePublished\":\"2023-05-18T21:05:50+00:00\",\"dateModified\":\"2023-05-18T21:05:50+00:00\",\"mainEntityOfPage\":{\"@id\":\"https:\/\/www.prijedordanas.com\/?p=205679\"},\"wordCount\":1201,\"publisher\":{\"@id\":\"https:\/\/www.prijedordanas.com\/#organization\"},\"articleSection\":[\"\u017divot\"],\"inLanguage\":\"en-US\"},{\"@type\":\"WebPage\",\"@id\":\"https:\/\/www.prijedordanas.com\/?p=205679\",\"url\":\"https:\/\/www.prijedordanas.com\/?p=205679\",\"name\":\"Vodostaji se smanjuju: Poplave iz 2014. godine nisu bile dovoljna lekcija - PrijedorDanas.com - Prijedorski gradski portal\",\"isPartOf\":{\"@id\":\"https:\/\/www.prijedordanas.com\/#website\"},\"datePublished\":\"2023-05-18T21:05:50+00:00\",\"dateModified\":\"2023-05-18T21:05:50+00:00\",\"breadcrumb\":{\"@id\":\"https:\/\/www.prijedordanas.com\/?p=205679#breadcrumb\"},\"inLanguage\":\"en-US\",\"potentialAction\":[{\"@type\":\"ReadAction\",\"target\":[\"https:\/\/www.prijedordanas.com\/?p=205679\"]}]},{\"@type\":\"BreadcrumbList\",\"@id\":\"https:\/\/www.prijedordanas.com\/?p=205679#breadcrumb\",\"itemListElement\":[{\"@type\":\"ListItem\",\"position\":1,\"name\":\"Home\",\"item\":\"https:\/\/www.prijedordanas.com\/\"},{\"@type\":\"ListItem\",\"position\":2,\"name\":\"Vodostaji se smanjuju: Poplave iz 2014. godine nisu bile dovoljna lekcija\"}]},{\"@type\":\"WebSite\",\"@id\":\"https:\/\/www.prijedordanas.com\/#website\",\"url\":\"https:\/\/www.prijedordanas.com\/\",\"name\":\"PrijedorDanas.com - Prijedorski gradski portal\",\"description\":\"Portal o doga\u0111anjima u gradu Prijedoru\",\"publisher\":{\"@id\":\"https:\/\/www.prijedordanas.com\/#organization\"},\"potentialAction\":[{\"@type\":\"SearchAction\",\"target\":{\"@type\":\"EntryPoint\",\"urlTemplate\":\"https:\/\/www.prijedordanas.com\/?s={search_term_string}\"},\"query-input\":\"required name=search_term_string\"}],\"inLanguage\":\"en-US\"},{\"@type\":\"Organization\",\"@id\":\"https:\/\/www.prijedordanas.com\/#organization\",\"name\":\"PrijedorDanas.com\",\"url\":\"https:\/\/www.prijedordanas.com\/\",\"logo\":{\"@type\":\"ImageObject\",\"inLanguage\":\"en-US\",\"@id\":\"https:\/\/www.prijedordanas.com\/#\/schema\/logo\/image\/\",\"url\":\"http:\/\/www.prijedordanas.com\/wp-content\/uploads\/2021\/12\/logopng.png\",\"contentUrl\":\"http:\/\/www.prijedordanas.com\/wp-content\/uploads\/2021\/12\/logopng.png\",\"width\":1019,\"height\":776,\"caption\":\"PrijedorDanas.com\"},\"image\":{\"@id\":\"https:\/\/www.prijedordanas.com\/#\/schema\/logo\/image\/\"},\"sameAs\":[\"https:\/\/www.facebook.com\/PrijedorDanasCom\/\"]},{\"@type\":\"Person\",\"@id\":\"https:\/\/www.prijedordanas.com\/#\/schema\/person\/4e08ccf29b506ca916ff86d46bb700e6\",\"name\":\"admin\",\"image\":{\"@type\":\"ImageObject\",\"inLanguage\":\"en-US\",\"@id\":\"https:\/\/www.prijedordanas.com\/#\/schema\/person\/image\/\",\"url\":\"https:\/\/secure.gravatar.com\/avatar\/1d3fc949d550f0b53a5f0d51e06dfd79?s=96&d=mm&r=g\",\"contentUrl\":\"https:\/\/secure.gravatar.com\/avatar\/1d3fc949d550f0b53a5f0d51e06dfd79?s=96&d=mm&r=g\",\"caption\":\"admin\"},\"url\":\"https:\/\/www.prijedordanas.com\/?author=1\"}]}<\/script>\n<!-- \/ Yoast SEO plugin. -->","yoast_head_json":{"title":"Vodostaji se smanjuju: Poplave iz 2014. godine nisu bile dovoljna lekcija - PrijedorDanas.com - Prijedorski gradski portal","robots":{"index":"index","follow":"follow","max-snippet":"max-snippet:-1","max-image-preview":"max-image-preview:large","max-video-preview":"max-video-preview:-1"},"canonical":"https:\/\/www.prijedordanas.com\/?p=205679","og_locale":"en_US","og_type":"article","og_title":"Vodostaji se smanjuju: Poplave iz 2014. godine nisu bile dovoljna lekcija - PrijedorDanas.com - Prijedorski gradski portal","og_description":"Dok poplavljene lokalne zajednice u Republici Srpskoj \u010dekaju na posjetu nadle\u017enih da bi \u010dule obe\u0107anja kako \u0107e im se pomo\u0107i, mje\u0161tani se vi\u0161e okre\u0107u nebu i mole da ki\u0161a kona\u010dno [&hellip;]","og_url":"https:\/\/www.prijedordanas.com\/?p=205679","og_site_name":"PrijedorDanas.com - Prijedorski gradski portal","article_publisher":"https:\/\/www.facebook.com\/PrijedorDanasCom\/","article_published_time":"2023-05-18T21:05:50+00:00","og_image":[{"url":"https:\/\/www.prijedordanas.com\/wp-content\/uploads\/2023\/05\/nezavisne-poplava-prijedor-16maj-3-300x225.jpg"}],"author":"admin","twitter_card":"summary_large_image","twitter_misc":{"Written by":"admin","Est. reading time":"6 minutes"},"schema":{"@context":"https:\/\/schema.org","@graph":[{"@type":"Article","@id":"https:\/\/www.prijedordanas.com\/?p=205679#article","isPartOf":{"@id":"https:\/\/www.prijedordanas.com\/?p=205679"},"author":{"name":"admin","@id":"https:\/\/www.prijedordanas.com\/#\/schema\/person\/4e08ccf29b506ca916ff86d46bb700e6"},"headline":"Vodostaji se smanjuju: Poplave iz 2014. godine nisu bile dovoljna lekcija","datePublished":"2023-05-18T21:05:50+00:00","dateModified":"2023-05-18T21:05:50+00:00","mainEntityOfPage":{"@id":"https:\/\/www.prijedordanas.com\/?p=205679"},"wordCount":1201,"publisher":{"@id":"https:\/\/www.prijedordanas.com\/#organization"},"articleSection":["\u017divot"],"inLanguage":"en-US"},{"@type":"WebPage","@id":"https:\/\/www.prijedordanas.com\/?p=205679","url":"https:\/\/www.prijedordanas.com\/?p=205679","name":"Vodostaji se smanjuju: Poplave iz 2014. godine nisu bile dovoljna lekcija - PrijedorDanas.com - Prijedorski gradski portal","isPartOf":{"@id":"https:\/\/www.prijedordanas.com\/#website"},"datePublished":"2023-05-18T21:05:50+00:00","dateModified":"2023-05-18T21:05:50+00:00","breadcrumb":{"@id":"https:\/\/www.prijedordanas.com\/?p=205679#breadcrumb"},"inLanguage":"en-US","potentialAction":[{"@type":"ReadAction","target":["https:\/\/www.prijedordanas.com\/?p=205679"]}]},{"@type":"BreadcrumbList","@id":"https:\/\/www.prijedordanas.com\/?p=205679#breadcrumb","itemListElement":[{"@type":"ListItem","position":1,"name":"Home","item":"https:\/\/www.prijedordanas.com\/"},{"@type":"ListItem","position":2,"name":"Vodostaji se smanjuju: Poplave iz 2014. godine nisu bile dovoljna lekcija"}]},{"@type":"WebSite","@id":"https:\/\/www.prijedordanas.com\/#website","url":"https:\/\/www.prijedordanas.com\/","name":"PrijedorDanas.com - Prijedorski gradski portal","description":"Portal o doga\u0111anjima u gradu Prijedoru","publisher":{"@id":"https:\/\/www.prijedordanas.com\/#organization"},"potentialAction":[{"@type":"SearchAction","target":{"@type":"EntryPoint","urlTemplate":"https:\/\/www.prijedordanas.com\/?s={search_term_string}"},"query-input":"required name=search_term_string"}],"inLanguage":"en-US"},{"@type":"Organization","@id":"https:\/\/www.prijedordanas.com\/#organization","name":"PrijedorDanas.com","url":"https:\/\/www.prijedordanas.com\/","logo":{"@type":"ImageObject","inLanguage":"en-US","@id":"https:\/\/www.prijedordanas.com\/#\/schema\/logo\/image\/","url":"http:\/\/www.prijedordanas.com\/wp-content\/uploads\/2021\/12\/logopng.png","contentUrl":"http:\/\/www.prijedordanas.com\/wp-content\/uploads\/2021\/12\/logopng.png","width":1019,"height":776,"caption":"PrijedorDanas.com"},"image":{"@id":"https:\/\/www.prijedordanas.com\/#\/schema\/logo\/image\/"},"sameAs":["https:\/\/www.facebook.com\/PrijedorDanasCom\/"]},{"@type":"Person","@id":"https:\/\/www.prijedordanas.com\/#\/schema\/person\/4e08ccf29b506ca916ff86d46bb700e6","name":"admin","image":{"@type":"ImageObject","inLanguage":"en-US","@id":"https:\/\/www.prijedordanas.com\/#\/schema\/person\/image\/","url":"https:\/\/secure.gravatar.com\/avatar\/1d3fc949d550f0b53a5f0d51e06dfd79?s=96&d=mm&r=g","contentUrl":"https:\/\/secure.gravatar.com\/avatar\/1d3fc949d550f0b53a5f0d51e06dfd79?s=96&d=mm&r=g","caption":"admin"},"url":"https:\/\/www.prijedordanas.com\/?author=1"}]}},"_links":{"self":[{"href":"https:\/\/www.prijedordanas.com\/index.php?rest_route=\/wp\/v2\/posts\/205679"}],"collection":[{"href":"https:\/\/www.prijedordanas.com\/index.php?rest_route=\/wp\/v2\/posts"}],"about":[{"href":"https:\/\/www.prijedordanas.com\/index.php?rest_route=\/wp\/v2\/types\/post"}],"author":[{"embeddable":true,"href":"https:\/\/www.prijedordanas.com\/index.php?rest_route=\/wp\/v2\/users\/1"}],"replies":[{"embeddable":true,"href":"https:\/\/www.prijedordanas.com\/index.php?rest_route=%2Fwp%2Fv2%2Fcomments&post=205679"}],"version-history":[{"count":1,"href":"https:\/\/www.prijedordanas.com\/index.php?rest_route=\/wp\/v2\/posts\/205679\/revisions"}],"predecessor-version":[{"id":205680,"href":"https:\/\/www.prijedordanas.com\/index.php?rest_route=\/wp\/v2\/posts\/205679\/revisions\/205680"}],"wp:attachment":[{"href":"https:\/\/www.prijedordanas.com\/index.php?rest_route=%2Fwp%2Fv2%2Fmedia&parent=205679"}],"wp:term":[{"taxonomy":"category","embeddable":true,"href":"https:\/\/www.prijedordanas.com\/index.php?rest_route=%2Fwp%2Fv2%2Fcategories&post=205679"},{"taxonomy":"post_tag","embeddable":true,"href":"https:\/\/www.prijedordanas.com\/index.php?rest_route=%2Fwp%2Fv2%2Ftags&post=205679"}],"curies":[{"name":"wp","href":"https:\/\/api.w.org\/{rel}","templated":true}]}}