{"id":205585,"date":"2023-05-17T21:00:54","date_gmt":"2023-05-17T19:00:54","guid":{"rendered":"https:\/\/www.prijedordanas.com\/?p=205585"},"modified":"2023-05-17T21:00:54","modified_gmt":"2023-05-17T19:00:54","slug":"ministar-minic-obisao-poplavljena-podrucja-u-prijedoru-stanje-stabilno-situacija-se-smiruje-foto","status":"publish","type":"post","link":"https:\/\/www.prijedordanas.com\/?p=205585","title":{"rendered":"Ministar Mini\u0107 obi\u0161ao poplavljena podru\u010dja u Prijedoru: Stanje stabilno, situacija se smiruje &#8211; FOTO"},"content":{"rendered":"<p><a href=\"https:\/\/www.prijedordanas.com\/wp-content\/uploads\/2023\/05\/ministar-minic-posjeta-prijedoru-17maj-1.jpg\"><img loading=\"lazy\" decoding=\"async\" class=\"alignleft size-medium wp-image-205578\" src=\"https:\/\/www.prijedordanas.com\/wp-content\/uploads\/2023\/05\/ministar-minic-posjeta-prijedoru-17maj-1-300x225.jpg\" alt=\"\" width=\"300\" height=\"225\" srcset=\"https:\/\/www.prijedordanas.com\/wp-content\/uploads\/2023\/05\/ministar-minic-posjeta-prijedoru-17maj-1-300x225.jpg 300w, https:\/\/www.prijedordanas.com\/wp-content\/uploads\/2023\/05\/ministar-minic-posjeta-prijedoru-17maj-1-640x480.jpg 640w, https:\/\/www.prijedordanas.com\/wp-content\/uploads\/2023\/05\/ministar-minic-posjeta-prijedoru-17maj-1.jpg 667w\" sizes=\"(max-width: 300px) 100vw, 300px\" \/><\/a>Stanje u Prijedoru je stabilno i situacija se smiruje, rekao je ministar poljoprivrede, \u0161umarstva i vodoprivrede Republike Srpske Savo Mini\u0107 nakon \u0161to je sa gradona\u010delnikom Slobodanom \u0408avorom obi\u0161ao poplavljena podru\u010dja.<\/p>\n<p>&#8211; U neprestalnom smo kontaktu premijer Radovan Vi\u0161kovi\u0107 i ja sa svim na\u010delnicima u ovom dijelu Republike Srpske gdje imamo pojavu voda koje su van svojih tokova &#8211; rekao je Mini\u0107.<\/p>\n<p>Istakao je da su veoma bitne aktivnosti \u0408avne ustanove Vode Srpske i aktivnosti koje je provodila Gradska uprava.<\/p>\n<p><a href=\"https:\/\/www.prijedordanas.com\/wp-content\/uploads\/2023\/05\/ministar-minic-posjeta-prijedoru-17maj-2.jpg\"><img loading=\"lazy\" decoding=\"async\" class=\"alignleft size-medium wp-image-205579\" src=\"https:\/\/www.prijedordanas.com\/wp-content\/uploads\/2023\/05\/ministar-minic-posjeta-prijedoru-17maj-2-300x225.jpg\" alt=\"\" width=\"300\" height=\"225\" srcset=\"https:\/\/www.prijedordanas.com\/wp-content\/uploads\/2023\/05\/ministar-minic-posjeta-prijedoru-17maj-2-300x225.jpg 300w, https:\/\/www.prijedordanas.com\/wp-content\/uploads\/2023\/05\/ministar-minic-posjeta-prijedoru-17maj-2-640x480.jpg 640w, https:\/\/www.prijedordanas.com\/wp-content\/uploads\/2023\/05\/ministar-minic-posjeta-prijedoru-17maj-2.jpg 667w\" sizes=\"(max-width: 300px) 100vw, 300px\" \/><\/a>&#8211; Na rijeci Milo\u0161evici se vidjelo da je bilo mnogo vi\u0161e vode nego pro\u0161li put kada smo imali poplavu. Sada se to nije desilo jer je uklonjeno \u0161iblje i pove\u0107an kapacitet proto\u010dnosti. To su mjere koje se rade \u0161irom Srpske &#8211; rekao je ministar.<\/p>\n<p>Neprestalno se moramo boriti sa prirodom, ka\u017ee Mini\u0107, i dati odgovor na ovakve situacije.<\/p>\n<p>&#8211; Blagovremeno postupanje gradske uprave, Civilne za\u0161tite, Vlade Srpske kao i aktivnosti koje su ra\u0111ene na rje\u010dnim vodotokovima i obaloza\u0161titama dovele su do toga da nismo imali neku ve\u0107u ugro\u017eenost &#8211; istakao je Mini\u0107.<\/p>\n<p><a href=\"https:\/\/www.prijedordanas.com\/wp-content\/uploads\/2023\/05\/ministar-minic-posjeta-prijedoru-17maj-3.jpg\"><img loading=\"lazy\" decoding=\"async\" src=\"https:\/\/www.prijedordanas.com\/wp-content\/uploads\/2023\/05\/ministar-minic-posjeta-prijedoru-17maj-3-300x200.jpg\" alt=\"\" width=\"300\" height=\"200\" class=\"alignleft size-medium wp-image-205580\" srcset=\"https:\/\/www.prijedordanas.com\/wp-content\/uploads\/2023\/05\/ministar-minic-posjeta-prijedoru-17maj-3-300x200.jpg 300w, https:\/\/www.prijedordanas.com\/wp-content\/uploads\/2023\/05\/ministar-minic-posjeta-prijedoru-17maj-3-480x320.jpg 480w, https:\/\/www.prijedordanas.com\/wp-content\/uploads\/2023\/05\/ministar-minic-posjeta-prijedoru-17maj-3.jpg 600w\" sizes=\"(max-width: 300px) 100vw, 300px\" \/><\/a>Gradona\u010delnik Prijedora se zahvalio Vladi Republike Srpske i ministru Mini\u0107u koji je obi\u0161ao poplavljena podru\u010dja i uvjerio se kakvo je stanje.<\/p>\n<p>&#8211; Zahvaljuju\u0107i mjerama koje smo preduzeli po\u010detkom godine, u naseljima Vrbice i Topola nema problema. O\u010distili smo kanal, iskr\u010dili nisko rastinje i rezultat konkretnog rada se vidi &#8211; istakao je \u0408avor.<\/p>\n<p>Naglasio je da problema ima sa podzemnim vodama.<\/p>\n<p>&#8211; Najvi\u0161e u naselju Gomjenica gdje se voda pribli\u017eila osnovnoj \u0161koli gdje je sutra nastava i otkazana. Sli\u010dna situacija je i u naselju Tukovi. Vatrogasci su na licu mjesta gdje sa pumpama poku\u0161avaju preusmjeriti koli\u010dinu vode koja trenutno nadolazi &#8211; ka\u017ee \u0408avor.<\/p>\n<p>Istakao je da je u Klju\u010du i Sanskom Mostu Sana je u znatnom padu, tako da o\u010dekuju mirnu no\u0107.<\/p>\n<p>RTRS<\/p>\n<p><a href=\"https:\/\/www.prijedordanas.com\/wp-content\/uploads\/2023\/05\/ministar-minic-posjeta-prijedoru-17maj-4.jpg\"><img loading=\"lazy\" decoding=\"async\" src=\"https:\/\/www.prijedordanas.com\/wp-content\/uploads\/2023\/05\/ministar-minic-posjeta-prijedoru-17maj-4-300x225.jpg\" alt=\"\" width=\"300\" height=\"225\" class=\"alignleft size-medium wp-image-205581\" srcset=\"https:\/\/www.prijedordanas.com\/wp-content\/uploads\/2023\/05\/ministar-minic-posjeta-prijedoru-17maj-4-300x225.jpg 300w, https:\/\/www.prijedordanas.com\/wp-content\/uploads\/2023\/05\/ministar-minic-posjeta-prijedoru-17maj-4-640x480.jpg 640w, https:\/\/www.prijedordanas.com\/wp-content\/uploads\/2023\/05\/ministar-minic-posjeta-prijedoru-17maj-4.jpg 667w\" sizes=\"(max-width: 300px) 100vw, 300px\" \/><\/a> <a href=\"https:\/\/www.prijedordanas.com\/wp-content\/uploads\/2023\/05\/ministar-minic-posjeta-prijedoru-17maj-5.jpg\"><img loading=\"lazy\" decoding=\"async\" src=\"https:\/\/www.prijedordanas.com\/wp-content\/uploads\/2023\/05\/ministar-minic-posjeta-prijedoru-17maj-5-300x225.jpg\" alt=\"\" width=\"300\" height=\"225\" class=\"alignleft size-medium wp-image-205582\" srcset=\"https:\/\/www.prijedordanas.com\/wp-content\/uploads\/2023\/05\/ministar-minic-posjeta-prijedoru-17maj-5-300x225.jpg 300w, https:\/\/www.prijedordanas.com\/wp-content\/uploads\/2023\/05\/ministar-minic-posjeta-prijedoru-17maj-5-640x480.jpg 640w, https:\/\/www.prijedordanas.com\/wp-content\/uploads\/2023\/05\/ministar-minic-posjeta-prijedoru-17maj-5.jpg 667w\" sizes=\"(max-width: 300px) 100vw, 300px\" \/><\/a> <a href=\"https:\/\/www.prijedordanas.com\/wp-content\/uploads\/2023\/05\/ministar-minic-posjeta-prijedoru-17maj-6.jpg\"><img loading=\"lazy\" decoding=\"async\" src=\"https:\/\/www.prijedordanas.com\/wp-content\/uploads\/2023\/05\/ministar-minic-posjeta-prijedoru-17maj-6-300x200.jpg\" alt=\"\" width=\"300\" height=\"200\" class=\"alignleft size-medium wp-image-205583\" srcset=\"https:\/\/www.prijedordanas.com\/wp-content\/uploads\/2023\/05\/ministar-minic-posjeta-prijedoru-17maj-6-300x200.jpg 300w, https:\/\/www.prijedordanas.com\/wp-content\/uploads\/2023\/05\/ministar-minic-posjeta-prijedoru-17maj-6-480x320.jpg 480w, https:\/\/www.prijedordanas.com\/wp-content\/uploads\/2023\/05\/ministar-minic-posjeta-prijedoru-17maj-6.jpg 600w\" sizes=\"(max-width: 300px) 100vw, 300px\" \/><\/a><\/p>\n","protected":false},"excerpt":{"rendered":"<p>Stanje u Prijedoru je stabilno i situacija se smiruje, rekao je ministar poljoprivrede, \u0161umarstva i vodoprivrede Republike Srpske Savo Mini\u0107 nakon \u0161to je sa gradona\u010delnikom Slobodanom \u0408avorom obi\u0161ao poplavljena podru\u010dja. [&hellip;]<\/p>\n","protected":false},"author":1,"featured_media":0,"comment_status":"closed","ping_status":"open","sticky":false,"template":"","format":"standard","meta":{"_monsterinsights_skip_tracking":false,"_monsterinsights_sitenote_active":false,"_monsterinsights_sitenote_note":"","_monsterinsights_sitenote_category":0,"footnotes":""},"categories":[8],"tags":[],"yoast_head":"<!-- This site is optimized with the Yoast SEO plugin v21.6 - https:\/\/yoast.com\/wordpress\/plugins\/seo\/ -->\n<title>Ministar Mini\u0107 obi\u0161ao poplavljena podru\u010dja u Prijedoru: Stanje stabilno, situacija se smiruje - FOTO - PrijedorDanas.com - Prijedorski gradski portal<\/title>\n<meta name=\"robots\" content=\"index, follow, max-snippet:-1, max-image-preview:large, max-video-preview:-1\" \/>\n<link rel=\"canonical\" href=\"https:\/\/www.prijedordanas.com\/?p=205585\" \/>\n<meta property=\"og:locale\" content=\"en_US\" \/>\n<meta property=\"og:type\" content=\"article\" \/>\n<meta property=\"og:title\" content=\"Ministar Mini\u0107 obi\u0161ao poplavljena podru\u010dja u Prijedoru: Stanje stabilno, situacija se smiruje - FOTO - PrijedorDanas.com - Prijedorski gradski portal\" \/>\n<meta property=\"og:description\" content=\"Stanje u Prijedoru je stabilno i situacija se smiruje, rekao je ministar poljoprivrede, \u0161umarstva i vodoprivrede Republike Srpske Savo Mini\u0107 nakon \u0161to je sa gradona\u010delnikom Slobodanom \u0408avorom obi\u0161ao poplavljena podru\u010dja. [&hellip;]\" \/>\n<meta property=\"og:url\" content=\"https:\/\/www.prijedordanas.com\/?p=205585\" \/>\n<meta property=\"og:site_name\" content=\"PrijedorDanas.com - Prijedorski gradski portal\" \/>\n<meta property=\"article:publisher\" content=\"https:\/\/www.facebook.com\/PrijedorDanasCom\/\" \/>\n<meta property=\"article:published_time\" content=\"2023-05-17T19:00:54+00:00\" \/>\n<meta property=\"og:image\" content=\"https:\/\/www.prijedordanas.com\/wp-content\/uploads\/2023\/05\/ministar-minic-posjeta-prijedoru-17maj-1-300x225.jpg\" \/>\n<meta name=\"author\" content=\"admin\" \/>\n<meta name=\"twitter:card\" content=\"summary_large_image\" \/>\n<meta name=\"twitter:label1\" content=\"Written by\" \/>\n\t<meta name=\"twitter:data1\" content=\"admin\" \/>\n<script type=\"application\/ld+json\" class=\"yoast-schema-graph\">{\"@context\":\"https:\/\/schema.org\",\"@graph\":[{\"@type\":\"Article\",\"@id\":\"https:\/\/www.prijedordanas.com\/?p=205585#article\",\"isPartOf\":{\"@id\":\"https:\/\/www.prijedordanas.com\/?p=205585\"},\"author\":{\"name\":\"admin\",\"@id\":\"https:\/\/www.prijedordanas.com\/#\/schema\/person\/4e08ccf29b506ca916ff86d46bb700e6\"},\"headline\":\"Ministar Mini\u0107 obi\u0161ao poplavljena podru\u010dja u Prijedoru: Stanje stabilno, situacija se smiruje &#8211; FOTO\",\"datePublished\":\"2023-05-17T19:00:54+00:00\",\"dateModified\":\"2023-05-17T19:00:54+00:00\",\"mainEntityOfPage\":{\"@id\":\"https:\/\/www.prijedordanas.com\/?p=205585\"},\"wordCount\":342,\"publisher\":{\"@id\":\"https:\/\/www.prijedordanas.com\/#organization\"},\"articleSection\":[\"Svakodnevno\"],\"inLanguage\":\"en-US\"},{\"@type\":\"WebPage\",\"@id\":\"https:\/\/www.prijedordanas.com\/?p=205585\",\"url\":\"https:\/\/www.prijedordanas.com\/?p=205585\",\"name\":\"Ministar Mini\u0107 obi\u0161ao poplavljena podru\u010dja u Prijedoru: Stanje stabilno, situacija se smiruje - FOTO - PrijedorDanas.com - Prijedorski gradski portal\",\"isPartOf\":{\"@id\":\"https:\/\/www.prijedordanas.com\/#website\"},\"datePublished\":\"2023-05-17T19:00:54+00:00\",\"dateModified\":\"2023-05-17T19:00:54+00:00\",\"breadcrumb\":{\"@id\":\"https:\/\/www.prijedordanas.com\/?p=205585#breadcrumb\"},\"inLanguage\":\"en-US\",\"potentialAction\":[{\"@type\":\"ReadAction\",\"target\":[\"https:\/\/www.prijedordanas.com\/?p=205585\"]}]},{\"@type\":\"BreadcrumbList\",\"@id\":\"https:\/\/www.prijedordanas.com\/?p=205585#breadcrumb\",\"itemListElement\":[{\"@type\":\"ListItem\",\"position\":1,\"name\":\"Home\",\"item\":\"https:\/\/www.prijedordanas.com\/\"},{\"@type\":\"ListItem\",\"position\":2,\"name\":\"Ministar Mini\u0107 obi\u0161ao poplavljena podru\u010dja u Prijedoru: Stanje stabilno, situacija se smiruje &#8211; FOTO\"}]},{\"@type\":\"WebSite\",\"@id\":\"https:\/\/www.prijedordanas.com\/#website\",\"url\":\"https:\/\/www.prijedordanas.com\/\",\"name\":\"PrijedorDanas.com - Prijedorski gradski portal\",\"description\":\"Portal o doga\u0111anjima u gradu Prijedoru\",\"publisher\":{\"@id\":\"https:\/\/www.prijedordanas.com\/#organization\"},\"potentialAction\":[{\"@type\":\"SearchAction\",\"target\":{\"@type\":\"EntryPoint\",\"urlTemplate\":\"https:\/\/www.prijedordanas.com\/?s={search_term_string}\"},\"query-input\":\"required name=search_term_string\"}],\"inLanguage\":\"en-US\"},{\"@type\":\"Organization\",\"@id\":\"https:\/\/www.prijedordanas.com\/#organization\",\"name\":\"PrijedorDanas.com\",\"url\":\"https:\/\/www.prijedordanas.com\/\",\"logo\":{\"@type\":\"ImageObject\",\"inLanguage\":\"en-US\",\"@id\":\"https:\/\/www.prijedordanas.com\/#\/schema\/logo\/image\/\",\"url\":\"http:\/\/www.prijedordanas.com\/wp-content\/uploads\/2021\/12\/logopng.png\",\"contentUrl\":\"http:\/\/www.prijedordanas.com\/wp-content\/uploads\/2021\/12\/logopng.png\",\"width\":1019,\"height\":776,\"caption\":\"PrijedorDanas.com\"},\"image\":{\"@id\":\"https:\/\/www.prijedordanas.com\/#\/schema\/logo\/image\/\"},\"sameAs\":[\"https:\/\/www.facebook.com\/PrijedorDanasCom\/\"]},{\"@type\":\"Person\",\"@id\":\"https:\/\/www.prijedordanas.com\/#\/schema\/person\/4e08ccf29b506ca916ff86d46bb700e6\",\"name\":\"admin\",\"image\":{\"@type\":\"ImageObject\",\"inLanguage\":\"en-US\",\"@id\":\"https:\/\/www.prijedordanas.com\/#\/schema\/person\/image\/\",\"url\":\"https:\/\/secure.gravatar.com\/avatar\/1d3fc949d550f0b53a5f0d51e06dfd79?s=96&d=mm&r=g\",\"contentUrl\":\"https:\/\/secure.gravatar.com\/avatar\/1d3fc949d550f0b53a5f0d51e06dfd79?s=96&d=mm&r=g\",\"caption\":\"admin\"},\"url\":\"https:\/\/www.prijedordanas.com\/?author=1\"}]}<\/script>\n<!-- \/ Yoast SEO plugin. -->","yoast_head_json":{"title":"Ministar Mini\u0107 obi\u0161ao poplavljena podru\u010dja u Prijedoru: Stanje stabilno, situacija se smiruje - FOTO - PrijedorDanas.com - Prijedorski gradski portal","robots":{"index":"index","follow":"follow","max-snippet":"max-snippet:-1","max-image-preview":"max-image-preview:large","max-video-preview":"max-video-preview:-1"},"canonical":"https:\/\/www.prijedordanas.com\/?p=205585","og_locale":"en_US","og_type":"article","og_title":"Ministar Mini\u0107 obi\u0161ao poplavljena podru\u010dja u Prijedoru: Stanje stabilno, situacija se smiruje - FOTO - PrijedorDanas.com - Prijedorski gradski portal","og_description":"Stanje u Prijedoru je stabilno i situacija se smiruje, rekao je ministar poljoprivrede, \u0161umarstva i vodoprivrede Republike Srpske Savo Mini\u0107 nakon \u0161to je sa gradona\u010delnikom Slobodanom \u0408avorom obi\u0161ao poplavljena podru\u010dja. [&hellip;]","og_url":"https:\/\/www.prijedordanas.com\/?p=205585","og_site_name":"PrijedorDanas.com - Prijedorski gradski portal","article_publisher":"https:\/\/www.facebook.com\/PrijedorDanasCom\/","article_published_time":"2023-05-17T19:00:54+00:00","og_image":[{"url":"https:\/\/www.prijedordanas.com\/wp-content\/uploads\/2023\/05\/ministar-minic-posjeta-prijedoru-17maj-1-300x225.jpg"}],"author":"admin","twitter_card":"summary_large_image","twitter_misc":{"Written by":"admin"},"schema":{"@context":"https:\/\/schema.org","@graph":[{"@type":"Article","@id":"https:\/\/www.prijedordanas.com\/?p=205585#article","isPartOf":{"@id":"https:\/\/www.prijedordanas.com\/?p=205585"},"author":{"name":"admin","@id":"https:\/\/www.prijedordanas.com\/#\/schema\/person\/4e08ccf29b506ca916ff86d46bb700e6"},"headline":"Ministar Mini\u0107 obi\u0161ao poplavljena podru\u010dja u Prijedoru: Stanje stabilno, situacija se smiruje &#8211; FOTO","datePublished":"2023-05-17T19:00:54+00:00","dateModified":"2023-05-17T19:00:54+00:00","mainEntityOfPage":{"@id":"https:\/\/www.prijedordanas.com\/?p=205585"},"wordCount":342,"publisher":{"@id":"https:\/\/www.prijedordanas.com\/#organization"},"articleSection":["Svakodnevno"],"inLanguage":"en-US"},{"@type":"WebPage","@id":"https:\/\/www.prijedordanas.com\/?p=205585","url":"https:\/\/www.prijedordanas.com\/?p=205585","name":"Ministar Mini\u0107 obi\u0161ao poplavljena podru\u010dja u Prijedoru: Stanje stabilno, situacija se smiruje - FOTO - PrijedorDanas.com - Prijedorski gradski portal","isPartOf":{"@id":"https:\/\/www.prijedordanas.com\/#website"},"datePublished":"2023-05-17T19:00:54+00:00","dateModified":"2023-05-17T19:00:54+00:00","breadcrumb":{"@id":"https:\/\/www.prijedordanas.com\/?p=205585#breadcrumb"},"inLanguage":"en-US","potentialAction":[{"@type":"ReadAction","target":["https:\/\/www.prijedordanas.com\/?p=205585"]}]},{"@type":"BreadcrumbList","@id":"https:\/\/www.prijedordanas.com\/?p=205585#breadcrumb","itemListElement":[{"@type":"ListItem","position":1,"name":"Home","item":"https:\/\/www.prijedordanas.com\/"},{"@type":"ListItem","position":2,"name":"Ministar Mini\u0107 obi\u0161ao poplavljena podru\u010dja u Prijedoru: Stanje stabilno, situacija se smiruje &#8211; FOTO"}]},{"@type":"WebSite","@id":"https:\/\/www.prijedordanas.com\/#website","url":"https:\/\/www.prijedordanas.com\/","name":"PrijedorDanas.com - Prijedorski gradski portal","description":"Portal o doga\u0111anjima u gradu Prijedoru","publisher":{"@id":"https:\/\/www.prijedordanas.com\/#organization"},"potentialAction":[{"@type":"SearchAction","target":{"@type":"EntryPoint","urlTemplate":"https:\/\/www.prijedordanas.com\/?s={search_term_string}"},"query-input":"required name=search_term_string"}],"inLanguage":"en-US"},{"@type":"Organization","@id":"https:\/\/www.prijedordanas.com\/#organization","name":"PrijedorDanas.com","url":"https:\/\/www.prijedordanas.com\/","logo":{"@type":"ImageObject","inLanguage":"en-US","@id":"https:\/\/www.prijedordanas.com\/#\/schema\/logo\/image\/","url":"http:\/\/www.prijedordanas.com\/wp-content\/uploads\/2021\/12\/logopng.png","contentUrl":"http:\/\/www.prijedordanas.com\/wp-content\/uploads\/2021\/12\/logopng.png","width":1019,"height":776,"caption":"PrijedorDanas.com"},"image":{"@id":"https:\/\/www.prijedordanas.com\/#\/schema\/logo\/image\/"},"sameAs":["https:\/\/www.facebook.com\/PrijedorDanasCom\/"]},{"@type":"Person","@id":"https:\/\/www.prijedordanas.com\/#\/schema\/person\/4e08ccf29b506ca916ff86d46bb700e6","name":"admin","image":{"@type":"ImageObject","inLanguage":"en-US","@id":"https:\/\/www.prijedordanas.com\/#\/schema\/person\/image\/","url":"https:\/\/secure.gravatar.com\/avatar\/1d3fc949d550f0b53a5f0d51e06dfd79?s=96&d=mm&r=g","contentUrl":"https:\/\/secure.gravatar.com\/avatar\/1d3fc949d550f0b53a5f0d51e06dfd79?s=96&d=mm&r=g","caption":"admin"},"url":"https:\/\/www.prijedordanas.com\/?author=1"}]}},"_links":{"self":[{"href":"https:\/\/www.prijedordanas.com\/index.php?rest_route=\/wp\/v2\/posts\/205585"}],"collection":[{"href":"https:\/\/www.prijedordanas.com\/index.php?rest_route=\/wp\/v2\/posts"}],"about":[{"href":"https:\/\/www.prijedordanas.com\/index.php?rest_route=\/wp\/v2\/types\/post"}],"author":[{"embeddable":true,"href":"https:\/\/www.prijedordanas.com\/index.php?rest_route=\/wp\/v2\/users\/1"}],"replies":[{"embeddable":true,"href":"https:\/\/www.prijedordanas.com\/index.php?rest_route=%2Fwp%2Fv2%2Fcomments&post=205585"}],"version-history":[{"count":1,"href":"https:\/\/www.prijedordanas.com\/index.php?rest_route=\/wp\/v2\/posts\/205585\/revisions"}],"predecessor-version":[{"id":205586,"href":"https:\/\/www.prijedordanas.com\/index.php?rest_route=\/wp\/v2\/posts\/205585\/revisions\/205586"}],"wp:attachment":[{"href":"https:\/\/www.prijedordanas.com\/index.php?rest_route=%2Fwp%2Fv2%2Fmedia&parent=205585"}],"wp:term":[{"taxonomy":"category","embeddable":true,"href":"https:\/\/www.prijedordanas.com\/index.php?rest_route=%2Fwp%2Fv2%2Fcategories&post=205585"},{"taxonomy":"post_tag","embeddable":true,"href":"https:\/\/www.prijedordanas.com\/index.php?rest_route=%2Fwp%2Fv2%2Ftags&post=205585"}],"curies":[{"name":"wp","href":"https:\/\/api.w.org\/{rel}","templated":true}]}}