{"id":205548,"date":"2023-05-17T15:45:58","date_gmt":"2023-05-17T13:45:58","guid":{"rendered":"https:\/\/www.prijedordanas.com\/?p=205548"},"modified":"2023-05-17T15:45:58","modified_gmt":"2023-05-17T13:45:58","slug":"gradonacelnik-javor-situacija-pod-kontrolom-uklonjeni-nanosi-granja-kod-gradskog-mosta-foto","status":"publish","type":"post","link":"https:\/\/www.prijedordanas.com\/?p=205548","title":{"rendered":"Gradona\u010delnik Javor: Situacija pod kontrolom, uklonjeni nanosi granja kod gradskog mosta &#8211; FOTO"},"content":{"rendered":"<p><a href=\"https:\/\/www.prijedordanas.com\/wp-content\/uploads\/2023\/05\/prijedorgradorg-javor-stabilizacija-stanja-1.jpg\"><img loading=\"lazy\" decoding=\"async\" class=\"alignleft size-medium wp-image-205549\" src=\"https:\/\/www.prijedordanas.com\/wp-content\/uploads\/2023\/05\/prijedorgradorg-javor-stabilizacija-stanja-1-300x225.jpg\" alt=\"\" width=\"300\" height=\"225\" srcset=\"https:\/\/www.prijedordanas.com\/wp-content\/uploads\/2023\/05\/prijedorgradorg-javor-stabilizacija-stanja-1-300x225.jpg 300w, https:\/\/www.prijedordanas.com\/wp-content\/uploads\/2023\/05\/prijedorgradorg-javor-stabilizacija-stanja-1-640x480.jpg 640w, https:\/\/www.prijedordanas.com\/wp-content\/uploads\/2023\/05\/prijedorgradorg-javor-stabilizacija-stanja-1.jpg 667w\" sizes=\"(max-width: 300px) 100vw, 300px\" \/><\/a>Gradona\u010delnik Prijedora Slobodan Javor kao komandant \u0160taba za vanredne situacije se sa de\u017eurnim ekipama nalazi na terenu i na mjestima na kojima se danas mo\u017ee pomo\u0107i gra\u0111anima da se ova situacija sa nabujalim vodama ubla\u017ei.<\/p>\n<p>On je potvrdio da je upravo zavr\u0161ena akcija uklanjanja granja koje je voda nanijela i koje su se zaustavile na bedemima ispod gradskog mosta.<\/p>\n<p>&#8220;Nove koli\u010dine granja koje voda nosi dodatno su ugrozile most i zahvaljujem se svima koji su u\u010destvovali u ovoj akciji jer smo na ovaj na\u010din uspjeli da oslobodimo most i pove\u0107amo propusnu mo\u0107 vode&#8221;, rekao je Javor za zvani\u010dni sajt grada.<\/p>\n<p><a href=\"https:\/\/www.prijedordanas.com\/wp-content\/uploads\/2023\/05\/prijedorgradorg-javor-stabilizacija-stanja-2.jpg\"><img loading=\"lazy\" decoding=\"async\" class=\"alignleft size-medium wp-image-205550\" src=\"https:\/\/www.prijedordanas.com\/wp-content\/uploads\/2023\/05\/prijedorgradorg-javor-stabilizacija-stanja-2-300x225.jpg\" alt=\"\" width=\"300\" height=\"225\" srcset=\"https:\/\/www.prijedordanas.com\/wp-content\/uploads\/2023\/05\/prijedorgradorg-javor-stabilizacija-stanja-2-300x225.jpg 300w, https:\/\/www.prijedordanas.com\/wp-content\/uploads\/2023\/05\/prijedorgradorg-javor-stabilizacija-stanja-2-640x480.jpg 640w, https:\/\/www.prijedordanas.com\/wp-content\/uploads\/2023\/05\/prijedorgradorg-javor-stabilizacija-stanja-2.jpg 667w\" sizes=\"(max-width: 300px) 100vw, 300px\" \/><\/a>On je dodao da je bitno da trenutno ki\u0161a ne pada i da je Sana u opadanju, a konkretno, uzvodno u Klju\u010du je 22 cm u opadanju, a u Sanskom Mostu oko 10 centimetara.<\/p>\n<p>&#8220;Trenutno imamo probleme u Gomjenici gdje su podzemne vode iza\u0161le na povr\u0161inu, imamo zaplavljenih objekata i ekipe Civilne za\u0161tite i vatrogasaca su na terenu gdje sa pumpama poku\u0161avamo da dio te vode usmjerimo nazad u kanal prema Sani. Imamo dobru situaciju u Puharskoj i Ra\u0161kovcu , gdje smo sino\u0107 proveli no\u0107 i gdje je voda ugrozila pojedina doma\u0107instva i gdje smo intervenisali , kopali \u0161ljunak i pravili nasip&#8221;, izjavio je Javor.<\/p>\n<p><a href=\"https:\/\/www.prijedordanas.com\/wp-content\/uploads\/2023\/05\/prijedorgradorg-javor-stabilizacija-stanja-4.jpg\"><img loading=\"lazy\" decoding=\"async\" src=\"https:\/\/www.prijedordanas.com\/wp-content\/uploads\/2023\/05\/prijedorgradorg-javor-stabilizacija-stanja-4-300x225.jpg\" alt=\"\" width=\"300\" height=\"225\" class=\"alignleft size-medium wp-image-205551\" srcset=\"https:\/\/www.prijedordanas.com\/wp-content\/uploads\/2023\/05\/prijedorgradorg-javor-stabilizacija-stanja-4-300x225.jpg 300w, https:\/\/www.prijedordanas.com\/wp-content\/uploads\/2023\/05\/prijedorgradorg-javor-stabilizacija-stanja-4-640x480.jpg 640w, https:\/\/www.prijedordanas.com\/wp-content\/uploads\/2023\/05\/prijedorgradorg-javor-stabilizacija-stanja-4.jpg 667w\" sizes=\"(max-width: 300px) 100vw, 300px\" \/><\/a>On je ocijenio da je za sada situacija pod kontrolom.<\/p>\n<p>&#8220;Vidljivo je da smo ovoga puta uspjeli da odbranimo Vrbice i Topolik uspjeli smo, ono \u0161to smo na po\u010detku radili i o\u010distili dio korita rijeke Milo\u0161evice u du\u017eini od 3,2 kilometra i to je zasigurno dalo rezultata i nemamo ve\u0107ih problema u tim naseljima&#8221;, rekao je Javor.<\/p>\n<p>On je dodao da su trenutno problem klizi\u0161ta u Ljubiji.<\/p>\n<p>&#8220;Imamo \u010detiri aktivna klizi\u0161ta gdje smo morali izvr\u0161iti evakuaciju jedne porodice i trenutno su na terenu stru\u010dnjaci koji procjenjuju situaciju da li je bezbjedno za ostala doma\u0107instva da li su bezbjedna&#8221; rekao je Javor.<\/p>\n<p>On je dodao da se sa terena prikupljaju svi relevantni podaci koji \u0107e nam pokazati koji \u0107e nam vrlo brzo pokazati pravu sliku koliko je objekta zaplavljeno, a u koliko je objekata voda u\u0161la jer podzemne vode nadolaze u Gomjenici i u Tukovima i situacija se mijenja iz \u010dasa u \u010das.<\/p>\n<p><a href=\"https:\/\/www.prijedorgrad.org\/sr-EU\/vijesti-sadrzaj.html?vid=18040\" target=\"_blank\" rel=\"noopener\">prijedorgrad.org<\/a><\/p>\n<p><a href=\"https:\/\/www.prijedordanas.com\/wp-content\/uploads\/2023\/05\/prijedorgradorg-javor-stabilizacija-stanja-6.jpg\"><img loading=\"lazy\" decoding=\"async\" src=\"https:\/\/www.prijedordanas.com\/wp-content\/uploads\/2023\/05\/prijedorgradorg-javor-stabilizacija-stanja-6-225x300.jpg\" alt=\"\" width=\"225\" height=\"300\" class=\"alignleft size-medium wp-image-205552\" srcset=\"https:\/\/www.prijedordanas.com\/wp-content\/uploads\/2023\/05\/prijedorgradorg-javor-stabilizacija-stanja-6-225x300.jpg 225w, https:\/\/www.prijedordanas.com\/wp-content\/uploads\/2023\/05\/prijedorgradorg-javor-stabilizacija-stanja-6.jpg 450w\" sizes=\"(max-width: 225px) 100vw, 225px\" \/><\/a> <a href=\"https:\/\/www.prijedordanas.com\/wp-content\/uploads\/2023\/05\/prijedorgradorg-javor-stabilizacija-stanja-7.jpg\"><img loading=\"lazy\" decoding=\"async\" src=\"https:\/\/www.prijedordanas.com\/wp-content\/uploads\/2023\/05\/prijedorgradorg-javor-stabilizacija-stanja-7-225x300.jpg\" alt=\"\" width=\"225\" height=\"300\" class=\"alignleft size-medium wp-image-205553\" srcset=\"https:\/\/www.prijedordanas.com\/wp-content\/uploads\/2023\/05\/prijedorgradorg-javor-stabilizacija-stanja-7-225x300.jpg 225w, https:\/\/www.prijedordanas.com\/wp-content\/uploads\/2023\/05\/prijedorgradorg-javor-stabilizacija-stanja-7.jpg 450w\" sizes=\"(max-width: 225px) 100vw, 225px\" \/><\/a> <a href=\"https:\/\/www.prijedordanas.com\/wp-content\/uploads\/2023\/05\/prijedorgradorg-javor-stabilizacija-stanja-8.jpg\"><img loading=\"lazy\" decoding=\"async\" src=\"https:\/\/www.prijedordanas.com\/wp-content\/uploads\/2023\/05\/prijedorgradorg-javor-stabilizacija-stanja-8-225x300.jpg\" alt=\"\" width=\"225\" height=\"300\" class=\"alignleft size-medium wp-image-205554\" srcset=\"https:\/\/www.prijedordanas.com\/wp-content\/uploads\/2023\/05\/prijedorgradorg-javor-stabilizacija-stanja-8-225x300.jpg 225w, https:\/\/www.prijedordanas.com\/wp-content\/uploads\/2023\/05\/prijedorgradorg-javor-stabilizacija-stanja-8.jpg 450w\" sizes=\"(max-width: 225px) 100vw, 225px\" \/><\/a> <a href=\"https:\/\/www.prijedordanas.com\/wp-content\/uploads\/2023\/05\/prijedorgradorg-javor-stabilizacija-stanja-9.jpg\"><img loading=\"lazy\" decoding=\"async\" src=\"https:\/\/www.prijedordanas.com\/wp-content\/uploads\/2023\/05\/prijedorgradorg-javor-stabilizacija-stanja-9-225x300.jpg\" alt=\"\" width=\"225\" height=\"300\" class=\"alignleft size-medium wp-image-205555\" srcset=\"https:\/\/www.prijedordanas.com\/wp-content\/uploads\/2023\/05\/prijedorgradorg-javor-stabilizacija-stanja-9-225x300.jpg 225w, https:\/\/www.prijedordanas.com\/wp-content\/uploads\/2023\/05\/prijedorgradorg-javor-stabilizacija-stanja-9.jpg 450w\" sizes=\"(max-width: 225px) 100vw, 225px\" \/><\/a> <a href=\"https:\/\/www.prijedordanas.com\/wp-content\/uploads\/2023\/05\/prijedorgradorg-javor-stabilizacija-stanja-5.jpg\"><img loading=\"lazy\" decoding=\"async\" src=\"https:\/\/www.prijedordanas.com\/wp-content\/uploads\/2023\/05\/prijedorgradorg-javor-stabilizacija-stanja-5-300x225.jpg\" alt=\"\" width=\"300\" height=\"225\" class=\"alignleft size-medium wp-image-205556\" srcset=\"https:\/\/www.prijedordanas.com\/wp-content\/uploads\/2023\/05\/prijedorgradorg-javor-stabilizacija-stanja-5-300x225.jpg 300w, https:\/\/www.prijedordanas.com\/wp-content\/uploads\/2023\/05\/prijedorgradorg-javor-stabilizacija-stanja-5.jpg 600w\" sizes=\"(max-width: 300px) 100vw, 300px\" \/><\/a> <a href=\"https:\/\/www.prijedordanas.com\/wp-content\/uploads\/2023\/05\/prijedorgradorg-javor-stabilizacija-stanja-3.jpg\"><img loading=\"lazy\" decoding=\"async\" src=\"https:\/\/www.prijedordanas.com\/wp-content\/uploads\/2023\/05\/prijedorgradorg-javor-stabilizacija-stanja-3-300x225.jpg\" alt=\"\" width=\"300\" height=\"225\" class=\"alignleft size-medium wp-image-205557\" srcset=\"https:\/\/www.prijedordanas.com\/wp-content\/uploads\/2023\/05\/prijedorgradorg-javor-stabilizacija-stanja-3-300x225.jpg 300w, https:\/\/www.prijedordanas.com\/wp-content\/uploads\/2023\/05\/prijedorgradorg-javor-stabilizacija-stanja-3.jpg 600w\" sizes=\"(max-width: 300px) 100vw, 300px\" \/><\/a><\/p>\n","protected":false},"excerpt":{"rendered":"<p>Gradona\u010delnik Prijedora Slobodan Javor kao komandant \u0160taba za vanredne situacije se sa de\u017eurnim ekipama nalazi na terenu i na mjestima na kojima se danas mo\u017ee pomo\u0107i gra\u0111anima da se ova [&hellip;]<\/p>\n","protected":false},"author":1,"featured_media":0,"comment_status":"closed","ping_status":"open","sticky":false,"template":"","format":"standard","meta":{"_monsterinsights_skip_tracking":false,"_monsterinsights_sitenote_active":false,"_monsterinsights_sitenote_note":"","_monsterinsights_sitenote_category":0,"footnotes":""},"categories":[4],"tags":[],"yoast_head":"<!-- This site is optimized with the Yoast SEO plugin v21.6 - https:\/\/yoast.com\/wordpress\/plugins\/seo\/ -->\n<title>Gradona\u010delnik Javor: Situacija pod kontrolom, uklonjeni nanosi granja kod gradskog mosta - FOTO - PrijedorDanas.com - Prijedorski gradski portal<\/title>\n<meta name=\"robots\" content=\"index, follow, max-snippet:-1, max-image-preview:large, max-video-preview:-1\" \/>\n<link rel=\"canonical\" href=\"https:\/\/www.prijedordanas.com\/?p=205548\" \/>\n<meta property=\"og:locale\" content=\"en_US\" \/>\n<meta property=\"og:type\" content=\"article\" \/>\n<meta property=\"og:title\" content=\"Gradona\u010delnik Javor: Situacija pod kontrolom, uklonjeni nanosi granja kod gradskog mosta - FOTO - PrijedorDanas.com - Prijedorski gradski portal\" \/>\n<meta property=\"og:description\" content=\"Gradona\u010delnik Prijedora Slobodan Javor kao komandant \u0160taba za vanredne situacije se sa de\u017eurnim ekipama nalazi na terenu i na mjestima na kojima se danas mo\u017ee pomo\u0107i gra\u0111anima da se ova [&hellip;]\" \/>\n<meta property=\"og:url\" content=\"https:\/\/www.prijedordanas.com\/?p=205548\" \/>\n<meta property=\"og:site_name\" content=\"PrijedorDanas.com - Prijedorski gradski portal\" \/>\n<meta property=\"article:publisher\" content=\"https:\/\/www.facebook.com\/PrijedorDanasCom\/\" \/>\n<meta property=\"article:published_time\" content=\"2023-05-17T13:45:58+00:00\" \/>\n<meta property=\"og:image\" content=\"https:\/\/www.prijedordanas.com\/wp-content\/uploads\/2023\/05\/prijedorgradorg-javor-stabilizacija-stanja-1-300x225.jpg\" \/>\n<meta name=\"author\" content=\"admin\" \/>\n<meta name=\"twitter:card\" content=\"summary_large_image\" \/>\n<meta name=\"twitter:label1\" content=\"Written by\" \/>\n\t<meta name=\"twitter:data1\" content=\"admin\" \/>\n\t<meta name=\"twitter:label2\" content=\"Est. reading time\" \/>\n\t<meta name=\"twitter:data2\" content=\"2 minutes\" \/>\n<script type=\"application\/ld+json\" class=\"yoast-schema-graph\">{\"@context\":\"https:\/\/schema.org\",\"@graph\":[{\"@type\":\"Article\",\"@id\":\"https:\/\/www.prijedordanas.com\/?p=205548#article\",\"isPartOf\":{\"@id\":\"https:\/\/www.prijedordanas.com\/?p=205548\"},\"author\":{\"name\":\"admin\",\"@id\":\"https:\/\/www.prijedordanas.com\/#\/schema\/person\/4e08ccf29b506ca916ff86d46bb700e6\"},\"headline\":\"Gradona\u010delnik Javor: Situacija pod kontrolom, uklonjeni nanosi granja kod gradskog mosta &#8211; FOTO\",\"datePublished\":\"2023-05-17T13:45:58+00:00\",\"dateModified\":\"2023-05-17T13:45:58+00:00\",\"mainEntityOfPage\":{\"@id\":\"https:\/\/www.prijedordanas.com\/?p=205548\"},\"wordCount\":399,\"publisher\":{\"@id\":\"https:\/\/www.prijedordanas.com\/#organization\"},\"articleSection\":[\"Dru\u0161tvo\"],\"inLanguage\":\"en-US\"},{\"@type\":\"WebPage\",\"@id\":\"https:\/\/www.prijedordanas.com\/?p=205548\",\"url\":\"https:\/\/www.prijedordanas.com\/?p=205548\",\"name\":\"Gradona\u010delnik Javor: Situacija pod kontrolom, uklonjeni nanosi granja kod gradskog mosta - FOTO - PrijedorDanas.com - Prijedorski gradski portal\",\"isPartOf\":{\"@id\":\"https:\/\/www.prijedordanas.com\/#website\"},\"datePublished\":\"2023-05-17T13:45:58+00:00\",\"dateModified\":\"2023-05-17T13:45:58+00:00\",\"breadcrumb\":{\"@id\":\"https:\/\/www.prijedordanas.com\/?p=205548#breadcrumb\"},\"inLanguage\":\"en-US\",\"potentialAction\":[{\"@type\":\"ReadAction\",\"target\":[\"https:\/\/www.prijedordanas.com\/?p=205548\"]}]},{\"@type\":\"BreadcrumbList\",\"@id\":\"https:\/\/www.prijedordanas.com\/?p=205548#breadcrumb\",\"itemListElement\":[{\"@type\":\"ListItem\",\"position\":1,\"name\":\"Home\",\"item\":\"https:\/\/www.prijedordanas.com\/\"},{\"@type\":\"ListItem\",\"position\":2,\"name\":\"Gradona\u010delnik Javor: Situacija pod kontrolom, uklonjeni nanosi granja kod gradskog mosta &#8211; FOTO\"}]},{\"@type\":\"WebSite\",\"@id\":\"https:\/\/www.prijedordanas.com\/#website\",\"url\":\"https:\/\/www.prijedordanas.com\/\",\"name\":\"PrijedorDanas.com - Prijedorski gradski portal\",\"description\":\"Portal o doga\u0111anjima u gradu Prijedoru\",\"publisher\":{\"@id\":\"https:\/\/www.prijedordanas.com\/#organization\"},\"potentialAction\":[{\"@type\":\"SearchAction\",\"target\":{\"@type\":\"EntryPoint\",\"urlTemplate\":\"https:\/\/www.prijedordanas.com\/?s={search_term_string}\"},\"query-input\":\"required name=search_term_string\"}],\"inLanguage\":\"en-US\"},{\"@type\":\"Organization\",\"@id\":\"https:\/\/www.prijedordanas.com\/#organization\",\"name\":\"PrijedorDanas.com\",\"url\":\"https:\/\/www.prijedordanas.com\/\",\"logo\":{\"@type\":\"ImageObject\",\"inLanguage\":\"en-US\",\"@id\":\"https:\/\/www.prijedordanas.com\/#\/schema\/logo\/image\/\",\"url\":\"http:\/\/www.prijedordanas.com\/wp-content\/uploads\/2021\/12\/logopng.png\",\"contentUrl\":\"http:\/\/www.prijedordanas.com\/wp-content\/uploads\/2021\/12\/logopng.png\",\"width\":1019,\"height\":776,\"caption\":\"PrijedorDanas.com\"},\"image\":{\"@id\":\"https:\/\/www.prijedordanas.com\/#\/schema\/logo\/image\/\"},\"sameAs\":[\"https:\/\/www.facebook.com\/PrijedorDanasCom\/\"]},{\"@type\":\"Person\",\"@id\":\"https:\/\/www.prijedordanas.com\/#\/schema\/person\/4e08ccf29b506ca916ff86d46bb700e6\",\"name\":\"admin\",\"image\":{\"@type\":\"ImageObject\",\"inLanguage\":\"en-US\",\"@id\":\"https:\/\/www.prijedordanas.com\/#\/schema\/person\/image\/\",\"url\":\"https:\/\/secure.gravatar.com\/avatar\/1d3fc949d550f0b53a5f0d51e06dfd79?s=96&d=mm&r=g\",\"contentUrl\":\"https:\/\/secure.gravatar.com\/avatar\/1d3fc949d550f0b53a5f0d51e06dfd79?s=96&d=mm&r=g\",\"caption\":\"admin\"},\"url\":\"https:\/\/www.prijedordanas.com\/?author=1\"}]}<\/script>\n<!-- \/ Yoast SEO plugin. -->","yoast_head_json":{"title":"Gradona\u010delnik Javor: Situacija pod kontrolom, uklonjeni nanosi granja kod gradskog mosta - FOTO - PrijedorDanas.com - Prijedorski gradski portal","robots":{"index":"index","follow":"follow","max-snippet":"max-snippet:-1","max-image-preview":"max-image-preview:large","max-video-preview":"max-video-preview:-1"},"canonical":"https:\/\/www.prijedordanas.com\/?p=205548","og_locale":"en_US","og_type":"article","og_title":"Gradona\u010delnik Javor: Situacija pod kontrolom, uklonjeni nanosi granja kod gradskog mosta - FOTO - PrijedorDanas.com - Prijedorski gradski portal","og_description":"Gradona\u010delnik Prijedora Slobodan Javor kao komandant \u0160taba za vanredne situacije se sa de\u017eurnim ekipama nalazi na terenu i na mjestima na kojima se danas mo\u017ee pomo\u0107i gra\u0111anima da se ova [&hellip;]","og_url":"https:\/\/www.prijedordanas.com\/?p=205548","og_site_name":"PrijedorDanas.com - Prijedorski gradski portal","article_publisher":"https:\/\/www.facebook.com\/PrijedorDanasCom\/","article_published_time":"2023-05-17T13:45:58+00:00","og_image":[{"url":"https:\/\/www.prijedordanas.com\/wp-content\/uploads\/2023\/05\/prijedorgradorg-javor-stabilizacija-stanja-1-300x225.jpg"}],"author":"admin","twitter_card":"summary_large_image","twitter_misc":{"Written by":"admin","Est. reading time":"2 minutes"},"schema":{"@context":"https:\/\/schema.org","@graph":[{"@type":"Article","@id":"https:\/\/www.prijedordanas.com\/?p=205548#article","isPartOf":{"@id":"https:\/\/www.prijedordanas.com\/?p=205548"},"author":{"name":"admin","@id":"https:\/\/www.prijedordanas.com\/#\/schema\/person\/4e08ccf29b506ca916ff86d46bb700e6"},"headline":"Gradona\u010delnik Javor: Situacija pod kontrolom, uklonjeni nanosi granja kod gradskog mosta &#8211; FOTO","datePublished":"2023-05-17T13:45:58+00:00","dateModified":"2023-05-17T13:45:58+00:00","mainEntityOfPage":{"@id":"https:\/\/www.prijedordanas.com\/?p=205548"},"wordCount":399,"publisher":{"@id":"https:\/\/www.prijedordanas.com\/#organization"},"articleSection":["Dru\u0161tvo"],"inLanguage":"en-US"},{"@type":"WebPage","@id":"https:\/\/www.prijedordanas.com\/?p=205548","url":"https:\/\/www.prijedordanas.com\/?p=205548","name":"Gradona\u010delnik Javor: Situacija pod kontrolom, uklonjeni nanosi granja kod gradskog mosta - FOTO - PrijedorDanas.com - Prijedorski gradski portal","isPartOf":{"@id":"https:\/\/www.prijedordanas.com\/#website"},"datePublished":"2023-05-17T13:45:58+00:00","dateModified":"2023-05-17T13:45:58+00:00","breadcrumb":{"@id":"https:\/\/www.prijedordanas.com\/?p=205548#breadcrumb"},"inLanguage":"en-US","potentialAction":[{"@type":"ReadAction","target":["https:\/\/www.prijedordanas.com\/?p=205548"]}]},{"@type":"BreadcrumbList","@id":"https:\/\/www.prijedordanas.com\/?p=205548#breadcrumb","itemListElement":[{"@type":"ListItem","position":1,"name":"Home","item":"https:\/\/www.prijedordanas.com\/"},{"@type":"ListItem","position":2,"name":"Gradona\u010delnik Javor: Situacija pod kontrolom, uklonjeni nanosi granja kod gradskog mosta &#8211; FOTO"}]},{"@type":"WebSite","@id":"https:\/\/www.prijedordanas.com\/#website","url":"https:\/\/www.prijedordanas.com\/","name":"PrijedorDanas.com - Prijedorski gradski portal","description":"Portal o doga\u0111anjima u gradu Prijedoru","publisher":{"@id":"https:\/\/www.prijedordanas.com\/#organization"},"potentialAction":[{"@type":"SearchAction","target":{"@type":"EntryPoint","urlTemplate":"https:\/\/www.prijedordanas.com\/?s={search_term_string}"},"query-input":"required name=search_term_string"}],"inLanguage":"en-US"},{"@type":"Organization","@id":"https:\/\/www.prijedordanas.com\/#organization","name":"PrijedorDanas.com","url":"https:\/\/www.prijedordanas.com\/","logo":{"@type":"ImageObject","inLanguage":"en-US","@id":"https:\/\/www.prijedordanas.com\/#\/schema\/logo\/image\/","url":"http:\/\/www.prijedordanas.com\/wp-content\/uploads\/2021\/12\/logopng.png","contentUrl":"http:\/\/www.prijedordanas.com\/wp-content\/uploads\/2021\/12\/logopng.png","width":1019,"height":776,"caption":"PrijedorDanas.com"},"image":{"@id":"https:\/\/www.prijedordanas.com\/#\/schema\/logo\/image\/"},"sameAs":["https:\/\/www.facebook.com\/PrijedorDanasCom\/"]},{"@type":"Person","@id":"https:\/\/www.prijedordanas.com\/#\/schema\/person\/4e08ccf29b506ca916ff86d46bb700e6","name":"admin","image":{"@type":"ImageObject","inLanguage":"en-US","@id":"https:\/\/www.prijedordanas.com\/#\/schema\/person\/image\/","url":"https:\/\/secure.gravatar.com\/avatar\/1d3fc949d550f0b53a5f0d51e06dfd79?s=96&d=mm&r=g","contentUrl":"https:\/\/secure.gravatar.com\/avatar\/1d3fc949d550f0b53a5f0d51e06dfd79?s=96&d=mm&r=g","caption":"admin"},"url":"https:\/\/www.prijedordanas.com\/?author=1"}]}},"_links":{"self":[{"href":"https:\/\/www.prijedordanas.com\/index.php?rest_route=\/wp\/v2\/posts\/205548"}],"collection":[{"href":"https:\/\/www.prijedordanas.com\/index.php?rest_route=\/wp\/v2\/posts"}],"about":[{"href":"https:\/\/www.prijedordanas.com\/index.php?rest_route=\/wp\/v2\/types\/post"}],"author":[{"embeddable":true,"href":"https:\/\/www.prijedordanas.com\/index.php?rest_route=\/wp\/v2\/users\/1"}],"replies":[{"embeddable":true,"href":"https:\/\/www.prijedordanas.com\/index.php?rest_route=%2Fwp%2Fv2%2Fcomments&post=205548"}],"version-history":[{"count":1,"href":"https:\/\/www.prijedordanas.com\/index.php?rest_route=\/wp\/v2\/posts\/205548\/revisions"}],"predecessor-version":[{"id":205558,"href":"https:\/\/www.prijedordanas.com\/index.php?rest_route=\/wp\/v2\/posts\/205548\/revisions\/205558"}],"wp:attachment":[{"href":"https:\/\/www.prijedordanas.com\/index.php?rest_route=%2Fwp%2Fv2%2Fmedia&parent=205548"}],"wp:term":[{"taxonomy":"category","embeddable":true,"href":"https:\/\/www.prijedordanas.com\/index.php?rest_route=%2Fwp%2Fv2%2Fcategories&post=205548"},{"taxonomy":"post_tag","embeddable":true,"href":"https:\/\/www.prijedordanas.com\/index.php?rest_route=%2Fwp%2Fv2%2Ftags&post=205548"}],"curies":[{"name":"wp","href":"https:\/\/api.w.org\/{rel}","templated":true}]}}