{"id":205530,"date":"2023-05-17T14:58:02","date_gmt":"2023-05-17T12:58:02","guid":{"rendered":"https:\/\/www.prijedordanas.com\/?p=205530"},"modified":"2023-05-17T14:58:02","modified_gmt":"2023-05-17T12:58:02","slug":"gradski-stab-za-vanredne-situacije-stanje-u-prijedoru-se-stabilizuje-sana-u-blagom-opadanju-foto","status":"publish","type":"post","link":"https:\/\/www.prijedordanas.com\/?p=205530","title":{"rendered":"Gradski \u0161tab za vanredne situacije: Stanje u Prijedoru se stabilizuje, Sana u blagom opadanju &#8211; FOTO"},"content":{"rendered":"<p><a href=\"https:\/\/www.prijedordanas.com\/wp-content\/uploads\/2023\/05\/poplava-17maj-1.jpg\"><img loading=\"lazy\" decoding=\"async\" class=\"alignleft size-medium wp-image-205534\" src=\"https:\/\/www.prijedordanas.com\/wp-content\/uploads\/2023\/05\/poplava-17maj-1-300x225.jpg\" alt=\"\" width=\"300\" height=\"225\" srcset=\"https:\/\/www.prijedordanas.com\/wp-content\/uploads\/2023\/05\/poplava-17maj-1-300x225.jpg 300w, https:\/\/www.prijedordanas.com\/wp-content\/uploads\/2023\/05\/poplava-17maj-1-640x480.jpg 640w, https:\/\/www.prijedordanas.com\/wp-content\/uploads\/2023\/05\/poplava-17maj-1.jpg 667w\" sizes=\"(max-width: 300px) 100vw, 300px\" \/><\/a>Danas je odr\u017eana 4. sjednica gradskog \u0160taba za vanredne situacije na kojoj je konstatovano da se stanje u Prijedor stabilizuje i da je rijeka Sana u blagom opadanju.<\/p>\n<p>U saop\u0161ternju koje je nakon sjednice upu\u0107eno medijima navodi se da je vodostaj rijeke Sane na mjernoj letvi kod gradskog mosta u 06,00 \u010dasova iznosio je 458cm i pre\u0161ao je u period stagnacije. Vodostaji uzvodno od grada Prijedora bilje\u017ee blagi pad (Klju\u010d za 22 cm u odnosu na ju\u010dera\u0161nji maksimum, a Sanski Most za 8 cm). Vodostaj rijeke Milo\u0161evice je nakon zna\u010dajnog pada tokom prethodnog dana ostao na tom nivou i ne ugro\u017eava naselja Topolik i Vrbice.<\/p>\n<p><a href=\"https:\/\/www.prijedordanas.com\/wp-content\/uploads\/2023\/05\/prijedorgradorg-stab-17maj.jpg\"><img loading=\"lazy\" decoding=\"async\" class=\"alignleft size-medium wp-image-205535\" src=\"https:\/\/www.prijedordanas.com\/wp-content\/uploads\/2023\/05\/prijedorgradorg-stab-17maj-300x225.jpg\" alt=\"\" width=\"300\" height=\"225\" srcset=\"https:\/\/www.prijedordanas.com\/wp-content\/uploads\/2023\/05\/prijedorgradorg-stab-17maj-300x225.jpg 300w, https:\/\/www.prijedordanas.com\/wp-content\/uploads\/2023\/05\/prijedorgradorg-stab-17maj-640x480.jpg 640w, https:\/\/www.prijedordanas.com\/wp-content\/uploads\/2023\/05\/prijedorgradorg-stab-17maj.jpg 667w\" sizes=\"(max-width: 300px) 100vw, 300px\" \/><\/a>Na sjednici je konstatovano da se rijeka Sana razlila u naseljima Rasavci, Tukovi, Bi\u0161\u0107ani, Ra\u0161kovac, Brezi\u010dani i Cikote. U ovim zonama ima zaplavljenih stambenih i pomo\u0107nih objekata.<\/p>\n<p>Svi subjekti za\u0161tite su u toku no\u0107i zajedni\u010dki u koordinaciji izvr\u0161avali zadatke po nalogu Komandanta gradskog \u0160taba za vanredne situacije Slobodana Javora.<\/p>\n<p>Konstantno je vr\u0161en obilazak ugro\u017eenih podru\u010dja, \u010damcima se prilazilo zaplavljenim doma\u0107instvima u zoni Bi\u0161\u0107ana i Ra\u0161kovca, vr\u0161ena je dostava neophodnih artikala za dvije porodice.<\/p>\n<p><a href=\"https:\/\/www.prijedordanas.com\/wp-content\/uploads\/2023\/05\/poplava-17maj-2.jpg\"><img loading=\"lazy\" decoding=\"async\" class=\"alignleft size-medium wp-image-205536\" src=\"https:\/\/www.prijedordanas.com\/wp-content\/uploads\/2023\/05\/poplava-17maj-2-300x225.jpg\" alt=\"\" width=\"300\" height=\"225\" srcset=\"https:\/\/www.prijedordanas.com\/wp-content\/uploads\/2023\/05\/poplava-17maj-2-300x225.jpg 300w, https:\/\/www.prijedordanas.com\/wp-content\/uploads\/2023\/05\/poplava-17maj-2-640x480.jpg 640w, https:\/\/www.prijedordanas.com\/wp-content\/uploads\/2023\/05\/poplava-17maj-2.jpg 667w\" sizes=\"(max-width: 300px) 100vw, 300px\" \/><\/a>Zbog opasnosti od klizi\u0161ta realizovana je evakuacija jedne vi\u0161e\u010dlane porodice iz LJubije i njihov smje\u0161taj ostvaren je u prihvatnu stanicu u okviru Centra za socijalni rad.<\/p>\n<p>Tako\u0111e, evakuisana je jedna porodica u naselju Ra\u0161kovac i u toku no\u0107i uz pomo\u0107 gra\u0111evinske mehanizacije postavljani su odbrambeni nasipi u naselju Ra\u0161kovac koji su sprije\u010dili prelijevanje vode na desnu stranu ceste na kojoj se nalazi naselje od preko 300 doma\u0107instava.<\/p>\n<p>Pripadnici TVSJ radili su i na poslovima ispumpavanja vode i ove aktivnosti nastavi\u0107e se i tokom dana\u0161njeg dana.<\/p>\n<p><a href=\"https:\/\/www.prijedordanas.com\/wp-content\/uploads\/2023\/05\/poplava-17maj-11.jpg\"><img loading=\"lazy\" decoding=\"async\" class=\"alignleft size-medium wp-image-205537\" src=\"https:\/\/www.prijedordanas.com\/wp-content\/uploads\/2023\/05\/poplava-17maj-11-300x200.jpg\" alt=\"\" width=\"300\" height=\"200\" srcset=\"https:\/\/www.prijedordanas.com\/wp-content\/uploads\/2023\/05\/poplava-17maj-11-300x200.jpg 300w, https:\/\/www.prijedordanas.com\/wp-content\/uploads\/2023\/05\/poplava-17maj-11-480x320.jpg 480w, https:\/\/www.prijedordanas.com\/wp-content\/uploads\/2023\/05\/poplava-17maj-11.jpg 600w\" sizes=\"(max-width: 300px) 100vw, 300px\" \/><\/a>Gradski \u0161tab je donio i odre\u0111ene naredbe i zadu\u017eenja:<\/p>\n<p>1.Zadu\u017euju se svi subjekti za\u0161tite i spasavanja da nastave sa izvr\u0161avanjem zadataka koji su im nalo\u017eeni prethodnim zaklju\u010dcima Gradskog \u0161taba za vanredne situacije;<\/p>\n<p>2.Zadu\u017euje se preduze\u0107e &#8220;Vodovod&#8221; da izvr\u0161i vanredno mikrobiolo\u0161ko uzorkovanje vode za pi\u0107e i o rezultatima istog pravovremeno obavje\u0161tava stanovni\u0161tvo.<\/p>\n<p>Za realizaciju ovih zaklju\u010daka zadu\u017euju se organi i slu\u017ebe Gradske uprave Prijedor, privredna dru\u0161tva, javne ustanove i institucije na podru\u010dju grada Prijedora.<\/p>\n<p><a href=\"https:\/\/www.prijedorgrad.org\/sr-EU\/vijesti-sadrzaj.html?vid=18038\" target=\"_blank\" rel=\"noopener\">prijedorgrad.org<\/a><\/p>\n<p><a href=\"https:\/\/www.prijedordanas.com\/wp-content\/uploads\/2023\/05\/poplava-17maj-raskovac-16.jpg\"><img loading=\"lazy\" decoding=\"async\" src=\"https:\/\/www.prijedordanas.com\/wp-content\/uploads\/2023\/05\/poplava-17maj-raskovac-16-300x200.jpg\" alt=\"\" width=\"300\" height=\"200\" class=\"alignleft size-medium wp-image-205538\" srcset=\"https:\/\/www.prijedordanas.com\/wp-content\/uploads\/2023\/05\/poplava-17maj-raskovac-16-300x200.jpg 300w, https:\/\/www.prijedordanas.com\/wp-content\/uploads\/2023\/05\/poplava-17maj-raskovac-16-480x320.jpg 480w, https:\/\/www.prijedordanas.com\/wp-content\/uploads\/2023\/05\/poplava-17maj-raskovac-16.jpg 600w\" sizes=\"(max-width: 300px) 100vw, 300px\" \/><\/a> <a href=\"https:\/\/www.prijedordanas.com\/wp-content\/uploads\/2023\/05\/poplava-17maj-raskovac-14.jpg\"><img loading=\"lazy\" decoding=\"async\" src=\"https:\/\/www.prijedordanas.com\/wp-content\/uploads\/2023\/05\/poplava-17maj-raskovac-14-300x200.jpg\" alt=\"\" width=\"300\" height=\"200\" class=\"alignleft size-medium wp-image-205539\" srcset=\"https:\/\/www.prijedordanas.com\/wp-content\/uploads\/2023\/05\/poplava-17maj-raskovac-14-300x200.jpg 300w, https:\/\/www.prijedordanas.com\/wp-content\/uploads\/2023\/05\/poplava-17maj-raskovac-14-480x320.jpg 480w, https:\/\/www.prijedordanas.com\/wp-content\/uploads\/2023\/05\/poplava-17maj-raskovac-14.jpg 600w\" sizes=\"(max-width: 300px) 100vw, 300px\" \/><\/a> <a href=\"https:\/\/www.prijedordanas.com\/wp-content\/uploads\/2023\/05\/poplava-17maj-10.jpg\"><img loading=\"lazy\" decoding=\"async\" src=\"https:\/\/www.prijedordanas.com\/wp-content\/uploads\/2023\/05\/poplava-17maj-10-300x200.jpg\" alt=\"\" width=\"300\" height=\"200\" class=\"alignleft size-medium wp-image-205540\" srcset=\"https:\/\/www.prijedordanas.com\/wp-content\/uploads\/2023\/05\/poplava-17maj-10-300x200.jpg 300w, https:\/\/www.prijedordanas.com\/wp-content\/uploads\/2023\/05\/poplava-17maj-10-480x320.jpg 480w, https:\/\/www.prijedordanas.com\/wp-content\/uploads\/2023\/05\/poplava-17maj-10.jpg 600w\" sizes=\"(max-width: 300px) 100vw, 300px\" \/><\/a> <a href=\"https:\/\/www.prijedordanas.com\/wp-content\/uploads\/2023\/05\/poplava-17maj-9.jpg\"><img loading=\"lazy\" decoding=\"async\" src=\"https:\/\/www.prijedordanas.com\/wp-content\/uploads\/2023\/05\/poplava-17maj-9-300x200.jpg\" alt=\"\" width=\"300\" height=\"200\" class=\"alignleft size-medium wp-image-205541\" srcset=\"https:\/\/www.prijedordanas.com\/wp-content\/uploads\/2023\/05\/poplava-17maj-9-300x200.jpg 300w, https:\/\/www.prijedordanas.com\/wp-content\/uploads\/2023\/05\/poplava-17maj-9-480x320.jpg 480w, https:\/\/www.prijedordanas.com\/wp-content\/uploads\/2023\/05\/poplava-17maj-9.jpg 600w\" sizes=\"(max-width: 300px) 100vw, 300px\" \/><\/a> <a href=\"https:\/\/www.prijedordanas.com\/wp-content\/uploads\/2023\/05\/poplava-17maj-11-1.jpg\"><img loading=\"lazy\" decoding=\"async\" src=\"https:\/\/www.prijedordanas.com\/wp-content\/uploads\/2023\/05\/poplava-17maj-11-1-300x200.jpg\" alt=\"\" width=\"300\" height=\"200\" class=\"alignleft size-medium wp-image-205542\" srcset=\"https:\/\/www.prijedordanas.com\/wp-content\/uploads\/2023\/05\/poplava-17maj-11-1-300x200.jpg 300w, https:\/\/www.prijedordanas.com\/wp-content\/uploads\/2023\/05\/poplava-17maj-11-1-480x320.jpg 480w, https:\/\/www.prijedordanas.com\/wp-content\/uploads\/2023\/05\/poplava-17maj-11-1.jpg 600w\" sizes=\"(max-width: 300px) 100vw, 300px\" \/><\/a> <a href=\"https:\/\/www.prijedordanas.com\/wp-content\/uploads\/2023\/05\/poplava-17maj-raskovac-9.jpg\"><img loading=\"lazy\" decoding=\"async\" src=\"https:\/\/www.prijedordanas.com\/wp-content\/uploads\/2023\/05\/poplava-17maj-raskovac-9-300x200.jpg\" alt=\"\" width=\"300\" height=\"200\" class=\"alignleft size-medium wp-image-205543\" srcset=\"https:\/\/www.prijedordanas.com\/wp-content\/uploads\/2023\/05\/poplava-17maj-raskovac-9-300x200.jpg 300w, https:\/\/www.prijedordanas.com\/wp-content\/uploads\/2023\/05\/poplava-17maj-raskovac-9-480x320.jpg 480w, https:\/\/www.prijedordanas.com\/wp-content\/uploads\/2023\/05\/poplava-17maj-raskovac-9.jpg 600w\" sizes=\"(max-width: 300px) 100vw, 300px\" \/><\/a><\/p>\n","protected":false},"excerpt":{"rendered":"<p>Danas je odr\u017eana 4. sjednica gradskog \u0160taba za vanredne situacije na kojoj je konstatovano da se stanje u Prijedor stabilizuje i da je rijeka Sana u blagom opadanju. U saop\u0161ternju [&hellip;]<\/p>\n","protected":false},"author":1,"featured_media":0,"comment_status":"closed","ping_status":"open","sticky":false,"template":"","format":"standard","meta":{"_monsterinsights_skip_tracking":false,"_monsterinsights_sitenote_active":false,"_monsterinsights_sitenote_note":"","_monsterinsights_sitenote_category":0,"footnotes":""},"categories":[8],"tags":[],"yoast_head":"<!-- This site is optimized with the Yoast SEO plugin v21.6 - https:\/\/yoast.com\/wordpress\/plugins\/seo\/ -->\n<title>Gradski \u0161tab za vanredne situacije: Stanje u Prijedoru se stabilizuje, Sana u blagom opadanju - FOTO - PrijedorDanas.com - Prijedorski gradski portal<\/title>\n<meta name=\"robots\" content=\"index, follow, max-snippet:-1, max-image-preview:large, max-video-preview:-1\" \/>\n<link rel=\"canonical\" href=\"https:\/\/www.prijedordanas.com\/?p=205530\" \/>\n<meta property=\"og:locale\" content=\"en_US\" \/>\n<meta property=\"og:type\" content=\"article\" \/>\n<meta property=\"og:title\" content=\"Gradski \u0161tab za vanredne situacije: Stanje u Prijedoru se stabilizuje, Sana u blagom opadanju - FOTO - PrijedorDanas.com - Prijedorski gradski portal\" \/>\n<meta property=\"og:description\" content=\"Danas je odr\u017eana 4. sjednica gradskog \u0160taba za vanredne situacije na kojoj je konstatovano da se stanje u Prijedor stabilizuje i da je rijeka Sana u blagom opadanju. U saop\u0161ternju [&hellip;]\" \/>\n<meta property=\"og:url\" content=\"https:\/\/www.prijedordanas.com\/?p=205530\" \/>\n<meta property=\"og:site_name\" content=\"PrijedorDanas.com - Prijedorski gradski portal\" \/>\n<meta property=\"article:publisher\" content=\"https:\/\/www.facebook.com\/PrijedorDanasCom\/\" \/>\n<meta property=\"article:published_time\" content=\"2023-05-17T12:58:02+00:00\" \/>\n<meta property=\"og:image\" content=\"https:\/\/www.prijedordanas.com\/wp-content\/uploads\/2023\/05\/poplava-17maj-1-300x225.jpg\" \/>\n<meta name=\"author\" content=\"admin\" \/>\n<meta name=\"twitter:card\" content=\"summary_large_image\" \/>\n<meta name=\"twitter:label1\" content=\"Written by\" \/>\n\t<meta name=\"twitter:data1\" content=\"admin\" \/>\n\t<meta name=\"twitter:label2\" content=\"Est. reading time\" \/>\n\t<meta name=\"twitter:data2\" content=\"3 minutes\" \/>\n<script type=\"application\/ld+json\" class=\"yoast-schema-graph\">{\"@context\":\"https:\/\/schema.org\",\"@graph\":[{\"@type\":\"Article\",\"@id\":\"https:\/\/www.prijedordanas.com\/?p=205530#article\",\"isPartOf\":{\"@id\":\"https:\/\/www.prijedordanas.com\/?p=205530\"},\"author\":{\"name\":\"admin\",\"@id\":\"https:\/\/www.prijedordanas.com\/#\/schema\/person\/4e08ccf29b506ca916ff86d46bb700e6\"},\"headline\":\"Gradski \u0161tab za vanredne situacije: Stanje u Prijedoru se stabilizuje, Sana u blagom opadanju &#8211; FOTO\",\"datePublished\":\"2023-05-17T12:58:02+00:00\",\"dateModified\":\"2023-05-17T12:58:02+00:00\",\"mainEntityOfPage\":{\"@id\":\"https:\/\/www.prijedordanas.com\/?p=205530\"},\"wordCount\":406,\"publisher\":{\"@id\":\"https:\/\/www.prijedordanas.com\/#organization\"},\"articleSection\":[\"Svakodnevno\"],\"inLanguage\":\"en-US\"},{\"@type\":\"WebPage\",\"@id\":\"https:\/\/www.prijedordanas.com\/?p=205530\",\"url\":\"https:\/\/www.prijedordanas.com\/?p=205530\",\"name\":\"Gradski \u0161tab za vanredne situacije: Stanje u Prijedoru se stabilizuje, Sana u blagom opadanju - FOTO - PrijedorDanas.com - Prijedorski gradski portal\",\"isPartOf\":{\"@id\":\"https:\/\/www.prijedordanas.com\/#website\"},\"datePublished\":\"2023-05-17T12:58:02+00:00\",\"dateModified\":\"2023-05-17T12:58:02+00:00\",\"breadcrumb\":{\"@id\":\"https:\/\/www.prijedordanas.com\/?p=205530#breadcrumb\"},\"inLanguage\":\"en-US\",\"potentialAction\":[{\"@type\":\"ReadAction\",\"target\":[\"https:\/\/www.prijedordanas.com\/?p=205530\"]}]},{\"@type\":\"BreadcrumbList\",\"@id\":\"https:\/\/www.prijedordanas.com\/?p=205530#breadcrumb\",\"itemListElement\":[{\"@type\":\"ListItem\",\"position\":1,\"name\":\"Home\",\"item\":\"https:\/\/www.prijedordanas.com\/\"},{\"@type\":\"ListItem\",\"position\":2,\"name\":\"Gradski \u0161tab za vanredne situacije: Stanje u Prijedoru se stabilizuje, Sana u blagom opadanju &#8211; FOTO\"}]},{\"@type\":\"WebSite\",\"@id\":\"https:\/\/www.prijedordanas.com\/#website\",\"url\":\"https:\/\/www.prijedordanas.com\/\",\"name\":\"PrijedorDanas.com - Prijedorski gradski portal\",\"description\":\"Portal o doga\u0111anjima u gradu Prijedoru\",\"publisher\":{\"@id\":\"https:\/\/www.prijedordanas.com\/#organization\"},\"potentialAction\":[{\"@type\":\"SearchAction\",\"target\":{\"@type\":\"EntryPoint\",\"urlTemplate\":\"https:\/\/www.prijedordanas.com\/?s={search_term_string}\"},\"query-input\":\"required name=search_term_string\"}],\"inLanguage\":\"en-US\"},{\"@type\":\"Organization\",\"@id\":\"https:\/\/www.prijedordanas.com\/#organization\",\"name\":\"PrijedorDanas.com\",\"url\":\"https:\/\/www.prijedordanas.com\/\",\"logo\":{\"@type\":\"ImageObject\",\"inLanguage\":\"en-US\",\"@id\":\"https:\/\/www.prijedordanas.com\/#\/schema\/logo\/image\/\",\"url\":\"http:\/\/www.prijedordanas.com\/wp-content\/uploads\/2021\/12\/logopng.png\",\"contentUrl\":\"http:\/\/www.prijedordanas.com\/wp-content\/uploads\/2021\/12\/logopng.png\",\"width\":1019,\"height\":776,\"caption\":\"PrijedorDanas.com\"},\"image\":{\"@id\":\"https:\/\/www.prijedordanas.com\/#\/schema\/logo\/image\/\"},\"sameAs\":[\"https:\/\/www.facebook.com\/PrijedorDanasCom\/\"]},{\"@type\":\"Person\",\"@id\":\"https:\/\/www.prijedordanas.com\/#\/schema\/person\/4e08ccf29b506ca916ff86d46bb700e6\",\"name\":\"admin\",\"image\":{\"@type\":\"ImageObject\",\"inLanguage\":\"en-US\",\"@id\":\"https:\/\/www.prijedordanas.com\/#\/schema\/person\/image\/\",\"url\":\"https:\/\/secure.gravatar.com\/avatar\/1d3fc949d550f0b53a5f0d51e06dfd79?s=96&d=mm&r=g\",\"contentUrl\":\"https:\/\/secure.gravatar.com\/avatar\/1d3fc949d550f0b53a5f0d51e06dfd79?s=96&d=mm&r=g\",\"caption\":\"admin\"},\"url\":\"https:\/\/www.prijedordanas.com\/?author=1\"}]}<\/script>\n<!-- \/ Yoast SEO plugin. -->","yoast_head_json":{"title":"Gradski \u0161tab za vanredne situacije: Stanje u Prijedoru se stabilizuje, Sana u blagom opadanju - FOTO - PrijedorDanas.com - Prijedorski gradski portal","robots":{"index":"index","follow":"follow","max-snippet":"max-snippet:-1","max-image-preview":"max-image-preview:large","max-video-preview":"max-video-preview:-1"},"canonical":"https:\/\/www.prijedordanas.com\/?p=205530","og_locale":"en_US","og_type":"article","og_title":"Gradski \u0161tab za vanredne situacije: Stanje u Prijedoru se stabilizuje, Sana u blagom opadanju - FOTO - PrijedorDanas.com - Prijedorski gradski portal","og_description":"Danas je odr\u017eana 4. sjednica gradskog \u0160taba za vanredne situacije na kojoj je konstatovano da se stanje u Prijedor stabilizuje i da je rijeka Sana u blagom opadanju. U saop\u0161ternju [&hellip;]","og_url":"https:\/\/www.prijedordanas.com\/?p=205530","og_site_name":"PrijedorDanas.com - Prijedorski gradski portal","article_publisher":"https:\/\/www.facebook.com\/PrijedorDanasCom\/","article_published_time":"2023-05-17T12:58:02+00:00","og_image":[{"url":"https:\/\/www.prijedordanas.com\/wp-content\/uploads\/2023\/05\/poplava-17maj-1-300x225.jpg"}],"author":"admin","twitter_card":"summary_large_image","twitter_misc":{"Written by":"admin","Est. reading time":"3 minutes"},"schema":{"@context":"https:\/\/schema.org","@graph":[{"@type":"Article","@id":"https:\/\/www.prijedordanas.com\/?p=205530#article","isPartOf":{"@id":"https:\/\/www.prijedordanas.com\/?p=205530"},"author":{"name":"admin","@id":"https:\/\/www.prijedordanas.com\/#\/schema\/person\/4e08ccf29b506ca916ff86d46bb700e6"},"headline":"Gradski \u0161tab za vanredne situacije: Stanje u Prijedoru se stabilizuje, Sana u blagom opadanju &#8211; FOTO","datePublished":"2023-05-17T12:58:02+00:00","dateModified":"2023-05-17T12:58:02+00:00","mainEntityOfPage":{"@id":"https:\/\/www.prijedordanas.com\/?p=205530"},"wordCount":406,"publisher":{"@id":"https:\/\/www.prijedordanas.com\/#organization"},"articleSection":["Svakodnevno"],"inLanguage":"en-US"},{"@type":"WebPage","@id":"https:\/\/www.prijedordanas.com\/?p=205530","url":"https:\/\/www.prijedordanas.com\/?p=205530","name":"Gradski \u0161tab za vanredne situacije: Stanje u Prijedoru se stabilizuje, Sana u blagom opadanju - FOTO - PrijedorDanas.com - Prijedorski gradski portal","isPartOf":{"@id":"https:\/\/www.prijedordanas.com\/#website"},"datePublished":"2023-05-17T12:58:02+00:00","dateModified":"2023-05-17T12:58:02+00:00","breadcrumb":{"@id":"https:\/\/www.prijedordanas.com\/?p=205530#breadcrumb"},"inLanguage":"en-US","potentialAction":[{"@type":"ReadAction","target":["https:\/\/www.prijedordanas.com\/?p=205530"]}]},{"@type":"BreadcrumbList","@id":"https:\/\/www.prijedordanas.com\/?p=205530#breadcrumb","itemListElement":[{"@type":"ListItem","position":1,"name":"Home","item":"https:\/\/www.prijedordanas.com\/"},{"@type":"ListItem","position":2,"name":"Gradski \u0161tab za vanredne situacije: Stanje u Prijedoru se stabilizuje, Sana u blagom opadanju &#8211; FOTO"}]},{"@type":"WebSite","@id":"https:\/\/www.prijedordanas.com\/#website","url":"https:\/\/www.prijedordanas.com\/","name":"PrijedorDanas.com - Prijedorski gradski portal","description":"Portal o doga\u0111anjima u gradu Prijedoru","publisher":{"@id":"https:\/\/www.prijedordanas.com\/#organization"},"potentialAction":[{"@type":"SearchAction","target":{"@type":"EntryPoint","urlTemplate":"https:\/\/www.prijedordanas.com\/?s={search_term_string}"},"query-input":"required name=search_term_string"}],"inLanguage":"en-US"},{"@type":"Organization","@id":"https:\/\/www.prijedordanas.com\/#organization","name":"PrijedorDanas.com","url":"https:\/\/www.prijedordanas.com\/","logo":{"@type":"ImageObject","inLanguage":"en-US","@id":"https:\/\/www.prijedordanas.com\/#\/schema\/logo\/image\/","url":"http:\/\/www.prijedordanas.com\/wp-content\/uploads\/2021\/12\/logopng.png","contentUrl":"http:\/\/www.prijedordanas.com\/wp-content\/uploads\/2021\/12\/logopng.png","width":1019,"height":776,"caption":"PrijedorDanas.com"},"image":{"@id":"https:\/\/www.prijedordanas.com\/#\/schema\/logo\/image\/"},"sameAs":["https:\/\/www.facebook.com\/PrijedorDanasCom\/"]},{"@type":"Person","@id":"https:\/\/www.prijedordanas.com\/#\/schema\/person\/4e08ccf29b506ca916ff86d46bb700e6","name":"admin","image":{"@type":"ImageObject","inLanguage":"en-US","@id":"https:\/\/www.prijedordanas.com\/#\/schema\/person\/image\/","url":"https:\/\/secure.gravatar.com\/avatar\/1d3fc949d550f0b53a5f0d51e06dfd79?s=96&d=mm&r=g","contentUrl":"https:\/\/secure.gravatar.com\/avatar\/1d3fc949d550f0b53a5f0d51e06dfd79?s=96&d=mm&r=g","caption":"admin"},"url":"https:\/\/www.prijedordanas.com\/?author=1"}]}},"_links":{"self":[{"href":"https:\/\/www.prijedordanas.com\/index.php?rest_route=\/wp\/v2\/posts\/205530"}],"collection":[{"href":"https:\/\/www.prijedordanas.com\/index.php?rest_route=\/wp\/v2\/posts"}],"about":[{"href":"https:\/\/www.prijedordanas.com\/index.php?rest_route=\/wp\/v2\/types\/post"}],"author":[{"embeddable":true,"href":"https:\/\/www.prijedordanas.com\/index.php?rest_route=\/wp\/v2\/users\/1"}],"replies":[{"embeddable":true,"href":"https:\/\/www.prijedordanas.com\/index.php?rest_route=%2Fwp%2Fv2%2Fcomments&post=205530"}],"version-history":[{"count":1,"href":"https:\/\/www.prijedordanas.com\/index.php?rest_route=\/wp\/v2\/posts\/205530\/revisions"}],"predecessor-version":[{"id":205544,"href":"https:\/\/www.prijedordanas.com\/index.php?rest_route=\/wp\/v2\/posts\/205530\/revisions\/205544"}],"wp:attachment":[{"href":"https:\/\/www.prijedordanas.com\/index.php?rest_route=%2Fwp%2Fv2%2Fmedia&parent=205530"}],"wp:term":[{"taxonomy":"category","embeddable":true,"href":"https:\/\/www.prijedordanas.com\/index.php?rest_route=%2Fwp%2Fv2%2Fcategories&post=205530"},{"taxonomy":"post_tag","embeddable":true,"href":"https:\/\/www.prijedordanas.com\/index.php?rest_route=%2Fwp%2Fv2%2Ftags&post=205530"}],"curies":[{"name":"wp","href":"https:\/\/api.w.org\/{rel}","templated":true}]}}