{"id":205408,"date":"2023-05-16T23:54:16","date_gmt":"2023-05-16T21:54:16","guid":{"rendered":"https:\/\/www.prijedordanas.com\/?p=205408"},"modified":"2023-05-17T11:12:16","modified_gmt":"2023-05-17T09:12:16","slug":"pogledajte-kakvo-je-stanje-sa-poplavom-u-prijedorskom-naselju-gomjenica-foto-iz-vazduha","status":"publish","type":"post","link":"https:\/\/www.prijedordanas.com\/?p=205408","title":{"rendered":"Pogledajte kakvo je stanje sa poplavom u prijedorskom naselju Gomjenica &#8211; FOTO IZ VAZDUHA"},"content":{"rendered":"<p><a href=\"https:\/\/www.prijedordanas.com\/wp-content\/uploads\/2023\/05\/gomjenica-poplava-16maj-by-igor-bajic-1.jpg\"><img loading=\"lazy\" decoding=\"async\" class=\"alignleft size-medium wp-image-205426\" src=\"https:\/\/www.prijedordanas.com\/wp-content\/uploads\/2023\/05\/gomjenica-poplava-16maj-by-igor-bajic-1-300x225.jpg\" alt=\"\" width=\"300\" height=\"225\" srcset=\"https:\/\/www.prijedordanas.com\/wp-content\/uploads\/2023\/05\/gomjenica-poplava-16maj-by-igor-bajic-1-300x225.jpg 300w, https:\/\/www.prijedordanas.com\/wp-content\/uploads\/2023\/05\/gomjenica-poplava-16maj-by-igor-bajic-1-640x480.jpg 640w, https:\/\/www.prijedordanas.com\/wp-content\/uploads\/2023\/05\/gomjenica-poplava-16maj-by-igor-bajic-1.jpg 667w\" sizes=\"(max-width: 300px) 100vw, 300px\" \/><\/a>Ki\u0161a koja sa manjim ili ve\u0107im prekidima pada protekla tri dana stvara brojne probleme \u0161irom grada Prijedora.<\/p>\n<p>Najprije su problem pravile buji\u010dne vode rje\u010dica Puharske i Milo\u0161evice u naseljima Puharska, Topolik, Vrbice.<\/p>\n<p>U me\u0111uvremenu je porastao vodostaj rijeke Sane i njene najve\u0107e pritoke Gomjenice.<\/p>\n<p>Najte\u017ea situacije je u naselju Ra\u0161kovac gdje su zaplavljeni brojni objekti.<\/p>\n<p>Voda je prodrla u nekoliko ku\u0107a.<\/p>\n<p><a href=\"https:\/\/www.prijedordanas.com\/wp-content\/uploads\/2023\/05\/gomjenica-poplava-16maj-by-igor-bajic-2.jpg\"><img loading=\"lazy\" decoding=\"async\" src=\"https:\/\/www.prijedordanas.com\/wp-content\/uploads\/2023\/05\/gomjenica-poplava-16maj-by-igor-bajic-2-300x169.jpg\" alt=\"\" width=\"300\" height=\"169\" class=\"alignleft size-medium wp-image-205427\" srcset=\"https:\/\/www.prijedordanas.com\/wp-content\/uploads\/2023\/05\/gomjenica-poplava-16maj-by-igor-bajic-2-300x169.jpg 300w, https:\/\/www.prijedordanas.com\/wp-content\/uploads\/2023\/05\/gomjenica-poplava-16maj-by-igor-bajic-2-768x432.jpg 768w, https:\/\/www.prijedordanas.com\/wp-content\/uploads\/2023\/05\/gomjenica-poplava-16maj-by-igor-bajic-2.jpg 800w\" sizes=\"(max-width: 300px) 100vw, 300px\" \/><\/a>S obzirom na porast Sane i Gomjenice mo\u017ee se o\u010dekivati da taj broj bude ve\u0107i.<\/p>\n<p>Bujica vode danas je tekla i glavnom ulicom u Ljubiji.<\/p>\n<p>Zaplavljene su njive i neki pomo\u0107ni objekti i oku\u0107nice u Gomjenici koja jo\u0161 uvijek pamti poplavu iz 2014. godine.<\/p>\n<p>Voda se prelijeva i preko ulice VI kraji\u0161ke brigade.<\/p>\n<p>Kakvo je trenutno stanje u ovom naselju, naro\u010dito oko u\u0161\u0107a Milo\u0161evice u Gomjenicu i Gomjenice u Sanu mo\u017eete vidjeti na fotografijama iz vazduha i sa zemlje \u010diji je autor Igor Baji\u0107.<\/p>\n<p>Fotografije su nastale tokom popodneva, trenutna situacija je te\u017ea nego \u0161to je bila.<\/p>\n<p>Tekst \u2013 <a href=\"https:\/\/www.prijedordanas.com\" target=\"_blank\" rel=\"noopener noreferrer\">www.prijedordanas.com<\/a><br \/>\nFoto &#8211; Igor Baji\u0107<\/p>\n<p><a href=\"https:\/\/www.prijedordanas.com\/wp-content\/uploads\/2023\/05\/gomjenica-poplava-16maj-by-igor-bajic-3.jpg\"><img loading=\"lazy\" decoding=\"async\" src=\"https:\/\/www.prijedordanas.com\/wp-content\/uploads\/2023\/05\/gomjenica-poplava-16maj-by-igor-bajic-3-300x169.jpg\" alt=\"\" width=\"300\" height=\"169\" class=\"alignleft size-medium wp-image-205428\" srcset=\"https:\/\/www.prijedordanas.com\/wp-content\/uploads\/2023\/05\/gomjenica-poplava-16maj-by-igor-bajic-3-300x169.jpg 300w, https:\/\/www.prijedordanas.com\/wp-content\/uploads\/2023\/05\/gomjenica-poplava-16maj-by-igor-bajic-3-768x432.jpg 768w, https:\/\/www.prijedordanas.com\/wp-content\/uploads\/2023\/05\/gomjenica-poplava-16maj-by-igor-bajic-3.jpg 800w\" sizes=\"(max-width: 300px) 100vw, 300px\" \/><\/a> <a href=\"https:\/\/www.prijedordanas.com\/wp-content\/uploads\/2023\/05\/gomjenica-poplava-16maj-by-igor-bajic-4.jpg\"><img loading=\"lazy\" decoding=\"async\" src=\"https:\/\/www.prijedordanas.com\/wp-content\/uploads\/2023\/05\/gomjenica-poplava-16maj-by-igor-bajic-4-300x169.jpg\" alt=\"\" width=\"300\" height=\"169\" class=\"alignleft size-medium wp-image-205429\" srcset=\"https:\/\/www.prijedordanas.com\/wp-content\/uploads\/2023\/05\/gomjenica-poplava-16maj-by-igor-bajic-4-300x169.jpg 300w, https:\/\/www.prijedordanas.com\/wp-content\/uploads\/2023\/05\/gomjenica-poplava-16maj-by-igor-bajic-4-768x432.jpg 768w, https:\/\/www.prijedordanas.com\/wp-content\/uploads\/2023\/05\/gomjenica-poplava-16maj-by-igor-bajic-4.jpg 800w\" sizes=\"(max-width: 300px) 100vw, 300px\" \/><\/a> <a href=\"https:\/\/www.prijedordanas.com\/wp-content\/uploads\/2023\/05\/gomjenica-poplava-16maj-by-igor-bajic-5.jpg\"><img loading=\"lazy\" decoding=\"async\" src=\"https:\/\/www.prijedordanas.com\/wp-content\/uploads\/2023\/05\/gomjenica-poplava-16maj-by-igor-bajic-5-300x169.jpg\" alt=\"\" width=\"300\" height=\"169\" class=\"alignleft size-medium wp-image-205430\" srcset=\"https:\/\/www.prijedordanas.com\/wp-content\/uploads\/2023\/05\/gomjenica-poplava-16maj-by-igor-bajic-5-300x169.jpg 300w, https:\/\/www.prijedordanas.com\/wp-content\/uploads\/2023\/05\/gomjenica-poplava-16maj-by-igor-bajic-5-768x432.jpg 768w, https:\/\/www.prijedordanas.com\/wp-content\/uploads\/2023\/05\/gomjenica-poplava-16maj-by-igor-bajic-5.jpg 800w\" sizes=\"(max-width: 300px) 100vw, 300px\" \/><\/a> <a href=\"https:\/\/www.prijedordanas.com\/wp-content\/uploads\/2023\/05\/gomjenica-poplava-16maj-by-igor-bajic-6.jpg\"><img loading=\"lazy\" decoding=\"async\" src=\"https:\/\/www.prijedordanas.com\/wp-content\/uploads\/2023\/05\/gomjenica-poplava-16maj-by-igor-bajic-6-300x169.jpg\" alt=\"\" width=\"300\" height=\"169\" class=\"alignleft size-medium wp-image-205431\" srcset=\"https:\/\/www.prijedordanas.com\/wp-content\/uploads\/2023\/05\/gomjenica-poplava-16maj-by-igor-bajic-6-300x169.jpg 300w, https:\/\/www.prijedordanas.com\/wp-content\/uploads\/2023\/05\/gomjenica-poplava-16maj-by-igor-bajic-6-768x432.jpg 768w, https:\/\/www.prijedordanas.com\/wp-content\/uploads\/2023\/05\/gomjenica-poplava-16maj-by-igor-bajic-6.jpg 800w\" sizes=\"(max-width: 300px) 100vw, 300px\" \/><\/a> <a href=\"https:\/\/www.prijedordanas.com\/wp-content\/uploads\/2023\/05\/gomjenica-poplava-16maj-by-igor-bajic-7.jpg\"><img loading=\"lazy\" decoding=\"async\" src=\"https:\/\/www.prijedordanas.com\/wp-content\/uploads\/2023\/05\/gomjenica-poplava-16maj-by-igor-bajic-7-300x169.jpg\" alt=\"\" width=\"300\" height=\"169\" class=\"alignleft size-medium wp-image-205432\" srcset=\"https:\/\/www.prijedordanas.com\/wp-content\/uploads\/2023\/05\/gomjenica-poplava-16maj-by-igor-bajic-7-300x169.jpg 300w, https:\/\/www.prijedordanas.com\/wp-content\/uploads\/2023\/05\/gomjenica-poplava-16maj-by-igor-bajic-7-768x432.jpg 768w, https:\/\/www.prijedordanas.com\/wp-content\/uploads\/2023\/05\/gomjenica-poplava-16maj-by-igor-bajic-7.jpg 800w\" sizes=\"(max-width: 300px) 100vw, 300px\" \/><\/a> <a href=\"https:\/\/www.prijedordanas.com\/wp-content\/uploads\/2023\/05\/gomjenica-poplava-16maj-by-igor-bajic-8.jpg\"><img loading=\"lazy\" decoding=\"async\" src=\"https:\/\/www.prijedordanas.com\/wp-content\/uploads\/2023\/05\/gomjenica-poplava-16maj-by-igor-bajic-8-300x169.jpg\" alt=\"\" width=\"300\" height=\"169\" class=\"alignleft size-medium wp-image-205433\" srcset=\"https:\/\/www.prijedordanas.com\/wp-content\/uploads\/2023\/05\/gomjenica-poplava-16maj-by-igor-bajic-8-300x169.jpg 300w, https:\/\/www.prijedordanas.com\/wp-content\/uploads\/2023\/05\/gomjenica-poplava-16maj-by-igor-bajic-8-768x432.jpg 768w, https:\/\/www.prijedordanas.com\/wp-content\/uploads\/2023\/05\/gomjenica-poplava-16maj-by-igor-bajic-8.jpg 800w\" sizes=\"(max-width: 300px) 100vw, 300px\" \/><\/a> <a href=\"https:\/\/www.prijedordanas.com\/wp-content\/uploads\/2023\/05\/gomjenica-poplava-16maj-by-igor-bajic-9.jpg\"><img loading=\"lazy\" decoding=\"async\" src=\"https:\/\/www.prijedordanas.com\/wp-content\/uploads\/2023\/05\/gomjenica-poplava-16maj-by-igor-bajic-9-300x169.jpg\" alt=\"\" width=\"300\" height=\"169\" class=\"alignleft size-medium wp-image-205434\" srcset=\"https:\/\/www.prijedordanas.com\/wp-content\/uploads\/2023\/05\/gomjenica-poplava-16maj-by-igor-bajic-9-300x169.jpg 300w, https:\/\/www.prijedordanas.com\/wp-content\/uploads\/2023\/05\/gomjenica-poplava-16maj-by-igor-bajic-9-768x432.jpg 768w, https:\/\/www.prijedordanas.com\/wp-content\/uploads\/2023\/05\/gomjenica-poplava-16maj-by-igor-bajic-9.jpg 800w\" sizes=\"(max-width: 300px) 100vw, 300px\" \/><\/a> <a href=\"https:\/\/www.prijedordanas.com\/wp-content\/uploads\/2023\/05\/gomjenica-poplava-16maj-by-igor-bajic-10.jpg\"><img loading=\"lazy\" decoding=\"async\" src=\"https:\/\/www.prijedordanas.com\/wp-content\/uploads\/2023\/05\/gomjenica-poplava-16maj-by-igor-bajic-10-300x169.jpg\" alt=\"\" width=\"300\" height=\"169\" class=\"alignleft size-medium wp-image-205435\" srcset=\"https:\/\/www.prijedordanas.com\/wp-content\/uploads\/2023\/05\/gomjenica-poplava-16maj-by-igor-bajic-10-300x169.jpg 300w, https:\/\/www.prijedordanas.com\/wp-content\/uploads\/2023\/05\/gomjenica-poplava-16maj-by-igor-bajic-10-768x432.jpg 768w, https:\/\/www.prijedordanas.com\/wp-content\/uploads\/2023\/05\/gomjenica-poplava-16maj-by-igor-bajic-10.jpg 800w\" sizes=\"(max-width: 300px) 100vw, 300px\" \/><\/a> <a href=\"https:\/\/www.prijedordanas.com\/wp-content\/uploads\/2023\/05\/gomjenica-poplava-16maj-by-igor-bajic-11.jpg\"><img loading=\"lazy\" decoding=\"async\" src=\"https:\/\/www.prijedordanas.com\/wp-content\/uploads\/2023\/05\/gomjenica-poplava-16maj-by-igor-bajic-11-300x169.jpg\" alt=\"\" width=\"300\" height=\"169\" class=\"alignleft size-medium wp-image-205436\" srcset=\"https:\/\/www.prijedordanas.com\/wp-content\/uploads\/2023\/05\/gomjenica-poplava-16maj-by-igor-bajic-11-300x169.jpg 300w, https:\/\/www.prijedordanas.com\/wp-content\/uploads\/2023\/05\/gomjenica-poplava-16maj-by-igor-bajic-11-768x432.jpg 768w, https:\/\/www.prijedordanas.com\/wp-content\/uploads\/2023\/05\/gomjenica-poplava-16maj-by-igor-bajic-11.jpg 800w\" sizes=\"(max-width: 300px) 100vw, 300px\" \/><\/a> <a href=\"https:\/\/www.prijedordanas.com\/wp-content\/uploads\/2023\/05\/gomjenica-poplava-16maj-by-igor-bajic-12.jpg\"><img loading=\"lazy\" decoding=\"async\" src=\"https:\/\/www.prijedordanas.com\/wp-content\/uploads\/2023\/05\/gomjenica-poplava-16maj-by-igor-bajic-12-300x169.jpg\" alt=\"\" width=\"300\" height=\"169\" class=\"alignleft size-medium wp-image-205437\" srcset=\"https:\/\/www.prijedordanas.com\/wp-content\/uploads\/2023\/05\/gomjenica-poplava-16maj-by-igor-bajic-12-300x169.jpg 300w, https:\/\/www.prijedordanas.com\/wp-content\/uploads\/2023\/05\/gomjenica-poplava-16maj-by-igor-bajic-12-768x432.jpg 768w, https:\/\/www.prijedordanas.com\/wp-content\/uploads\/2023\/05\/gomjenica-poplava-16maj-by-igor-bajic-12.jpg 800w\" sizes=\"(max-width: 300px) 100vw, 300px\" \/><\/a> <a href=\"https:\/\/www.prijedordanas.com\/wp-content\/uploads\/2023\/05\/gomjenica-poplava-16maj-by-igor-bajic-13.jpg\"><img loading=\"lazy\" decoding=\"async\" src=\"https:\/\/www.prijedordanas.com\/wp-content\/uploads\/2023\/05\/gomjenica-poplava-16maj-by-igor-bajic-13-300x169.jpg\" alt=\"\" width=\"300\" height=\"169\" class=\"alignleft size-medium wp-image-205438\" srcset=\"https:\/\/www.prijedordanas.com\/wp-content\/uploads\/2023\/05\/gomjenica-poplava-16maj-by-igor-bajic-13-300x169.jpg 300w, https:\/\/www.prijedordanas.com\/wp-content\/uploads\/2023\/05\/gomjenica-poplava-16maj-by-igor-bajic-13-768x432.jpg 768w, https:\/\/www.prijedordanas.com\/wp-content\/uploads\/2023\/05\/gomjenica-poplava-16maj-by-igor-bajic-13.jpg 800w\" sizes=\"(max-width: 300px) 100vw, 300px\" \/><\/a> <a href=\"https:\/\/www.prijedordanas.com\/wp-content\/uploads\/2023\/05\/gomjenica-poplava-16maj-by-igor-bajic-14.jpg\"><img loading=\"lazy\" decoding=\"async\" src=\"https:\/\/www.prijedordanas.com\/wp-content\/uploads\/2023\/05\/gomjenica-poplava-16maj-by-igor-bajic-14-300x169.jpg\" alt=\"\" width=\"300\" height=\"169\" class=\"alignleft size-medium wp-image-205439\" srcset=\"https:\/\/www.prijedordanas.com\/wp-content\/uploads\/2023\/05\/gomjenica-poplava-16maj-by-igor-bajic-14-300x169.jpg 300w, https:\/\/www.prijedordanas.com\/wp-content\/uploads\/2023\/05\/gomjenica-poplava-16maj-by-igor-bajic-14-768x432.jpg 768w, https:\/\/www.prijedordanas.com\/wp-content\/uploads\/2023\/05\/gomjenica-poplava-16maj-by-igor-bajic-14.jpg 800w\" sizes=\"(max-width: 300px) 100vw, 300px\" \/><\/a> <a href=\"https:\/\/www.prijedordanas.com\/wp-content\/uploads\/2023\/05\/gomjenica-poplava-16maj-by-igor-bajic-15.jpg\"><img loading=\"lazy\" decoding=\"async\" src=\"https:\/\/www.prijedordanas.com\/wp-content\/uploads\/2023\/05\/gomjenica-poplava-16maj-by-igor-bajic-15-300x169.jpg\" alt=\"\" width=\"300\" height=\"169\" class=\"alignleft size-medium wp-image-205440\" srcset=\"https:\/\/www.prijedordanas.com\/wp-content\/uploads\/2023\/05\/gomjenica-poplava-16maj-by-igor-bajic-15-300x169.jpg 300w, https:\/\/www.prijedordanas.com\/wp-content\/uploads\/2023\/05\/gomjenica-poplava-16maj-by-igor-bajic-15.jpg 600w\" sizes=\"(max-width: 300px) 100vw, 300px\" \/><\/a> <a href=\"https:\/\/www.prijedordanas.com\/wp-content\/uploads\/2023\/05\/gomjenica-poplava-16maj-by-igor-bajic-16.jpg\"><img loading=\"lazy\" decoding=\"async\" src=\"https:\/\/www.prijedordanas.com\/wp-content\/uploads\/2023\/05\/gomjenica-poplava-16maj-by-igor-bajic-16-300x169.jpg\" alt=\"\" width=\"300\" height=\"169\" class=\"alignleft size-medium wp-image-205441\" srcset=\"https:\/\/www.prijedordanas.com\/wp-content\/uploads\/2023\/05\/gomjenica-poplava-16maj-by-igor-bajic-16-300x169.jpg 300w, https:\/\/www.prijedordanas.com\/wp-content\/uploads\/2023\/05\/gomjenica-poplava-16maj-by-igor-bajic-16.jpg 600w\" sizes=\"(max-width: 300px) 100vw, 300px\" \/><\/a> <a href=\"https:\/\/www.prijedordanas.com\/wp-content\/uploads\/2023\/05\/gomjenica-poplava-16maj-by-igor-bajic-17.jpg\"><img loading=\"lazy\" decoding=\"async\" src=\"https:\/\/www.prijedordanas.com\/wp-content\/uploads\/2023\/05\/gomjenica-poplava-16maj-by-igor-bajic-17-300x169.jpg\" alt=\"\" width=\"300\" height=\"169\" class=\"alignleft size-medium wp-image-205442\" srcset=\"https:\/\/www.prijedordanas.com\/wp-content\/uploads\/2023\/05\/gomjenica-poplava-16maj-by-igor-bajic-17-300x169.jpg 300w, https:\/\/www.prijedordanas.com\/wp-content\/uploads\/2023\/05\/gomjenica-poplava-16maj-by-igor-bajic-17.jpg 600w\" sizes=\"(max-width: 300px) 100vw, 300px\" \/><\/a> <a href=\"https:\/\/www.prijedordanas.com\/wp-content\/uploads\/2023\/05\/gomjenica-poplava-16maj-by-igor-bajic-18.jpg\"><img loading=\"lazy\" decoding=\"async\" src=\"https:\/\/www.prijedordanas.com\/wp-content\/uploads\/2023\/05\/gomjenica-poplava-16maj-by-igor-bajic-18-300x169.jpg\" alt=\"\" width=\"300\" height=\"169\" class=\"alignleft size-medium wp-image-205443\" srcset=\"https:\/\/www.prijedordanas.com\/wp-content\/uploads\/2023\/05\/gomjenica-poplava-16maj-by-igor-bajic-18-300x169.jpg 300w, https:\/\/www.prijedordanas.com\/wp-content\/uploads\/2023\/05\/gomjenica-poplava-16maj-by-igor-bajic-18.jpg 600w\" sizes=\"(max-width: 300px) 100vw, 300px\" \/><\/a> <a href=\"https:\/\/www.prijedordanas.com\/wp-content\/uploads\/2023\/05\/gomjenica-poplava-16maj-by-igor-bajic-19.jpg\"><img loading=\"lazy\" decoding=\"async\" src=\"https:\/\/www.prijedordanas.com\/wp-content\/uploads\/2023\/05\/gomjenica-poplava-16maj-by-igor-bajic-19-300x169.jpg\" alt=\"\" width=\"300\" height=\"169\" class=\"alignleft size-medium wp-image-205444\" srcset=\"https:\/\/www.prijedordanas.com\/wp-content\/uploads\/2023\/05\/gomjenica-poplava-16maj-by-igor-bajic-19-300x169.jpg 300w, https:\/\/www.prijedordanas.com\/wp-content\/uploads\/2023\/05\/gomjenica-poplava-16maj-by-igor-bajic-19.jpg 600w\" sizes=\"(max-width: 300px) 100vw, 300px\" \/><\/a> <a href=\"https:\/\/www.prijedordanas.com\/wp-content\/uploads\/2023\/05\/gomjenica-poplava-16maj-by-igor-bajic-20.jpg\"><img loading=\"lazy\" decoding=\"async\" src=\"https:\/\/www.prijedordanas.com\/wp-content\/uploads\/2023\/05\/gomjenica-poplava-16maj-by-igor-bajic-20-300x169.jpg\" alt=\"\" width=\"300\" height=\"169\" class=\"alignleft size-medium wp-image-205445\" srcset=\"https:\/\/www.prijedordanas.com\/wp-content\/uploads\/2023\/05\/gomjenica-poplava-16maj-by-igor-bajic-20-300x169.jpg 300w, https:\/\/www.prijedordanas.com\/wp-content\/uploads\/2023\/05\/gomjenica-poplava-16maj-by-igor-bajic-20.jpg 600w\" sizes=\"(max-width: 300px) 100vw, 300px\" \/><\/a><\/p>\n","protected":false},"excerpt":{"rendered":"<p>Ki\u0161a koja sa manjim ili ve\u0107im prekidima pada protekla tri dana stvara brojne probleme \u0161irom grada Prijedora. Najprije su problem pravile buji\u010dne vode rje\u010dica Puharske i Milo\u0161evice u naseljima Puharska, [&hellip;]<\/p>\n","protected":false},"author":1,"featured_media":0,"comment_status":"closed","ping_status":"open","sticky":false,"template":"","format":"standard","meta":{"_monsterinsights_skip_tracking":false,"_monsterinsights_sitenote_active":false,"_monsterinsights_sitenote_note":"","_monsterinsights_sitenote_category":0,"footnotes":""},"categories":[8],"tags":[],"yoast_head":"<!-- This site is optimized with the Yoast SEO plugin v21.6 - https:\/\/yoast.com\/wordpress\/plugins\/seo\/ -->\n<title>Pogledajte kakvo je stanje sa poplavom u prijedorskom naselju Gomjenica - FOTO IZ VAZDUHA - PrijedorDanas.com - Prijedorski gradski portal<\/title>\n<meta name=\"robots\" content=\"index, follow, max-snippet:-1, max-image-preview:large, max-video-preview:-1\" \/>\n<link rel=\"canonical\" href=\"https:\/\/www.prijedordanas.com\/?p=205408\" \/>\n<meta property=\"og:locale\" content=\"en_US\" \/>\n<meta property=\"og:type\" content=\"article\" \/>\n<meta property=\"og:title\" content=\"Pogledajte kakvo je stanje sa poplavom u prijedorskom naselju Gomjenica - FOTO IZ VAZDUHA - PrijedorDanas.com - Prijedorski gradski portal\" \/>\n<meta property=\"og:description\" content=\"Ki\u0161a koja sa manjim ili ve\u0107im prekidima pada protekla tri dana stvara brojne probleme \u0161irom grada Prijedora. Najprije su problem pravile buji\u010dne vode rje\u010dica Puharske i Milo\u0161evice u naseljima Puharska, [&hellip;]\" \/>\n<meta property=\"og:url\" content=\"https:\/\/www.prijedordanas.com\/?p=205408\" \/>\n<meta property=\"og:site_name\" content=\"PrijedorDanas.com - Prijedorski gradski portal\" \/>\n<meta property=\"article:publisher\" content=\"https:\/\/www.facebook.com\/PrijedorDanasCom\/\" \/>\n<meta property=\"article:published_time\" content=\"2023-05-16T21:54:16+00:00\" \/>\n<meta property=\"article:modified_time\" content=\"2023-05-17T09:12:16+00:00\" \/>\n<meta property=\"og:image\" content=\"https:\/\/www.prijedordanas.com\/wp-content\/uploads\/2023\/05\/gomjenica-poplava-16maj-by-igor-bajic-1-300x225.jpg\" \/>\n<meta name=\"author\" content=\"admin\" \/>\n<meta name=\"twitter:card\" content=\"summary_large_image\" \/>\n<meta name=\"twitter:label1\" content=\"Written by\" \/>\n\t<meta name=\"twitter:data1\" content=\"admin\" \/>\n\t<meta name=\"twitter:label2\" content=\"Est. reading time\" \/>\n\t<meta name=\"twitter:data2\" content=\"5 minutes\" \/>\n<script type=\"application\/ld+json\" class=\"yoast-schema-graph\">{\"@context\":\"https:\/\/schema.org\",\"@graph\":[{\"@type\":\"Article\",\"@id\":\"https:\/\/www.prijedordanas.com\/?p=205408#article\",\"isPartOf\":{\"@id\":\"https:\/\/www.prijedordanas.com\/?p=205408\"},\"author\":{\"name\":\"admin\",\"@id\":\"https:\/\/www.prijedordanas.com\/#\/schema\/person\/4e08ccf29b506ca916ff86d46bb700e6\"},\"headline\":\"Pogledajte kakvo je stanje sa poplavom u prijedorskom naselju Gomjenica &#8211; FOTO IZ VAZDUHA\",\"datePublished\":\"2023-05-16T21:54:16+00:00\",\"dateModified\":\"2023-05-17T09:12:16+00:00\",\"mainEntityOfPage\":{\"@id\":\"https:\/\/www.prijedordanas.com\/?p=205408\"},\"wordCount\":200,\"publisher\":{\"@id\":\"https:\/\/www.prijedordanas.com\/#organization\"},\"articleSection\":[\"Svakodnevno\"],\"inLanguage\":\"en-US\"},{\"@type\":\"WebPage\",\"@id\":\"https:\/\/www.prijedordanas.com\/?p=205408\",\"url\":\"https:\/\/www.prijedordanas.com\/?p=205408\",\"name\":\"Pogledajte kakvo je stanje sa poplavom u prijedorskom naselju Gomjenica - FOTO IZ VAZDUHA - PrijedorDanas.com - Prijedorski gradski portal\",\"isPartOf\":{\"@id\":\"https:\/\/www.prijedordanas.com\/#website\"},\"datePublished\":\"2023-05-16T21:54:16+00:00\",\"dateModified\":\"2023-05-17T09:12:16+00:00\",\"breadcrumb\":{\"@id\":\"https:\/\/www.prijedordanas.com\/?p=205408#breadcrumb\"},\"inLanguage\":\"en-US\",\"potentialAction\":[{\"@type\":\"ReadAction\",\"target\":[\"https:\/\/www.prijedordanas.com\/?p=205408\"]}]},{\"@type\":\"BreadcrumbList\",\"@id\":\"https:\/\/www.prijedordanas.com\/?p=205408#breadcrumb\",\"itemListElement\":[{\"@type\":\"ListItem\",\"position\":1,\"name\":\"Home\",\"item\":\"https:\/\/www.prijedordanas.com\/\"},{\"@type\":\"ListItem\",\"position\":2,\"name\":\"Pogledajte kakvo je stanje sa poplavom u prijedorskom naselju Gomjenica &#8211; FOTO IZ VAZDUHA\"}]},{\"@type\":\"WebSite\",\"@id\":\"https:\/\/www.prijedordanas.com\/#website\",\"url\":\"https:\/\/www.prijedordanas.com\/\",\"name\":\"PrijedorDanas.com - Prijedorski gradski portal\",\"description\":\"Portal o doga\u0111anjima u gradu Prijedoru\",\"publisher\":{\"@id\":\"https:\/\/www.prijedordanas.com\/#organization\"},\"potentialAction\":[{\"@type\":\"SearchAction\",\"target\":{\"@type\":\"EntryPoint\",\"urlTemplate\":\"https:\/\/www.prijedordanas.com\/?s={search_term_string}\"},\"query-input\":\"required name=search_term_string\"}],\"inLanguage\":\"en-US\"},{\"@type\":\"Organization\",\"@id\":\"https:\/\/www.prijedordanas.com\/#organization\",\"name\":\"PrijedorDanas.com\",\"url\":\"https:\/\/www.prijedordanas.com\/\",\"logo\":{\"@type\":\"ImageObject\",\"inLanguage\":\"en-US\",\"@id\":\"https:\/\/www.prijedordanas.com\/#\/schema\/logo\/image\/\",\"url\":\"http:\/\/www.prijedordanas.com\/wp-content\/uploads\/2021\/12\/logopng.png\",\"contentUrl\":\"http:\/\/www.prijedordanas.com\/wp-content\/uploads\/2021\/12\/logopng.png\",\"width\":1019,\"height\":776,\"caption\":\"PrijedorDanas.com\"},\"image\":{\"@id\":\"https:\/\/www.prijedordanas.com\/#\/schema\/logo\/image\/\"},\"sameAs\":[\"https:\/\/www.facebook.com\/PrijedorDanasCom\/\"]},{\"@type\":\"Person\",\"@id\":\"https:\/\/www.prijedordanas.com\/#\/schema\/person\/4e08ccf29b506ca916ff86d46bb700e6\",\"name\":\"admin\",\"image\":{\"@type\":\"ImageObject\",\"inLanguage\":\"en-US\",\"@id\":\"https:\/\/www.prijedordanas.com\/#\/schema\/person\/image\/\",\"url\":\"https:\/\/secure.gravatar.com\/avatar\/1d3fc949d550f0b53a5f0d51e06dfd79?s=96&d=mm&r=g\",\"contentUrl\":\"https:\/\/secure.gravatar.com\/avatar\/1d3fc949d550f0b53a5f0d51e06dfd79?s=96&d=mm&r=g\",\"caption\":\"admin\"},\"url\":\"https:\/\/www.prijedordanas.com\/?author=1\"}]}<\/script>\n<!-- \/ Yoast SEO plugin. -->","yoast_head_json":{"title":"Pogledajte kakvo je stanje sa poplavom u prijedorskom naselju Gomjenica - FOTO IZ VAZDUHA - PrijedorDanas.com - Prijedorski gradski portal","robots":{"index":"index","follow":"follow","max-snippet":"max-snippet:-1","max-image-preview":"max-image-preview:large","max-video-preview":"max-video-preview:-1"},"canonical":"https:\/\/www.prijedordanas.com\/?p=205408","og_locale":"en_US","og_type":"article","og_title":"Pogledajte kakvo je stanje sa poplavom u prijedorskom naselju Gomjenica - FOTO IZ VAZDUHA - PrijedorDanas.com - Prijedorski gradski portal","og_description":"Ki\u0161a koja sa manjim ili ve\u0107im prekidima pada protekla tri dana stvara brojne probleme \u0161irom grada Prijedora. Najprije su problem pravile buji\u010dne vode rje\u010dica Puharske i Milo\u0161evice u naseljima Puharska, [&hellip;]","og_url":"https:\/\/www.prijedordanas.com\/?p=205408","og_site_name":"PrijedorDanas.com - Prijedorski gradski portal","article_publisher":"https:\/\/www.facebook.com\/PrijedorDanasCom\/","article_published_time":"2023-05-16T21:54:16+00:00","article_modified_time":"2023-05-17T09:12:16+00:00","og_image":[{"url":"https:\/\/www.prijedordanas.com\/wp-content\/uploads\/2023\/05\/gomjenica-poplava-16maj-by-igor-bajic-1-300x225.jpg"}],"author":"admin","twitter_card":"summary_large_image","twitter_misc":{"Written by":"admin","Est. reading time":"5 minutes"},"schema":{"@context":"https:\/\/schema.org","@graph":[{"@type":"Article","@id":"https:\/\/www.prijedordanas.com\/?p=205408#article","isPartOf":{"@id":"https:\/\/www.prijedordanas.com\/?p=205408"},"author":{"name":"admin","@id":"https:\/\/www.prijedordanas.com\/#\/schema\/person\/4e08ccf29b506ca916ff86d46bb700e6"},"headline":"Pogledajte kakvo je stanje sa poplavom u prijedorskom naselju Gomjenica &#8211; FOTO IZ VAZDUHA","datePublished":"2023-05-16T21:54:16+00:00","dateModified":"2023-05-17T09:12:16+00:00","mainEntityOfPage":{"@id":"https:\/\/www.prijedordanas.com\/?p=205408"},"wordCount":200,"publisher":{"@id":"https:\/\/www.prijedordanas.com\/#organization"},"articleSection":["Svakodnevno"],"inLanguage":"en-US"},{"@type":"WebPage","@id":"https:\/\/www.prijedordanas.com\/?p=205408","url":"https:\/\/www.prijedordanas.com\/?p=205408","name":"Pogledajte kakvo je stanje sa poplavom u prijedorskom naselju Gomjenica - FOTO IZ VAZDUHA - PrijedorDanas.com - Prijedorski gradski portal","isPartOf":{"@id":"https:\/\/www.prijedordanas.com\/#website"},"datePublished":"2023-05-16T21:54:16+00:00","dateModified":"2023-05-17T09:12:16+00:00","breadcrumb":{"@id":"https:\/\/www.prijedordanas.com\/?p=205408#breadcrumb"},"inLanguage":"en-US","potentialAction":[{"@type":"ReadAction","target":["https:\/\/www.prijedordanas.com\/?p=205408"]}]},{"@type":"BreadcrumbList","@id":"https:\/\/www.prijedordanas.com\/?p=205408#breadcrumb","itemListElement":[{"@type":"ListItem","position":1,"name":"Home","item":"https:\/\/www.prijedordanas.com\/"},{"@type":"ListItem","position":2,"name":"Pogledajte kakvo je stanje sa poplavom u prijedorskom naselju Gomjenica &#8211; FOTO IZ VAZDUHA"}]},{"@type":"WebSite","@id":"https:\/\/www.prijedordanas.com\/#website","url":"https:\/\/www.prijedordanas.com\/","name":"PrijedorDanas.com - Prijedorski gradski portal","description":"Portal o doga\u0111anjima u gradu Prijedoru","publisher":{"@id":"https:\/\/www.prijedordanas.com\/#organization"},"potentialAction":[{"@type":"SearchAction","target":{"@type":"EntryPoint","urlTemplate":"https:\/\/www.prijedordanas.com\/?s={search_term_string}"},"query-input":"required name=search_term_string"}],"inLanguage":"en-US"},{"@type":"Organization","@id":"https:\/\/www.prijedordanas.com\/#organization","name":"PrijedorDanas.com","url":"https:\/\/www.prijedordanas.com\/","logo":{"@type":"ImageObject","inLanguage":"en-US","@id":"https:\/\/www.prijedordanas.com\/#\/schema\/logo\/image\/","url":"http:\/\/www.prijedordanas.com\/wp-content\/uploads\/2021\/12\/logopng.png","contentUrl":"http:\/\/www.prijedordanas.com\/wp-content\/uploads\/2021\/12\/logopng.png","width":1019,"height":776,"caption":"PrijedorDanas.com"},"image":{"@id":"https:\/\/www.prijedordanas.com\/#\/schema\/logo\/image\/"},"sameAs":["https:\/\/www.facebook.com\/PrijedorDanasCom\/"]},{"@type":"Person","@id":"https:\/\/www.prijedordanas.com\/#\/schema\/person\/4e08ccf29b506ca916ff86d46bb700e6","name":"admin","image":{"@type":"ImageObject","inLanguage":"en-US","@id":"https:\/\/www.prijedordanas.com\/#\/schema\/person\/image\/","url":"https:\/\/secure.gravatar.com\/avatar\/1d3fc949d550f0b53a5f0d51e06dfd79?s=96&d=mm&r=g","contentUrl":"https:\/\/secure.gravatar.com\/avatar\/1d3fc949d550f0b53a5f0d51e06dfd79?s=96&d=mm&r=g","caption":"admin"},"url":"https:\/\/www.prijedordanas.com\/?author=1"}]}},"_links":{"self":[{"href":"https:\/\/www.prijedordanas.com\/index.php?rest_route=\/wp\/v2\/posts\/205408"}],"collection":[{"href":"https:\/\/www.prijedordanas.com\/index.php?rest_route=\/wp\/v2\/posts"}],"about":[{"href":"https:\/\/www.prijedordanas.com\/index.php?rest_route=\/wp\/v2\/types\/post"}],"author":[{"embeddable":true,"href":"https:\/\/www.prijedordanas.com\/index.php?rest_route=\/wp\/v2\/users\/1"}],"replies":[{"embeddable":true,"href":"https:\/\/www.prijedordanas.com\/index.php?rest_route=%2Fwp%2Fv2%2Fcomments&post=205408"}],"version-history":[{"count":3,"href":"https:\/\/www.prijedordanas.com\/index.php?rest_route=\/wp\/v2\/posts\/205408\/revisions"}],"predecessor-version":[{"id":205527,"href":"https:\/\/www.prijedordanas.com\/index.php?rest_route=\/wp\/v2\/posts\/205408\/revisions\/205527"}],"wp:attachment":[{"href":"https:\/\/www.prijedordanas.com\/index.php?rest_route=%2Fwp%2Fv2%2Fmedia&parent=205408"}],"wp:term":[{"taxonomy":"category","embeddable":true,"href":"https:\/\/www.prijedordanas.com\/index.php?rest_route=%2Fwp%2Fv2%2Fcategories&post=205408"},{"taxonomy":"post_tag","embeddable":true,"href":"https:\/\/www.prijedordanas.com\/index.php?rest_route=%2Fwp%2Fv2%2Ftags&post=205408"}],"curies":[{"name":"wp","href":"https:\/\/api.w.org\/{rel}","templated":true}]}}