{"id":20521,"date":"2015-04-21T15:14:10","date_gmt":"2015-04-21T14:14:10","guid":{"rendered":"https:\/\/www.prijedordanas.com\/?p=20521"},"modified":"2015-05-11T23:20:25","modified_gmt":"2015-05-11T22:20:25","slug":"pavic-penzioneri-najodgovornija-kategorija-drustva","status":"publish","type":"post","link":"https:\/\/www.prijedordanas.com\/?p=20521","title":{"rendered":"PAVI\u0106: PENZIONERI NAJODGOVORNIJA KATEGORIJA DRU\u0160TVA"},"content":{"rendered":"<p><a href=\"https:\/\/www.prijedordanas.com\/wp-content\/uploads\/2015\/04\/srna-pavic-penzioneri.jpg\"><img loading=\"lazy\" decoding=\"async\" src=\"https:\/\/www.prijedordanas.com\/wp-content\/uploads\/2015\/04\/srna-pavic-penzioneri-300x220.jpg\" alt=\"srna-pavic-penzioneri\" width=\"300\" height=\"220\" class=\"alignleft size-medium wp-image-20522\" srcset=\"https:\/\/www.prijedordanas.com\/wp-content\/uploads\/2015\/04\/srna-pavic-penzioneri-300x220.jpg 300w, https:\/\/www.prijedordanas.com\/wp-content\/uploads\/2015\/04\/srna-pavic-penzioneri.jpg 600w\" sizes=\"(max-width: 300px) 100vw, 300px\" \/><\/a>Gradona\u010delnik Prijedora Marko Pavi\u0107 izjavio je danas da su penzioneri najodgovornija kategorija dru\u0161tva u Republici Srpskoj, a vjerovatno i na drugim prostorima, i da zbog toga zaslu\u017euju pa\u017enju.<\/p>\n<p>&#8220;Prvi koji pla\u0107a telefon je penzioner. Prvi koji pla\u0107a struju je penzioner. Prvi koji sve dru\u0161tvene i administrative obaveze izvr\u0161i je penzioner i prvi koji iza\u0111e na izbore je penzioner&#8221;, rekao je Pavi\u0107 novinarima u Prijedoru nakon razgovora sa predstavnicima grada Banjaluka i udru\u017eenja penzionera Prijedora i Banjaluke. <\/p>\n<p>On je dodao da je gostima iz Banjaluke predo\u010dio kako gradska uprava Prijedor sara\u0111uje sa gradskim udru\u017eenjem penzionera govore\u0107i o iskustvima izuzetno dobre saradnje \u010dije se unapre\u0111enje planira i ubudu\u0107e. <\/p>\n<p>&#8220;Penzioneri su kod nas bud\u017eetska kategorija i stavke za penzionere ni u kriznim vremenima nikad nismo smanjivali nego smo ih \u010dak pove\u0107avali&#8221;, naveo je Pavi\u0107. <\/p>\n<p>Predsjednik Skup\u0161tine grada Banjaluka Budimir Balaban najavio je da \u0107e Banjaluka iskoristiti dobru praksu i iskustva iz Prijedora i da \u0107e ih primijeniti. <\/p>\n<p>&#8220;Skloni smo da prepisujemo dobre prakse drugih, manjih ili ve\u0107ih sredina&#8221;, naveo je Balaban. <\/p>\n<p>Predsjednik Udru\u017eenja penzionera grada Banjaluke Nikola Gojkovi\u0107 rekao je da je dana\u0161nji sastanak iniciran s ciljem da se razmijene pozitivna iskustva da bi se pomoglo najugro\u017eenijoj i najbrojnijoj polupaciji. <\/p>\n<p>&#8220;I ranije je Narodna skup\u0161tina Republike Srpske inicirala da lokalne zajednice pomognu penzionerima sve dok se ne\u0161to ozbiljnije u Fondu PIO ne rije\u0161i&#8221;, napomenuo je Gojkovi\u0107. <\/p>\n<p>Predsjednik Udru\u017eenja penzionera grada Prijedora Slobodan Brdar rekao je da je zahvaljuju\u0107i odli\u010dnoj saradnji sa gradskom upravom na banjskom lije\u010denju bilo 2.600 penzionera, da su skoro svi u nekom periodu dobili jednokratnu pomo\u0107 i da ih je blizu 7.000 bilo na brojnim izletima \u0161irom Srpske i izvan nje. <\/p>\n<p>&#8220;Grad Prijedor je jedinstven primjer u Republici Srpskoj da gradska administracija na ovakav na\u010din poma\u017ee penzionere&#8221;, dodao je Brdar. <\/p>\n<p>U Prijedoru ima 13.778 penzionera koji su \u010dlanovi ovda\u0161njeg udru\u017eenja. <\/p>\n<p>SRNA<\/p>\n","protected":false},"excerpt":{"rendered":"<p>Gradona\u010delnik Prijedora Marko Pavi\u0107 izjavio je danas da su penzioneri najodgovornija kategorija dru\u0161tva u Republici Srpskoj, a vjerovatno i na drugim prostorima, i da zbog toga zaslu\u017euju pa\u017enju. &#8220;Prvi koji [&hellip;]<\/p>\n","protected":false},"author":1,"featured_media":0,"comment_status":"closed","ping_status":"open","sticky":false,"template":"","format":"standard","meta":{"_monsterinsights_skip_tracking":false,"_monsterinsights_sitenote_active":false,"_monsterinsights_sitenote_note":"","_monsterinsights_sitenote_category":0,"footnotes":""},"categories":[8],"tags":[3433,3434,1329],"yoast_head":"<!-- This site is optimized with the Yoast SEO plugin v21.6 - https:\/\/yoast.com\/wordpress\/plugins\/seo\/ -->\n<title>PAVI\u0106: PENZIONERI NAJODGOVORNIJA KATEGORIJA DRU\u0160TVA - PrijedorDanas.com - Prijedorski gradski portal<\/title>\n<meta name=\"robots\" content=\"index, follow, max-snippet:-1, max-image-preview:large, max-video-preview:-1\" \/>\n<link rel=\"canonical\" href=\"https:\/\/www.prijedordanas.com\/?p=20521\" \/>\n<meta property=\"og:locale\" content=\"en_US\" \/>\n<meta property=\"og:type\" content=\"article\" \/>\n<meta property=\"og:title\" content=\"PAVI\u0106: PENZIONERI NAJODGOVORNIJA KATEGORIJA DRU\u0160TVA - PrijedorDanas.com - Prijedorski gradski portal\" \/>\n<meta property=\"og:description\" content=\"Gradona\u010delnik Prijedora Marko Pavi\u0107 izjavio je danas da su penzioneri najodgovornija kategorija dru\u0161tva u Republici Srpskoj, a vjerovatno i na drugim prostorima, i da zbog toga zaslu\u017euju pa\u017enju. &#8220;Prvi koji [&hellip;]\" \/>\n<meta property=\"og:url\" content=\"https:\/\/www.prijedordanas.com\/?p=20521\" \/>\n<meta property=\"og:site_name\" content=\"PrijedorDanas.com - Prijedorski gradski portal\" \/>\n<meta property=\"article:publisher\" content=\"https:\/\/www.facebook.com\/PrijedorDanasCom\/\" \/>\n<meta property=\"article:published_time\" content=\"2015-04-21T14:14:10+00:00\" \/>\n<meta property=\"article:modified_time\" content=\"2015-05-11T22:20:25+00:00\" \/>\n<meta property=\"og:image\" content=\"https:\/\/www.prijedordanas.com\/wp-content\/uploads\/2015\/04\/srna-pavic-penzioneri-300x220.jpg\" \/>\n<meta name=\"author\" content=\"admin\" \/>\n<meta name=\"twitter:card\" content=\"summary_large_image\" \/>\n<meta name=\"twitter:label1\" content=\"Written by\" \/>\n\t<meta name=\"twitter:data1\" content=\"admin\" \/>\n\t<meta name=\"twitter:label2\" content=\"Est. reading time\" \/>\n\t<meta name=\"twitter:data2\" content=\"2 minutes\" \/>\n<script type=\"application\/ld+json\" class=\"yoast-schema-graph\">{\"@context\":\"https:\/\/schema.org\",\"@graph\":[{\"@type\":\"Article\",\"@id\":\"https:\/\/www.prijedordanas.com\/?p=20521#article\",\"isPartOf\":{\"@id\":\"https:\/\/www.prijedordanas.com\/?p=20521\"},\"author\":{\"name\":\"admin\",\"@id\":\"https:\/\/www.prijedordanas.com\/#\/schema\/person\/4e08ccf29b506ca916ff86d46bb700e6\"},\"headline\":\"PAVI\u0106: PENZIONERI NAJODGOVORNIJA KATEGORIJA DRU\u0160TVA\",\"datePublished\":\"2015-04-21T14:14:10+00:00\",\"dateModified\":\"2015-05-11T22:20:25+00:00\",\"mainEntityOfPage\":{\"@id\":\"https:\/\/www.prijedordanas.com\/?p=20521\"},\"wordCount\":338,\"publisher\":{\"@id\":\"https:\/\/www.prijedordanas.com\/#organization\"},\"keywords\":[\"gradona\u010delnik Pavi\",\"najodgovornija kategorija dru\u0161tva\",\"penzioneri\"],\"articleSection\":[\"Svakodnevno\"],\"inLanguage\":\"en-US\"},{\"@type\":\"WebPage\",\"@id\":\"https:\/\/www.prijedordanas.com\/?p=20521\",\"url\":\"https:\/\/www.prijedordanas.com\/?p=20521\",\"name\":\"PAVI\u0106: PENZIONERI NAJODGOVORNIJA KATEGORIJA DRU\u0160TVA - PrijedorDanas.com - Prijedorski gradski portal\",\"isPartOf\":{\"@id\":\"https:\/\/www.prijedordanas.com\/#website\"},\"datePublished\":\"2015-04-21T14:14:10+00:00\",\"dateModified\":\"2015-05-11T22:20:25+00:00\",\"breadcrumb\":{\"@id\":\"https:\/\/www.prijedordanas.com\/?p=20521#breadcrumb\"},\"inLanguage\":\"en-US\",\"potentialAction\":[{\"@type\":\"ReadAction\",\"target\":[\"https:\/\/www.prijedordanas.com\/?p=20521\"]}]},{\"@type\":\"BreadcrumbList\",\"@id\":\"https:\/\/www.prijedordanas.com\/?p=20521#breadcrumb\",\"itemListElement\":[{\"@type\":\"ListItem\",\"position\":1,\"name\":\"Home\",\"item\":\"https:\/\/www.prijedordanas.com\/\"},{\"@type\":\"ListItem\",\"position\":2,\"name\":\"PAVI\u0106: PENZIONERI NAJODGOVORNIJA KATEGORIJA DRU\u0160TVA\"}]},{\"@type\":\"WebSite\",\"@id\":\"https:\/\/www.prijedordanas.com\/#website\",\"url\":\"https:\/\/www.prijedordanas.com\/\",\"name\":\"PrijedorDanas.com - Prijedorski gradski portal\",\"description\":\"Portal o doga\u0111anjima u gradu Prijedoru\",\"publisher\":{\"@id\":\"https:\/\/www.prijedordanas.com\/#organization\"},\"potentialAction\":[{\"@type\":\"SearchAction\",\"target\":{\"@type\":\"EntryPoint\",\"urlTemplate\":\"https:\/\/www.prijedordanas.com\/?s={search_term_string}\"},\"query-input\":\"required name=search_term_string\"}],\"inLanguage\":\"en-US\"},{\"@type\":\"Organization\",\"@id\":\"https:\/\/www.prijedordanas.com\/#organization\",\"name\":\"PrijedorDanas.com\",\"url\":\"https:\/\/www.prijedordanas.com\/\",\"logo\":{\"@type\":\"ImageObject\",\"inLanguage\":\"en-US\",\"@id\":\"https:\/\/www.prijedordanas.com\/#\/schema\/logo\/image\/\",\"url\":\"http:\/\/www.prijedordanas.com\/wp-content\/uploads\/2021\/12\/logopng.png\",\"contentUrl\":\"http:\/\/www.prijedordanas.com\/wp-content\/uploads\/2021\/12\/logopng.png\",\"width\":1019,\"height\":776,\"caption\":\"PrijedorDanas.com\"},\"image\":{\"@id\":\"https:\/\/www.prijedordanas.com\/#\/schema\/logo\/image\/\"},\"sameAs\":[\"https:\/\/www.facebook.com\/PrijedorDanasCom\/\"]},{\"@type\":\"Person\",\"@id\":\"https:\/\/www.prijedordanas.com\/#\/schema\/person\/4e08ccf29b506ca916ff86d46bb700e6\",\"name\":\"admin\",\"image\":{\"@type\":\"ImageObject\",\"inLanguage\":\"en-US\",\"@id\":\"https:\/\/www.prijedordanas.com\/#\/schema\/person\/image\/\",\"url\":\"https:\/\/secure.gravatar.com\/avatar\/1d3fc949d550f0b53a5f0d51e06dfd79?s=96&d=mm&r=g\",\"contentUrl\":\"https:\/\/secure.gravatar.com\/avatar\/1d3fc949d550f0b53a5f0d51e06dfd79?s=96&d=mm&r=g\",\"caption\":\"admin\"},\"url\":\"https:\/\/www.prijedordanas.com\/?author=1\"}]}<\/script>\n<!-- \/ Yoast SEO plugin. -->","yoast_head_json":{"title":"PAVI\u0106: PENZIONERI NAJODGOVORNIJA KATEGORIJA DRU\u0160TVA - PrijedorDanas.com - Prijedorski gradski portal","robots":{"index":"index","follow":"follow","max-snippet":"max-snippet:-1","max-image-preview":"max-image-preview:large","max-video-preview":"max-video-preview:-1"},"canonical":"https:\/\/www.prijedordanas.com\/?p=20521","og_locale":"en_US","og_type":"article","og_title":"PAVI\u0106: PENZIONERI NAJODGOVORNIJA KATEGORIJA DRU\u0160TVA - PrijedorDanas.com - Prijedorski gradski portal","og_description":"Gradona\u010delnik Prijedora Marko Pavi\u0107 izjavio je danas da su penzioneri najodgovornija kategorija dru\u0161tva u Republici Srpskoj, a vjerovatno i na drugim prostorima, i da zbog toga zaslu\u017euju pa\u017enju. &#8220;Prvi koji [&hellip;]","og_url":"https:\/\/www.prijedordanas.com\/?p=20521","og_site_name":"PrijedorDanas.com - Prijedorski gradski portal","article_publisher":"https:\/\/www.facebook.com\/PrijedorDanasCom\/","article_published_time":"2015-04-21T14:14:10+00:00","article_modified_time":"2015-05-11T22:20:25+00:00","og_image":[{"url":"https:\/\/www.prijedordanas.com\/wp-content\/uploads\/2015\/04\/srna-pavic-penzioneri-300x220.jpg"}],"author":"admin","twitter_card":"summary_large_image","twitter_misc":{"Written by":"admin","Est. reading time":"2 minutes"},"schema":{"@context":"https:\/\/schema.org","@graph":[{"@type":"Article","@id":"https:\/\/www.prijedordanas.com\/?p=20521#article","isPartOf":{"@id":"https:\/\/www.prijedordanas.com\/?p=20521"},"author":{"name":"admin","@id":"https:\/\/www.prijedordanas.com\/#\/schema\/person\/4e08ccf29b506ca916ff86d46bb700e6"},"headline":"PAVI\u0106: PENZIONERI NAJODGOVORNIJA KATEGORIJA DRU\u0160TVA","datePublished":"2015-04-21T14:14:10+00:00","dateModified":"2015-05-11T22:20:25+00:00","mainEntityOfPage":{"@id":"https:\/\/www.prijedordanas.com\/?p=20521"},"wordCount":338,"publisher":{"@id":"https:\/\/www.prijedordanas.com\/#organization"},"keywords":["gradona\u010delnik Pavi","najodgovornija kategorija dru\u0161tva","penzioneri"],"articleSection":["Svakodnevno"],"inLanguage":"en-US"},{"@type":"WebPage","@id":"https:\/\/www.prijedordanas.com\/?p=20521","url":"https:\/\/www.prijedordanas.com\/?p=20521","name":"PAVI\u0106: PENZIONERI NAJODGOVORNIJA KATEGORIJA DRU\u0160TVA - PrijedorDanas.com - Prijedorski gradski portal","isPartOf":{"@id":"https:\/\/www.prijedordanas.com\/#website"},"datePublished":"2015-04-21T14:14:10+00:00","dateModified":"2015-05-11T22:20:25+00:00","breadcrumb":{"@id":"https:\/\/www.prijedordanas.com\/?p=20521#breadcrumb"},"inLanguage":"en-US","potentialAction":[{"@type":"ReadAction","target":["https:\/\/www.prijedordanas.com\/?p=20521"]}]},{"@type":"BreadcrumbList","@id":"https:\/\/www.prijedordanas.com\/?p=20521#breadcrumb","itemListElement":[{"@type":"ListItem","position":1,"name":"Home","item":"https:\/\/www.prijedordanas.com\/"},{"@type":"ListItem","position":2,"name":"PAVI\u0106: PENZIONERI NAJODGOVORNIJA KATEGORIJA DRU\u0160TVA"}]},{"@type":"WebSite","@id":"https:\/\/www.prijedordanas.com\/#website","url":"https:\/\/www.prijedordanas.com\/","name":"PrijedorDanas.com - Prijedorski gradski portal","description":"Portal o doga\u0111anjima u gradu Prijedoru","publisher":{"@id":"https:\/\/www.prijedordanas.com\/#organization"},"potentialAction":[{"@type":"SearchAction","target":{"@type":"EntryPoint","urlTemplate":"https:\/\/www.prijedordanas.com\/?s={search_term_string}"},"query-input":"required name=search_term_string"}],"inLanguage":"en-US"},{"@type":"Organization","@id":"https:\/\/www.prijedordanas.com\/#organization","name":"PrijedorDanas.com","url":"https:\/\/www.prijedordanas.com\/","logo":{"@type":"ImageObject","inLanguage":"en-US","@id":"https:\/\/www.prijedordanas.com\/#\/schema\/logo\/image\/","url":"http:\/\/www.prijedordanas.com\/wp-content\/uploads\/2021\/12\/logopng.png","contentUrl":"http:\/\/www.prijedordanas.com\/wp-content\/uploads\/2021\/12\/logopng.png","width":1019,"height":776,"caption":"PrijedorDanas.com"},"image":{"@id":"https:\/\/www.prijedordanas.com\/#\/schema\/logo\/image\/"},"sameAs":["https:\/\/www.facebook.com\/PrijedorDanasCom\/"]},{"@type":"Person","@id":"https:\/\/www.prijedordanas.com\/#\/schema\/person\/4e08ccf29b506ca916ff86d46bb700e6","name":"admin","image":{"@type":"ImageObject","inLanguage":"en-US","@id":"https:\/\/www.prijedordanas.com\/#\/schema\/person\/image\/","url":"https:\/\/secure.gravatar.com\/avatar\/1d3fc949d550f0b53a5f0d51e06dfd79?s=96&d=mm&r=g","contentUrl":"https:\/\/secure.gravatar.com\/avatar\/1d3fc949d550f0b53a5f0d51e06dfd79?s=96&d=mm&r=g","caption":"admin"},"url":"https:\/\/www.prijedordanas.com\/?author=1"}]}},"_links":{"self":[{"href":"https:\/\/www.prijedordanas.com\/index.php?rest_route=\/wp\/v2\/posts\/20521"}],"collection":[{"href":"https:\/\/www.prijedordanas.com\/index.php?rest_route=\/wp\/v2\/posts"}],"about":[{"href":"https:\/\/www.prijedordanas.com\/index.php?rest_route=\/wp\/v2\/types\/post"}],"author":[{"embeddable":true,"href":"https:\/\/www.prijedordanas.com\/index.php?rest_route=\/wp\/v2\/users\/1"}],"replies":[{"embeddable":true,"href":"https:\/\/www.prijedordanas.com\/index.php?rest_route=%2Fwp%2Fv2%2Fcomments&post=20521"}],"version-history":[{"count":1,"href":"https:\/\/www.prijedordanas.com\/index.php?rest_route=\/wp\/v2\/posts\/20521\/revisions"}],"predecessor-version":[{"id":20523,"href":"https:\/\/www.prijedordanas.com\/index.php?rest_route=\/wp\/v2\/posts\/20521\/revisions\/20523"}],"wp:attachment":[{"href":"https:\/\/www.prijedordanas.com\/index.php?rest_route=%2Fwp%2Fv2%2Fmedia&parent=20521"}],"wp:term":[{"taxonomy":"category","embeddable":true,"href":"https:\/\/www.prijedordanas.com\/index.php?rest_route=%2Fwp%2Fv2%2Fcategories&post=20521"},{"taxonomy":"post_tag","embeddable":true,"href":"https:\/\/www.prijedordanas.com\/index.php?rest_route=%2Fwp%2Fv2%2Ftags&post=20521"}],"curies":[{"name":"wp","href":"https:\/\/api.w.org\/{rel}","templated":true}]}}