{"id":204604,"date":"2023-05-05T14:24:49","date_gmt":"2023-05-05T12:24:49","guid":{"rendered":"https:\/\/www.prijedordanas.com\/?p=204604"},"modified":"2023-05-05T14:24:49","modified_gmt":"2023-05-05T12:24:49","slug":"od-danas-voda-za-pice-za-292-daka-centralne-skole-vuk-karadzic-u-omarskoj-foto","status":"publish","type":"post","link":"https:\/\/www.prijedordanas.com\/?p=204604","title":{"rendered":"Od danas voda za pi\u0107e za 292 \u0111aka centralne \u0161kole &#8220;Vuk Karad\u017ei\u0107&#8221; u Omarskoj &#8211; FOTO"},"content":{"rendered":"<p><a href=\"https:\/\/www.prijedordanas.com\/wp-content\/uploads\/2023\/05\/prijedorgradorg-voda-os-vuk-karadzic-omarska-1.jpg\"><img loading=\"lazy\" decoding=\"async\" class=\"alignleft size-medium wp-image-204605\" src=\"https:\/\/www.prijedordanas.com\/wp-content\/uploads\/2023\/05\/prijedorgradorg-voda-os-vuk-karadzic-omarska-1-300x225.jpg\" alt=\"\" width=\"300\" height=\"225\" srcset=\"https:\/\/www.prijedordanas.com\/wp-content\/uploads\/2023\/05\/prijedorgradorg-voda-os-vuk-karadzic-omarska-1-300x225.jpg 300w, https:\/\/www.prijedordanas.com\/wp-content\/uploads\/2023\/05\/prijedorgradorg-voda-os-vuk-karadzic-omarska-1-640x480.jpg 640w, https:\/\/www.prijedordanas.com\/wp-content\/uploads\/2023\/05\/prijedorgradorg-voda-os-vuk-karadzic-omarska-1.jpg 667w\" sizes=\"(max-width: 300px) 100vw, 300px\" \/><\/a>Gradona\u010delnik Prijedora Slobodan Javor obi\u0161ao je Osnovnu \u0161kolu &#8220;Vuk Karad\u017ei\u0107&#8221; u Omarskoj gdje se uvjerio da su preduzete konkretne aktivnosti da se \u0161kola ve\u0107 danas priklju\u010di na vodovod Crno vrelo i da u\u010denici kona\u010dno dobiju vodu za pi\u0107e.<\/p>\n<p>&#8220;Ju\u010de smo na sjednici Skup\u0161tine grada informisani da u ovoj \u0161koli nema vode za pi\u0107e nego samo za tehni\u010dku upotrebu i do\u0161li smo ovde da sagledamo \u0161ta je problem&#8221;, rekao je Javor.<\/p>\n<p>Gradona\u010delnik je danas na licu mjesta razgovarao sa direktorima \u0161kole i prijedorskog &#8220;Vodovoda&#8221; koji su potvrdili da su sve pripremne radnje za priklju\u010denje na gradski vodovod zavr\u0161ene i da \u0107e u toku dana \u0161kola biti priklju\u010dena na gradski vodovod i da \u0107e \u0161kola od sada imati vodu ispravnu za upotrebu.<\/p>\n<p><a href=\"https:\/\/www.prijedordanas.com\/wp-content\/uploads\/2023\/05\/prijedorgradorg-voda-os-vuk-karadzic-omarska-6.jpg\"><img loading=\"lazy\" decoding=\"async\" class=\"alignleft size-medium wp-image-204606\" src=\"https:\/\/www.prijedordanas.com\/wp-content\/uploads\/2023\/05\/prijedorgradorg-voda-os-vuk-karadzic-omarska-6-300x225.jpg\" alt=\"\" width=\"300\" height=\"225\" srcset=\"https:\/\/www.prijedordanas.com\/wp-content\/uploads\/2023\/05\/prijedorgradorg-voda-os-vuk-karadzic-omarska-6-300x225.jpg 300w, https:\/\/www.prijedordanas.com\/wp-content\/uploads\/2023\/05\/prijedorgradorg-voda-os-vuk-karadzic-omarska-6-640x480.jpg 640w, https:\/\/www.prijedordanas.com\/wp-content\/uploads\/2023\/05\/prijedorgradorg-voda-os-vuk-karadzic-omarska-6.jpg 667w\" sizes=\"(max-width: 300px) 100vw, 300px\" \/><\/a>Vr\u0161ilac du\u017enosti direktora preduze\u0107a &#8220;Vodovod&#8221; a.d. Prijedor Dragan Stameni\u0107 izjavio je da je projektom vodosnabdijevanja &#8220;Crno vrelo&#8221; bilo predvi\u0111eno da se svi objekti u Omarskoj spoje u sistem, a da je \u0161kola kao i svi ostali, pa i doma\u0107instva bila u obavezi da svoje instalacije dovede do postoje\u0107eg \u0161ahta.<\/p>\n<p>&#8220;O\u010dekujemo u toku dana da se izvr\u0161i taj priklju\u010dak jer su instalacije od \u0161kole dovedene do \u0161ahta&#8221; potvridio je Stameni\u0107.<\/p>\n<p>Direktor O\u0160 &#8220;Vuk karad\u017ei\u0107&#8221; Boban Beri\u0107 rekao je da \u0161kola ima dugogodi\u0161nji problem sa pitkom vodom, vodu su koristili iz bunara \u010diji je vlasnik Dom zdravlja, ali je ta voda bila tehni\u010dka odnosno neupotrebljiva za pi\u0107e.<\/p>\n<p>&#8220;Danas rje\u0161avamo ovaj dugogodi\u0161nji problem i imamo priliku da se priklju\u010dimo na vodovod Crno vrelo, a u\u010denici, njih 292 u centralnoj \u0161koli \u0107e od danas imati vodu za pi\u0107e koju su do sada kupovali ili donosili od ku\u0107e&#8221;, rekao je Beri\u0107.<\/p>\n<p>Kao \u0161to je gradona\u010delnik ju\u010de izjavio, Grad \u0107e preuzeti sve tro\u0161kove rje\u0161avanja ovog problema da bi se sistem osposobio i da djeca imaju pija\u0107u vodu.<\/p>\n<p><a href=\"https:\/\/www.prijedorgrad.org\/sr-EU\/vijesti-sadrzaj.html?vid=17916\" target=\"_blank\" rel=\"noopener\">prijedorgrad.org<\/a><\/p>\n<p><a href=\"https:\/\/www.prijedordanas.com\/wp-content\/uploads\/2023\/05\/prijedorgradorg-voda-os-vuk-karadzic-omarska-2.jpg\"><img loading=\"lazy\" decoding=\"async\" src=\"https:\/\/www.prijedordanas.com\/wp-content\/uploads\/2023\/05\/prijedorgradorg-voda-os-vuk-karadzic-omarska-2-300x225.jpg\" alt=\"\" width=\"300\" height=\"225\" class=\"alignleft size-medium wp-image-204607\" srcset=\"https:\/\/www.prijedordanas.com\/wp-content\/uploads\/2023\/05\/prijedorgradorg-voda-os-vuk-karadzic-omarska-2-300x225.jpg 300w, https:\/\/www.prijedordanas.com\/wp-content\/uploads\/2023\/05\/prijedorgradorg-voda-os-vuk-karadzic-omarska-2.jpg 600w\" sizes=\"(max-width: 300px) 100vw, 300px\" \/><\/a> <a href=\"https:\/\/www.prijedordanas.com\/wp-content\/uploads\/2023\/05\/prijedorgradorg-voda-os-vuk-karadzic-omarska-4.jpg\"><img loading=\"lazy\" decoding=\"async\" src=\"https:\/\/www.prijedordanas.com\/wp-content\/uploads\/2023\/05\/prijedorgradorg-voda-os-vuk-karadzic-omarska-4-300x225.jpg\" alt=\"\" width=\"300\" height=\"225\" class=\"alignleft size-medium wp-image-204608\" srcset=\"https:\/\/www.prijedordanas.com\/wp-content\/uploads\/2023\/05\/prijedorgradorg-voda-os-vuk-karadzic-omarska-4-300x225.jpg 300w, https:\/\/www.prijedordanas.com\/wp-content\/uploads\/2023\/05\/prijedorgradorg-voda-os-vuk-karadzic-omarska-4.jpg 600w\" sizes=\"(max-width: 300px) 100vw, 300px\" \/><\/a> <a href=\"https:\/\/www.prijedordanas.com\/wp-content\/uploads\/2023\/05\/prijedorgradorg-voda-os-vuk-karadzic-omarska-5.jpg\"><img loading=\"lazy\" decoding=\"async\" src=\"https:\/\/www.prijedordanas.com\/wp-content\/uploads\/2023\/05\/prijedorgradorg-voda-os-vuk-karadzic-omarska-5-300x225.jpg\" alt=\"\" width=\"300\" height=\"225\" class=\"alignleft size-medium wp-image-204609\" srcset=\"https:\/\/www.prijedordanas.com\/wp-content\/uploads\/2023\/05\/prijedorgradorg-voda-os-vuk-karadzic-omarska-5-300x225.jpg 300w, https:\/\/www.prijedordanas.com\/wp-content\/uploads\/2023\/05\/prijedorgradorg-voda-os-vuk-karadzic-omarska-5.jpg 600w\" sizes=\"(max-width: 300px) 100vw, 300px\" \/><\/a> <a href=\"https:\/\/www.prijedordanas.com\/wp-content\/uploads\/2023\/05\/prijedorgradorg-voda-os-vuk-karadzic-omarska-3.jpg\"><img loading=\"lazy\" decoding=\"async\" src=\"https:\/\/www.prijedordanas.com\/wp-content\/uploads\/2023\/05\/prijedorgradorg-voda-os-vuk-karadzic-omarska-3-300x225.jpg\" alt=\"\" width=\"300\" height=\"225\" class=\"alignleft size-medium wp-image-204610\" srcset=\"https:\/\/www.prijedordanas.com\/wp-content\/uploads\/2023\/05\/prijedorgradorg-voda-os-vuk-karadzic-omarska-3-300x225.jpg 300w, https:\/\/www.prijedordanas.com\/wp-content\/uploads\/2023\/05\/prijedorgradorg-voda-os-vuk-karadzic-omarska-3.jpg 600w\" sizes=\"(max-width: 300px) 100vw, 300px\" \/><\/a><\/p>\n","protected":false},"excerpt":{"rendered":"<p>Gradona\u010delnik Prijedora Slobodan Javor obi\u0161ao je Osnovnu \u0161kolu &#8220;Vuk Karad\u017ei\u0107&#8221; u Omarskoj gdje se uvjerio da su preduzete konkretne aktivnosti da se \u0161kola ve\u0107 danas priklju\u010di na vodovod Crno vrelo [&hellip;]<\/p>\n","protected":false},"author":1,"featured_media":0,"comment_status":"closed","ping_status":"open","sticky":false,"template":"","format":"standard","meta":{"_monsterinsights_skip_tracking":false,"_monsterinsights_sitenote_active":false,"_monsterinsights_sitenote_note":"","_monsterinsights_sitenote_category":0,"footnotes":""},"categories":[4],"tags":[],"yoast_head":"<!-- This site is optimized with the Yoast SEO plugin v21.6 - https:\/\/yoast.com\/wordpress\/plugins\/seo\/ -->\n<title>Od danas voda za pi\u0107e za 292 \u0111aka centralne \u0161kole &quot;Vuk Karad\u017ei\u0107&quot; u Omarskoj - FOTO - PrijedorDanas.com - Prijedorski gradski portal<\/title>\n<meta name=\"robots\" content=\"index, follow, max-snippet:-1, max-image-preview:large, max-video-preview:-1\" \/>\n<link rel=\"canonical\" href=\"https:\/\/www.prijedordanas.com\/?p=204604\" \/>\n<meta property=\"og:locale\" content=\"en_US\" \/>\n<meta property=\"og:type\" content=\"article\" \/>\n<meta property=\"og:title\" content=\"Od danas voda za pi\u0107e za 292 \u0111aka centralne \u0161kole &quot;Vuk Karad\u017ei\u0107&quot; u Omarskoj - FOTO - PrijedorDanas.com - Prijedorski gradski portal\" \/>\n<meta property=\"og:description\" content=\"Gradona\u010delnik Prijedora Slobodan Javor obi\u0161ao je Osnovnu \u0161kolu &#8220;Vuk Karad\u017ei\u0107&#8221; u Omarskoj gdje se uvjerio da su preduzete konkretne aktivnosti da se \u0161kola ve\u0107 danas priklju\u010di na vodovod Crno vrelo [&hellip;]\" \/>\n<meta property=\"og:url\" content=\"https:\/\/www.prijedordanas.com\/?p=204604\" \/>\n<meta property=\"og:site_name\" content=\"PrijedorDanas.com - Prijedorski gradski portal\" \/>\n<meta property=\"article:publisher\" content=\"https:\/\/www.facebook.com\/PrijedorDanasCom\/\" \/>\n<meta property=\"article:published_time\" content=\"2023-05-05T12:24:49+00:00\" \/>\n<meta property=\"og:image\" content=\"https:\/\/www.prijedordanas.com\/wp-content\/uploads\/2023\/05\/prijedorgradorg-voda-os-vuk-karadzic-omarska-1-300x225.jpg\" \/>\n<meta name=\"author\" content=\"admin\" \/>\n<meta name=\"twitter:card\" content=\"summary_large_image\" \/>\n<meta name=\"twitter:label1\" content=\"Written by\" \/>\n\t<meta name=\"twitter:data1\" content=\"admin\" \/>\n\t<meta name=\"twitter:label2\" content=\"Est. reading time\" \/>\n\t<meta name=\"twitter:data2\" content=\"2 minutes\" \/>\n<script type=\"application\/ld+json\" class=\"yoast-schema-graph\">{\"@context\":\"https:\/\/schema.org\",\"@graph\":[{\"@type\":\"Article\",\"@id\":\"https:\/\/www.prijedordanas.com\/?p=204604#article\",\"isPartOf\":{\"@id\":\"https:\/\/www.prijedordanas.com\/?p=204604\"},\"author\":{\"name\":\"admin\",\"@id\":\"https:\/\/www.prijedordanas.com\/#\/schema\/person\/4e08ccf29b506ca916ff86d46bb700e6\"},\"headline\":\"Od danas voda za pi\u0107e za 292 \u0111aka centralne \u0161kole &#8220;Vuk Karad\u017ei\u0107&#8221; u Omarskoj &#8211; FOTO\",\"datePublished\":\"2023-05-05T12:24:49+00:00\",\"dateModified\":\"2023-05-05T12:24:49+00:00\",\"mainEntityOfPage\":{\"@id\":\"https:\/\/www.prijedordanas.com\/?p=204604\"},\"wordCount\":350,\"publisher\":{\"@id\":\"https:\/\/www.prijedordanas.com\/#organization\"},\"articleSection\":[\"Dru\u0161tvo\"],\"inLanguage\":\"en-US\"},{\"@type\":\"WebPage\",\"@id\":\"https:\/\/www.prijedordanas.com\/?p=204604\",\"url\":\"https:\/\/www.prijedordanas.com\/?p=204604\",\"name\":\"Od danas voda za pi\u0107e za 292 \u0111aka centralne \u0161kole \\\"Vuk Karad\u017ei\u0107\\\" u Omarskoj - FOTO - PrijedorDanas.com - Prijedorski gradski portal\",\"isPartOf\":{\"@id\":\"https:\/\/www.prijedordanas.com\/#website\"},\"datePublished\":\"2023-05-05T12:24:49+00:00\",\"dateModified\":\"2023-05-05T12:24:49+00:00\",\"breadcrumb\":{\"@id\":\"https:\/\/www.prijedordanas.com\/?p=204604#breadcrumb\"},\"inLanguage\":\"en-US\",\"potentialAction\":[{\"@type\":\"ReadAction\",\"target\":[\"https:\/\/www.prijedordanas.com\/?p=204604\"]}]},{\"@type\":\"BreadcrumbList\",\"@id\":\"https:\/\/www.prijedordanas.com\/?p=204604#breadcrumb\",\"itemListElement\":[{\"@type\":\"ListItem\",\"position\":1,\"name\":\"Home\",\"item\":\"https:\/\/www.prijedordanas.com\/\"},{\"@type\":\"ListItem\",\"position\":2,\"name\":\"Od danas voda za pi\u0107e za 292 \u0111aka centralne \u0161kole &#8220;Vuk Karad\u017ei\u0107&#8221; u Omarskoj &#8211; FOTO\"}]},{\"@type\":\"WebSite\",\"@id\":\"https:\/\/www.prijedordanas.com\/#website\",\"url\":\"https:\/\/www.prijedordanas.com\/\",\"name\":\"PrijedorDanas.com - Prijedorski gradski portal\",\"description\":\"Portal o doga\u0111anjima u gradu Prijedoru\",\"publisher\":{\"@id\":\"https:\/\/www.prijedordanas.com\/#organization\"},\"potentialAction\":[{\"@type\":\"SearchAction\",\"target\":{\"@type\":\"EntryPoint\",\"urlTemplate\":\"https:\/\/www.prijedordanas.com\/?s={search_term_string}\"},\"query-input\":\"required name=search_term_string\"}],\"inLanguage\":\"en-US\"},{\"@type\":\"Organization\",\"@id\":\"https:\/\/www.prijedordanas.com\/#organization\",\"name\":\"PrijedorDanas.com\",\"url\":\"https:\/\/www.prijedordanas.com\/\",\"logo\":{\"@type\":\"ImageObject\",\"inLanguage\":\"en-US\",\"@id\":\"https:\/\/www.prijedordanas.com\/#\/schema\/logo\/image\/\",\"url\":\"http:\/\/www.prijedordanas.com\/wp-content\/uploads\/2021\/12\/logopng.png\",\"contentUrl\":\"http:\/\/www.prijedordanas.com\/wp-content\/uploads\/2021\/12\/logopng.png\",\"width\":1019,\"height\":776,\"caption\":\"PrijedorDanas.com\"},\"image\":{\"@id\":\"https:\/\/www.prijedordanas.com\/#\/schema\/logo\/image\/\"},\"sameAs\":[\"https:\/\/www.facebook.com\/PrijedorDanasCom\/\"]},{\"@type\":\"Person\",\"@id\":\"https:\/\/www.prijedordanas.com\/#\/schema\/person\/4e08ccf29b506ca916ff86d46bb700e6\",\"name\":\"admin\",\"image\":{\"@type\":\"ImageObject\",\"inLanguage\":\"en-US\",\"@id\":\"https:\/\/www.prijedordanas.com\/#\/schema\/person\/image\/\",\"url\":\"https:\/\/secure.gravatar.com\/avatar\/1d3fc949d550f0b53a5f0d51e06dfd79?s=96&d=mm&r=g\",\"contentUrl\":\"https:\/\/secure.gravatar.com\/avatar\/1d3fc949d550f0b53a5f0d51e06dfd79?s=96&d=mm&r=g\",\"caption\":\"admin\"},\"url\":\"https:\/\/www.prijedordanas.com\/?author=1\"}]}<\/script>\n<!-- \/ Yoast SEO plugin. -->","yoast_head_json":{"title":"Od danas voda za pi\u0107e za 292 \u0111aka centralne \u0161kole \"Vuk Karad\u017ei\u0107\" u Omarskoj - FOTO - PrijedorDanas.com - Prijedorski gradski portal","robots":{"index":"index","follow":"follow","max-snippet":"max-snippet:-1","max-image-preview":"max-image-preview:large","max-video-preview":"max-video-preview:-1"},"canonical":"https:\/\/www.prijedordanas.com\/?p=204604","og_locale":"en_US","og_type":"article","og_title":"Od danas voda za pi\u0107e za 292 \u0111aka centralne \u0161kole \"Vuk Karad\u017ei\u0107\" u Omarskoj - FOTO - PrijedorDanas.com - Prijedorski gradski portal","og_description":"Gradona\u010delnik Prijedora Slobodan Javor obi\u0161ao je Osnovnu \u0161kolu &#8220;Vuk Karad\u017ei\u0107&#8221; u Omarskoj gdje se uvjerio da su preduzete konkretne aktivnosti da se \u0161kola ve\u0107 danas priklju\u010di na vodovod Crno vrelo [&hellip;]","og_url":"https:\/\/www.prijedordanas.com\/?p=204604","og_site_name":"PrijedorDanas.com - Prijedorski gradski portal","article_publisher":"https:\/\/www.facebook.com\/PrijedorDanasCom\/","article_published_time":"2023-05-05T12:24:49+00:00","og_image":[{"url":"https:\/\/www.prijedordanas.com\/wp-content\/uploads\/2023\/05\/prijedorgradorg-voda-os-vuk-karadzic-omarska-1-300x225.jpg"}],"author":"admin","twitter_card":"summary_large_image","twitter_misc":{"Written by":"admin","Est. reading time":"2 minutes"},"schema":{"@context":"https:\/\/schema.org","@graph":[{"@type":"Article","@id":"https:\/\/www.prijedordanas.com\/?p=204604#article","isPartOf":{"@id":"https:\/\/www.prijedordanas.com\/?p=204604"},"author":{"name":"admin","@id":"https:\/\/www.prijedordanas.com\/#\/schema\/person\/4e08ccf29b506ca916ff86d46bb700e6"},"headline":"Od danas voda za pi\u0107e za 292 \u0111aka centralne \u0161kole &#8220;Vuk Karad\u017ei\u0107&#8221; u Omarskoj &#8211; FOTO","datePublished":"2023-05-05T12:24:49+00:00","dateModified":"2023-05-05T12:24:49+00:00","mainEntityOfPage":{"@id":"https:\/\/www.prijedordanas.com\/?p=204604"},"wordCount":350,"publisher":{"@id":"https:\/\/www.prijedordanas.com\/#organization"},"articleSection":["Dru\u0161tvo"],"inLanguage":"en-US"},{"@type":"WebPage","@id":"https:\/\/www.prijedordanas.com\/?p=204604","url":"https:\/\/www.prijedordanas.com\/?p=204604","name":"Od danas voda za pi\u0107e za 292 \u0111aka centralne \u0161kole \"Vuk Karad\u017ei\u0107\" u Omarskoj - FOTO - PrijedorDanas.com - Prijedorski gradski portal","isPartOf":{"@id":"https:\/\/www.prijedordanas.com\/#website"},"datePublished":"2023-05-05T12:24:49+00:00","dateModified":"2023-05-05T12:24:49+00:00","breadcrumb":{"@id":"https:\/\/www.prijedordanas.com\/?p=204604#breadcrumb"},"inLanguage":"en-US","potentialAction":[{"@type":"ReadAction","target":["https:\/\/www.prijedordanas.com\/?p=204604"]}]},{"@type":"BreadcrumbList","@id":"https:\/\/www.prijedordanas.com\/?p=204604#breadcrumb","itemListElement":[{"@type":"ListItem","position":1,"name":"Home","item":"https:\/\/www.prijedordanas.com\/"},{"@type":"ListItem","position":2,"name":"Od danas voda za pi\u0107e za 292 \u0111aka centralne \u0161kole &#8220;Vuk Karad\u017ei\u0107&#8221; u Omarskoj &#8211; FOTO"}]},{"@type":"WebSite","@id":"https:\/\/www.prijedordanas.com\/#website","url":"https:\/\/www.prijedordanas.com\/","name":"PrijedorDanas.com - Prijedorski gradski portal","description":"Portal o doga\u0111anjima u gradu Prijedoru","publisher":{"@id":"https:\/\/www.prijedordanas.com\/#organization"},"potentialAction":[{"@type":"SearchAction","target":{"@type":"EntryPoint","urlTemplate":"https:\/\/www.prijedordanas.com\/?s={search_term_string}"},"query-input":"required name=search_term_string"}],"inLanguage":"en-US"},{"@type":"Organization","@id":"https:\/\/www.prijedordanas.com\/#organization","name":"PrijedorDanas.com","url":"https:\/\/www.prijedordanas.com\/","logo":{"@type":"ImageObject","inLanguage":"en-US","@id":"https:\/\/www.prijedordanas.com\/#\/schema\/logo\/image\/","url":"http:\/\/www.prijedordanas.com\/wp-content\/uploads\/2021\/12\/logopng.png","contentUrl":"http:\/\/www.prijedordanas.com\/wp-content\/uploads\/2021\/12\/logopng.png","width":1019,"height":776,"caption":"PrijedorDanas.com"},"image":{"@id":"https:\/\/www.prijedordanas.com\/#\/schema\/logo\/image\/"},"sameAs":["https:\/\/www.facebook.com\/PrijedorDanasCom\/"]},{"@type":"Person","@id":"https:\/\/www.prijedordanas.com\/#\/schema\/person\/4e08ccf29b506ca916ff86d46bb700e6","name":"admin","image":{"@type":"ImageObject","inLanguage":"en-US","@id":"https:\/\/www.prijedordanas.com\/#\/schema\/person\/image\/","url":"https:\/\/secure.gravatar.com\/avatar\/1d3fc949d550f0b53a5f0d51e06dfd79?s=96&d=mm&r=g","contentUrl":"https:\/\/secure.gravatar.com\/avatar\/1d3fc949d550f0b53a5f0d51e06dfd79?s=96&d=mm&r=g","caption":"admin"},"url":"https:\/\/www.prijedordanas.com\/?author=1"}]}},"_links":{"self":[{"href":"https:\/\/www.prijedordanas.com\/index.php?rest_route=\/wp\/v2\/posts\/204604"}],"collection":[{"href":"https:\/\/www.prijedordanas.com\/index.php?rest_route=\/wp\/v2\/posts"}],"about":[{"href":"https:\/\/www.prijedordanas.com\/index.php?rest_route=\/wp\/v2\/types\/post"}],"author":[{"embeddable":true,"href":"https:\/\/www.prijedordanas.com\/index.php?rest_route=\/wp\/v2\/users\/1"}],"replies":[{"embeddable":true,"href":"https:\/\/www.prijedordanas.com\/index.php?rest_route=%2Fwp%2Fv2%2Fcomments&post=204604"}],"version-history":[{"count":1,"href":"https:\/\/www.prijedordanas.com\/index.php?rest_route=\/wp\/v2\/posts\/204604\/revisions"}],"predecessor-version":[{"id":204611,"href":"https:\/\/www.prijedordanas.com\/index.php?rest_route=\/wp\/v2\/posts\/204604\/revisions\/204611"}],"wp:attachment":[{"href":"https:\/\/www.prijedordanas.com\/index.php?rest_route=%2Fwp%2Fv2%2Fmedia&parent=204604"}],"wp:term":[{"taxonomy":"category","embeddable":true,"href":"https:\/\/www.prijedordanas.com\/index.php?rest_route=%2Fwp%2Fv2%2Fcategories&post=204604"},{"taxonomy":"post_tag","embeddable":true,"href":"https:\/\/www.prijedordanas.com\/index.php?rest_route=%2Fwp%2Fv2%2Ftags&post=204604"}],"curies":[{"name":"wp","href":"https:\/\/api.w.org\/{rel}","templated":true}]}}