{"id":204436,"date":"2023-04-13T10:43:47","date_gmt":"2023-04-13T08:43:47","guid":{"rendered":"https:\/\/www.prijedordanas.com\/?p=204436"},"modified":"2023-05-01T04:06:58","modified_gmt":"2023-05-01T02:06:58","slug":"odrzana-2-traktorijada-u-prijedoru-foto-video","status":"publish","type":"post","link":"https:\/\/www.prijedordanas.com\/?p=204436","title":{"rendered":"Odr\u017eana 2. Traktorijada u Prijedoru &#8211; FOTO\/VIDEO"},"content":{"rendered":"<p><a href=\"https:\/\/www.prijedordanas.com\/wp-content\/uploads\/2023\/05\/traktorijada-prijedor-1.jpg\"><img loading=\"lazy\" decoding=\"async\" class=\"alignleft size-medium wp-image-204437\" src=\"https:\/\/www.prijedordanas.com\/wp-content\/uploads\/2023\/05\/traktorijada-prijedor-1-300x225.jpg\" alt=\"\" width=\"300\" height=\"225\" srcset=\"https:\/\/www.prijedordanas.com\/wp-content\/uploads\/2023\/05\/traktorijada-prijedor-1-300x225.jpg 300w, https:\/\/www.prijedordanas.com\/wp-content\/uploads\/2023\/05\/traktorijada-prijedor-1-640x480.jpg 640w, https:\/\/www.prijedordanas.com\/wp-content\/uploads\/2023\/05\/traktorijada-prijedor-1.jpg 667w\" sizes=\"(max-width: 300px) 100vw, 300px\" \/><\/a>Brojni zaljubljenici u radne ma\u0161ine traktore okupili su se na Drugoj me\u0111unarodnoj traktorijadi u Prijedoru koja je pro\u0161la u znaku prijateljskog dru\u017eenja i trgovine.<\/p>\n<p>Najbolji voza\u010di takmi\u010dili su se u najatraktivnijoj disciplini navla\u010denje traktora gdje je najja\u010di traktor drugu godinu zaredom imao Pe\u0111a Duki\u0107 iz Kne\u017eeva.<\/p>\n<p>Ki\u0161an dan nije sprije\u010dio brojne zaljubljenike u radne ma\u0161ine-traktore koji su prodefilovali gradom na Sani.<\/p>\n<p><a href=\"https:\/\/www.prijedordanas.com\/wp-content\/uploads\/2023\/05\/traktorijada-prijedor-3.jpg\"><img loading=\"lazy\" decoding=\"async\" class=\"alignleft size-medium wp-image-204438\" src=\"https:\/\/www.prijedordanas.com\/wp-content\/uploads\/2023\/05\/traktorijada-prijedor-3-300x225.jpg\" alt=\"\" width=\"300\" height=\"225\" srcset=\"https:\/\/www.prijedordanas.com\/wp-content\/uploads\/2023\/05\/traktorijada-prijedor-3-300x225.jpg 300w, https:\/\/www.prijedordanas.com\/wp-content\/uploads\/2023\/05\/traktorijada-prijedor-3-640x480.jpg 640w, https:\/\/www.prijedordanas.com\/wp-content\/uploads\/2023\/05\/traktorijada-prijedor-3.jpg 667w\" sizes=\"(max-width: 300px) 100vw, 300px\" \/><\/a>Bilo ih je raznih modela sa jednom ili dvije vu\u010de te razli\u010dite snage.<\/p>\n<p>Takmi\u010dili su se u najatraktivnijoj disciplini navla\u010dnje trakotra koja prosto publiku podi\u017ee do usijanja.<\/p>\n<p>Adrenalin proradi kad sudija spusti zastavicu i ozna\u010di start.<\/p>\n<p>Iz godine u godinu ovakvi susreti postaju sve posje\u0107eniji i ljudi se prepu\u0161taju nezaboravnom do\u017eivljaju uz zvukove ove te\u0161ke ma\u0161ine.<\/p>\n<p>Mnogi posjetioci dolaze da bi vidjeli sajamsku izlo\u017ebu traktora na kojoj se uvijek trguje i ljudi koriste ovakve doga\u0111aje da se domognu dobra traktora koga su spremni izda\u0161no i platiti.<\/p>\n<p><a href=\"https:\/\/www.prijedordanas.com\/wp-content\/uploads\/2023\/05\/traktorijada-prijedor-4.jpg\"><img loading=\"lazy\" decoding=\"async\" class=\"alignleft size-medium wp-image-204439\" src=\"https:\/\/www.prijedordanas.com\/wp-content\/uploads\/2023\/05\/traktorijada-prijedor-4-300x225.jpg\" alt=\"\" width=\"300\" height=\"225\" srcset=\"https:\/\/www.prijedordanas.com\/wp-content\/uploads\/2023\/05\/traktorijada-prijedor-4-300x225.jpg 300w, https:\/\/www.prijedordanas.com\/wp-content\/uploads\/2023\/05\/traktorijada-prijedor-4-640x480.jpg 640w, https:\/\/www.prijedordanas.com\/wp-content\/uploads\/2023\/05\/traktorijada-prijedor-4.jpg 667w\" sizes=\"(max-width: 300px) 100vw, 300px\" \/><\/a>Organizatori na susretu traktorista imaju veliki posao, gradnju arene te odabir muzike koja je sastavni dio ovakvih narodnih manifestacija.<\/p>\n<p>Zadovoljni voza\u010di njihova je satisfakcija da je doga\u0111aj uspio i da ima odli\u010dnu perspektivu da preraste u tradiciju.<\/p>\n<p>Najboljim voza\u010dima obezbje\u0111ene su vrijedne nagrade sa peharima i diploma.<\/p>\n<p>Iz Prijedora sa piste Celpaka gdje se odr\u017eavala ovonedjeljna traktorijada svi su oti\u0161li zadovoljni.<\/p>\n<p>Raspjevani kraji\u0161ki bend Bra\u0107a Leki\u0107i i folk diva Marica sve su ostavili zadivljenim da su prisutni posjetioci iz publike komentarisali &#8220;Gdje nam je sljede\u0107i susret&#8221;?<\/p>\n<p>I tako iz vikenda u vikend ljudi zaboravljaju na probleme i surovu svakodnevnicu prepu\u0161taju\u0107i se sve zanimljivijim traktorijadama u koje se ula\u017ee puno da bi one opstale i postale na\u0161a zajedni\u010dka ostav\u0161tina.<\/p>\n<p>Stanislav Jakica<\/p>\n<p><a href=\"https:\/\/www.prijedordanas.com\/wp-content\/uploads\/2023\/05\/jakica-traktorijada-prijedor-2023-1.jpg\"><img loading=\"lazy\" decoding=\"async\" src=\"https:\/\/www.prijedordanas.com\/wp-content\/uploads\/2023\/05\/jakica-traktorijada-prijedor-2023-1-300x140.jpg\" alt=\"\" width=\"300\" height=\"140\" class=\"alignleft size-medium wp-image-204440\" srcset=\"https:\/\/www.prijedordanas.com\/wp-content\/uploads\/2023\/05\/jakica-traktorijada-prijedor-2023-1-300x140.jpg 300w, https:\/\/www.prijedordanas.com\/wp-content\/uploads\/2023\/05\/jakica-traktorijada-prijedor-2023-1.jpg 600w\" sizes=\"(max-width: 300px) 100vw, 300px\" \/><\/a> <a href=\"https:\/\/www.prijedordanas.com\/wp-content\/uploads\/2023\/05\/jakica-traktorijada-prijedor-2023-2.jpg\"><img loading=\"lazy\" decoding=\"async\" src=\"https:\/\/www.prijedordanas.com\/wp-content\/uploads\/2023\/05\/jakica-traktorijada-prijedor-2023-2-300x140.jpg\" alt=\"\" width=\"300\" height=\"140\" class=\"alignleft size-medium wp-image-204441\" srcset=\"https:\/\/www.prijedordanas.com\/wp-content\/uploads\/2023\/05\/jakica-traktorijada-prijedor-2023-2-300x140.jpg 300w, https:\/\/www.prijedordanas.com\/wp-content\/uploads\/2023\/05\/jakica-traktorijada-prijedor-2023-2.jpg 600w\" sizes=\"(max-width: 300px) 100vw, 300px\" \/><\/a> <a href=\"https:\/\/www.prijedordanas.com\/wp-content\/uploads\/2023\/05\/jakica-traktorijada-prijedor-2023-3.jpg\"><img loading=\"lazy\" decoding=\"async\" src=\"https:\/\/www.prijedordanas.com\/wp-content\/uploads\/2023\/05\/jakica-traktorijada-prijedor-2023-3-300x140.jpg\" alt=\"\" width=\"300\" height=\"140\" class=\"alignleft size-medium wp-image-204442\" srcset=\"https:\/\/www.prijedordanas.com\/wp-content\/uploads\/2023\/05\/jakica-traktorijada-prijedor-2023-3-300x140.jpg 300w, https:\/\/www.prijedordanas.com\/wp-content\/uploads\/2023\/05\/jakica-traktorijada-prijedor-2023-3.jpg 600w\" sizes=\"(max-width: 300px) 100vw, 300px\" \/><\/a> <a href=\"https:\/\/www.prijedordanas.com\/wp-content\/uploads\/2023\/05\/jakica-traktorijada-prijedor-2023-4.jpg\"><img loading=\"lazy\" decoding=\"async\" src=\"https:\/\/www.prijedordanas.com\/wp-content\/uploads\/2023\/05\/jakica-traktorijada-prijedor-2023-4-300x140.jpg\" alt=\"\" width=\"300\" height=\"140\" class=\"alignleft size-medium wp-image-204443\" srcset=\"https:\/\/www.prijedordanas.com\/wp-content\/uploads\/2023\/05\/jakica-traktorijada-prijedor-2023-4-300x140.jpg 300w, https:\/\/www.prijedordanas.com\/wp-content\/uploads\/2023\/05\/jakica-traktorijada-prijedor-2023-4.jpg 600w\" sizes=\"(max-width: 300px) 100vw, 300px\" \/><\/a> <a href=\"https:\/\/www.prijedordanas.com\/wp-content\/uploads\/2023\/05\/traktorijada-prijedor-2.jpg\"><img loading=\"lazy\" decoding=\"async\" src=\"https:\/\/www.prijedordanas.com\/wp-content\/uploads\/2023\/05\/traktorijada-prijedor-2-225x300.jpg\" alt=\"\" width=\"225\" height=\"300\" class=\"alignleft size-medium wp-image-204444\" srcset=\"https:\/\/www.prijedordanas.com\/wp-content\/uploads\/2023\/05\/traktorijada-prijedor-2-225x300.jpg 225w, https:\/\/www.prijedordanas.com\/wp-content\/uploads\/2023\/05\/traktorijada-prijedor-2.jpg 450w\" sizes=\"(max-width: 225px) 100vw, 225px\" \/><\/a> <a href=\"https:\/\/www.prijedordanas.com\/wp-content\/uploads\/2023\/05\/traktorijada-prijedor-5.jpg\"><img loading=\"lazy\" decoding=\"async\" src=\"https:\/\/www.prijedordanas.com\/wp-content\/uploads\/2023\/05\/traktorijada-prijedor-5-225x300.jpg\" alt=\"\" width=\"225\" height=\"300\" class=\"alignleft size-medium wp-image-204445\" srcset=\"https:\/\/www.prijedordanas.com\/wp-content\/uploads\/2023\/05\/traktorijada-prijedor-5-225x300.jpg 225w, https:\/\/www.prijedordanas.com\/wp-content\/uploads\/2023\/05\/traktorijada-prijedor-5.jpg 450w\" sizes=\"(max-width: 225px) 100vw, 225px\" \/><\/a><\/p>\n<p><iframe loading=\"lazy\" title=\"-ODR\u017dANA DRUGA ME\u0110UNARODNA TRAKTORIJADA U PRIJEDORU -\" width=\"500\" height=\"281\" src=\"https:\/\/www.youtube.com\/embed\/5hekzINq-wU?feature=oembed\" frameborder=\"0\" allow=\"accelerometer; autoplay; clipboard-write; encrypted-media; gyroscope; picture-in-picture; web-share\" allowfullscreen><\/iframe><\/p>\n","protected":false},"excerpt":{"rendered":"<p>Brojni zaljubljenici u radne ma\u0161ine traktore okupili su se na Drugoj me\u0111unarodnoj traktorijadi u Prijedoru koja je pro\u0161la u znaku prijateljskog dru\u017eenja i trgovine. Najbolji voza\u010di takmi\u010dili su se u [&hellip;]<\/p>\n","protected":false},"author":1,"featured_media":0,"comment_status":"closed","ping_status":"open","sticky":false,"template":"","format":"standard","meta":{"_monsterinsights_skip_tracking":false,"_monsterinsights_sitenote_active":false,"_monsterinsights_sitenote_note":"","_monsterinsights_sitenote_category":0,"footnotes":""},"categories":[3],"tags":[],"yoast_head":"<!-- This site is optimized with the Yoast SEO plugin v21.6 - https:\/\/yoast.com\/wordpress\/plugins\/seo\/ -->\n<title>Odr\u017eana 2. Traktorijada u Prijedoru - FOTO\/VIDEO - PrijedorDanas.com - Prijedorski gradski portal<\/title>\n<meta name=\"robots\" content=\"index, follow, max-snippet:-1, max-image-preview:large, max-video-preview:-1\" \/>\n<link rel=\"canonical\" href=\"https:\/\/www.prijedordanas.com\/?p=204436\" \/>\n<meta property=\"og:locale\" content=\"en_US\" \/>\n<meta property=\"og:type\" content=\"article\" \/>\n<meta property=\"og:title\" content=\"Odr\u017eana 2. Traktorijada u Prijedoru - FOTO\/VIDEO - PrijedorDanas.com - Prijedorski gradski portal\" \/>\n<meta property=\"og:description\" content=\"Brojni zaljubljenici u radne ma\u0161ine traktore okupili su se na Drugoj me\u0111unarodnoj traktorijadi u Prijedoru koja je pro\u0161la u znaku prijateljskog dru\u017eenja i trgovine. Najbolji voza\u010di takmi\u010dili su se u [&hellip;]\" \/>\n<meta property=\"og:url\" content=\"https:\/\/www.prijedordanas.com\/?p=204436\" \/>\n<meta property=\"og:site_name\" content=\"PrijedorDanas.com - Prijedorski gradski portal\" \/>\n<meta property=\"article:publisher\" content=\"https:\/\/www.facebook.com\/PrijedorDanasCom\/\" \/>\n<meta property=\"article:published_time\" content=\"2023-04-13T08:43:47+00:00\" \/>\n<meta property=\"article:modified_time\" content=\"2023-05-01T02:06:58+00:00\" \/>\n<meta property=\"og:image\" content=\"https:\/\/www.prijedordanas.com\/wp-content\/uploads\/2023\/05\/traktorijada-prijedor-1-300x225.jpg\" \/>\n<meta name=\"author\" content=\"admin\" \/>\n<meta name=\"twitter:card\" content=\"summary_large_image\" \/>\n<meta name=\"twitter:label1\" content=\"Written by\" \/>\n\t<meta name=\"twitter:data1\" content=\"admin\" \/>\n\t<meta name=\"twitter:label2\" content=\"Est. reading time\" \/>\n\t<meta name=\"twitter:data2\" content=\"2 minutes\" \/>\n<script type=\"application\/ld+json\" class=\"yoast-schema-graph\">{\"@context\":\"https:\/\/schema.org\",\"@graph\":[{\"@type\":\"Article\",\"@id\":\"https:\/\/www.prijedordanas.com\/?p=204436#article\",\"isPartOf\":{\"@id\":\"https:\/\/www.prijedordanas.com\/?p=204436\"},\"author\":{\"name\":\"admin\",\"@id\":\"https:\/\/www.prijedordanas.com\/#\/schema\/person\/4e08ccf29b506ca916ff86d46bb700e6\"},\"headline\":\"Odr\u017eana 2. Traktorijada u Prijedoru &#8211; FOTO\/VIDEO\",\"datePublished\":\"2023-04-13T08:43:47+00:00\",\"dateModified\":\"2023-05-01T02:06:58+00:00\",\"mainEntityOfPage\":{\"@id\":\"https:\/\/www.prijedordanas.com\/?p=204436\"},\"wordCount\":323,\"publisher\":{\"@id\":\"https:\/\/www.prijedordanas.com\/#organization\"},\"articleSection\":[\"\u017divot\"],\"inLanguage\":\"en-US\"},{\"@type\":\"WebPage\",\"@id\":\"https:\/\/www.prijedordanas.com\/?p=204436\",\"url\":\"https:\/\/www.prijedordanas.com\/?p=204436\",\"name\":\"Odr\u017eana 2. Traktorijada u Prijedoru - FOTO\/VIDEO - PrijedorDanas.com - Prijedorski gradski portal\",\"isPartOf\":{\"@id\":\"https:\/\/www.prijedordanas.com\/#website\"},\"datePublished\":\"2023-04-13T08:43:47+00:00\",\"dateModified\":\"2023-05-01T02:06:58+00:00\",\"breadcrumb\":{\"@id\":\"https:\/\/www.prijedordanas.com\/?p=204436#breadcrumb\"},\"inLanguage\":\"en-US\",\"potentialAction\":[{\"@type\":\"ReadAction\",\"target\":[\"https:\/\/www.prijedordanas.com\/?p=204436\"]}]},{\"@type\":\"BreadcrumbList\",\"@id\":\"https:\/\/www.prijedordanas.com\/?p=204436#breadcrumb\",\"itemListElement\":[{\"@type\":\"ListItem\",\"position\":1,\"name\":\"Home\",\"item\":\"https:\/\/www.prijedordanas.com\/\"},{\"@type\":\"ListItem\",\"position\":2,\"name\":\"Odr\u017eana 2. Traktorijada u Prijedoru &#8211; FOTO\/VIDEO\"}]},{\"@type\":\"WebSite\",\"@id\":\"https:\/\/www.prijedordanas.com\/#website\",\"url\":\"https:\/\/www.prijedordanas.com\/\",\"name\":\"PrijedorDanas.com - Prijedorski gradski portal\",\"description\":\"Portal o doga\u0111anjima u gradu Prijedoru\",\"publisher\":{\"@id\":\"https:\/\/www.prijedordanas.com\/#organization\"},\"potentialAction\":[{\"@type\":\"SearchAction\",\"target\":{\"@type\":\"EntryPoint\",\"urlTemplate\":\"https:\/\/www.prijedordanas.com\/?s={search_term_string}\"},\"query-input\":\"required name=search_term_string\"}],\"inLanguage\":\"en-US\"},{\"@type\":\"Organization\",\"@id\":\"https:\/\/www.prijedordanas.com\/#organization\",\"name\":\"PrijedorDanas.com\",\"url\":\"https:\/\/www.prijedordanas.com\/\",\"logo\":{\"@type\":\"ImageObject\",\"inLanguage\":\"en-US\",\"@id\":\"https:\/\/www.prijedordanas.com\/#\/schema\/logo\/image\/\",\"url\":\"http:\/\/www.prijedordanas.com\/wp-content\/uploads\/2021\/12\/logopng.png\",\"contentUrl\":\"http:\/\/www.prijedordanas.com\/wp-content\/uploads\/2021\/12\/logopng.png\",\"width\":1019,\"height\":776,\"caption\":\"PrijedorDanas.com\"},\"image\":{\"@id\":\"https:\/\/www.prijedordanas.com\/#\/schema\/logo\/image\/\"},\"sameAs\":[\"https:\/\/www.facebook.com\/PrijedorDanasCom\/\"]},{\"@type\":\"Person\",\"@id\":\"https:\/\/www.prijedordanas.com\/#\/schema\/person\/4e08ccf29b506ca916ff86d46bb700e6\",\"name\":\"admin\",\"image\":{\"@type\":\"ImageObject\",\"inLanguage\":\"en-US\",\"@id\":\"https:\/\/www.prijedordanas.com\/#\/schema\/person\/image\/\",\"url\":\"https:\/\/secure.gravatar.com\/avatar\/1d3fc949d550f0b53a5f0d51e06dfd79?s=96&d=mm&r=g\",\"contentUrl\":\"https:\/\/secure.gravatar.com\/avatar\/1d3fc949d550f0b53a5f0d51e06dfd79?s=96&d=mm&r=g\",\"caption\":\"admin\"},\"url\":\"https:\/\/www.prijedordanas.com\/?author=1\"}]}<\/script>\n<!-- \/ Yoast SEO plugin. -->","yoast_head_json":{"title":"Odr\u017eana 2. Traktorijada u Prijedoru - FOTO\/VIDEO - PrijedorDanas.com - Prijedorski gradski portal","robots":{"index":"index","follow":"follow","max-snippet":"max-snippet:-1","max-image-preview":"max-image-preview:large","max-video-preview":"max-video-preview:-1"},"canonical":"https:\/\/www.prijedordanas.com\/?p=204436","og_locale":"en_US","og_type":"article","og_title":"Odr\u017eana 2. Traktorijada u Prijedoru - FOTO\/VIDEO - PrijedorDanas.com - Prijedorski gradski portal","og_description":"Brojni zaljubljenici u radne ma\u0161ine traktore okupili su se na Drugoj me\u0111unarodnoj traktorijadi u Prijedoru koja je pro\u0161la u znaku prijateljskog dru\u017eenja i trgovine. Najbolji voza\u010di takmi\u010dili su se u [&hellip;]","og_url":"https:\/\/www.prijedordanas.com\/?p=204436","og_site_name":"PrijedorDanas.com - Prijedorski gradski portal","article_publisher":"https:\/\/www.facebook.com\/PrijedorDanasCom\/","article_published_time":"2023-04-13T08:43:47+00:00","article_modified_time":"2023-05-01T02:06:58+00:00","og_image":[{"url":"https:\/\/www.prijedordanas.com\/wp-content\/uploads\/2023\/05\/traktorijada-prijedor-1-300x225.jpg"}],"author":"admin","twitter_card":"summary_large_image","twitter_misc":{"Written by":"admin","Est. reading time":"2 minutes"},"schema":{"@context":"https:\/\/schema.org","@graph":[{"@type":"Article","@id":"https:\/\/www.prijedordanas.com\/?p=204436#article","isPartOf":{"@id":"https:\/\/www.prijedordanas.com\/?p=204436"},"author":{"name":"admin","@id":"https:\/\/www.prijedordanas.com\/#\/schema\/person\/4e08ccf29b506ca916ff86d46bb700e6"},"headline":"Odr\u017eana 2. Traktorijada u Prijedoru &#8211; FOTO\/VIDEO","datePublished":"2023-04-13T08:43:47+00:00","dateModified":"2023-05-01T02:06:58+00:00","mainEntityOfPage":{"@id":"https:\/\/www.prijedordanas.com\/?p=204436"},"wordCount":323,"publisher":{"@id":"https:\/\/www.prijedordanas.com\/#organization"},"articleSection":["\u017divot"],"inLanguage":"en-US"},{"@type":"WebPage","@id":"https:\/\/www.prijedordanas.com\/?p=204436","url":"https:\/\/www.prijedordanas.com\/?p=204436","name":"Odr\u017eana 2. Traktorijada u Prijedoru - FOTO\/VIDEO - PrijedorDanas.com - Prijedorski gradski portal","isPartOf":{"@id":"https:\/\/www.prijedordanas.com\/#website"},"datePublished":"2023-04-13T08:43:47+00:00","dateModified":"2023-05-01T02:06:58+00:00","breadcrumb":{"@id":"https:\/\/www.prijedordanas.com\/?p=204436#breadcrumb"},"inLanguage":"en-US","potentialAction":[{"@type":"ReadAction","target":["https:\/\/www.prijedordanas.com\/?p=204436"]}]},{"@type":"BreadcrumbList","@id":"https:\/\/www.prijedordanas.com\/?p=204436#breadcrumb","itemListElement":[{"@type":"ListItem","position":1,"name":"Home","item":"https:\/\/www.prijedordanas.com\/"},{"@type":"ListItem","position":2,"name":"Odr\u017eana 2. Traktorijada u Prijedoru &#8211; FOTO\/VIDEO"}]},{"@type":"WebSite","@id":"https:\/\/www.prijedordanas.com\/#website","url":"https:\/\/www.prijedordanas.com\/","name":"PrijedorDanas.com - Prijedorski gradski portal","description":"Portal o doga\u0111anjima u gradu Prijedoru","publisher":{"@id":"https:\/\/www.prijedordanas.com\/#organization"},"potentialAction":[{"@type":"SearchAction","target":{"@type":"EntryPoint","urlTemplate":"https:\/\/www.prijedordanas.com\/?s={search_term_string}"},"query-input":"required name=search_term_string"}],"inLanguage":"en-US"},{"@type":"Organization","@id":"https:\/\/www.prijedordanas.com\/#organization","name":"PrijedorDanas.com","url":"https:\/\/www.prijedordanas.com\/","logo":{"@type":"ImageObject","inLanguage":"en-US","@id":"https:\/\/www.prijedordanas.com\/#\/schema\/logo\/image\/","url":"http:\/\/www.prijedordanas.com\/wp-content\/uploads\/2021\/12\/logopng.png","contentUrl":"http:\/\/www.prijedordanas.com\/wp-content\/uploads\/2021\/12\/logopng.png","width":1019,"height":776,"caption":"PrijedorDanas.com"},"image":{"@id":"https:\/\/www.prijedordanas.com\/#\/schema\/logo\/image\/"},"sameAs":["https:\/\/www.facebook.com\/PrijedorDanasCom\/"]},{"@type":"Person","@id":"https:\/\/www.prijedordanas.com\/#\/schema\/person\/4e08ccf29b506ca916ff86d46bb700e6","name":"admin","image":{"@type":"ImageObject","inLanguage":"en-US","@id":"https:\/\/www.prijedordanas.com\/#\/schema\/person\/image\/","url":"https:\/\/secure.gravatar.com\/avatar\/1d3fc949d550f0b53a5f0d51e06dfd79?s=96&d=mm&r=g","contentUrl":"https:\/\/secure.gravatar.com\/avatar\/1d3fc949d550f0b53a5f0d51e06dfd79?s=96&d=mm&r=g","caption":"admin"},"url":"https:\/\/www.prijedordanas.com\/?author=1"}]}},"_links":{"self":[{"href":"https:\/\/www.prijedordanas.com\/index.php?rest_route=\/wp\/v2\/posts\/204436"}],"collection":[{"href":"https:\/\/www.prijedordanas.com\/index.php?rest_route=\/wp\/v2\/posts"}],"about":[{"href":"https:\/\/www.prijedordanas.com\/index.php?rest_route=\/wp\/v2\/types\/post"}],"author":[{"embeddable":true,"href":"https:\/\/www.prijedordanas.com\/index.php?rest_route=\/wp\/v2\/users\/1"}],"replies":[{"embeddable":true,"href":"https:\/\/www.prijedordanas.com\/index.php?rest_route=%2Fwp%2Fv2%2Fcomments&post=204436"}],"version-history":[{"count":1,"href":"https:\/\/www.prijedordanas.com\/index.php?rest_route=\/wp\/v2\/posts\/204436\/revisions"}],"predecessor-version":[{"id":204446,"href":"https:\/\/www.prijedordanas.com\/index.php?rest_route=\/wp\/v2\/posts\/204436\/revisions\/204446"}],"wp:attachment":[{"href":"https:\/\/www.prijedordanas.com\/index.php?rest_route=%2Fwp%2Fv2%2Fmedia&parent=204436"}],"wp:term":[{"taxonomy":"category","embeddable":true,"href":"https:\/\/www.prijedordanas.com\/index.php?rest_route=%2Fwp%2Fv2%2Fcategories&post=204436"},{"taxonomy":"post_tag","embeddable":true,"href":"https:\/\/www.prijedordanas.com\/index.php?rest_route=%2Fwp%2Fv2%2Ftags&post=204436"}],"curies":[{"name":"wp","href":"https:\/\/api.w.org\/{rel}","templated":true}]}}