{"id":204352,"date":"2023-04-29T15:51:28","date_gmt":"2023-04-29T13:51:28","guid":{"rendered":"https:\/\/www.prijedordanas.com\/?p=204352"},"modified":"2023-04-29T15:51:28","modified_gmt":"2023-04-29T13:51:28","slug":"prijedor-vandali-oborili-kontejnere-i-razbacali-smece-na-pecanima-foto","status":"publish","type":"post","link":"https:\/\/www.prijedordanas.com\/?p=204352","title":{"rendered":"Prijedor: Vandali oborili kontejnere i razbacali sme\u0107e na Pe\u0107anima &#8211; FOTO"},"content":{"rendered":"<p><a href=\"https:\/\/www.prijedordanas.com\/wp-content\/uploads\/2023\/04\/kozarski-vandali-kontejneri-smece-pecani-1.jpg\"><img loading=\"lazy\" decoding=\"async\" class=\"alignleft size-medium wp-image-204353\" src=\"https:\/\/www.prijedordanas.com\/wp-content\/uploads\/2023\/04\/kozarski-vandali-kontejneri-smece-pecani-1-300x225.jpg\" alt=\"\" width=\"300\" height=\"225\" srcset=\"https:\/\/www.prijedordanas.com\/wp-content\/uploads\/2023\/04\/kozarski-vandali-kontejneri-smece-pecani-1-300x225.jpg 300w, https:\/\/www.prijedordanas.com\/wp-content\/uploads\/2023\/04\/kozarski-vandali-kontejneri-smece-pecani-1-640x480.jpg 640w, https:\/\/www.prijedordanas.com\/wp-content\/uploads\/2023\/04\/kozarski-vandali-kontejneri-smece-pecani-1.jpg 667w\" sizes=\"(max-width: 300px) 100vw, 300px\" \/><\/a>Gra\u0111ani koji \u017eive u blizini bora\u010dkih zgrada na Pe\u0107anima, jutros su bili zate\u010deni prizorom oborenih kontejnera i razbacanog sme\u0107a, od kojeg je dio zavr\u0161io i na saobra\u0107ajnici.<\/p>\n<p>Po dojavi gra\u0111ana, brzo su reagovale nadle\u017ene slu\u017ebe, a komunalci u kratkom roku uklonili otpad i vratili kontejnere u prvobitni polo\u017eaj.<\/p>\n<p>Jo\u0161 se ne zna ko stoji iza ovog vandalskog \u010dina, ali uvo\u0111enjem video-nadzora na \u0161irem gradskom podru\u010dju i ka\u017enjavanjem nesavjesnih pojedinaca, tome \u0107e se stati u kraj, isti\u010du u gradskom Odjeljenju za komunalne poslove i za\u0161titu \u017eivotne sredine.<\/p>\n<p><a href=\"https:\/\/www.prijedordanas.com\/wp-content\/uploads\/2023\/04\/kozarski-vandali-kontejneri-smece-pecani-2.jpg\"><img loading=\"lazy\" decoding=\"async\" src=\"https:\/\/www.prijedordanas.com\/wp-content\/uploads\/2023\/04\/kozarski-vandali-kontejneri-smece-pecani-2-300x225.jpg\" alt=\"\" width=\"300\" height=\"225\" class=\"alignleft size-medium wp-image-204354\" srcset=\"https:\/\/www.prijedordanas.com\/wp-content\/uploads\/2023\/04\/kozarski-vandali-kontejneri-smece-pecani-2-300x225.jpg 300w, https:\/\/www.prijedordanas.com\/wp-content\/uploads\/2023\/04\/kozarski-vandali-kontejneri-smece-pecani-2-640x480.jpg 640w, https:\/\/www.prijedordanas.com\/wp-content\/uploads\/2023\/04\/kozarski-vandali-kontejneri-smece-pecani-2.jpg 667w\" sizes=\"(max-width: 300px) 100vw, 300px\" \/><\/a>\u201cOvo je jedan sraman \u010din i ovom vandalizmu se mora stati u kraj represivnim mjerama. Nema smisla tako ne\u0161to raditi. Grad ula\u017ee mnogo novca u rje\u0161avanje komunalne infrastrukture, \u010di\u0161\u0107enje grada, obezbje\u0111ivanje kontejnera, kanti za sme\u0107e i svega ostalog \u0161to je neophodno za prikupljanje otpada, i onda neka neodgovorna lica po no\u0107i devastiraju sve te kante i kontejnere\u201d, rekao je Dragoslav Kabi\u0107, na\u010delnik ovog odjeljenja.<\/p>\n<p>Kabi\u0107 je rekao da je va\u017ena saradnja gra\u0111ana s Gradskom upravom i policijom, te da treba da prijavljuju ovakve slu\u010dajeve.<\/p>\n<p>\u201cMi \u0107emo u narednom periodu pokriti grad video-kamerama i sigurno da \u0107emo onda imati dosta argumenata za sankcionisanje svih koji rade ovakve neprimjerene stvari\u201d, istakao je Dragoslav Kabi\u0107.<\/p>\n<p>On je potencirao va\u017enost preventivnog uticanja na mlade generacije i njegovanja kulture \u017eivljenja, kako se ovako ne\u0161to ne bi ponavljalo.<\/p>\n<p><a href=\"https:\/\/kozarski.com\/vandali-oborili-kontejnere-i-razbacali-smece-na-pecanima\/\" target=\"_blank\" rel=\"noopener\">kozarski.com<\/a><\/p>\n","protected":false},"excerpt":{"rendered":"<p>Gra\u0111ani koji \u017eive u blizini bora\u010dkih zgrada na Pe\u0107anima, jutros su bili zate\u010deni prizorom oborenih kontejnera i razbacanog sme\u0107a, od kojeg je dio zavr\u0161io i na saobra\u0107ajnici. Po dojavi gra\u0111ana, [&hellip;]<\/p>\n","protected":false},"author":1,"featured_media":0,"comment_status":"closed","ping_status":"open","sticky":false,"template":"","format":"standard","meta":{"_monsterinsights_skip_tracking":false,"_monsterinsights_sitenote_active":false,"_monsterinsights_sitenote_note":"","_monsterinsights_sitenote_category":0,"footnotes":""},"categories":[4],"tags":[],"yoast_head":"<!-- This site is optimized with the Yoast SEO plugin v21.6 - https:\/\/yoast.com\/wordpress\/plugins\/seo\/ -->\n<title>Prijedor: Vandali oborili kontejnere i razbacali sme\u0107e na Pe\u0107anima - FOTO - PrijedorDanas.com - Prijedorski gradski portal<\/title>\n<meta name=\"robots\" content=\"index, follow, max-snippet:-1, max-image-preview:large, max-video-preview:-1\" \/>\n<link rel=\"canonical\" href=\"https:\/\/www.prijedordanas.com\/?p=204352\" \/>\n<meta property=\"og:locale\" content=\"en_US\" \/>\n<meta property=\"og:type\" content=\"article\" \/>\n<meta property=\"og:title\" content=\"Prijedor: Vandali oborili kontejnere i razbacali sme\u0107e na Pe\u0107anima - FOTO - PrijedorDanas.com - Prijedorski gradski portal\" \/>\n<meta property=\"og:description\" content=\"Gra\u0111ani koji \u017eive u blizini bora\u010dkih zgrada na Pe\u0107anima, jutros su bili zate\u010deni prizorom oborenih kontejnera i razbacanog sme\u0107a, od kojeg je dio zavr\u0161io i na saobra\u0107ajnici. Po dojavi gra\u0111ana, [&hellip;]\" \/>\n<meta property=\"og:url\" content=\"https:\/\/www.prijedordanas.com\/?p=204352\" \/>\n<meta property=\"og:site_name\" content=\"PrijedorDanas.com - Prijedorski gradski portal\" \/>\n<meta property=\"article:publisher\" content=\"https:\/\/www.facebook.com\/PrijedorDanasCom\/\" \/>\n<meta property=\"article:published_time\" content=\"2023-04-29T13:51:28+00:00\" \/>\n<meta property=\"og:image\" content=\"https:\/\/www.prijedordanas.com\/wp-content\/uploads\/2023\/04\/kozarski-vandali-kontejneri-smece-pecani-1-300x225.jpg\" \/>\n<meta name=\"author\" content=\"admin\" \/>\n<meta name=\"twitter:card\" content=\"summary_large_image\" \/>\n<meta name=\"twitter:label1\" content=\"Written by\" \/>\n\t<meta name=\"twitter:data1\" content=\"admin\" \/>\n\t<meta name=\"twitter:label2\" content=\"Est. reading time\" \/>\n\t<meta name=\"twitter:data2\" content=\"2 minutes\" \/>\n<script type=\"application\/ld+json\" class=\"yoast-schema-graph\">{\"@context\":\"https:\/\/schema.org\",\"@graph\":[{\"@type\":\"Article\",\"@id\":\"https:\/\/www.prijedordanas.com\/?p=204352#article\",\"isPartOf\":{\"@id\":\"https:\/\/www.prijedordanas.com\/?p=204352\"},\"author\":{\"name\":\"admin\",\"@id\":\"https:\/\/www.prijedordanas.com\/#\/schema\/person\/4e08ccf29b506ca916ff86d46bb700e6\"},\"headline\":\"Prijedor: Vandali oborili kontejnere i razbacali sme\u0107e na Pe\u0107anima &#8211; FOTO\",\"datePublished\":\"2023-04-29T13:51:28+00:00\",\"dateModified\":\"2023-04-29T13:51:28+00:00\",\"mainEntityOfPage\":{\"@id\":\"https:\/\/www.prijedordanas.com\/?p=204352\"},\"wordCount\":262,\"publisher\":{\"@id\":\"https:\/\/www.prijedordanas.com\/#organization\"},\"articleSection\":[\"Dru\u0161tvo\"],\"inLanguage\":\"en-US\"},{\"@type\":\"WebPage\",\"@id\":\"https:\/\/www.prijedordanas.com\/?p=204352\",\"url\":\"https:\/\/www.prijedordanas.com\/?p=204352\",\"name\":\"Prijedor: Vandali oborili kontejnere i razbacali sme\u0107e na Pe\u0107anima - FOTO - PrijedorDanas.com - Prijedorski gradski portal\",\"isPartOf\":{\"@id\":\"https:\/\/www.prijedordanas.com\/#website\"},\"datePublished\":\"2023-04-29T13:51:28+00:00\",\"dateModified\":\"2023-04-29T13:51:28+00:00\",\"breadcrumb\":{\"@id\":\"https:\/\/www.prijedordanas.com\/?p=204352#breadcrumb\"},\"inLanguage\":\"en-US\",\"potentialAction\":[{\"@type\":\"ReadAction\",\"target\":[\"https:\/\/www.prijedordanas.com\/?p=204352\"]}]},{\"@type\":\"BreadcrumbList\",\"@id\":\"https:\/\/www.prijedordanas.com\/?p=204352#breadcrumb\",\"itemListElement\":[{\"@type\":\"ListItem\",\"position\":1,\"name\":\"Home\",\"item\":\"https:\/\/www.prijedordanas.com\/\"},{\"@type\":\"ListItem\",\"position\":2,\"name\":\"Prijedor: Vandali oborili kontejnere i razbacali sme\u0107e na Pe\u0107anima &#8211; FOTO\"}]},{\"@type\":\"WebSite\",\"@id\":\"https:\/\/www.prijedordanas.com\/#website\",\"url\":\"https:\/\/www.prijedordanas.com\/\",\"name\":\"PrijedorDanas.com - Prijedorski gradski portal\",\"description\":\"Portal o doga\u0111anjima u gradu Prijedoru\",\"publisher\":{\"@id\":\"https:\/\/www.prijedordanas.com\/#organization\"},\"potentialAction\":[{\"@type\":\"SearchAction\",\"target\":{\"@type\":\"EntryPoint\",\"urlTemplate\":\"https:\/\/www.prijedordanas.com\/?s={search_term_string}\"},\"query-input\":\"required name=search_term_string\"}],\"inLanguage\":\"en-US\"},{\"@type\":\"Organization\",\"@id\":\"https:\/\/www.prijedordanas.com\/#organization\",\"name\":\"PrijedorDanas.com\",\"url\":\"https:\/\/www.prijedordanas.com\/\",\"logo\":{\"@type\":\"ImageObject\",\"inLanguage\":\"en-US\",\"@id\":\"https:\/\/www.prijedordanas.com\/#\/schema\/logo\/image\/\",\"url\":\"http:\/\/www.prijedordanas.com\/wp-content\/uploads\/2021\/12\/logopng.png\",\"contentUrl\":\"http:\/\/www.prijedordanas.com\/wp-content\/uploads\/2021\/12\/logopng.png\",\"width\":1019,\"height\":776,\"caption\":\"PrijedorDanas.com\"},\"image\":{\"@id\":\"https:\/\/www.prijedordanas.com\/#\/schema\/logo\/image\/\"},\"sameAs\":[\"https:\/\/www.facebook.com\/PrijedorDanasCom\/\"]},{\"@type\":\"Person\",\"@id\":\"https:\/\/www.prijedordanas.com\/#\/schema\/person\/4e08ccf29b506ca916ff86d46bb700e6\",\"name\":\"admin\",\"image\":{\"@type\":\"ImageObject\",\"inLanguage\":\"en-US\",\"@id\":\"https:\/\/www.prijedordanas.com\/#\/schema\/person\/image\/\",\"url\":\"https:\/\/secure.gravatar.com\/avatar\/1d3fc949d550f0b53a5f0d51e06dfd79?s=96&d=mm&r=g\",\"contentUrl\":\"https:\/\/secure.gravatar.com\/avatar\/1d3fc949d550f0b53a5f0d51e06dfd79?s=96&d=mm&r=g\",\"caption\":\"admin\"},\"url\":\"https:\/\/www.prijedordanas.com\/?author=1\"}]}<\/script>\n<!-- \/ Yoast SEO plugin. -->","yoast_head_json":{"title":"Prijedor: Vandali oborili kontejnere i razbacali sme\u0107e na Pe\u0107anima - FOTO - PrijedorDanas.com - Prijedorski gradski portal","robots":{"index":"index","follow":"follow","max-snippet":"max-snippet:-1","max-image-preview":"max-image-preview:large","max-video-preview":"max-video-preview:-1"},"canonical":"https:\/\/www.prijedordanas.com\/?p=204352","og_locale":"en_US","og_type":"article","og_title":"Prijedor: Vandali oborili kontejnere i razbacali sme\u0107e na Pe\u0107anima - FOTO - PrijedorDanas.com - Prijedorski gradski portal","og_description":"Gra\u0111ani koji \u017eive u blizini bora\u010dkih zgrada na Pe\u0107anima, jutros su bili zate\u010deni prizorom oborenih kontejnera i razbacanog sme\u0107a, od kojeg je dio zavr\u0161io i na saobra\u0107ajnici. Po dojavi gra\u0111ana, [&hellip;]","og_url":"https:\/\/www.prijedordanas.com\/?p=204352","og_site_name":"PrijedorDanas.com - Prijedorski gradski portal","article_publisher":"https:\/\/www.facebook.com\/PrijedorDanasCom\/","article_published_time":"2023-04-29T13:51:28+00:00","og_image":[{"url":"https:\/\/www.prijedordanas.com\/wp-content\/uploads\/2023\/04\/kozarski-vandali-kontejneri-smece-pecani-1-300x225.jpg"}],"author":"admin","twitter_card":"summary_large_image","twitter_misc":{"Written by":"admin","Est. reading time":"2 minutes"},"schema":{"@context":"https:\/\/schema.org","@graph":[{"@type":"Article","@id":"https:\/\/www.prijedordanas.com\/?p=204352#article","isPartOf":{"@id":"https:\/\/www.prijedordanas.com\/?p=204352"},"author":{"name":"admin","@id":"https:\/\/www.prijedordanas.com\/#\/schema\/person\/4e08ccf29b506ca916ff86d46bb700e6"},"headline":"Prijedor: Vandali oborili kontejnere i razbacali sme\u0107e na Pe\u0107anima &#8211; FOTO","datePublished":"2023-04-29T13:51:28+00:00","dateModified":"2023-04-29T13:51:28+00:00","mainEntityOfPage":{"@id":"https:\/\/www.prijedordanas.com\/?p=204352"},"wordCount":262,"publisher":{"@id":"https:\/\/www.prijedordanas.com\/#organization"},"articleSection":["Dru\u0161tvo"],"inLanguage":"en-US"},{"@type":"WebPage","@id":"https:\/\/www.prijedordanas.com\/?p=204352","url":"https:\/\/www.prijedordanas.com\/?p=204352","name":"Prijedor: Vandali oborili kontejnere i razbacali sme\u0107e na Pe\u0107anima - FOTO - PrijedorDanas.com - Prijedorski gradski portal","isPartOf":{"@id":"https:\/\/www.prijedordanas.com\/#website"},"datePublished":"2023-04-29T13:51:28+00:00","dateModified":"2023-04-29T13:51:28+00:00","breadcrumb":{"@id":"https:\/\/www.prijedordanas.com\/?p=204352#breadcrumb"},"inLanguage":"en-US","potentialAction":[{"@type":"ReadAction","target":["https:\/\/www.prijedordanas.com\/?p=204352"]}]},{"@type":"BreadcrumbList","@id":"https:\/\/www.prijedordanas.com\/?p=204352#breadcrumb","itemListElement":[{"@type":"ListItem","position":1,"name":"Home","item":"https:\/\/www.prijedordanas.com\/"},{"@type":"ListItem","position":2,"name":"Prijedor: Vandali oborili kontejnere i razbacali sme\u0107e na Pe\u0107anima &#8211; FOTO"}]},{"@type":"WebSite","@id":"https:\/\/www.prijedordanas.com\/#website","url":"https:\/\/www.prijedordanas.com\/","name":"PrijedorDanas.com - Prijedorski gradski portal","description":"Portal o doga\u0111anjima u gradu Prijedoru","publisher":{"@id":"https:\/\/www.prijedordanas.com\/#organization"},"potentialAction":[{"@type":"SearchAction","target":{"@type":"EntryPoint","urlTemplate":"https:\/\/www.prijedordanas.com\/?s={search_term_string}"},"query-input":"required name=search_term_string"}],"inLanguage":"en-US"},{"@type":"Organization","@id":"https:\/\/www.prijedordanas.com\/#organization","name":"PrijedorDanas.com","url":"https:\/\/www.prijedordanas.com\/","logo":{"@type":"ImageObject","inLanguage":"en-US","@id":"https:\/\/www.prijedordanas.com\/#\/schema\/logo\/image\/","url":"http:\/\/www.prijedordanas.com\/wp-content\/uploads\/2021\/12\/logopng.png","contentUrl":"http:\/\/www.prijedordanas.com\/wp-content\/uploads\/2021\/12\/logopng.png","width":1019,"height":776,"caption":"PrijedorDanas.com"},"image":{"@id":"https:\/\/www.prijedordanas.com\/#\/schema\/logo\/image\/"},"sameAs":["https:\/\/www.facebook.com\/PrijedorDanasCom\/"]},{"@type":"Person","@id":"https:\/\/www.prijedordanas.com\/#\/schema\/person\/4e08ccf29b506ca916ff86d46bb700e6","name":"admin","image":{"@type":"ImageObject","inLanguage":"en-US","@id":"https:\/\/www.prijedordanas.com\/#\/schema\/person\/image\/","url":"https:\/\/secure.gravatar.com\/avatar\/1d3fc949d550f0b53a5f0d51e06dfd79?s=96&d=mm&r=g","contentUrl":"https:\/\/secure.gravatar.com\/avatar\/1d3fc949d550f0b53a5f0d51e06dfd79?s=96&d=mm&r=g","caption":"admin"},"url":"https:\/\/www.prijedordanas.com\/?author=1"}]}},"_links":{"self":[{"href":"https:\/\/www.prijedordanas.com\/index.php?rest_route=\/wp\/v2\/posts\/204352"}],"collection":[{"href":"https:\/\/www.prijedordanas.com\/index.php?rest_route=\/wp\/v2\/posts"}],"about":[{"href":"https:\/\/www.prijedordanas.com\/index.php?rest_route=\/wp\/v2\/types\/post"}],"author":[{"embeddable":true,"href":"https:\/\/www.prijedordanas.com\/index.php?rest_route=\/wp\/v2\/users\/1"}],"replies":[{"embeddable":true,"href":"https:\/\/www.prijedordanas.com\/index.php?rest_route=%2Fwp%2Fv2%2Fcomments&post=204352"}],"version-history":[{"count":1,"href":"https:\/\/www.prijedordanas.com\/index.php?rest_route=\/wp\/v2\/posts\/204352\/revisions"}],"predecessor-version":[{"id":204355,"href":"https:\/\/www.prijedordanas.com\/index.php?rest_route=\/wp\/v2\/posts\/204352\/revisions\/204355"}],"wp:attachment":[{"href":"https:\/\/www.prijedordanas.com\/index.php?rest_route=%2Fwp%2Fv2%2Fmedia&parent=204352"}],"wp:term":[{"taxonomy":"category","embeddable":true,"href":"https:\/\/www.prijedordanas.com\/index.php?rest_route=%2Fwp%2Fv2%2Fcategories&post=204352"},{"taxonomy":"post_tag","embeddable":true,"href":"https:\/\/www.prijedordanas.com\/index.php?rest_route=%2Fwp%2Fv2%2Ftags&post=204352"}],"curies":[{"name":"wp","href":"https:\/\/api.w.org\/{rel}","templated":true}]}}