{"id":204162,"date":"2023-04-26T10:53:16","date_gmt":"2023-04-26T08:53:16","guid":{"rendered":"https:\/\/www.prijedordanas.com\/?p=204162"},"modified":"2023-04-26T10:53:16","modified_gmt":"2023-04-26T08:53:16","slug":"fudbaleri-omarske-gostuju-kod-sutjeske-u-foci","status":"publish","type":"post","link":"https:\/\/www.prijedordanas.com\/?p=204162","title":{"rendered":"Fudbaleri Omarske gostuju kod Sutjeske u Fo\u010di"},"content":{"rendered":"<p><a href=\"https:\/\/www.prijedordanas.com\/wp-content\/uploads\/2023\/04\/omarska-krupa-1-0-2.jpg\"><img loading=\"lazy\" decoding=\"async\" src=\"https:\/\/www.prijedordanas.com\/wp-content\/uploads\/2023\/04\/omarska-krupa-1-0-2-300x225.jpg\" alt=\"\" width=\"300\" height=\"225\" class=\"alignleft size-medium wp-image-203683\" srcset=\"https:\/\/www.prijedordanas.com\/wp-content\/uploads\/2023\/04\/omarska-krupa-1-0-2-300x225.jpg 300w, https:\/\/www.prijedordanas.com\/wp-content\/uploads\/2023\/04\/omarska-krupa-1-0-2-640x480.jpg 640w, https:\/\/www.prijedordanas.com\/wp-content\/uploads\/2023\/04\/omarska-krupa-1-0-2.jpg 667w\" sizes=\"(max-width: 300px) 100vw, 300px\" \/><\/a>Nastavlja se pakleni ritam. Nakon neugodnog remija protiv Tekstilca, pred Omarskom je ve\u0107 u srijedu najdalje gostovanje, u Fo\u010di.<\/p>\n<p>Gostovanje u Fo\u010di je mo\u017eda i najte\u017ee, em zbog dalekog i te\u0161kog puta, em zbog kvaliteta ekipe Sutjeske. Jedina olak\u0161avaju\u0107a okolnost je \u010dinjenica da se Sutjeska nalazi u zlatnoj sredini, bezbri\u017ena oko opstanka, pa ne igra ba\u0161 na no\u017e.<\/p>\n<p>\u0160to se ti\u010de Omarske, pritisak se osje\u0107a na svakom koraku, nervoza je i u ekipi i oko ekipe, ali to je sport i taj pritisak daje dra\u017e sportu. Jeste te\u0161ko, bi\u0107e te\u0161ko do kraja, ali zato je i slatka nagrada koja se na kraju ostvari.<\/p>\n<p>Omarska u poslednje vrijeme \u010dak bolje partije pru\u017ea u gostima, jer je izgleda pritisak u gostima manji, pa nam i to daje nadu za dobru igru i povoljan rezultat u Fo\u010di.<\/p>\n<p>Izosta\u0107e sigurno samo Jovi\u010di\u0107 i Darko Romani\u0107, a za sada su svi ostali igra\u010di na raspolaganju treneru Jelisavcu.<\/p>\n<p>Utakmica se igra u predivnom ambijentu, na stadionu kraj \u0106ehotine , u ve\u010dernjem terminu od 19:00 \u010dasova.<\/p>\n<p>Predstavljamo Sutjesku<\/p>\n<p>Hroni\u010dari su zabilje\u017eili da je prva fudbalska lopta u Fo\u010du \u201cdoskakutala\u201d 1913. godine. Donio ju je, po kazivanju starijih, Vasilije Sunara, tada \u0111ak sarajevske Gimnazije, ina\u010de rodom iz Fo\u010de. U to vrijeme fudbal je bio gotovo nepoznat sport i loptom su se zabavljali samo studenti i \u0111aci, bez odre\u0111enog sistema i pravila igre.<\/p>\n<p>Tek nakon rata fudbal \u201cpostaje zanimljiv\u201d za \u0161iru javnost i ve\u0107 1920. godine formiraju se dva kluba \u201cGrani\u010dar\u201d i \u201cSloga\u201d. Na inicijativu naprednih fo\u010danskih intelektualaca 1925. godine ovi klubovi se ujedinjuju u \u201cGrani\u010dar\u201d. Dvije godine kasnije formira se i Fudbalski klub \u201cJugovi\u0107\u201d, da bi se i on 1930. godine fuzionisao s \u201cGrani\u010darom\u201d. Fudbalski klub \u201cGrani\u010dar\u201d ubrzo postaje jedan od najaktivnijih i najpoznatijih u gornjem Podrinju. Igra prijateljske i zvani\u010dne utakmice u Vi\u0161egradu, Gora\u017edu, Rogatici, Pljevljima, sara\u0111uje s poznatijim i ve\u0107im klubovima: \u201cSlavijom\u201d i HA\u0160K-om iz Sarajeva, kao i sa vojnim garnizonima u Kalinoviku i Gora\u017edu\u2026<\/p>\n<p>Prema sje\u0107anju Uzeira Trhulja, koji je igrao za \u201cGrani\u010dar\u201d, igrali\u0161te je bilo na istom mjestu gdje i danas.<\/p>\n<p>U zanosu poslijeratne izgradnje,u ljeto 1946. godine, osniva se Fudbalski klub \u201cSutjeska\u201d, po legendarnoj bici na Sutjesci u kojoj su \u017eivote izgubili poznati omladinci, fudbaleri predratnog \u201cGrani\u010dara\u201d.<\/p>\n<p>Prve poslijeratne godine u novo oformljenom klubu bile su dosta te\u0161ke jer se trebalo snalaziti i skupljati novac za putovanja i nabavku opreme. U tom periodu \u201cSutjeska\u201d zabilje\u017eava zapa\u017eenije rezultate.U to vrijeme \u201cSutjeska\u201d se takmi\u010di u Grupnoj ligi, zatim se plasira u Sarajevsku podsaveznu ligu. Sa boljim rezultatima, stigle su i nove te\u0161ko\u0107e, tako da se klub seli u Podsavez gdje se zadr\u017eava punih sedam godina.<\/p>\n<p>U period 1966-1978 \u201cSutjeska\u201d se takmi\u010dila u Sarajevskoj zoni, da bi u sezoni 1978\/79 plasirala u regionalnoj ligi-Jug, tada je ve\u0107 bio napravljen odli\u010dan tim na \u010delu sa trenerom Maglajlijom. Ve\u0107 slede\u0107e godine \u201cSutjeska\u201d se plasirala u Republi\u010dku ligu \u0161to je do tada bio i najve\u0107i uspjeh kluba, me\u0111utim tu se uspjela zadr\u017eati samo godinu dana i ponovo se vra\u0107a u republi\u010dku ligu-Jug. U sezoni 1982\/83 \u201cSutjeska\u201d ispada u me\u0111uop\u0161tinsku ligu Sarajeva, gdje je ostala do po\u010detka ratnih zbivanja 1992. godine.<\/p>\n<p>Veliki broj fudbalera poniklih u \u201cSutjesci\u201d igrao je u renomiranim prvoliga\u0161kim, drugoliga\u0161kim, pa i inostranim klubovima. U dresu \u201cSarajeva\u201d prvi se oprobao Miroslav Visocki, zatim Refik Mufti\u0107, Stole Blagojevi\u0107, Ekrem Maglajlija, Faruk Ha\u0111\u017eime\u0161i\u0107, Rasim Ahmetovi\u0107, Milo\u0161 Nedi\u0107 i Predrag Koprivica. U \u201c\u017deljezni\u010daru\u201d prvi se probio Dragan Popadi\u0107, zatim Josip \u0160imovi\u0107, Rade Paprica, Du\u0161ko Ivanovi\u0107, Zoran Paprica i Radmilo Mihajlovi\u0107. U \u201cPartizanu\u201d su uspje\u0161no igrali Mladen Furtula i Re\u0161ad Kunovac, u \u201c\u010celiku\u201d Vu\u0161kovi\u0107, Mojovi\u0107 i \u017divkovi\u0107, Ranko Sekuli\u0107 je samo zbog nostalgije napustio \u201cHajduk\u201d itd. Neki su igrali i u inostranstvu, Radmilo Mihajlovi\u0107 u \u0160alkeu i Bajernu, Mufti\u0107 u austrijskom \u201c\u0160turmu\u201d, Furtula za gr\u010dki \u201cParsendikos\u201d i \u201cPAOK\u201d, Paprica je igrao za gr\u010dki \u201cPAOK\u201d itd.<\/p>\n<p>Rat ponovo zaustavlja loptu kraj \u0106ehotine, u Fo\u010di, 1992. godine, ali ne i ljubav prema njoj. Opet se ponavlja istorija fudbala na ovim prostorima. Njene najljep\u0161e i najslavnije stranice ispisuju opet entuzijasti, istinski zaljubljenici \u201cnajva\u017enije sporedne stvari na svijetu\u201d, kojima je fudbal u venama.<\/p>\n<p>Polovinom 1993. godine, grupa entuzijasta, na \u010delu sa pokojnim Radom \u0160obotom, na opustjelom igrali\u0161tu stadiona \u201cSutjeske\u201d organizuje Prvi fudbalski kup na prostorima Republike Srpske, zapisuje u svoj ratni dnevnik jedan od hroni\u010dara fudbalskih zbivanja u Fo\u010di. Igrali smo, veli, nekom, slu\u010dajno na\u0111enom polovnom loptom, a svi ljudi u klubu imali su iskren odnos i neizmjernu \u017eelju da klub o\u017eivi.<\/p>\n<p>Osta\u0107e upam\u0107eno da im je u goste, tada, do\u0161la i nik\u0161i\u0107ka \u201cSutjeska\u201d. U Fo\u010di je odigrana prva me\u0111unarodna fudbalska utakmica, a na stadion su pristizale izbjeglice.<\/p>\n<p>U sezoni 1995\/96 \u201cSutjeska\u201d se takmi\u010di u drugoj ligi Republike Srpske (grupa Srpsko Sarajevo), gdje je zauzela drugo mjesto i plasirala se u bara\u017e za ulazak u prvu ligu gdje je igrala za ekipom \u201c\u017deljezni\u010dara\u201d iz Srpskog Sarajeva i mnogi \u0107e re\u0107i u istorijskoj utakmici u fo\u010di deklasirala goste iz Sarajeva rezultatom 7:3 (rezultat u Sarajevu je bio 3:1 za \u201c\u017deljezni\u010dar) i plasirala se u prvu ligu Republike Srpske (grupa \u201cIstok\u201d). Nakon te sezone \u201cSutjeska\u201d se ponovo vra\u0107a u ni\u017ei rang takmi\u010denja u drugu ligu RS \u2013 grupa jug.<\/p>\n<p>Kako je vrijeme odmicalo, tako je i klub napredovao. Godine 2005. u Fo\u010di je odr\u017ean istinski spektakl \u201cRadmilo Mihajlovi\u0107 i prijatelji\u201d. \u010cetiri hiljade gledalaca, na potpuno renoviranom stadionu je u\u017eivalo u majstorijama fudbalskih legendi Piksija, \u0110urovskog, Mrkele, Marovi\u0107a, Dike Stojanovi\u0107a, Ilije Petkovi\u0107a\u2026<\/p>\n<p>U Fo\u010di se tako\u0111e odr\u017eava i me\u0111unarodni turnir za kadete \u201cFriends football\u201d koji okuplja neke od najboljih kadetskih selekcija na prostoru Evrope, tako\u0111e i turnir u uli\u010dnom fudbalu \u201cStreet Football\u201d.<\/p>\n<p>U sezoni 2006\/07 \u201cSutjeska\u201d se vra\u0107a u prvu ligu RS, gdje je ostala sve do danas. \u201dSutjeska \u201d je danas stabilan \u010dlan prve lige sa skoro kompletnim igra\u010dki kadrom iz Fo\u010de,<\/p>\n<p>U fudbalskom klubu sa dosta uspjeha radi omladinska \u0161kola fudbala koju \u010dini sedam selekcija u kojima treniraju djeca od 6 do 18 godina. Omladinske selekcije broje preko 200 dje\u010daka koje se takmi\u010de u Omladinskoj ligi BiH grupa centar i Ligi Hercegovine<\/p>\n<p>Me\u0111usobni susreti<br \/>\n2021\/22             0-1                  1-1<br \/>\n2022\/23             2-1                <\/p>\n<p>FK Omarska<\/p>\n","protected":false},"excerpt":{"rendered":"<p>Nastavlja se pakleni ritam. Nakon neugodnog remija protiv Tekstilca, pred Omarskom je ve\u0107 u srijedu najdalje gostovanje, u Fo\u010di. Gostovanje u Fo\u010di je mo\u017eda i najte\u017ee, em zbog dalekog i [&hellip;]<\/p>\n","protected":false},"author":1,"featured_media":0,"comment_status":"closed","ping_status":"open","sticky":false,"template":"","format":"standard","meta":{"_monsterinsights_skip_tracking":false,"_monsterinsights_sitenote_active":false,"_monsterinsights_sitenote_note":"","_monsterinsights_sitenote_category":0,"footnotes":""},"categories":[7],"tags":[],"yoast_head":"<!-- This site is optimized with the Yoast SEO plugin v21.6 - https:\/\/yoast.com\/wordpress\/plugins\/seo\/ -->\n<title>Fudbaleri Omarske gostuju kod Sutjeske u Fo\u010di - PrijedorDanas.com - Prijedorski gradski portal<\/title>\n<meta name=\"robots\" content=\"index, follow, max-snippet:-1, max-image-preview:large, max-video-preview:-1\" \/>\n<link rel=\"canonical\" href=\"https:\/\/www.prijedordanas.com\/?p=204162\" \/>\n<meta property=\"og:locale\" content=\"en_US\" \/>\n<meta property=\"og:type\" content=\"article\" \/>\n<meta property=\"og:title\" content=\"Fudbaleri Omarske gostuju kod Sutjeske u Fo\u010di - PrijedorDanas.com - Prijedorski gradski portal\" \/>\n<meta property=\"og:description\" content=\"Nastavlja se pakleni ritam. Nakon neugodnog remija protiv Tekstilca, pred Omarskom je ve\u0107 u srijedu najdalje gostovanje, u Fo\u010di. Gostovanje u Fo\u010di je mo\u017eda i najte\u017ee, em zbog dalekog i [&hellip;]\" \/>\n<meta property=\"og:url\" content=\"https:\/\/www.prijedordanas.com\/?p=204162\" \/>\n<meta property=\"og:site_name\" content=\"PrijedorDanas.com - Prijedorski gradski portal\" \/>\n<meta property=\"article:publisher\" content=\"https:\/\/www.facebook.com\/PrijedorDanasCom\/\" \/>\n<meta property=\"article:published_time\" content=\"2023-04-26T08:53:16+00:00\" \/>\n<meta property=\"og:image\" content=\"https:\/\/www.prijedordanas.com\/wp-content\/uploads\/2023\/04\/omarska-krupa-1-0-2-300x225.jpg\" \/>\n<meta name=\"author\" content=\"admin\" \/>\n<meta name=\"twitter:card\" content=\"summary_large_image\" \/>\n<meta name=\"twitter:label1\" content=\"Written by\" \/>\n\t<meta name=\"twitter:data1\" content=\"admin\" \/>\n<script type=\"application\/ld+json\" class=\"yoast-schema-graph\">{\"@context\":\"https:\/\/schema.org\",\"@graph\":[{\"@type\":\"Article\",\"@id\":\"https:\/\/www.prijedordanas.com\/?p=204162#article\",\"isPartOf\":{\"@id\":\"https:\/\/www.prijedordanas.com\/?p=204162\"},\"author\":{\"name\":\"admin\",\"@id\":\"https:\/\/www.prijedordanas.com\/#\/schema\/person\/4e08ccf29b506ca916ff86d46bb700e6\"},\"headline\":\"Fudbaleri Omarske gostuju kod Sutjeske u Fo\u010di\",\"datePublished\":\"2023-04-26T08:53:16+00:00\",\"dateModified\":\"2023-04-26T08:53:16+00:00\",\"mainEntityOfPage\":{\"@id\":\"https:\/\/www.prijedordanas.com\/?p=204162\"},\"wordCount\":1094,\"publisher\":{\"@id\":\"https:\/\/www.prijedordanas.com\/#organization\"},\"articleSection\":[\"Sport\"],\"inLanguage\":\"en-US\"},{\"@type\":\"WebPage\",\"@id\":\"https:\/\/www.prijedordanas.com\/?p=204162\",\"url\":\"https:\/\/www.prijedordanas.com\/?p=204162\",\"name\":\"Fudbaleri Omarske gostuju kod Sutjeske u Fo\u010di - PrijedorDanas.com - Prijedorski gradski portal\",\"isPartOf\":{\"@id\":\"https:\/\/www.prijedordanas.com\/#website\"},\"datePublished\":\"2023-04-26T08:53:16+00:00\",\"dateModified\":\"2023-04-26T08:53:16+00:00\",\"breadcrumb\":{\"@id\":\"https:\/\/www.prijedordanas.com\/?p=204162#breadcrumb\"},\"inLanguage\":\"en-US\",\"potentialAction\":[{\"@type\":\"ReadAction\",\"target\":[\"https:\/\/www.prijedordanas.com\/?p=204162\"]}]},{\"@type\":\"BreadcrumbList\",\"@id\":\"https:\/\/www.prijedordanas.com\/?p=204162#breadcrumb\",\"itemListElement\":[{\"@type\":\"ListItem\",\"position\":1,\"name\":\"Home\",\"item\":\"https:\/\/www.prijedordanas.com\/\"},{\"@type\":\"ListItem\",\"position\":2,\"name\":\"Fudbaleri Omarske gostuju kod Sutjeske u Fo\u010di\"}]},{\"@type\":\"WebSite\",\"@id\":\"https:\/\/www.prijedordanas.com\/#website\",\"url\":\"https:\/\/www.prijedordanas.com\/\",\"name\":\"PrijedorDanas.com - Prijedorski gradski portal\",\"description\":\"Portal o doga\u0111anjima u gradu Prijedoru\",\"publisher\":{\"@id\":\"https:\/\/www.prijedordanas.com\/#organization\"},\"potentialAction\":[{\"@type\":\"SearchAction\",\"target\":{\"@type\":\"EntryPoint\",\"urlTemplate\":\"https:\/\/www.prijedordanas.com\/?s={search_term_string}\"},\"query-input\":\"required name=search_term_string\"}],\"inLanguage\":\"en-US\"},{\"@type\":\"Organization\",\"@id\":\"https:\/\/www.prijedordanas.com\/#organization\",\"name\":\"PrijedorDanas.com\",\"url\":\"https:\/\/www.prijedordanas.com\/\",\"logo\":{\"@type\":\"ImageObject\",\"inLanguage\":\"en-US\",\"@id\":\"https:\/\/www.prijedordanas.com\/#\/schema\/logo\/image\/\",\"url\":\"http:\/\/www.prijedordanas.com\/wp-content\/uploads\/2021\/12\/logopng.png\",\"contentUrl\":\"http:\/\/www.prijedordanas.com\/wp-content\/uploads\/2021\/12\/logopng.png\",\"width\":1019,\"height\":776,\"caption\":\"PrijedorDanas.com\"},\"image\":{\"@id\":\"https:\/\/www.prijedordanas.com\/#\/schema\/logo\/image\/\"},\"sameAs\":[\"https:\/\/www.facebook.com\/PrijedorDanasCom\/\"]},{\"@type\":\"Person\",\"@id\":\"https:\/\/www.prijedordanas.com\/#\/schema\/person\/4e08ccf29b506ca916ff86d46bb700e6\",\"name\":\"admin\",\"image\":{\"@type\":\"ImageObject\",\"inLanguage\":\"en-US\",\"@id\":\"https:\/\/www.prijedordanas.com\/#\/schema\/person\/image\/\",\"url\":\"https:\/\/secure.gravatar.com\/avatar\/1d3fc949d550f0b53a5f0d51e06dfd79?s=96&d=mm&r=g\",\"contentUrl\":\"https:\/\/secure.gravatar.com\/avatar\/1d3fc949d550f0b53a5f0d51e06dfd79?s=96&d=mm&r=g\",\"caption\":\"admin\"},\"url\":\"https:\/\/www.prijedordanas.com\/?author=1\"}]}<\/script>\n<!-- \/ Yoast SEO plugin. -->","yoast_head_json":{"title":"Fudbaleri Omarske gostuju kod Sutjeske u Fo\u010di - PrijedorDanas.com - Prijedorski gradski portal","robots":{"index":"index","follow":"follow","max-snippet":"max-snippet:-1","max-image-preview":"max-image-preview:large","max-video-preview":"max-video-preview:-1"},"canonical":"https:\/\/www.prijedordanas.com\/?p=204162","og_locale":"en_US","og_type":"article","og_title":"Fudbaleri Omarske gostuju kod Sutjeske u Fo\u010di - PrijedorDanas.com - Prijedorski gradski portal","og_description":"Nastavlja se pakleni ritam. Nakon neugodnog remija protiv Tekstilca, pred Omarskom je ve\u0107 u srijedu najdalje gostovanje, u Fo\u010di. Gostovanje u Fo\u010di je mo\u017eda i najte\u017ee, em zbog dalekog i [&hellip;]","og_url":"https:\/\/www.prijedordanas.com\/?p=204162","og_site_name":"PrijedorDanas.com - Prijedorski gradski portal","article_publisher":"https:\/\/www.facebook.com\/PrijedorDanasCom\/","article_published_time":"2023-04-26T08:53:16+00:00","og_image":[{"url":"https:\/\/www.prijedordanas.com\/wp-content\/uploads\/2023\/04\/omarska-krupa-1-0-2-300x225.jpg"}],"author":"admin","twitter_card":"summary_large_image","twitter_misc":{"Written by":"admin"},"schema":{"@context":"https:\/\/schema.org","@graph":[{"@type":"Article","@id":"https:\/\/www.prijedordanas.com\/?p=204162#article","isPartOf":{"@id":"https:\/\/www.prijedordanas.com\/?p=204162"},"author":{"name":"admin","@id":"https:\/\/www.prijedordanas.com\/#\/schema\/person\/4e08ccf29b506ca916ff86d46bb700e6"},"headline":"Fudbaleri Omarske gostuju kod Sutjeske u Fo\u010di","datePublished":"2023-04-26T08:53:16+00:00","dateModified":"2023-04-26T08:53:16+00:00","mainEntityOfPage":{"@id":"https:\/\/www.prijedordanas.com\/?p=204162"},"wordCount":1094,"publisher":{"@id":"https:\/\/www.prijedordanas.com\/#organization"},"articleSection":["Sport"],"inLanguage":"en-US"},{"@type":"WebPage","@id":"https:\/\/www.prijedordanas.com\/?p=204162","url":"https:\/\/www.prijedordanas.com\/?p=204162","name":"Fudbaleri Omarske gostuju kod Sutjeske u Fo\u010di - PrijedorDanas.com - Prijedorski gradski portal","isPartOf":{"@id":"https:\/\/www.prijedordanas.com\/#website"},"datePublished":"2023-04-26T08:53:16+00:00","dateModified":"2023-04-26T08:53:16+00:00","breadcrumb":{"@id":"https:\/\/www.prijedordanas.com\/?p=204162#breadcrumb"},"inLanguage":"en-US","potentialAction":[{"@type":"ReadAction","target":["https:\/\/www.prijedordanas.com\/?p=204162"]}]},{"@type":"BreadcrumbList","@id":"https:\/\/www.prijedordanas.com\/?p=204162#breadcrumb","itemListElement":[{"@type":"ListItem","position":1,"name":"Home","item":"https:\/\/www.prijedordanas.com\/"},{"@type":"ListItem","position":2,"name":"Fudbaleri Omarske gostuju kod Sutjeske u Fo\u010di"}]},{"@type":"WebSite","@id":"https:\/\/www.prijedordanas.com\/#website","url":"https:\/\/www.prijedordanas.com\/","name":"PrijedorDanas.com - Prijedorski gradski portal","description":"Portal o doga\u0111anjima u gradu Prijedoru","publisher":{"@id":"https:\/\/www.prijedordanas.com\/#organization"},"potentialAction":[{"@type":"SearchAction","target":{"@type":"EntryPoint","urlTemplate":"https:\/\/www.prijedordanas.com\/?s={search_term_string}"},"query-input":"required name=search_term_string"}],"inLanguage":"en-US"},{"@type":"Organization","@id":"https:\/\/www.prijedordanas.com\/#organization","name":"PrijedorDanas.com","url":"https:\/\/www.prijedordanas.com\/","logo":{"@type":"ImageObject","inLanguage":"en-US","@id":"https:\/\/www.prijedordanas.com\/#\/schema\/logo\/image\/","url":"http:\/\/www.prijedordanas.com\/wp-content\/uploads\/2021\/12\/logopng.png","contentUrl":"http:\/\/www.prijedordanas.com\/wp-content\/uploads\/2021\/12\/logopng.png","width":1019,"height":776,"caption":"PrijedorDanas.com"},"image":{"@id":"https:\/\/www.prijedordanas.com\/#\/schema\/logo\/image\/"},"sameAs":["https:\/\/www.facebook.com\/PrijedorDanasCom\/"]},{"@type":"Person","@id":"https:\/\/www.prijedordanas.com\/#\/schema\/person\/4e08ccf29b506ca916ff86d46bb700e6","name":"admin","image":{"@type":"ImageObject","inLanguage":"en-US","@id":"https:\/\/www.prijedordanas.com\/#\/schema\/person\/image\/","url":"https:\/\/secure.gravatar.com\/avatar\/1d3fc949d550f0b53a5f0d51e06dfd79?s=96&d=mm&r=g","contentUrl":"https:\/\/secure.gravatar.com\/avatar\/1d3fc949d550f0b53a5f0d51e06dfd79?s=96&d=mm&r=g","caption":"admin"},"url":"https:\/\/www.prijedordanas.com\/?author=1"}]}},"_links":{"self":[{"href":"https:\/\/www.prijedordanas.com\/index.php?rest_route=\/wp\/v2\/posts\/204162"}],"collection":[{"href":"https:\/\/www.prijedordanas.com\/index.php?rest_route=\/wp\/v2\/posts"}],"about":[{"href":"https:\/\/www.prijedordanas.com\/index.php?rest_route=\/wp\/v2\/types\/post"}],"author":[{"embeddable":true,"href":"https:\/\/www.prijedordanas.com\/index.php?rest_route=\/wp\/v2\/users\/1"}],"replies":[{"embeddable":true,"href":"https:\/\/www.prijedordanas.com\/index.php?rest_route=%2Fwp%2Fv2%2Fcomments&post=204162"}],"version-history":[{"count":1,"href":"https:\/\/www.prijedordanas.com\/index.php?rest_route=\/wp\/v2\/posts\/204162\/revisions"}],"predecessor-version":[{"id":204163,"href":"https:\/\/www.prijedordanas.com\/index.php?rest_route=\/wp\/v2\/posts\/204162\/revisions\/204163"}],"wp:attachment":[{"href":"https:\/\/www.prijedordanas.com\/index.php?rest_route=%2Fwp%2Fv2%2Fmedia&parent=204162"}],"wp:term":[{"taxonomy":"category","embeddable":true,"href":"https:\/\/www.prijedordanas.com\/index.php?rest_route=%2Fwp%2Fv2%2Fcategories&post=204162"},{"taxonomy":"post_tag","embeddable":true,"href":"https:\/\/www.prijedordanas.com\/index.php?rest_route=%2Fwp%2Fv2%2Ftags&post=204162"}],"curies":[{"name":"wp","href":"https:\/\/api.w.org\/{rel}","templated":true}]}}