{"id":203723,"date":"2023-04-18T18:05:31","date_gmt":"2023-04-18T16:05:31","guid":{"rendered":"https:\/\/www.prijedordanas.com\/?p=203723"},"modified":"2023-04-18T18:05:31","modified_gmt":"2023-04-18T16:05:31","slug":"prijedor-subvencije-troskova-dackog-prevoza-za-drugo-polugodiste-skolske-2022-23-godine","status":"publish","type":"post","link":"https:\/\/www.prijedordanas.com\/?p=203723","title":{"rendered":"Prijedor: Subvencije tro\u0161kova \u0111a\u010dkog prevoza za drugo polugodi\u0161te \u0161kolske 2022\/23. godine"},"content":{"rendered":"<p><a href=\"https:\/\/www.prijedordanas.com\/wp-content\/uploads\/2023\/04\/prijedorgradorg-brdar-mirkovic-subvencije-djacki-prevoz.jpg\"><img loading=\"lazy\" decoding=\"async\" src=\"https:\/\/www.prijedordanas.com\/wp-content\/uploads\/2023\/04\/prijedorgradorg-brdar-mirkovic-subvencije-djacki-prevoz-300x290.jpg\" alt=\"\" width=\"300\" height=\"290\" class=\"alignleft size-medium wp-image-203724\" srcset=\"https:\/\/www.prijedordanas.com\/wp-content\/uploads\/2023\/04\/prijedorgradorg-brdar-mirkovic-subvencije-djacki-prevoz-300x290.jpg 300w, https:\/\/www.prijedordanas.com\/wp-content\/uploads\/2023\/04\/prijedorgradorg-brdar-mirkovic-subvencije-djacki-prevoz.jpg 600w\" sizes=\"(max-width: 300px) 100vw, 300px\" \/><\/a>Grad Prijedor \u0107e ukupno za drugo polugodi\u0161te \u0161kolske 2022\/23.godine za subvencije tro\u0161kova \u0111a\u010dkog prevoza izdvojiti 54.000 KM, a pravo na ovaj vid podr\u0161ke u \u0161kolovanju ostvario je 251 srednjo\u0161kolac.<\/p>\n<p>Vr\u0161ilac du\u017enosti na\u010delnika Odjeljenja za obrazovanje, zdravstvo, socijalnu za\u0161titu i pronatalitetnu i demografsku politiku Olivera Brdar Mirkovi\u0107 potvrdila je da pravo na subvenciju tro\u0161kova prevoza u visini od 20% od iznosa mjese\u010dne karte za drugo polugodi\u0161te \u0161kolske 2022\/2023. godine imaju u\u010denici \u010dije je mjesto prebivali\u0161ta od \u0161kole udaljeno \u010detiri i vi\u0161e kilometra, pod uslovom da ne ostvaruju subvenciju po drugom osnovu.<\/p>\n<p>&#8220;U toj kategoriji od 101 prijavljenog u\u010denika, 98 ispunjavaju uslove propisane Odlukom o subvenciji \u0111a\u010dkog prevoza za drugo polugodi\u0161te \u0161kolske 2022\/2023. godine (&#8220;Slu\u017ebeni glasnik Grada Prijedor&#8221;, broj: 1\/23), dok tri u\u010denika ne ispunjavaju&#8221;, navela je Brdar Mirkovi\u0107.<\/p>\n<p>Ona je pojasnila da prema navedenom Pravilniku pravo na subvenciju tro\u0161kova \u0111a\u010dkog prevoza za drugo polugodi\u0161te \u0161kolske 2022\/2023. godine u iznosu od 50% imaju u\u010denici bez jednog roditelja, \u010diji roditelj ima status ratnog vojnog invalida ili civilne \u017ertve rata ili ratne torture, u\u010denici iz vi\u0161e\u010dlanih porodica \u010diji je jedan roditelj nezaposlen i u\u010denici \u010diji jedan roditelj samostalno vr\u0161i roditeljsku du\u017enost.<\/p>\n<p>Pravo na subvenciju tro\u0161kova prevoza u iznosu od 100%, tako\u0111e za drugo polugodi\u0161te \u0161kolske 2022\/2023. imaju u\u010denici bez roditeljskog staranja, u\u010denici iz vi\u0161e\u010dlanih porodica u kojima su oba roditelja nezaposlena, u\u010denici sa invaliditetom, korisnici prava na njegu i pomo\u0107 drugog lica i u\u010denici iz porodica \u010diji je \u010dlan porodice korisnik stalne nov\u010dane pomo\u0107i ili prava na njegu i pomo\u0107 drugog lica.<\/p>\n<p>&#8220;Na javni poziv za subvenciju tro\u0161kova \u0111a\u010dkog prevoza za u\u010denike srednjih \u0161kola, u okviru posebnih kategorija, sa podru\u010dja grada Prijedora, za drugo polugodi\u0161te \u0161kolske 2022\/23. godine prijavilo se ukupno 182 u\u010denika od kojih je 153 ispunilo uslove propisane Pravilnikom o subvenciji tro\u0161kova \u0111a\u010dkog prevoza dok 29 u\u010denika nisu&#8221; potvrdila je Brdar Mirkovi\u0107.<\/p>\n<p><a href=\"https:\/\/www.prijedorgrad.org\/sr-EU\/vijesti-sadrzaj.html?vid=17788\" rel=\"noopener\" target=\"_blank\">prijedorgrad.org<\/a><\/p>\n","protected":false},"excerpt":{"rendered":"<p>Grad Prijedor \u0107e ukupno za drugo polugodi\u0161te \u0161kolske 2022\/23.godine za subvencije tro\u0161kova \u0111a\u010dkog prevoza izdvojiti 54.000 KM, a pravo na ovaj vid podr\u0161ke u \u0161kolovanju ostvario je 251 srednjo\u0161kolac. Vr\u0161ilac [&hellip;]<\/p>\n","protected":false},"author":1,"featured_media":0,"comment_status":"closed","ping_status":"open","sticky":false,"template":"","format":"standard","meta":{"_monsterinsights_skip_tracking":false,"_monsterinsights_sitenote_active":false,"_monsterinsights_sitenote_note":"","_monsterinsights_sitenote_category":0,"footnotes":""},"categories":[7518],"tags":[],"yoast_head":"<!-- This site is optimized with the Yoast SEO plugin v21.6 - https:\/\/yoast.com\/wordpress\/plugins\/seo\/ -->\n<title>Prijedor: Subvencije tro\u0161kova \u0111a\u010dkog prevoza za drugo polugodi\u0161te \u0161kolske 2022\/23. godine - PrijedorDanas.com - Prijedorski gradski portal<\/title>\n<meta name=\"robots\" content=\"index, follow, max-snippet:-1, max-image-preview:large, max-video-preview:-1\" \/>\n<link rel=\"canonical\" href=\"https:\/\/www.prijedordanas.com\/?p=203723\" \/>\n<meta property=\"og:locale\" content=\"en_US\" \/>\n<meta property=\"og:type\" content=\"article\" \/>\n<meta property=\"og:title\" content=\"Prijedor: Subvencije tro\u0161kova \u0111a\u010dkog prevoza za drugo polugodi\u0161te \u0161kolske 2022\/23. godine - PrijedorDanas.com - Prijedorski gradski portal\" \/>\n<meta property=\"og:description\" content=\"Grad Prijedor \u0107e ukupno za drugo polugodi\u0161te \u0161kolske 2022\/23.godine za subvencije tro\u0161kova \u0111a\u010dkog prevoza izdvojiti 54.000 KM, a pravo na ovaj vid podr\u0161ke u \u0161kolovanju ostvario je 251 srednjo\u0161kolac. Vr\u0161ilac [&hellip;]\" \/>\n<meta property=\"og:url\" content=\"https:\/\/www.prijedordanas.com\/?p=203723\" \/>\n<meta property=\"og:site_name\" content=\"PrijedorDanas.com - Prijedorski gradski portal\" \/>\n<meta property=\"article:publisher\" content=\"https:\/\/www.facebook.com\/PrijedorDanasCom\/\" \/>\n<meta property=\"article:published_time\" content=\"2023-04-18T16:05:31+00:00\" \/>\n<meta property=\"og:image\" content=\"https:\/\/www.prijedordanas.com\/wp-content\/uploads\/2023\/04\/prijedorgradorg-brdar-mirkovic-subvencije-djacki-prevoz-300x290.jpg\" \/>\n<meta name=\"author\" content=\"admin\" \/>\n<meta name=\"twitter:card\" content=\"summary_large_image\" \/>\n<meta name=\"twitter:label1\" content=\"Written by\" \/>\n\t<meta name=\"twitter:data1\" content=\"admin\" \/>\n<script type=\"application\/ld+json\" class=\"yoast-schema-graph\">{\"@context\":\"https:\/\/schema.org\",\"@graph\":[{\"@type\":\"Article\",\"@id\":\"https:\/\/www.prijedordanas.com\/?p=203723#article\",\"isPartOf\":{\"@id\":\"https:\/\/www.prijedordanas.com\/?p=203723\"},\"author\":{\"name\":\"admin\",\"@id\":\"https:\/\/www.prijedordanas.com\/#\/schema\/person\/4e08ccf29b506ca916ff86d46bb700e6\"},\"headline\":\"Prijedor: Subvencije tro\u0161kova \u0111a\u010dkog prevoza za drugo polugodi\u0161te \u0161kolske 2022\/23. godine\",\"datePublished\":\"2023-04-18T16:05:31+00:00\",\"dateModified\":\"2023-04-18T16:05:31+00:00\",\"mainEntityOfPage\":{\"@id\":\"https:\/\/www.prijedordanas.com\/?p=203723\"},\"wordCount\":349,\"publisher\":{\"@id\":\"https:\/\/www.prijedordanas.com\/#organization\"},\"articleSection\":[\"Mladi\"],\"inLanguage\":\"en-US\"},{\"@type\":\"WebPage\",\"@id\":\"https:\/\/www.prijedordanas.com\/?p=203723\",\"url\":\"https:\/\/www.prijedordanas.com\/?p=203723\",\"name\":\"Prijedor: Subvencije tro\u0161kova \u0111a\u010dkog prevoza za drugo polugodi\u0161te \u0161kolske 2022\/23. godine - PrijedorDanas.com - Prijedorski gradski portal\",\"isPartOf\":{\"@id\":\"https:\/\/www.prijedordanas.com\/#website\"},\"datePublished\":\"2023-04-18T16:05:31+00:00\",\"dateModified\":\"2023-04-18T16:05:31+00:00\",\"breadcrumb\":{\"@id\":\"https:\/\/www.prijedordanas.com\/?p=203723#breadcrumb\"},\"inLanguage\":\"en-US\",\"potentialAction\":[{\"@type\":\"ReadAction\",\"target\":[\"https:\/\/www.prijedordanas.com\/?p=203723\"]}]},{\"@type\":\"BreadcrumbList\",\"@id\":\"https:\/\/www.prijedordanas.com\/?p=203723#breadcrumb\",\"itemListElement\":[{\"@type\":\"ListItem\",\"position\":1,\"name\":\"Home\",\"item\":\"https:\/\/www.prijedordanas.com\/\"},{\"@type\":\"ListItem\",\"position\":2,\"name\":\"Prijedor: Subvencije tro\u0161kova \u0111a\u010dkog prevoza za drugo polugodi\u0161te \u0161kolske 2022\/23. godine\"}]},{\"@type\":\"WebSite\",\"@id\":\"https:\/\/www.prijedordanas.com\/#website\",\"url\":\"https:\/\/www.prijedordanas.com\/\",\"name\":\"PrijedorDanas.com - Prijedorski gradski portal\",\"description\":\"Portal o doga\u0111anjima u gradu Prijedoru\",\"publisher\":{\"@id\":\"https:\/\/www.prijedordanas.com\/#organization\"},\"potentialAction\":[{\"@type\":\"SearchAction\",\"target\":{\"@type\":\"EntryPoint\",\"urlTemplate\":\"https:\/\/www.prijedordanas.com\/?s={search_term_string}\"},\"query-input\":\"required name=search_term_string\"}],\"inLanguage\":\"en-US\"},{\"@type\":\"Organization\",\"@id\":\"https:\/\/www.prijedordanas.com\/#organization\",\"name\":\"PrijedorDanas.com\",\"url\":\"https:\/\/www.prijedordanas.com\/\",\"logo\":{\"@type\":\"ImageObject\",\"inLanguage\":\"en-US\",\"@id\":\"https:\/\/www.prijedordanas.com\/#\/schema\/logo\/image\/\",\"url\":\"http:\/\/www.prijedordanas.com\/wp-content\/uploads\/2021\/12\/logopng.png\",\"contentUrl\":\"http:\/\/www.prijedordanas.com\/wp-content\/uploads\/2021\/12\/logopng.png\",\"width\":1019,\"height\":776,\"caption\":\"PrijedorDanas.com\"},\"image\":{\"@id\":\"https:\/\/www.prijedordanas.com\/#\/schema\/logo\/image\/\"},\"sameAs\":[\"https:\/\/www.facebook.com\/PrijedorDanasCom\/\"]},{\"@type\":\"Person\",\"@id\":\"https:\/\/www.prijedordanas.com\/#\/schema\/person\/4e08ccf29b506ca916ff86d46bb700e6\",\"name\":\"admin\",\"image\":{\"@type\":\"ImageObject\",\"inLanguage\":\"en-US\",\"@id\":\"https:\/\/www.prijedordanas.com\/#\/schema\/person\/image\/\",\"url\":\"https:\/\/secure.gravatar.com\/avatar\/1d3fc949d550f0b53a5f0d51e06dfd79?s=96&d=mm&r=g\",\"contentUrl\":\"https:\/\/secure.gravatar.com\/avatar\/1d3fc949d550f0b53a5f0d51e06dfd79?s=96&d=mm&r=g\",\"caption\":\"admin\"},\"url\":\"https:\/\/www.prijedordanas.com\/?author=1\"}]}<\/script>\n<!-- \/ Yoast SEO plugin. -->","yoast_head_json":{"title":"Prijedor: Subvencije tro\u0161kova \u0111a\u010dkog prevoza za drugo polugodi\u0161te \u0161kolske 2022\/23. godine - PrijedorDanas.com - Prijedorski gradski portal","robots":{"index":"index","follow":"follow","max-snippet":"max-snippet:-1","max-image-preview":"max-image-preview:large","max-video-preview":"max-video-preview:-1"},"canonical":"https:\/\/www.prijedordanas.com\/?p=203723","og_locale":"en_US","og_type":"article","og_title":"Prijedor: Subvencije tro\u0161kova \u0111a\u010dkog prevoza za drugo polugodi\u0161te \u0161kolske 2022\/23. godine - PrijedorDanas.com - Prijedorski gradski portal","og_description":"Grad Prijedor \u0107e ukupno za drugo polugodi\u0161te \u0161kolske 2022\/23.godine za subvencije tro\u0161kova \u0111a\u010dkog prevoza izdvojiti 54.000 KM, a pravo na ovaj vid podr\u0161ke u \u0161kolovanju ostvario je 251 srednjo\u0161kolac. Vr\u0161ilac [&hellip;]","og_url":"https:\/\/www.prijedordanas.com\/?p=203723","og_site_name":"PrijedorDanas.com - Prijedorski gradski portal","article_publisher":"https:\/\/www.facebook.com\/PrijedorDanasCom\/","article_published_time":"2023-04-18T16:05:31+00:00","og_image":[{"url":"https:\/\/www.prijedordanas.com\/wp-content\/uploads\/2023\/04\/prijedorgradorg-brdar-mirkovic-subvencije-djacki-prevoz-300x290.jpg"}],"author":"admin","twitter_card":"summary_large_image","twitter_misc":{"Written by":"admin"},"schema":{"@context":"https:\/\/schema.org","@graph":[{"@type":"Article","@id":"https:\/\/www.prijedordanas.com\/?p=203723#article","isPartOf":{"@id":"https:\/\/www.prijedordanas.com\/?p=203723"},"author":{"name":"admin","@id":"https:\/\/www.prijedordanas.com\/#\/schema\/person\/4e08ccf29b506ca916ff86d46bb700e6"},"headline":"Prijedor: Subvencije tro\u0161kova \u0111a\u010dkog prevoza za drugo polugodi\u0161te \u0161kolske 2022\/23. godine","datePublished":"2023-04-18T16:05:31+00:00","dateModified":"2023-04-18T16:05:31+00:00","mainEntityOfPage":{"@id":"https:\/\/www.prijedordanas.com\/?p=203723"},"wordCount":349,"publisher":{"@id":"https:\/\/www.prijedordanas.com\/#organization"},"articleSection":["Mladi"],"inLanguage":"en-US"},{"@type":"WebPage","@id":"https:\/\/www.prijedordanas.com\/?p=203723","url":"https:\/\/www.prijedordanas.com\/?p=203723","name":"Prijedor: Subvencije tro\u0161kova \u0111a\u010dkog prevoza za drugo polugodi\u0161te \u0161kolske 2022\/23. godine - PrijedorDanas.com - Prijedorski gradski portal","isPartOf":{"@id":"https:\/\/www.prijedordanas.com\/#website"},"datePublished":"2023-04-18T16:05:31+00:00","dateModified":"2023-04-18T16:05:31+00:00","breadcrumb":{"@id":"https:\/\/www.prijedordanas.com\/?p=203723#breadcrumb"},"inLanguage":"en-US","potentialAction":[{"@type":"ReadAction","target":["https:\/\/www.prijedordanas.com\/?p=203723"]}]},{"@type":"BreadcrumbList","@id":"https:\/\/www.prijedordanas.com\/?p=203723#breadcrumb","itemListElement":[{"@type":"ListItem","position":1,"name":"Home","item":"https:\/\/www.prijedordanas.com\/"},{"@type":"ListItem","position":2,"name":"Prijedor: Subvencije tro\u0161kova \u0111a\u010dkog prevoza za drugo polugodi\u0161te \u0161kolske 2022\/23. godine"}]},{"@type":"WebSite","@id":"https:\/\/www.prijedordanas.com\/#website","url":"https:\/\/www.prijedordanas.com\/","name":"PrijedorDanas.com - Prijedorski gradski portal","description":"Portal o doga\u0111anjima u gradu Prijedoru","publisher":{"@id":"https:\/\/www.prijedordanas.com\/#organization"},"potentialAction":[{"@type":"SearchAction","target":{"@type":"EntryPoint","urlTemplate":"https:\/\/www.prijedordanas.com\/?s={search_term_string}"},"query-input":"required name=search_term_string"}],"inLanguage":"en-US"},{"@type":"Organization","@id":"https:\/\/www.prijedordanas.com\/#organization","name":"PrijedorDanas.com","url":"https:\/\/www.prijedordanas.com\/","logo":{"@type":"ImageObject","inLanguage":"en-US","@id":"https:\/\/www.prijedordanas.com\/#\/schema\/logo\/image\/","url":"http:\/\/www.prijedordanas.com\/wp-content\/uploads\/2021\/12\/logopng.png","contentUrl":"http:\/\/www.prijedordanas.com\/wp-content\/uploads\/2021\/12\/logopng.png","width":1019,"height":776,"caption":"PrijedorDanas.com"},"image":{"@id":"https:\/\/www.prijedordanas.com\/#\/schema\/logo\/image\/"},"sameAs":["https:\/\/www.facebook.com\/PrijedorDanasCom\/"]},{"@type":"Person","@id":"https:\/\/www.prijedordanas.com\/#\/schema\/person\/4e08ccf29b506ca916ff86d46bb700e6","name":"admin","image":{"@type":"ImageObject","inLanguage":"en-US","@id":"https:\/\/www.prijedordanas.com\/#\/schema\/person\/image\/","url":"https:\/\/secure.gravatar.com\/avatar\/1d3fc949d550f0b53a5f0d51e06dfd79?s=96&d=mm&r=g","contentUrl":"https:\/\/secure.gravatar.com\/avatar\/1d3fc949d550f0b53a5f0d51e06dfd79?s=96&d=mm&r=g","caption":"admin"},"url":"https:\/\/www.prijedordanas.com\/?author=1"}]}},"_links":{"self":[{"href":"https:\/\/www.prijedordanas.com\/index.php?rest_route=\/wp\/v2\/posts\/203723"}],"collection":[{"href":"https:\/\/www.prijedordanas.com\/index.php?rest_route=\/wp\/v2\/posts"}],"about":[{"href":"https:\/\/www.prijedordanas.com\/index.php?rest_route=\/wp\/v2\/types\/post"}],"author":[{"embeddable":true,"href":"https:\/\/www.prijedordanas.com\/index.php?rest_route=\/wp\/v2\/users\/1"}],"replies":[{"embeddable":true,"href":"https:\/\/www.prijedordanas.com\/index.php?rest_route=%2Fwp%2Fv2%2Fcomments&post=203723"}],"version-history":[{"count":1,"href":"https:\/\/www.prijedordanas.com\/index.php?rest_route=\/wp\/v2\/posts\/203723\/revisions"}],"predecessor-version":[{"id":203725,"href":"https:\/\/www.prijedordanas.com\/index.php?rest_route=\/wp\/v2\/posts\/203723\/revisions\/203725"}],"wp:attachment":[{"href":"https:\/\/www.prijedordanas.com\/index.php?rest_route=%2Fwp%2Fv2%2Fmedia&parent=203723"}],"wp:term":[{"taxonomy":"category","embeddable":true,"href":"https:\/\/www.prijedordanas.com\/index.php?rest_route=%2Fwp%2Fv2%2Fcategories&post=203723"},{"taxonomy":"post_tag","embeddable":true,"href":"https:\/\/www.prijedordanas.com\/index.php?rest_route=%2Fwp%2Fv2%2Ftags&post=203723"}],"curies":[{"name":"wp","href":"https:\/\/api.w.org\/{rel}","templated":true}]}}