{"id":20335,"date":"2015-04-17T15:42:52","date_gmt":"2015-04-17T14:42:52","guid":{"rendered":"https:\/\/www.prijedordanas.com\/?p=20335"},"modified":"2015-05-11T23:48:22","modified_gmt":"2015-05-11T22:48:22","slug":"prijedor-dobija-dva-nova-suda","status":"publish","type":"post","link":"https:\/\/www.prijedordanas.com\/?p=20335","title":{"rendered":"PRIJEDOR DOBIJA DVA NOVA SUDA"},"content":{"rendered":"<p><a href=\"https:\/\/www.prijedordanas.com\/wp-content\/uploads\/2015\/04\/srna-prijedor-dobija-dva-suda.jpg\"><img loading=\"lazy\" decoding=\"async\" src=\"https:\/\/www.prijedordanas.com\/wp-content\/uploads\/2015\/04\/srna-prijedor-dobija-dva-suda-300x200.jpg\" alt=\"srna-prijedor dobija dva suda\" width=\"300\" height=\"200\" class=\"alignleft size-medium wp-image-20333\" srcset=\"https:\/\/www.prijedordanas.com\/wp-content\/uploads\/2015\/04\/srna-prijedor-dobija-dva-suda-300x200.jpg 300w, https:\/\/www.prijedordanas.com\/wp-content\/uploads\/2015\/04\/srna-prijedor-dobija-dva-suda-480x320.jpg 480w, https:\/\/www.prijedordanas.com\/wp-content\/uploads\/2015\/04\/srna-prijedor-dobija-dva-suda.jpg 600w\" sizes=\"(max-width: 300px) 100vw, 300px\" \/><\/a>Narodna skup\u0161tina Republike Srpske usvojila je danas Nacrt zakona o izmjenama i dopunama zakona o sudovima Republike Srpske kojim je predvi\u0111eno osnivanje Okru\u017enog suda i Okru\u017enog privrednog suda u Prijedoru.<\/p>\n<p>Ovim Nacrtom zakona vr\u0161i se uskla\u0111ivanje sa zakonima o gradu Bijeljina, o gradu Prijedor, o gradu Doboj, o gradu Trebinje i Zakonom o osnivanju op\u0161tine Stanari, te ure\u0111uje mjesna nadle\u017enost osnovnih sudova s obzirom na to da su ovi gradovi do stupanja na snagu predmetnih zakona imali status op\u0161tina. <\/p>\n<p>Usvojen je Nacrt zakona o pred\u0161kolskom vaspitanju i obrazovanju kojim je predvi\u0111eno da Vlada Republike Srpske, radi unapre\u0111enja kvaliteta vaspitanja i obrazovanja, formira savjet za razvoj pred\u0161kolskog, osnovnog i srednjeg vaspitanja kao posebno savjetodavno tijelo. <\/p>\n<p>Usvojen je zaklju\u010dak kojim se ovaj Nacrt zakona upu\u0107uje javnu raspravu u trajanju od 30 dana. <\/p>\n<p>Narodna skup\u0161tina Republike Srpske usvojila je Nacrt zakona o izmjenama i dopunama Zakona o transfuzijskoj djelatnosti kojim se ure\u0111uje transfuzijska djelatnost, sistem kvaliteta u transfuzijskoj djelatnosti i obezbje\u0111ivanja dovoljnih koli\u010dna bezbjedne krvi i komponenti krvi za potrebe gra\u0111ana Srpske. <\/p>\n<p>Usvojen je izvje\u0161taj odbora Narodne skup\u0161tine Republike Srpske za bezbjednost i za bora\u010dko-invalidsku za\u0161titu u kojem se navodi da rad i djelovanje Suda i Tu\u017eila\u0161tva BiH generi\u0161u me\u0111unacionalnu mr\u017enju i netrpeljivost i ne doprinose su\u017eivotu i pomirenju u BiH. <\/p>\n<p>U izvje\u0161taju je izra\u017eeno nezadovoljstvo radom Suda i Tu\u017eila\u0161tva BiH, kao i radom Agencije za istrage i za\u0161titu BiH na slu\u010dajevima ratnih zlo\u010dina. <\/p>\n<p>Usvojen je godi\u0161nji izvje\u0161taj ombudsmana za djecu za 2014. godinu u kojem se konstatuje da je zaustavljen dalji rast broja prijava ugro\u017eavanja prava djece. <\/p>\n<p>Narodna skup\u0161tina Republike Srpske usvojila je izvje\u0161taj o povo\u0111enju akcionog plana za unapre\u0111enje polo\u017eaja \u017eena na selu u Republici Srpskoj do 2015. godine, za 2014. godinu, koji je najve\u0107im dijelom ostvaren u pogledu unapre\u0111enja ekonomskog polo\u017eaja \u017eena na selu. <\/p>\n<p>Usvojena je informacija o obavezama koje za BiH i Republiku Srpsku proisti\u010du iz procesa pridru\u017eivanja EU u kojoj se navodi da Sporazum o stabilizaciji i pridru\u017eivanju \/SPP\/ BiH i EU u 2014. godini nije stupio na snagu zbog neprovo\u0111enja odluke Evropskog suda za ljudska prava u slu\u010daju &#8220;Sejdi\u0107-Finci protiv BiH. <\/p>\n<p>SRNA<\/p>\n","protected":false},"excerpt":{"rendered":"<p>Narodna skup\u0161tina Republike Srpske usvojila je danas Nacrt zakona o izmjenama i dopunama zakona o sudovima Republike Srpske kojim je predvi\u0111eno osnivanje Okru\u017enog suda i Okru\u017enog privrednog suda u Prijedoru. [&hellip;]<\/p>\n","protected":false},"author":1,"featured_media":0,"comment_status":"closed","ping_status":"open","sticky":false,"template":"","format":"standard","meta":{"_monsterinsights_skip_tracking":false,"_monsterinsights_sitenote_active":false,"_monsterinsights_sitenote_note":"","_monsterinsights_sitenote_category":0,"footnotes":""},"categories":[4],"tags":[3470,3431,3469,851],"yoast_head":"<!-- This site is optimized with the Yoast SEO plugin v21.6 - https:\/\/yoast.com\/wordpress\/plugins\/seo\/ -->\n<title>PRIJEDOR DOBIJA DVA NOVA SUDA - PrijedorDanas.com - Prijedorski gradski portal<\/title>\n<meta name=\"robots\" content=\"index, follow, max-snippet:-1, max-image-preview:large, max-video-preview:-1\" \/>\n<link rel=\"canonical\" href=\"https:\/\/www.prijedordanas.com\/?p=20335\" \/>\n<meta property=\"og:locale\" content=\"en_US\" \/>\n<meta property=\"og:type\" content=\"article\" \/>\n<meta property=\"og:title\" content=\"PRIJEDOR DOBIJA DVA NOVA SUDA - PrijedorDanas.com - Prijedorski gradski portal\" \/>\n<meta property=\"og:description\" content=\"Narodna skup\u0161tina Republike Srpske usvojila je danas Nacrt zakona o izmjenama i dopunama zakona o sudovima Republike Srpske kojim je predvi\u0111eno osnivanje Okru\u017enog suda i Okru\u017enog privrednog suda u Prijedoru. [&hellip;]\" \/>\n<meta property=\"og:url\" content=\"https:\/\/www.prijedordanas.com\/?p=20335\" \/>\n<meta property=\"og:site_name\" content=\"PrijedorDanas.com - Prijedorski gradski portal\" \/>\n<meta property=\"article:publisher\" content=\"https:\/\/www.facebook.com\/PrijedorDanasCom\/\" \/>\n<meta property=\"article:published_time\" content=\"2015-04-17T14:42:52+00:00\" \/>\n<meta property=\"article:modified_time\" content=\"2015-05-11T22:48:22+00:00\" \/>\n<meta property=\"og:image\" content=\"https:\/\/www.prijedordanas.com\/wp-content\/uploads\/2015\/04\/srna-prijedor-dobija-dva-suda-300x200.jpg\" \/>\n<meta name=\"author\" content=\"admin\" \/>\n<meta name=\"twitter:card\" content=\"summary_large_image\" \/>\n<meta name=\"twitter:label1\" content=\"Written by\" \/>\n\t<meta name=\"twitter:data1\" content=\"admin\" \/>\n\t<meta name=\"twitter:label2\" content=\"Est. reading time\" \/>\n\t<meta name=\"twitter:data2\" content=\"2 minutes\" \/>\n<script type=\"application\/ld+json\" class=\"yoast-schema-graph\">{\"@context\":\"https:\/\/schema.org\",\"@graph\":[{\"@type\":\"Article\",\"@id\":\"https:\/\/www.prijedordanas.com\/?p=20335#article\",\"isPartOf\":{\"@id\":\"https:\/\/www.prijedordanas.com\/?p=20335\"},\"author\":{\"name\":\"admin\",\"@id\":\"https:\/\/www.prijedordanas.com\/#\/schema\/person\/4e08ccf29b506ca916ff86d46bb700e6\"},\"headline\":\"PRIJEDOR DOBIJA DVA NOVA SUDA\",\"datePublished\":\"2015-04-17T14:42:52+00:00\",\"dateModified\":\"2015-05-11T22:48:22+00:00\",\"mainEntityOfPage\":{\"@id\":\"https:\/\/www.prijedordanas.com\/?p=20335\"},\"wordCount\":400,\"publisher\":{\"@id\":\"https:\/\/www.prijedordanas.com\/#organization\"},\"keywords\":[\"Nacrt Zakona\",\"Narodna skup\u0161tina\",\"Okru\u017eni privredni sud\",\"Okru\u017eni sud\"],\"articleSection\":[\"Dru\u0161tvo\"],\"inLanguage\":\"en-US\"},{\"@type\":\"WebPage\",\"@id\":\"https:\/\/www.prijedordanas.com\/?p=20335\",\"url\":\"https:\/\/www.prijedordanas.com\/?p=20335\",\"name\":\"PRIJEDOR DOBIJA DVA NOVA SUDA - PrijedorDanas.com - Prijedorski gradski portal\",\"isPartOf\":{\"@id\":\"https:\/\/www.prijedordanas.com\/#website\"},\"datePublished\":\"2015-04-17T14:42:52+00:00\",\"dateModified\":\"2015-05-11T22:48:22+00:00\",\"breadcrumb\":{\"@id\":\"https:\/\/www.prijedordanas.com\/?p=20335#breadcrumb\"},\"inLanguage\":\"en-US\",\"potentialAction\":[{\"@type\":\"ReadAction\",\"target\":[\"https:\/\/www.prijedordanas.com\/?p=20335\"]}]},{\"@type\":\"BreadcrumbList\",\"@id\":\"https:\/\/www.prijedordanas.com\/?p=20335#breadcrumb\",\"itemListElement\":[{\"@type\":\"ListItem\",\"position\":1,\"name\":\"Home\",\"item\":\"https:\/\/www.prijedordanas.com\/\"},{\"@type\":\"ListItem\",\"position\":2,\"name\":\"PRIJEDOR DOBIJA DVA NOVA SUDA\"}]},{\"@type\":\"WebSite\",\"@id\":\"https:\/\/www.prijedordanas.com\/#website\",\"url\":\"https:\/\/www.prijedordanas.com\/\",\"name\":\"PrijedorDanas.com - Prijedorski gradski portal\",\"description\":\"Portal o doga\u0111anjima u gradu Prijedoru\",\"publisher\":{\"@id\":\"https:\/\/www.prijedordanas.com\/#organization\"},\"potentialAction\":[{\"@type\":\"SearchAction\",\"target\":{\"@type\":\"EntryPoint\",\"urlTemplate\":\"https:\/\/www.prijedordanas.com\/?s={search_term_string}\"},\"query-input\":\"required name=search_term_string\"}],\"inLanguage\":\"en-US\"},{\"@type\":\"Organization\",\"@id\":\"https:\/\/www.prijedordanas.com\/#organization\",\"name\":\"PrijedorDanas.com\",\"url\":\"https:\/\/www.prijedordanas.com\/\",\"logo\":{\"@type\":\"ImageObject\",\"inLanguage\":\"en-US\",\"@id\":\"https:\/\/www.prijedordanas.com\/#\/schema\/logo\/image\/\",\"url\":\"http:\/\/www.prijedordanas.com\/wp-content\/uploads\/2021\/12\/logopng.png\",\"contentUrl\":\"http:\/\/www.prijedordanas.com\/wp-content\/uploads\/2021\/12\/logopng.png\",\"width\":1019,\"height\":776,\"caption\":\"PrijedorDanas.com\"},\"image\":{\"@id\":\"https:\/\/www.prijedordanas.com\/#\/schema\/logo\/image\/\"},\"sameAs\":[\"https:\/\/www.facebook.com\/PrijedorDanasCom\/\"]},{\"@type\":\"Person\",\"@id\":\"https:\/\/www.prijedordanas.com\/#\/schema\/person\/4e08ccf29b506ca916ff86d46bb700e6\",\"name\":\"admin\",\"image\":{\"@type\":\"ImageObject\",\"inLanguage\":\"en-US\",\"@id\":\"https:\/\/www.prijedordanas.com\/#\/schema\/person\/image\/\",\"url\":\"https:\/\/secure.gravatar.com\/avatar\/1d3fc949d550f0b53a5f0d51e06dfd79?s=96&d=mm&r=g\",\"contentUrl\":\"https:\/\/secure.gravatar.com\/avatar\/1d3fc949d550f0b53a5f0d51e06dfd79?s=96&d=mm&r=g\",\"caption\":\"admin\"},\"url\":\"https:\/\/www.prijedordanas.com\/?author=1\"}]}<\/script>\n<!-- \/ Yoast SEO plugin. -->","yoast_head_json":{"title":"PRIJEDOR DOBIJA DVA NOVA SUDA - PrijedorDanas.com - Prijedorski gradski portal","robots":{"index":"index","follow":"follow","max-snippet":"max-snippet:-1","max-image-preview":"max-image-preview:large","max-video-preview":"max-video-preview:-1"},"canonical":"https:\/\/www.prijedordanas.com\/?p=20335","og_locale":"en_US","og_type":"article","og_title":"PRIJEDOR DOBIJA DVA NOVA SUDA - PrijedorDanas.com - Prijedorski gradski portal","og_description":"Narodna skup\u0161tina Republike Srpske usvojila je danas Nacrt zakona o izmjenama i dopunama zakona o sudovima Republike Srpske kojim je predvi\u0111eno osnivanje Okru\u017enog suda i Okru\u017enog privrednog suda u Prijedoru. [&hellip;]","og_url":"https:\/\/www.prijedordanas.com\/?p=20335","og_site_name":"PrijedorDanas.com - Prijedorski gradski portal","article_publisher":"https:\/\/www.facebook.com\/PrijedorDanasCom\/","article_published_time":"2015-04-17T14:42:52+00:00","article_modified_time":"2015-05-11T22:48:22+00:00","og_image":[{"url":"https:\/\/www.prijedordanas.com\/wp-content\/uploads\/2015\/04\/srna-prijedor-dobija-dva-suda-300x200.jpg"}],"author":"admin","twitter_card":"summary_large_image","twitter_misc":{"Written by":"admin","Est. reading time":"2 minutes"},"schema":{"@context":"https:\/\/schema.org","@graph":[{"@type":"Article","@id":"https:\/\/www.prijedordanas.com\/?p=20335#article","isPartOf":{"@id":"https:\/\/www.prijedordanas.com\/?p=20335"},"author":{"name":"admin","@id":"https:\/\/www.prijedordanas.com\/#\/schema\/person\/4e08ccf29b506ca916ff86d46bb700e6"},"headline":"PRIJEDOR DOBIJA DVA NOVA SUDA","datePublished":"2015-04-17T14:42:52+00:00","dateModified":"2015-05-11T22:48:22+00:00","mainEntityOfPage":{"@id":"https:\/\/www.prijedordanas.com\/?p=20335"},"wordCount":400,"publisher":{"@id":"https:\/\/www.prijedordanas.com\/#organization"},"keywords":["Nacrt Zakona","Narodna skup\u0161tina","Okru\u017eni privredni sud","Okru\u017eni sud"],"articleSection":["Dru\u0161tvo"],"inLanguage":"en-US"},{"@type":"WebPage","@id":"https:\/\/www.prijedordanas.com\/?p=20335","url":"https:\/\/www.prijedordanas.com\/?p=20335","name":"PRIJEDOR DOBIJA DVA NOVA SUDA - PrijedorDanas.com - Prijedorski gradski portal","isPartOf":{"@id":"https:\/\/www.prijedordanas.com\/#website"},"datePublished":"2015-04-17T14:42:52+00:00","dateModified":"2015-05-11T22:48:22+00:00","breadcrumb":{"@id":"https:\/\/www.prijedordanas.com\/?p=20335#breadcrumb"},"inLanguage":"en-US","potentialAction":[{"@type":"ReadAction","target":["https:\/\/www.prijedordanas.com\/?p=20335"]}]},{"@type":"BreadcrumbList","@id":"https:\/\/www.prijedordanas.com\/?p=20335#breadcrumb","itemListElement":[{"@type":"ListItem","position":1,"name":"Home","item":"https:\/\/www.prijedordanas.com\/"},{"@type":"ListItem","position":2,"name":"PRIJEDOR DOBIJA DVA NOVA SUDA"}]},{"@type":"WebSite","@id":"https:\/\/www.prijedordanas.com\/#website","url":"https:\/\/www.prijedordanas.com\/","name":"PrijedorDanas.com - Prijedorski gradski portal","description":"Portal o doga\u0111anjima u gradu Prijedoru","publisher":{"@id":"https:\/\/www.prijedordanas.com\/#organization"},"potentialAction":[{"@type":"SearchAction","target":{"@type":"EntryPoint","urlTemplate":"https:\/\/www.prijedordanas.com\/?s={search_term_string}"},"query-input":"required name=search_term_string"}],"inLanguage":"en-US"},{"@type":"Organization","@id":"https:\/\/www.prijedordanas.com\/#organization","name":"PrijedorDanas.com","url":"https:\/\/www.prijedordanas.com\/","logo":{"@type":"ImageObject","inLanguage":"en-US","@id":"https:\/\/www.prijedordanas.com\/#\/schema\/logo\/image\/","url":"http:\/\/www.prijedordanas.com\/wp-content\/uploads\/2021\/12\/logopng.png","contentUrl":"http:\/\/www.prijedordanas.com\/wp-content\/uploads\/2021\/12\/logopng.png","width":1019,"height":776,"caption":"PrijedorDanas.com"},"image":{"@id":"https:\/\/www.prijedordanas.com\/#\/schema\/logo\/image\/"},"sameAs":["https:\/\/www.facebook.com\/PrijedorDanasCom\/"]},{"@type":"Person","@id":"https:\/\/www.prijedordanas.com\/#\/schema\/person\/4e08ccf29b506ca916ff86d46bb700e6","name":"admin","image":{"@type":"ImageObject","inLanguage":"en-US","@id":"https:\/\/www.prijedordanas.com\/#\/schema\/person\/image\/","url":"https:\/\/secure.gravatar.com\/avatar\/1d3fc949d550f0b53a5f0d51e06dfd79?s=96&d=mm&r=g","contentUrl":"https:\/\/secure.gravatar.com\/avatar\/1d3fc949d550f0b53a5f0d51e06dfd79?s=96&d=mm&r=g","caption":"admin"},"url":"https:\/\/www.prijedordanas.com\/?author=1"}]}},"_links":{"self":[{"href":"https:\/\/www.prijedordanas.com\/index.php?rest_route=\/wp\/v2\/posts\/20335"}],"collection":[{"href":"https:\/\/www.prijedordanas.com\/index.php?rest_route=\/wp\/v2\/posts"}],"about":[{"href":"https:\/\/www.prijedordanas.com\/index.php?rest_route=\/wp\/v2\/types\/post"}],"author":[{"embeddable":true,"href":"https:\/\/www.prijedordanas.com\/index.php?rest_route=\/wp\/v2\/users\/1"}],"replies":[{"embeddable":true,"href":"https:\/\/www.prijedordanas.com\/index.php?rest_route=%2Fwp%2Fv2%2Fcomments&post=20335"}],"version-history":[{"count":1,"href":"https:\/\/www.prijedordanas.com\/index.php?rest_route=\/wp\/v2\/posts\/20335\/revisions"}],"predecessor-version":[{"id":20336,"href":"https:\/\/www.prijedordanas.com\/index.php?rest_route=\/wp\/v2\/posts\/20335\/revisions\/20336"}],"wp:attachment":[{"href":"https:\/\/www.prijedordanas.com\/index.php?rest_route=%2Fwp%2Fv2%2Fmedia&parent=20335"}],"wp:term":[{"taxonomy":"category","embeddable":true,"href":"https:\/\/www.prijedordanas.com\/index.php?rest_route=%2Fwp%2Fv2%2Fcategories&post=20335"},{"taxonomy":"post_tag","embeddable":true,"href":"https:\/\/www.prijedordanas.com\/index.php?rest_route=%2Fwp%2Fv2%2Ftags&post=20335"}],"curies":[{"name":"wp","href":"https:\/\/api.w.org\/{rel}","templated":true}]}}