{"id":202939,"date":"2023-04-06T23:00:37","date_gmt":"2023-04-06T21:00:37","guid":{"rendered":"https:\/\/www.prijedordanas.com\/?p=202939"},"modified":"2023-04-07T00:04:17","modified_gmt":"2023-04-06T22:04:17","slug":"prijedor-otvaranje-potkozarske-kuce-15-maja-u-okviru-obiljezavanja-dana-grada","status":"publish","type":"post","link":"https:\/\/www.prijedordanas.com\/?p=202939","title":{"rendered":"Prijedor: Otvaranje Potkozarske ku\u0107e 15. maja u okviru obilje\u017eavanja Dana grada"},"content":{"rendered":"<p><a href=\"https:\/\/www.prijedordanas.com\/wp-content\/uploads\/2023\/04\/potkozarska-kuca-sastanak-6april.jpg\"><img loading=\"lazy\" decoding=\"async\" src=\"https:\/\/www.prijedordanas.com\/wp-content\/uploads\/2023\/04\/potkozarska-kuca-sastanak-6april-300x225.jpg\" alt=\"\" width=\"300\" height=\"225\" class=\"alignleft size-medium wp-image-202941\" srcset=\"https:\/\/www.prijedordanas.com\/wp-content\/uploads\/2023\/04\/potkozarska-kuca-sastanak-6april-300x225.jpg 300w, https:\/\/www.prijedordanas.com\/wp-content\/uploads\/2023\/04\/potkozarska-kuca-sastanak-6april-640x480.jpg 640w, https:\/\/www.prijedordanas.com\/wp-content\/uploads\/2023\/04\/potkozarska-kuca-sastanak-6april.jpg 666w\" sizes=\"(max-width: 300px) 100vw, 300px\" \/><\/a>U Prijedoru \u0107e 15. maja biti otvorena Potkozarska ku\u0107a, najavio je danas na\u010delnik gradskog Odjeljenja za privredu i preduzeti\u0161tvo Rade Rosi\u0107.<\/p>\n<p>On je naveo da ideja o osnivanju Potkozarske ku\u0107e postoji ve\u0107 nekoliko godina, a da je pro\u0161le godine grad sklopio sporazum o saradnji sa dugogodi\u0161njim partnerima iz Italije, Udru\u017eenjem &#8220;Projekat Prijedor&#8221; iz Trenta.<\/p>\n<p>&#8220;Nedavno smo potpisali i aneks sporazuma gdje smo se obavezali da \u0107emo otvoriti Potkozarsku ku\u0107u u okviru obilje\u017eavanja 16. maja, Dana grada. Utvrdili smo datum, 15. maja, u 12.00 \u010dasova, a dotad je potrebno zavr\u0161iti sve pripreme i potpisati sporazume sa zainteresovanim proizvo\u0111a\u010dima&#8221;, rekao je Rosi\u0107.<\/p>\n<p>On je naveo da je grad Prijedor razmijenio i iskustva sa sli\u010dnim subjektima u Banjaluci, Trebinju i Gradi\u0161ci, odnosno sa Kraji\u0161kom, Hercegova\u010dkom i Ku\u0107om Lijev\u010da i Potkozarja.<\/p>\n<p>&#8220;Prostora ima za sve. Uslovi se moraju po\u0161tovati&#8221;, poru\u010dio je Rosi\u0107 na sastanku s lokalnim proizvo\u0111a\u010dima na kojem su prezentovane planirane aktivnosti i na\u010din plasmana proizvoda.<\/p>\n<p>Dragan Do\u0161en iz Udru\u017eenja &#8220;Projekat Prijedor&#8221; rekao je da su u toku zavr\u0161ni radovi na rekonstrukciji prostora koju je finansiralo ovo udru\u017eenje, a grad nadoknadio nedostaju\u0107a sredstva.<\/p>\n<p>&#8220;Ideja da to ne bude samo prodajni nego i izlo\u017ebeni prostor i da \u0107e posjetioci dolaziti proizvo\u0111a\u010dima ku\u0107i. Info-pult slu\u017ei\u0107e, ne samo za robu koja je tu, nego i za sve druge lokalne proizvode, uklju\u010duju\u0107i i rukotvorine, kao i Poljoprivredno-prehrambenu \u0161kolu koja ne mo\u017ee nastupati kao komercijalni subjekt. Moramo ispo\u0161tovati pravila tr\u017ei\u0161ta&#8221;, dodao je Do\u0161en.<\/p>\n<p>On je pozvao proizvo\u0111a\u010de da uz svaki svoj proizvod napi\u0161u i kratku pri\u010du o njemu budu\u0107i da takav pristup potpoma\u017ee brendiranje.<\/p>\n<p>Sla\u0111ana Jovi\u0107 iz Turisti\u010dke organizacije grada Prijedora rekla je da je prvi uslov da proizvo\u0111a\u010d lokalnih proizvoda i prera\u0111evina bude registrovan na neki od vi\u0161e mogu\u0107ih na\u010dina &#8211; poljoprivredno gazdinstvo, zanatlija, udru\u017eenje, zadruga, preduzetnik, malo, mikro ili srednje preduze\u0107e i da, budu\u0107i da se radi o maloprodaji, ispunjava uslove Zakona o trgovini.<\/p>\n<p>&#8220;Planiramo i onlajn prodaju. Tako\u0111e, budu\u0107i da ne mo\u017eemo raditi na bazi profitabilnosti, ali mo\u017eemo od mar\u017ee ulagati u marketing, pa \u0107e o na\u0161em tro\u0161ku proizvo\u0111a\u010di dobiti markice s logom koje \u0107e biti na njihovim proizvodima, mimo njihovih etiketa, zatim kese za pakovanje robe, potom sponzorisanje oglasa i sli\u010dno&#8221;, dodala je Jovi\u0107eva.<\/p>\n<p>Goran Kecman iz Odjeljenja za poljoprivredu i ruralni razvoj grada Prijedora najavio je novu vrstu posticaja iz bud\u017eeta grada, a to je do 50 odsto za analize potrebne da se prehrambeni proizvod na\u0111e na tr\u017ei\u0161tu.<\/p>\n<p>On je dodao da se cijene analiza kre\u0107u i do 500 KM.<\/p>\n<p>P\u010delar Branko Kon\u010dar rekao je da ima 25 proizvoda i da nije u mogu\u0107nosti za svaki pla\u0107ati nalaze hemijske, fizi\u010dke i mikrobiolo\u0161ke analize.<\/p>\n<p>&#8220;Za jedan med najjeftinija analiza je 95 KM i ona nije jedina neophodna. To je previ\u0161e i to treba liberalizovati&#8221;, poru\u010dio je Kon\u010dar.<\/p>\n<p>Proizvo\u0111a\u010d rakije Goran Radanovi\u0107 rekao je da ve\u0107 ima saradnju sa drugim srodnim ku\u0107ama i da za jednu vrstu rakije pla\u0107a analizu 120 KM.<\/p>\n<p>Dalibor Jovi\u0107 iz Poljoprivredne zadruge &#8220;Kooperative Prijedor&#8221; rekao je da je na\u010din deklarisanja robe striktno propisan i da o tome treba veoma pa\u017eljivo voditi ra\u010duna.<\/p>\n<p>&#8220;Jednom smo na deklaraciji za sok imali rije\u010di `Republika Srpska\/Bosna i Hercegovina` i platili smo kaznu prilikom inspekcijske kontrole od 2.000 KM zato \u0161to su nedostajale rije\u010di `zemlja porijekla`&#8221;, naveo je Jovi\u0107 i naglasio da sve \u0161to spada u proizvodnju hrane, a ide na tr\u017ei\u0161te, ima striktna pravila.<\/p>\n<p>Amira Gani\u0107 iz Turisti\u010dke organizacije grada Prijedora rekla je da je i veb stranica ove organizacije u rekonstrukciji upravo zbog Potkozarske ku\u0107e i da je ovo prvi u nizu sastanaka s proizvo\u0111a\u010dima.<\/p>\n<p>&#8220;Osim iz Prijedora, planiramo pozvati i one iz O\u0161tre Luke, Novog Grada, Kozarske Dubice, Kostajnice i Krupe na Uni&#8221;, dodala je Gani\u0107eva.<\/p>\n<p>U Gradskoj upravi danas je uprili\u010den sastanak s proizvo\u0111a\u010dima lokalnih proizvoda nakon \u0161to je ju\u010de Skup\u0161tina grada Prijedora donijela odluku o osnivanju Potkozarske ku\u0107e kao poslovne jedinice ovda\u0161nje Turisti\u010dke organizacije.<\/p>\n<p>Iz Turisti\u010dke organizacije najavljeno je da \u0107e od danas po\u010deti intenzivna komunikacija sa proizvo\u0111a\u010dima kako bi plasman njihovih proizvoda bio spreman do datuma najavljenog otvaranja Potkozarske ku\u0107e. <\/p>\n<p>SRNA<\/p>\n","protected":false},"excerpt":{"rendered":"<p>U Prijedoru \u0107e 15. maja biti otvorena Potkozarska ku\u0107a, najavio je danas na\u010delnik gradskog Odjeljenja za privredu i preduzeti\u0161tvo Rade Rosi\u0107. On je naveo da ideja o osnivanju Potkozarske ku\u0107e [&hellip;]<\/p>\n","protected":false},"author":1,"featured_media":0,"comment_status":"closed","ping_status":"open","sticky":false,"template":"","format":"standard","meta":{"_monsterinsights_skip_tracking":false,"_monsterinsights_sitenote_active":false,"_monsterinsights_sitenote_note":"","_monsterinsights_sitenote_category":0,"footnotes":""},"categories":[4],"tags":[],"yoast_head":"<!-- This site is optimized with the Yoast SEO plugin v21.6 - https:\/\/yoast.com\/wordpress\/plugins\/seo\/ -->\n<title>Prijedor: Otvaranje Potkozarske ku\u0107e 15. maja u okviru obilje\u017eavanja Dana grada - PrijedorDanas.com - Prijedorski gradski portal<\/title>\n<meta name=\"robots\" content=\"index, follow, max-snippet:-1, max-image-preview:large, max-video-preview:-1\" \/>\n<link rel=\"canonical\" href=\"https:\/\/www.prijedordanas.com\/?p=202939\" \/>\n<meta property=\"og:locale\" content=\"en_US\" \/>\n<meta property=\"og:type\" content=\"article\" \/>\n<meta property=\"og:title\" content=\"Prijedor: Otvaranje Potkozarske ku\u0107e 15. maja u okviru obilje\u017eavanja Dana grada - PrijedorDanas.com - Prijedorski gradski portal\" \/>\n<meta property=\"og:description\" content=\"U Prijedoru \u0107e 15. maja biti otvorena Potkozarska ku\u0107a, najavio je danas na\u010delnik gradskog Odjeljenja za privredu i preduzeti\u0161tvo Rade Rosi\u0107. On je naveo da ideja o osnivanju Potkozarske ku\u0107e [&hellip;]\" \/>\n<meta property=\"og:url\" content=\"https:\/\/www.prijedordanas.com\/?p=202939\" \/>\n<meta property=\"og:site_name\" content=\"PrijedorDanas.com - Prijedorski gradski portal\" \/>\n<meta property=\"article:publisher\" content=\"https:\/\/www.facebook.com\/PrijedorDanasCom\/\" \/>\n<meta property=\"article:published_time\" content=\"2023-04-06T21:00:37+00:00\" \/>\n<meta property=\"article:modified_time\" content=\"2023-04-06T22:04:17+00:00\" \/>\n<meta property=\"og:image\" content=\"https:\/\/www.prijedordanas.com\/wp-content\/uploads\/2023\/04\/potkozarska-kuca-sastanak-6april-300x225.jpg\" \/>\n<meta name=\"author\" content=\"admin\" \/>\n<meta name=\"twitter:card\" content=\"summary_large_image\" \/>\n<meta name=\"twitter:label1\" content=\"Written by\" \/>\n\t<meta name=\"twitter:data1\" content=\"admin\" \/>\n\t<meta name=\"twitter:label2\" content=\"Est. reading time\" \/>\n\t<meta name=\"twitter:data2\" content=\"4 minutes\" \/>\n<script type=\"application\/ld+json\" class=\"yoast-schema-graph\">{\"@context\":\"https:\/\/schema.org\",\"@graph\":[{\"@type\":\"Article\",\"@id\":\"https:\/\/www.prijedordanas.com\/?p=202939#article\",\"isPartOf\":{\"@id\":\"https:\/\/www.prijedordanas.com\/?p=202939\"},\"author\":{\"name\":\"admin\",\"@id\":\"https:\/\/www.prijedordanas.com\/#\/schema\/person\/4e08ccf29b506ca916ff86d46bb700e6\"},\"headline\":\"Prijedor: Otvaranje Potkozarske ku\u0107e 15. maja u okviru obilje\u017eavanja Dana grada\",\"datePublished\":\"2023-04-06T21:00:37+00:00\",\"dateModified\":\"2023-04-06T22:04:17+00:00\",\"mainEntityOfPage\":{\"@id\":\"https:\/\/www.prijedordanas.com\/?p=202939\"},\"wordCount\":776,\"publisher\":{\"@id\":\"https:\/\/www.prijedordanas.com\/#organization\"},\"articleSection\":[\"Dru\u0161tvo\"],\"inLanguage\":\"en-US\"},{\"@type\":\"WebPage\",\"@id\":\"https:\/\/www.prijedordanas.com\/?p=202939\",\"url\":\"https:\/\/www.prijedordanas.com\/?p=202939\",\"name\":\"Prijedor: Otvaranje Potkozarske ku\u0107e 15. maja u okviru obilje\u017eavanja Dana grada - PrijedorDanas.com - Prijedorski gradski portal\",\"isPartOf\":{\"@id\":\"https:\/\/www.prijedordanas.com\/#website\"},\"datePublished\":\"2023-04-06T21:00:37+00:00\",\"dateModified\":\"2023-04-06T22:04:17+00:00\",\"breadcrumb\":{\"@id\":\"https:\/\/www.prijedordanas.com\/?p=202939#breadcrumb\"},\"inLanguage\":\"en-US\",\"potentialAction\":[{\"@type\":\"ReadAction\",\"target\":[\"https:\/\/www.prijedordanas.com\/?p=202939\"]}]},{\"@type\":\"BreadcrumbList\",\"@id\":\"https:\/\/www.prijedordanas.com\/?p=202939#breadcrumb\",\"itemListElement\":[{\"@type\":\"ListItem\",\"position\":1,\"name\":\"Home\",\"item\":\"https:\/\/www.prijedordanas.com\/\"},{\"@type\":\"ListItem\",\"position\":2,\"name\":\"Prijedor: Otvaranje Potkozarske ku\u0107e 15. maja u okviru obilje\u017eavanja Dana grada\"}]},{\"@type\":\"WebSite\",\"@id\":\"https:\/\/www.prijedordanas.com\/#website\",\"url\":\"https:\/\/www.prijedordanas.com\/\",\"name\":\"PrijedorDanas.com - Prijedorski gradski portal\",\"description\":\"Portal o doga\u0111anjima u gradu Prijedoru\",\"publisher\":{\"@id\":\"https:\/\/www.prijedordanas.com\/#organization\"},\"potentialAction\":[{\"@type\":\"SearchAction\",\"target\":{\"@type\":\"EntryPoint\",\"urlTemplate\":\"https:\/\/www.prijedordanas.com\/?s={search_term_string}\"},\"query-input\":\"required name=search_term_string\"}],\"inLanguage\":\"en-US\"},{\"@type\":\"Organization\",\"@id\":\"https:\/\/www.prijedordanas.com\/#organization\",\"name\":\"PrijedorDanas.com\",\"url\":\"https:\/\/www.prijedordanas.com\/\",\"logo\":{\"@type\":\"ImageObject\",\"inLanguage\":\"en-US\",\"@id\":\"https:\/\/www.prijedordanas.com\/#\/schema\/logo\/image\/\",\"url\":\"http:\/\/www.prijedordanas.com\/wp-content\/uploads\/2021\/12\/logopng.png\",\"contentUrl\":\"http:\/\/www.prijedordanas.com\/wp-content\/uploads\/2021\/12\/logopng.png\",\"width\":1019,\"height\":776,\"caption\":\"PrijedorDanas.com\"},\"image\":{\"@id\":\"https:\/\/www.prijedordanas.com\/#\/schema\/logo\/image\/\"},\"sameAs\":[\"https:\/\/www.facebook.com\/PrijedorDanasCom\/\"]},{\"@type\":\"Person\",\"@id\":\"https:\/\/www.prijedordanas.com\/#\/schema\/person\/4e08ccf29b506ca916ff86d46bb700e6\",\"name\":\"admin\",\"image\":{\"@type\":\"ImageObject\",\"inLanguage\":\"en-US\",\"@id\":\"https:\/\/www.prijedordanas.com\/#\/schema\/person\/image\/\",\"url\":\"https:\/\/secure.gravatar.com\/avatar\/1d3fc949d550f0b53a5f0d51e06dfd79?s=96&d=mm&r=g\",\"contentUrl\":\"https:\/\/secure.gravatar.com\/avatar\/1d3fc949d550f0b53a5f0d51e06dfd79?s=96&d=mm&r=g\",\"caption\":\"admin\"},\"url\":\"https:\/\/www.prijedordanas.com\/?author=1\"}]}<\/script>\n<!-- \/ Yoast SEO plugin. -->","yoast_head_json":{"title":"Prijedor: Otvaranje Potkozarske ku\u0107e 15. maja u okviru obilje\u017eavanja Dana grada - PrijedorDanas.com - Prijedorski gradski portal","robots":{"index":"index","follow":"follow","max-snippet":"max-snippet:-1","max-image-preview":"max-image-preview:large","max-video-preview":"max-video-preview:-1"},"canonical":"https:\/\/www.prijedordanas.com\/?p=202939","og_locale":"en_US","og_type":"article","og_title":"Prijedor: Otvaranje Potkozarske ku\u0107e 15. maja u okviru obilje\u017eavanja Dana grada - PrijedorDanas.com - Prijedorski gradski portal","og_description":"U Prijedoru \u0107e 15. maja biti otvorena Potkozarska ku\u0107a, najavio je danas na\u010delnik gradskog Odjeljenja za privredu i preduzeti\u0161tvo Rade Rosi\u0107. On je naveo da ideja o osnivanju Potkozarske ku\u0107e [&hellip;]","og_url":"https:\/\/www.prijedordanas.com\/?p=202939","og_site_name":"PrijedorDanas.com - Prijedorski gradski portal","article_publisher":"https:\/\/www.facebook.com\/PrijedorDanasCom\/","article_published_time":"2023-04-06T21:00:37+00:00","article_modified_time":"2023-04-06T22:04:17+00:00","og_image":[{"url":"https:\/\/www.prijedordanas.com\/wp-content\/uploads\/2023\/04\/potkozarska-kuca-sastanak-6april-300x225.jpg"}],"author":"admin","twitter_card":"summary_large_image","twitter_misc":{"Written by":"admin","Est. reading time":"4 minutes"},"schema":{"@context":"https:\/\/schema.org","@graph":[{"@type":"Article","@id":"https:\/\/www.prijedordanas.com\/?p=202939#article","isPartOf":{"@id":"https:\/\/www.prijedordanas.com\/?p=202939"},"author":{"name":"admin","@id":"https:\/\/www.prijedordanas.com\/#\/schema\/person\/4e08ccf29b506ca916ff86d46bb700e6"},"headline":"Prijedor: Otvaranje Potkozarske ku\u0107e 15. maja u okviru obilje\u017eavanja Dana grada","datePublished":"2023-04-06T21:00:37+00:00","dateModified":"2023-04-06T22:04:17+00:00","mainEntityOfPage":{"@id":"https:\/\/www.prijedordanas.com\/?p=202939"},"wordCount":776,"publisher":{"@id":"https:\/\/www.prijedordanas.com\/#organization"},"articleSection":["Dru\u0161tvo"],"inLanguage":"en-US"},{"@type":"WebPage","@id":"https:\/\/www.prijedordanas.com\/?p=202939","url":"https:\/\/www.prijedordanas.com\/?p=202939","name":"Prijedor: Otvaranje Potkozarske ku\u0107e 15. maja u okviru obilje\u017eavanja Dana grada - PrijedorDanas.com - Prijedorski gradski portal","isPartOf":{"@id":"https:\/\/www.prijedordanas.com\/#website"},"datePublished":"2023-04-06T21:00:37+00:00","dateModified":"2023-04-06T22:04:17+00:00","breadcrumb":{"@id":"https:\/\/www.prijedordanas.com\/?p=202939#breadcrumb"},"inLanguage":"en-US","potentialAction":[{"@type":"ReadAction","target":["https:\/\/www.prijedordanas.com\/?p=202939"]}]},{"@type":"BreadcrumbList","@id":"https:\/\/www.prijedordanas.com\/?p=202939#breadcrumb","itemListElement":[{"@type":"ListItem","position":1,"name":"Home","item":"https:\/\/www.prijedordanas.com\/"},{"@type":"ListItem","position":2,"name":"Prijedor: Otvaranje Potkozarske ku\u0107e 15. maja u okviru obilje\u017eavanja Dana grada"}]},{"@type":"WebSite","@id":"https:\/\/www.prijedordanas.com\/#website","url":"https:\/\/www.prijedordanas.com\/","name":"PrijedorDanas.com - Prijedorski gradski portal","description":"Portal o doga\u0111anjima u gradu Prijedoru","publisher":{"@id":"https:\/\/www.prijedordanas.com\/#organization"},"potentialAction":[{"@type":"SearchAction","target":{"@type":"EntryPoint","urlTemplate":"https:\/\/www.prijedordanas.com\/?s={search_term_string}"},"query-input":"required name=search_term_string"}],"inLanguage":"en-US"},{"@type":"Organization","@id":"https:\/\/www.prijedordanas.com\/#organization","name":"PrijedorDanas.com","url":"https:\/\/www.prijedordanas.com\/","logo":{"@type":"ImageObject","inLanguage":"en-US","@id":"https:\/\/www.prijedordanas.com\/#\/schema\/logo\/image\/","url":"http:\/\/www.prijedordanas.com\/wp-content\/uploads\/2021\/12\/logopng.png","contentUrl":"http:\/\/www.prijedordanas.com\/wp-content\/uploads\/2021\/12\/logopng.png","width":1019,"height":776,"caption":"PrijedorDanas.com"},"image":{"@id":"https:\/\/www.prijedordanas.com\/#\/schema\/logo\/image\/"},"sameAs":["https:\/\/www.facebook.com\/PrijedorDanasCom\/"]},{"@type":"Person","@id":"https:\/\/www.prijedordanas.com\/#\/schema\/person\/4e08ccf29b506ca916ff86d46bb700e6","name":"admin","image":{"@type":"ImageObject","inLanguage":"en-US","@id":"https:\/\/www.prijedordanas.com\/#\/schema\/person\/image\/","url":"https:\/\/secure.gravatar.com\/avatar\/1d3fc949d550f0b53a5f0d51e06dfd79?s=96&d=mm&r=g","contentUrl":"https:\/\/secure.gravatar.com\/avatar\/1d3fc949d550f0b53a5f0d51e06dfd79?s=96&d=mm&r=g","caption":"admin"},"url":"https:\/\/www.prijedordanas.com\/?author=1"}]}},"_links":{"self":[{"href":"https:\/\/www.prijedordanas.com\/index.php?rest_route=\/wp\/v2\/posts\/202939"}],"collection":[{"href":"https:\/\/www.prijedordanas.com\/index.php?rest_route=\/wp\/v2\/posts"}],"about":[{"href":"https:\/\/www.prijedordanas.com\/index.php?rest_route=\/wp\/v2\/types\/post"}],"author":[{"embeddable":true,"href":"https:\/\/www.prijedordanas.com\/index.php?rest_route=\/wp\/v2\/users\/1"}],"replies":[{"embeddable":true,"href":"https:\/\/www.prijedordanas.com\/index.php?rest_route=%2Fwp%2Fv2%2Fcomments&post=202939"}],"version-history":[{"count":2,"href":"https:\/\/www.prijedordanas.com\/index.php?rest_route=\/wp\/v2\/posts\/202939\/revisions"}],"predecessor-version":[{"id":202942,"href":"https:\/\/www.prijedordanas.com\/index.php?rest_route=\/wp\/v2\/posts\/202939\/revisions\/202942"}],"wp:attachment":[{"href":"https:\/\/www.prijedordanas.com\/index.php?rest_route=%2Fwp%2Fv2%2Fmedia&parent=202939"}],"wp:term":[{"taxonomy":"category","embeddable":true,"href":"https:\/\/www.prijedordanas.com\/index.php?rest_route=%2Fwp%2Fv2%2Fcategories&post=202939"},{"taxonomy":"post_tag","embeddable":true,"href":"https:\/\/www.prijedordanas.com\/index.php?rest_route=%2Fwp%2Fv2%2Ftags&post=202939"}],"curies":[{"name":"wp","href":"https:\/\/api.w.org\/{rel}","templated":true}]}}