{"id":202937,"date":"2023-04-06T23:15:23","date_gmt":"2023-04-06T21:15:23","guid":{"rendered":"https:\/\/www.prijedordanas.com\/?p=202937"},"modified":"2023-04-07T00:40:28","modified_gmt":"2023-04-06T22:40:28","slug":"muzej-kozare-prijedor-otvorena-izlozba-borisa-eremica-razgovori-sa-dedom-foto","status":"publish","type":"post","link":"https:\/\/www.prijedordanas.com\/?p=202937","title":{"rendered":"Muzej Kozare Prijedor: Otvorena izlo\u017eba Borisa Eremi\u0107a &#8220;Razgovori sa \u0111edom&#8221; &#8211; FOTO"},"content":{"rendered":"<p><a href=\"https:\/\/www.prijedordanas.com\/wp-content\/uploads\/2023\/04\/muzej-kozare-izlozba-boris-eremic-1.jpg\"><img loading=\"lazy\" decoding=\"async\" class=\"alignleft size-medium wp-image-202944\" src=\"https:\/\/www.prijedordanas.com\/wp-content\/uploads\/2023\/04\/muzej-kozare-izlozba-boris-eremic-1-300x225.jpg\" alt=\"\" width=\"300\" height=\"225\" srcset=\"https:\/\/www.prijedordanas.com\/wp-content\/uploads\/2023\/04\/muzej-kozare-izlozba-boris-eremic-1-300x225.jpg 300w, https:\/\/www.prijedordanas.com\/wp-content\/uploads\/2023\/04\/muzej-kozare-izlozba-boris-eremic-1-640x480.jpg 640w, https:\/\/www.prijedordanas.com\/wp-content\/uploads\/2023\/04\/muzej-kozare-izlozba-boris-eremic-1.jpg 667w\" sizes=\"(max-width: 300px) 100vw, 300px\" \/><\/a>U Muzeju Kozare ve\u010deras je otvorena izlo\u017eba akademskog slikara Borisa Eremi\u0107a pod nazivom &#8220;Razgovori sa \u0111edom&#8221;.<\/p>\n<p>Rije\u010d je o desetak slika velikog formata na kojima je autor radio vi\u0161e godina.<\/p>\n<p>&#8220;Istra\u017eivao sam meni va\u017ene momente u umjetnosti, kao \u0161to je dijalog. Razgovar sa svim \u0111edovima koji su mi va\u017eni. Od praistorijske skulpture i slike, afri\u010dke maske, srpskog srednjevjekovnog slikarstva, savremenih umjetnika koji su mi bliski. A su\u0161tinski je razgovor sam vodio sa samim sobom&#8221;, izjavio je Eremi\u0107.<\/p>\n<p>On je dodao da publici prepu\u0161ta da sama uspostavi dijalog sa izlo\u017eenim slikama i u kojima svako mo\u017eda mo\u017ee da prona\u0111e nekog svog \u0111eda i nekog \u0111eda u sebi.<\/p>\n<p><a href=\"https:\/\/www.prijedordanas.com\/wp-content\/uploads\/2023\/04\/muzej-kozare-izlozba-boris-eremic-3.jpg\"><img loading=\"lazy\" decoding=\"async\" class=\"alignleft size-medium wp-image-202945\" src=\"https:\/\/www.prijedordanas.com\/wp-content\/uploads\/2023\/04\/muzej-kozare-izlozba-boris-eremic-3-300x225.jpg\" alt=\"\" width=\"300\" height=\"225\" srcset=\"https:\/\/www.prijedordanas.com\/wp-content\/uploads\/2023\/04\/muzej-kozare-izlozba-boris-eremic-3-300x225.jpg 300w, https:\/\/www.prijedordanas.com\/wp-content\/uploads\/2023\/04\/muzej-kozare-izlozba-boris-eremic-3-640x480.jpg 640w, https:\/\/www.prijedordanas.com\/wp-content\/uploads\/2023\/04\/muzej-kozare-izlozba-boris-eremic-3.jpg 667w\" sizes=\"(max-width: 300px) 100vw, 300px\" \/><\/a>O umjetniku i njegovom djelu govorio je profesor Aleksandar Grandi\u0107 koji je rekao da kada se u Prijedoru govori o likovnoj umjetnosti postoji jedna velika odgovornost.<\/p>\n<p>&#8220;Prijedor nije mala sredina nego likovni megapolis i mo\u017eete biti ponosni \u0161to imate ovakvog sugra\u0111anina jer ljudi poput Eremi\u0107a opredme\u0107uju ovo vrijeme&#8221;, istakao je Grandi\u0107.<\/p>\n<p>On je istakao da je univerzalnost njegovog likovnog jezika apsolutna kojim uspijeva da sinteti\u0161e, sa\u017eme i pojednostavi najkomplikovanije opservacije iz pro\u0161losti i na\u0161e istorije.<\/p>\n<p>&#8220;Obra\u0107anje \u0111edu je njegova spona obra\u0107anja precima i tu \u0107ete na\u0107i glave kozara\u010dkih mu\u010denika, tu \u0107ete na\u0107i glave svih nas i glave svemira i kosmosa kao ure\u0111enog jedinstvenog prostora, a u njegovoj jedinstvenoj tehnici odnosa sa bojom i mnogo svjetlosti&#8221;, rekao je Grandi\u0107.<\/p>\n<p><a href=\"https:\/\/www.prijedordanas.com\/wp-content\/uploads\/2023\/04\/muzej-kozare-izlozba-boris-eremic-2.jpg\"><img loading=\"lazy\" decoding=\"async\" class=\"alignleft size-medium wp-image-202946\" src=\"https:\/\/www.prijedordanas.com\/wp-content\/uploads\/2023\/04\/muzej-kozare-izlozba-boris-eremic-2-300x225.jpg\" alt=\"\" width=\"300\" height=\"225\" srcset=\"https:\/\/www.prijedordanas.com\/wp-content\/uploads\/2023\/04\/muzej-kozare-izlozba-boris-eremic-2-300x225.jpg 300w, https:\/\/www.prijedordanas.com\/wp-content\/uploads\/2023\/04\/muzej-kozare-izlozba-boris-eremic-2-640x480.jpg 640w, https:\/\/www.prijedordanas.com\/wp-content\/uploads\/2023\/04\/muzej-kozare-izlozba-boris-eremic-2.jpg 667w\" sizes=\"(max-width: 300px) 100vw, 300px\" \/><\/a>Direktor Muzeja Kozare Dragana \u017duji\u0107 izrazila je zadovoljstvo \u0161to je Eremi\u0107 nakon vi\u0161e od deset godina svoju samostalni izlo\u017ebu organizovao u ovoj ustanovi.<\/p>\n<p>Boris Eremi\u0107 je diplomirao 2008. na Akademiji umjetnosti Univerziteta u Banjoj Luci, Imao je do sada 7 samostalnih i preko 100 kolektivnih izlo\u017ebi, a djela mu se nalaze u kolekcijama \u0161irom svijeta. U\u010desnik je vi\u0161e od 30 likovnih kolonija u zemlji i svijetu. U\u010destvovao je u scenografiji za holivudski, biografski film o Nini Simon. Posljednjih 10 godina koordinator je me\u0111unarodnog projekta &#8220;Prijedor grad murala&#8221;. U okviru pedago\u0161kog rada vodi i \u0161kolu slikanja iz koje je kasnije nastalo preko 30 diplomiranih slikara, grafi\u010dara, arhitekata i dizajnera. Eremi\u0107 je bio dugogodi\u0161nji predsjednik Udru\u017eenja likovnih umjetnika Prijedor, a nedavno je izabran za vr\u0161ioca du\u017enosti direktora Galerije &#8220;Sreten Stojanovi\u0107&#8221;.<\/p>\n<p><a href=\"https:\/\/www.prijedorgrad.org\/sr-EU\/vijesti-sadrzaj.html?vid=17735\" target=\"_blank\" rel=\"noopener\">prijedorgrad.org<\/a><\/p>\n<p><a href=\"https:\/\/www.prijedordanas.com\/wp-content\/uploads\/2023\/04\/muzej-kozare-izlozba-boris-eremic-4.jpg\"><img loading=\"lazy\" decoding=\"async\" class=\"alignleft size-medium wp-image-202947\" src=\"https:\/\/www.prijedordanas.com\/wp-content\/uploads\/2023\/04\/muzej-kozare-izlozba-boris-eremic-4-300x200.jpg\" alt=\"\" width=\"300\" height=\"200\" srcset=\"https:\/\/www.prijedordanas.com\/wp-content\/uploads\/2023\/04\/muzej-kozare-izlozba-boris-eremic-4-300x200.jpg 300w, https:\/\/www.prijedordanas.com\/wp-content\/uploads\/2023\/04\/muzej-kozare-izlozba-boris-eremic-4-480x320.jpg 480w, https:\/\/www.prijedordanas.com\/wp-content\/uploads\/2023\/04\/muzej-kozare-izlozba-boris-eremic-4.jpg 600w\" sizes=\"(max-width: 300px) 100vw, 300px\" \/><\/a> <a href=\"https:\/\/www.prijedordanas.com\/wp-content\/uploads\/2023\/04\/muzej-kozare-izlozba-boris-eremic-5.jpg\"><img loading=\"lazy\" decoding=\"async\" class=\"alignleft size-medium wp-image-202948\" src=\"https:\/\/www.prijedordanas.com\/wp-content\/uploads\/2023\/04\/muzej-kozare-izlozba-boris-eremic-5-300x200.jpg\" alt=\"\" width=\"300\" height=\"200\" srcset=\"https:\/\/www.prijedordanas.com\/wp-content\/uploads\/2023\/04\/muzej-kozare-izlozba-boris-eremic-5-300x200.jpg 300w, https:\/\/www.prijedordanas.com\/wp-content\/uploads\/2023\/04\/muzej-kozare-izlozba-boris-eremic-5-480x320.jpg 480w, https:\/\/www.prijedordanas.com\/wp-content\/uploads\/2023\/04\/muzej-kozare-izlozba-boris-eremic-5.jpg 600w\" sizes=\"(max-width: 300px) 100vw, 300px\" \/><\/a> <a href=\"https:\/\/www.prijedordanas.com\/wp-content\/uploads\/2023\/04\/muzej-kozare-izlozba-boris-eremic-6.jpg\"><img loading=\"lazy\" decoding=\"async\" class=\"alignleft size-medium wp-image-202949\" src=\"https:\/\/www.prijedordanas.com\/wp-content\/uploads\/2023\/04\/muzej-kozare-izlozba-boris-eremic-6-300x200.jpg\" alt=\"\" width=\"300\" height=\"200\" srcset=\"https:\/\/www.prijedordanas.com\/wp-content\/uploads\/2023\/04\/muzej-kozare-izlozba-boris-eremic-6-300x200.jpg 300w, https:\/\/www.prijedordanas.com\/wp-content\/uploads\/2023\/04\/muzej-kozare-izlozba-boris-eremic-6-480x320.jpg 480w, https:\/\/www.prijedordanas.com\/wp-content\/uploads\/2023\/04\/muzej-kozare-izlozba-boris-eremic-6.jpg 600w\" sizes=\"(max-width: 300px) 100vw, 300px\" \/><\/a> <a href=\"https:\/\/www.prijedordanas.com\/wp-content\/uploads\/2023\/04\/muzej-kozare-izlozba-boris-eremic-7.jpg\"><img loading=\"lazy\" decoding=\"async\" class=\"alignleft size-medium wp-image-202950\" src=\"https:\/\/www.prijedordanas.com\/wp-content\/uploads\/2023\/04\/muzej-kozare-izlozba-boris-eremic-7-300x200.jpg\" alt=\"\" width=\"300\" height=\"200\" srcset=\"https:\/\/www.prijedordanas.com\/wp-content\/uploads\/2023\/04\/muzej-kozare-izlozba-boris-eremic-7-300x200.jpg 300w, https:\/\/www.prijedordanas.com\/wp-content\/uploads\/2023\/04\/muzej-kozare-izlozba-boris-eremic-7-480x320.jpg 480w, https:\/\/www.prijedordanas.com\/wp-content\/uploads\/2023\/04\/muzej-kozare-izlozba-boris-eremic-7.jpg 600w\" sizes=\"(max-width: 300px) 100vw, 300px\" \/><\/a> <a href=\"https:\/\/www.prijedordanas.com\/wp-content\/uploads\/2023\/04\/muzej-kozare-izlozba-boris-eremic-9.jpg\"><img loading=\"lazy\" decoding=\"async\" class=\"alignleft size-medium wp-image-202951\" src=\"https:\/\/www.prijedordanas.com\/wp-content\/uploads\/2023\/04\/muzej-kozare-izlozba-boris-eremic-9-300x200.jpg\" alt=\"\" width=\"300\" height=\"200\" srcset=\"https:\/\/www.prijedordanas.com\/wp-content\/uploads\/2023\/04\/muzej-kozare-izlozba-boris-eremic-9-300x200.jpg 300w, https:\/\/www.prijedordanas.com\/wp-content\/uploads\/2023\/04\/muzej-kozare-izlozba-boris-eremic-9-480x320.jpg 480w, https:\/\/www.prijedordanas.com\/wp-content\/uploads\/2023\/04\/muzej-kozare-izlozba-boris-eremic-9.jpg 600w\" sizes=\"(max-width: 300px) 100vw, 300px\" \/><\/a> <a href=\"https:\/\/www.prijedordanas.com\/wp-content\/uploads\/2023\/04\/muzej-kozare-izlozba-boris-eremic-10.jpg\"><img loading=\"lazy\" decoding=\"async\" class=\"alignleft size-medium wp-image-202952\" src=\"https:\/\/www.prijedordanas.com\/wp-content\/uploads\/2023\/04\/muzej-kozare-izlozba-boris-eremic-10-300x200.jpg\" alt=\"\" width=\"300\" height=\"200\" srcset=\"https:\/\/www.prijedordanas.com\/wp-content\/uploads\/2023\/04\/muzej-kozare-izlozba-boris-eremic-10-300x200.jpg 300w, https:\/\/www.prijedordanas.com\/wp-content\/uploads\/2023\/04\/muzej-kozare-izlozba-boris-eremic-10-480x320.jpg 480w, https:\/\/www.prijedordanas.com\/wp-content\/uploads\/2023\/04\/muzej-kozare-izlozba-boris-eremic-10.jpg 600w\" sizes=\"(max-width: 300px) 100vw, 300px\" \/><\/a> <a href=\"https:\/\/www.prijedordanas.com\/wp-content\/uploads\/2023\/04\/muzej-kozare-izlozba-boris-eremic-11.jpg\"><img loading=\"lazy\" decoding=\"async\" class=\"alignleft size-medium wp-image-202953\" src=\"https:\/\/www.prijedordanas.com\/wp-content\/uploads\/2023\/04\/muzej-kozare-izlozba-boris-eremic-11-300x200.jpg\" alt=\"\" width=\"300\" height=\"200\" srcset=\"https:\/\/www.prijedordanas.com\/wp-content\/uploads\/2023\/04\/muzej-kozare-izlozba-boris-eremic-11-300x200.jpg 300w, https:\/\/www.prijedordanas.com\/wp-content\/uploads\/2023\/04\/muzej-kozare-izlozba-boris-eremic-11-480x320.jpg 480w, https:\/\/www.prijedordanas.com\/wp-content\/uploads\/2023\/04\/muzej-kozare-izlozba-boris-eremic-11.jpg 600w\" sizes=\"(max-width: 300px) 100vw, 300px\" \/><\/a> <a href=\"https:\/\/www.prijedordanas.com\/wp-content\/uploads\/2023\/04\/muzej-kozare-izlozba-boris-eremic-12.jpg\"><img loading=\"lazy\" decoding=\"async\" class=\"alignleft size-medium wp-image-202954\" src=\"https:\/\/www.prijedordanas.com\/wp-content\/uploads\/2023\/04\/muzej-kozare-izlozba-boris-eremic-12-300x200.jpg\" alt=\"\" width=\"300\" height=\"200\" srcset=\"https:\/\/www.prijedordanas.com\/wp-content\/uploads\/2023\/04\/muzej-kozare-izlozba-boris-eremic-12-300x200.jpg 300w, https:\/\/www.prijedordanas.com\/wp-content\/uploads\/2023\/04\/muzej-kozare-izlozba-boris-eremic-12-480x320.jpg 480w, https:\/\/www.prijedordanas.com\/wp-content\/uploads\/2023\/04\/muzej-kozare-izlozba-boris-eremic-12.jpg 600w\" sizes=\"(max-width: 300px) 100vw, 300px\" \/><\/a> <a href=\"https:\/\/www.prijedordanas.com\/wp-content\/uploads\/2023\/04\/muzej-kozare-izlozba-boris-eremic-8.jpg\"><img loading=\"lazy\" decoding=\"async\" src=\"https:\/\/www.prijedordanas.com\/wp-content\/uploads\/2023\/04\/muzej-kozare-izlozba-boris-eremic-8-300x200.jpg\" alt=\"\" width=\"300\" height=\"200\" class=\"alignleft size-medium wp-image-202955\" srcset=\"https:\/\/www.prijedordanas.com\/wp-content\/uploads\/2023\/04\/muzej-kozare-izlozba-boris-eremic-8-300x200.jpg 300w, https:\/\/www.prijedordanas.com\/wp-content\/uploads\/2023\/04\/muzej-kozare-izlozba-boris-eremic-8-480x320.jpg 480w, https:\/\/www.prijedordanas.com\/wp-content\/uploads\/2023\/04\/muzej-kozare-izlozba-boris-eremic-8.jpg 600w\" sizes=\"(max-width: 300px) 100vw, 300px\" \/><\/a><\/p>\n","protected":false},"excerpt":{"rendered":"<p>U Muzeju Kozare ve\u010deras je otvorena izlo\u017eba akademskog slikara Borisa Eremi\u0107a pod nazivom &#8220;Razgovori sa \u0111edom&#8221;. Rije\u010d je o desetak slika velikog formata na kojima je autor radio vi\u0161e godina. [&hellip;]<\/p>\n","protected":false},"author":1,"featured_media":0,"comment_status":"closed","ping_status":"open","sticky":false,"template":"","format":"standard","meta":{"_monsterinsights_skip_tracking":false,"_monsterinsights_sitenote_active":false,"_monsterinsights_sitenote_note":"","_monsterinsights_sitenote_category":0,"footnotes":""},"categories":[6],"tags":[],"yoast_head":"<!-- This site is optimized with the Yoast SEO plugin v21.6 - https:\/\/yoast.com\/wordpress\/plugins\/seo\/ -->\n<title>Muzej Kozare Prijedor: Otvorena izlo\u017eba Borisa Eremi\u0107a &quot;Razgovori sa \u0111edom&quot; - FOTO - PrijedorDanas.com - Prijedorski gradski portal<\/title>\n<meta name=\"robots\" content=\"index, follow, max-snippet:-1, max-image-preview:large, max-video-preview:-1\" \/>\n<link rel=\"canonical\" href=\"https:\/\/www.prijedordanas.com\/?p=202937\" \/>\n<meta property=\"og:locale\" content=\"en_US\" \/>\n<meta property=\"og:type\" content=\"article\" \/>\n<meta property=\"og:title\" content=\"Muzej Kozare Prijedor: Otvorena izlo\u017eba Borisa Eremi\u0107a &quot;Razgovori sa \u0111edom&quot; - FOTO - PrijedorDanas.com - Prijedorski gradski portal\" \/>\n<meta property=\"og:description\" content=\"U Muzeju Kozare ve\u010deras je otvorena izlo\u017eba akademskog slikara Borisa Eremi\u0107a pod nazivom &#8220;Razgovori sa \u0111edom&#8221;. Rije\u010d je o desetak slika velikog formata na kojima je autor radio vi\u0161e godina. [&hellip;]\" \/>\n<meta property=\"og:url\" content=\"https:\/\/www.prijedordanas.com\/?p=202937\" \/>\n<meta property=\"og:site_name\" content=\"PrijedorDanas.com - Prijedorski gradski portal\" \/>\n<meta property=\"article:publisher\" content=\"https:\/\/www.facebook.com\/PrijedorDanasCom\/\" \/>\n<meta property=\"article:published_time\" content=\"2023-04-06T21:15:23+00:00\" \/>\n<meta property=\"article:modified_time\" content=\"2023-04-06T22:40:28+00:00\" \/>\n<meta property=\"og:image\" content=\"https:\/\/www.prijedordanas.com\/wp-content\/uploads\/2023\/04\/muzej-kozare-izlozba-boris-eremic-1-300x225.jpg\" \/>\n<meta name=\"author\" content=\"admin\" \/>\n<meta name=\"twitter:card\" content=\"summary_large_image\" \/>\n<meta name=\"twitter:label1\" content=\"Written by\" \/>\n\t<meta name=\"twitter:data1\" content=\"admin\" \/>\n\t<meta name=\"twitter:label2\" content=\"Est. reading time\" \/>\n\t<meta name=\"twitter:data2\" content=\"4 minutes\" \/>\n<script type=\"application\/ld+json\" class=\"yoast-schema-graph\">{\"@context\":\"https:\/\/schema.org\",\"@graph\":[{\"@type\":\"Article\",\"@id\":\"https:\/\/www.prijedordanas.com\/?p=202937#article\",\"isPartOf\":{\"@id\":\"https:\/\/www.prijedordanas.com\/?p=202937\"},\"author\":{\"name\":\"admin\",\"@id\":\"https:\/\/www.prijedordanas.com\/#\/schema\/person\/4e08ccf29b506ca916ff86d46bb700e6\"},\"headline\":\"Muzej Kozare Prijedor: Otvorena izlo\u017eba Borisa Eremi\u0107a &#8220;Razgovori sa \u0111edom&#8221; &#8211; FOTO\",\"datePublished\":\"2023-04-06T21:15:23+00:00\",\"dateModified\":\"2023-04-06T22:40:28+00:00\",\"mainEntityOfPage\":{\"@id\":\"https:\/\/www.prijedordanas.com\/?p=202937\"},\"wordCount\":404,\"publisher\":{\"@id\":\"https:\/\/www.prijedordanas.com\/#organization\"},\"articleSection\":[\"Kultura\"],\"inLanguage\":\"en-US\"},{\"@type\":\"WebPage\",\"@id\":\"https:\/\/www.prijedordanas.com\/?p=202937\",\"url\":\"https:\/\/www.prijedordanas.com\/?p=202937\",\"name\":\"Muzej Kozare Prijedor: Otvorena izlo\u017eba Borisa Eremi\u0107a \\\"Razgovori sa \u0111edom\\\" - FOTO - PrijedorDanas.com - Prijedorski gradski portal\",\"isPartOf\":{\"@id\":\"https:\/\/www.prijedordanas.com\/#website\"},\"datePublished\":\"2023-04-06T21:15:23+00:00\",\"dateModified\":\"2023-04-06T22:40:28+00:00\",\"breadcrumb\":{\"@id\":\"https:\/\/www.prijedordanas.com\/?p=202937#breadcrumb\"},\"inLanguage\":\"en-US\",\"potentialAction\":[{\"@type\":\"ReadAction\",\"target\":[\"https:\/\/www.prijedordanas.com\/?p=202937\"]}]},{\"@type\":\"BreadcrumbList\",\"@id\":\"https:\/\/www.prijedordanas.com\/?p=202937#breadcrumb\",\"itemListElement\":[{\"@type\":\"ListItem\",\"position\":1,\"name\":\"Home\",\"item\":\"https:\/\/www.prijedordanas.com\/\"},{\"@type\":\"ListItem\",\"position\":2,\"name\":\"Muzej Kozare Prijedor: Otvorena izlo\u017eba Borisa Eremi\u0107a &#8220;Razgovori sa \u0111edom&#8221; &#8211; FOTO\"}]},{\"@type\":\"WebSite\",\"@id\":\"https:\/\/www.prijedordanas.com\/#website\",\"url\":\"https:\/\/www.prijedordanas.com\/\",\"name\":\"PrijedorDanas.com - Prijedorski gradski portal\",\"description\":\"Portal o doga\u0111anjima u gradu Prijedoru\",\"publisher\":{\"@id\":\"https:\/\/www.prijedordanas.com\/#organization\"},\"potentialAction\":[{\"@type\":\"SearchAction\",\"target\":{\"@type\":\"EntryPoint\",\"urlTemplate\":\"https:\/\/www.prijedordanas.com\/?s={search_term_string}\"},\"query-input\":\"required name=search_term_string\"}],\"inLanguage\":\"en-US\"},{\"@type\":\"Organization\",\"@id\":\"https:\/\/www.prijedordanas.com\/#organization\",\"name\":\"PrijedorDanas.com\",\"url\":\"https:\/\/www.prijedordanas.com\/\",\"logo\":{\"@type\":\"ImageObject\",\"inLanguage\":\"en-US\",\"@id\":\"https:\/\/www.prijedordanas.com\/#\/schema\/logo\/image\/\",\"url\":\"http:\/\/www.prijedordanas.com\/wp-content\/uploads\/2021\/12\/logopng.png\",\"contentUrl\":\"http:\/\/www.prijedordanas.com\/wp-content\/uploads\/2021\/12\/logopng.png\",\"width\":1019,\"height\":776,\"caption\":\"PrijedorDanas.com\"},\"image\":{\"@id\":\"https:\/\/www.prijedordanas.com\/#\/schema\/logo\/image\/\"},\"sameAs\":[\"https:\/\/www.facebook.com\/PrijedorDanasCom\/\"]},{\"@type\":\"Person\",\"@id\":\"https:\/\/www.prijedordanas.com\/#\/schema\/person\/4e08ccf29b506ca916ff86d46bb700e6\",\"name\":\"admin\",\"image\":{\"@type\":\"ImageObject\",\"inLanguage\":\"en-US\",\"@id\":\"https:\/\/www.prijedordanas.com\/#\/schema\/person\/image\/\",\"url\":\"https:\/\/secure.gravatar.com\/avatar\/1d3fc949d550f0b53a5f0d51e06dfd79?s=96&d=mm&r=g\",\"contentUrl\":\"https:\/\/secure.gravatar.com\/avatar\/1d3fc949d550f0b53a5f0d51e06dfd79?s=96&d=mm&r=g\",\"caption\":\"admin\"},\"url\":\"https:\/\/www.prijedordanas.com\/?author=1\"}]}<\/script>\n<!-- \/ Yoast SEO plugin. -->","yoast_head_json":{"title":"Muzej Kozare Prijedor: Otvorena izlo\u017eba Borisa Eremi\u0107a \"Razgovori sa \u0111edom\" - FOTO - PrijedorDanas.com - Prijedorski gradski portal","robots":{"index":"index","follow":"follow","max-snippet":"max-snippet:-1","max-image-preview":"max-image-preview:large","max-video-preview":"max-video-preview:-1"},"canonical":"https:\/\/www.prijedordanas.com\/?p=202937","og_locale":"en_US","og_type":"article","og_title":"Muzej Kozare Prijedor: Otvorena izlo\u017eba Borisa Eremi\u0107a \"Razgovori sa \u0111edom\" - FOTO - PrijedorDanas.com - Prijedorski gradski portal","og_description":"U Muzeju Kozare ve\u010deras je otvorena izlo\u017eba akademskog slikara Borisa Eremi\u0107a pod nazivom &#8220;Razgovori sa \u0111edom&#8221;. Rije\u010d je o desetak slika velikog formata na kojima je autor radio vi\u0161e godina. [&hellip;]","og_url":"https:\/\/www.prijedordanas.com\/?p=202937","og_site_name":"PrijedorDanas.com - Prijedorski gradski portal","article_publisher":"https:\/\/www.facebook.com\/PrijedorDanasCom\/","article_published_time":"2023-04-06T21:15:23+00:00","article_modified_time":"2023-04-06T22:40:28+00:00","og_image":[{"url":"https:\/\/www.prijedordanas.com\/wp-content\/uploads\/2023\/04\/muzej-kozare-izlozba-boris-eremic-1-300x225.jpg"}],"author":"admin","twitter_card":"summary_large_image","twitter_misc":{"Written by":"admin","Est. reading time":"4 minutes"},"schema":{"@context":"https:\/\/schema.org","@graph":[{"@type":"Article","@id":"https:\/\/www.prijedordanas.com\/?p=202937#article","isPartOf":{"@id":"https:\/\/www.prijedordanas.com\/?p=202937"},"author":{"name":"admin","@id":"https:\/\/www.prijedordanas.com\/#\/schema\/person\/4e08ccf29b506ca916ff86d46bb700e6"},"headline":"Muzej Kozare Prijedor: Otvorena izlo\u017eba Borisa Eremi\u0107a &#8220;Razgovori sa \u0111edom&#8221; &#8211; FOTO","datePublished":"2023-04-06T21:15:23+00:00","dateModified":"2023-04-06T22:40:28+00:00","mainEntityOfPage":{"@id":"https:\/\/www.prijedordanas.com\/?p=202937"},"wordCount":404,"publisher":{"@id":"https:\/\/www.prijedordanas.com\/#organization"},"articleSection":["Kultura"],"inLanguage":"en-US"},{"@type":"WebPage","@id":"https:\/\/www.prijedordanas.com\/?p=202937","url":"https:\/\/www.prijedordanas.com\/?p=202937","name":"Muzej Kozare Prijedor: Otvorena izlo\u017eba Borisa Eremi\u0107a \"Razgovori sa \u0111edom\" - FOTO - PrijedorDanas.com - Prijedorski gradski portal","isPartOf":{"@id":"https:\/\/www.prijedordanas.com\/#website"},"datePublished":"2023-04-06T21:15:23+00:00","dateModified":"2023-04-06T22:40:28+00:00","breadcrumb":{"@id":"https:\/\/www.prijedordanas.com\/?p=202937#breadcrumb"},"inLanguage":"en-US","potentialAction":[{"@type":"ReadAction","target":["https:\/\/www.prijedordanas.com\/?p=202937"]}]},{"@type":"BreadcrumbList","@id":"https:\/\/www.prijedordanas.com\/?p=202937#breadcrumb","itemListElement":[{"@type":"ListItem","position":1,"name":"Home","item":"https:\/\/www.prijedordanas.com\/"},{"@type":"ListItem","position":2,"name":"Muzej Kozare Prijedor: Otvorena izlo\u017eba Borisa Eremi\u0107a &#8220;Razgovori sa \u0111edom&#8221; &#8211; FOTO"}]},{"@type":"WebSite","@id":"https:\/\/www.prijedordanas.com\/#website","url":"https:\/\/www.prijedordanas.com\/","name":"PrijedorDanas.com - Prijedorski gradski portal","description":"Portal o doga\u0111anjima u gradu Prijedoru","publisher":{"@id":"https:\/\/www.prijedordanas.com\/#organization"},"potentialAction":[{"@type":"SearchAction","target":{"@type":"EntryPoint","urlTemplate":"https:\/\/www.prijedordanas.com\/?s={search_term_string}"},"query-input":"required name=search_term_string"}],"inLanguage":"en-US"},{"@type":"Organization","@id":"https:\/\/www.prijedordanas.com\/#organization","name":"PrijedorDanas.com","url":"https:\/\/www.prijedordanas.com\/","logo":{"@type":"ImageObject","inLanguage":"en-US","@id":"https:\/\/www.prijedordanas.com\/#\/schema\/logo\/image\/","url":"http:\/\/www.prijedordanas.com\/wp-content\/uploads\/2021\/12\/logopng.png","contentUrl":"http:\/\/www.prijedordanas.com\/wp-content\/uploads\/2021\/12\/logopng.png","width":1019,"height":776,"caption":"PrijedorDanas.com"},"image":{"@id":"https:\/\/www.prijedordanas.com\/#\/schema\/logo\/image\/"},"sameAs":["https:\/\/www.facebook.com\/PrijedorDanasCom\/"]},{"@type":"Person","@id":"https:\/\/www.prijedordanas.com\/#\/schema\/person\/4e08ccf29b506ca916ff86d46bb700e6","name":"admin","image":{"@type":"ImageObject","inLanguage":"en-US","@id":"https:\/\/www.prijedordanas.com\/#\/schema\/person\/image\/","url":"https:\/\/secure.gravatar.com\/avatar\/1d3fc949d550f0b53a5f0d51e06dfd79?s=96&d=mm&r=g","contentUrl":"https:\/\/secure.gravatar.com\/avatar\/1d3fc949d550f0b53a5f0d51e06dfd79?s=96&d=mm&r=g","caption":"admin"},"url":"https:\/\/www.prijedordanas.com\/?author=1"}]}},"_links":{"self":[{"href":"https:\/\/www.prijedordanas.com\/index.php?rest_route=\/wp\/v2\/posts\/202937"}],"collection":[{"href":"https:\/\/www.prijedordanas.com\/index.php?rest_route=\/wp\/v2\/posts"}],"about":[{"href":"https:\/\/www.prijedordanas.com\/index.php?rest_route=\/wp\/v2\/types\/post"}],"author":[{"embeddable":true,"href":"https:\/\/www.prijedordanas.com\/index.php?rest_route=\/wp\/v2\/users\/1"}],"replies":[{"embeddable":true,"href":"https:\/\/www.prijedordanas.com\/index.php?rest_route=%2Fwp%2Fv2%2Fcomments&post=202937"}],"version-history":[{"count":3,"href":"https:\/\/www.prijedordanas.com\/index.php?rest_route=\/wp\/v2\/posts\/202937\/revisions"}],"predecessor-version":[{"id":202956,"href":"https:\/\/www.prijedordanas.com\/index.php?rest_route=\/wp\/v2\/posts\/202937\/revisions\/202956"}],"wp:attachment":[{"href":"https:\/\/www.prijedordanas.com\/index.php?rest_route=%2Fwp%2Fv2%2Fmedia&parent=202937"}],"wp:term":[{"taxonomy":"category","embeddable":true,"href":"https:\/\/www.prijedordanas.com\/index.php?rest_route=%2Fwp%2Fv2%2Fcategories&post=202937"},{"taxonomy":"post_tag","embeddable":true,"href":"https:\/\/www.prijedordanas.com\/index.php?rest_route=%2Fwp%2Fv2%2Ftags&post=202937"}],"curies":[{"name":"wp","href":"https:\/\/api.w.org\/{rel}","templated":true}]}}