{"id":202852,"date":"2023-04-06T05:07:58","date_gmt":"2023-04-06T03:07:58","guid":{"rendered":"https:\/\/www.prijedordanas.com\/?p=202852"},"modified":"2023-04-06T19:01:15","modified_gmt":"2023-04-06T17:01:15","slug":"miri-latinovic-iz-prijedora-potrebna-pomoc-dobrih-ljudi-video","status":"publish","type":"post","link":"https:\/\/www.prijedordanas.com\/?p=202852","title":{"rendered":"Miri Latinovi\u0107 iz Prijedora potrebna pomo\u0107 dobrih ljudi &#8211; VIDEO"},"content":{"rendered":"<p><a href=\"https:\/\/www.prijedordanas.com\/wp-content\/uploads\/2023\/04\/bntv-mira-latinovic-3.jpg\"><img loading=\"lazy\" decoding=\"async\" src=\"https:\/\/www.prijedordanas.com\/wp-content\/uploads\/2023\/04\/bntv-mira-latinovic-3-300x225.jpg\" alt=\"\" width=\"300\" height=\"225\" class=\"alignleft size-medium wp-image-202920\" srcset=\"https:\/\/www.prijedordanas.com\/wp-content\/uploads\/2023\/04\/bntv-mira-latinovic-3-300x225.jpg 300w, https:\/\/www.prijedordanas.com\/wp-content\/uploads\/2023\/04\/bntv-mira-latinovic-3-640x480.jpg 640w, https:\/\/www.prijedordanas.com\/wp-content\/uploads\/2023\/04\/bntv-mira-latinovic-3.jpg 667w\" sizes=\"(max-width: 300px) 100vw, 300px\" \/><\/a>Daleko od gradske vreve, gu\u017eve, automobila i svakodnevnice u naselju Tukovi kod Prijedora \u017eivi Mira Latinovi\u0107 i bije svoje \u017eivotne bitke.<\/p>\n<p>Tokom ratnih de\u0161avanja, na Krupskom rati\u0161u izgubila je majku a danas njen \u017eivot sveo se na puko pre\u017eivljavanje od danas do sutra.<\/p>\n<p>Ona \u017eivi u prijedorskom naselju Tukovi u alternativnom izbjegli\u010dkom smje\u0161taju u bijedi i siroma\u0161tvu. Zbog duga od 345 maraka struja joj je isklju\u010dena pa no\u0107i provodi u mraku. Nezaposlena je i nema primanja a kucala je na razne adrese za pomo\u0107, me\u0111utim bezuspje\u0161no.<\/p>\n<p>\u201eNi dan danas mi niko ne poma\u017ee. Jesam se obra\u0107ala Bora\u010dkoj i Zdravki Karlici u Prijedoru, u Banja Luku&#8230; dakle, svima sam se obra\u0107ala. Moje pravo da neko uskra\u0107uje, ja to ne mogu shvatiti\u201c- ka\u017ee Mira Latinovi\u0107 za BN.<\/p>\n<p><a href=\"https:\/\/www.prijedordanas.com\/wp-content\/uploads\/2023\/04\/bntv-mira-latinovic-2.jpg\"><img loading=\"lazy\" decoding=\"async\" src=\"https:\/\/www.prijedordanas.com\/wp-content\/uploads\/2023\/04\/bntv-mira-latinovic-2-300x225.jpg\" alt=\"\" width=\"300\" height=\"225\" class=\"alignleft size-medium wp-image-202854\" srcset=\"https:\/\/www.prijedordanas.com\/wp-content\/uploads\/2023\/04\/bntv-mira-latinovic-2-300x225.jpg 300w, https:\/\/www.prijedordanas.com\/wp-content\/uploads\/2023\/04\/bntv-mira-latinovic-2-640x480.jpg 640w, https:\/\/www.prijedordanas.com\/wp-content\/uploads\/2023\/04\/bntv-mira-latinovic-2.jpg 667w\" sizes=\"(max-width: 300px) 100vw, 300px\" \/><\/a>Mira je na krupskom rati\u0161tu izgubila majku koja je silovana, mu\u010dena a zatim i ubijena. Njene kosti prona\u0161la je nekoliko godina poslije a status civilne \u017ertve rata te porodice nestalog lica Miri nije pomogao da danas ima dostojan \u017eivot.<\/p>\n<p>Neima\u0161tina i bolest uzimaju maha a uslovi u kojima boravi postaju sve te\u017ei budu\u0107i da zbog vode i vlage otpada stiropor sa zidova i plafona.<\/p>\n<p>\u201eJa molim gospodina Dodika da do\u0111e u Prijedor i da vidi ovu sirotinju kako \u017eivi, al on to ne\u0107e\u201c- isti\u010de Mira Latinovi\u0107.<\/p>\n<p>Mirine o\u010di uprte su u samo humane ljude od kojih o\u010dekuje pomo\u0107 kako bi imala dostojan \u017eivot.<\/p>\n<p>Kontakt telefon za pomo\u0107: 00387 66 \/ 526-149 ( Mira Latinovi\u0107)<\/p>\n<p>Broj \u017eiro ra\u010duna: 572 266 000 1396 721 ( Mikrofin banka)<\/p>\n<p>Broj deviznog ra\u010duna : MF bank<\/p>\n<p>572266000140865 Mira ( Ilija ) Latinovi\u0107<\/p>\n<p>2803965116071<\/p>\n<p>rtvbn.com<\/p>\n<p><iframe loading=\"lazy\" title=\"Te\u017eak \u017eivot Mire Latinovi\u0107 u katastrofalnom alternativnom smje\u0161taju (BN TV 2023) HD\" width=\"500\" height=\"281\" src=\"https:\/\/www.youtube.com\/embed\/y-NtMls2HoA?feature=oembed\" frameborder=\"0\" allow=\"accelerometer; autoplay; clipboard-write; encrypted-media; gyroscope; picture-in-picture; web-share\" allowfullscreen><\/iframe><\/p>\n","protected":false},"excerpt":{"rendered":"<p>Daleko od gradske vreve, gu\u017eve, automobila i svakodnevnice u naselju Tukovi kod Prijedora \u017eivi Mira Latinovi\u0107 i bije svoje \u017eivotne bitke. Tokom ratnih de\u0161avanja, na Krupskom rati\u0161u izgubila je majku [&hellip;]<\/p>\n","protected":false},"author":1,"featured_media":0,"comment_status":"closed","ping_status":"open","sticky":false,"template":"","format":"standard","meta":{"_monsterinsights_skip_tracking":false,"_monsterinsights_sitenote_active":false,"_monsterinsights_sitenote_note":"","_monsterinsights_sitenote_category":0,"footnotes":""},"categories":[3],"tags":[],"yoast_head":"<!-- This site is optimized with the Yoast SEO plugin v21.6 - https:\/\/yoast.com\/wordpress\/plugins\/seo\/ -->\n<title>Miri Latinovi\u0107 iz Prijedora potrebna pomo\u0107 dobrih ljudi - VIDEO - PrijedorDanas.com - Prijedorski gradski portal<\/title>\n<meta name=\"robots\" content=\"index, follow, max-snippet:-1, max-image-preview:large, max-video-preview:-1\" \/>\n<link rel=\"canonical\" href=\"https:\/\/www.prijedordanas.com\/?p=202852\" \/>\n<meta property=\"og:locale\" content=\"en_US\" \/>\n<meta property=\"og:type\" content=\"article\" \/>\n<meta property=\"og:title\" content=\"Miri Latinovi\u0107 iz Prijedora potrebna pomo\u0107 dobrih ljudi - VIDEO - PrijedorDanas.com - Prijedorski gradski portal\" \/>\n<meta property=\"og:description\" content=\"Daleko od gradske vreve, gu\u017eve, automobila i svakodnevnice u naselju Tukovi kod Prijedora \u017eivi Mira Latinovi\u0107 i bije svoje \u017eivotne bitke. Tokom ratnih de\u0161avanja, na Krupskom rati\u0161u izgubila je majku [&hellip;]\" \/>\n<meta property=\"og:url\" content=\"https:\/\/www.prijedordanas.com\/?p=202852\" \/>\n<meta property=\"og:site_name\" content=\"PrijedorDanas.com - Prijedorski gradski portal\" \/>\n<meta property=\"article:publisher\" content=\"https:\/\/www.facebook.com\/PrijedorDanasCom\/\" \/>\n<meta property=\"article:published_time\" content=\"2023-04-06T03:07:58+00:00\" \/>\n<meta property=\"article:modified_time\" content=\"2023-04-06T17:01:15+00:00\" \/>\n<meta property=\"og:image\" content=\"https:\/\/www.prijedordanas.com\/wp-content\/uploads\/2023\/04\/bntv-mira-latinovic-3-300x225.jpg\" \/>\n<meta name=\"author\" content=\"admin\" \/>\n<meta name=\"twitter:card\" content=\"summary_large_image\" \/>\n<meta name=\"twitter:label1\" content=\"Written by\" \/>\n\t<meta name=\"twitter:data1\" content=\"admin\" \/>\n\t<meta name=\"twitter:label2\" content=\"Est. reading time\" \/>\n\t<meta name=\"twitter:data2\" content=\"2 minutes\" \/>\n<script type=\"application\/ld+json\" class=\"yoast-schema-graph\">{\"@context\":\"https:\/\/schema.org\",\"@graph\":[{\"@type\":\"Article\",\"@id\":\"https:\/\/www.prijedordanas.com\/?p=202852#article\",\"isPartOf\":{\"@id\":\"https:\/\/www.prijedordanas.com\/?p=202852\"},\"author\":{\"name\":\"admin\",\"@id\":\"https:\/\/www.prijedordanas.com\/#\/schema\/person\/4e08ccf29b506ca916ff86d46bb700e6\"},\"headline\":\"Miri Latinovi\u0107 iz Prijedora potrebna pomo\u0107 dobrih ljudi &#8211; VIDEO\",\"datePublished\":\"2023-04-06T03:07:58+00:00\",\"dateModified\":\"2023-04-06T17:01:15+00:00\",\"mainEntityOfPage\":{\"@id\":\"https:\/\/www.prijedordanas.com\/?p=202852\"},\"wordCount\":296,\"publisher\":{\"@id\":\"https:\/\/www.prijedordanas.com\/#organization\"},\"articleSection\":[\"\u017divot\"],\"inLanguage\":\"en-US\"},{\"@type\":\"WebPage\",\"@id\":\"https:\/\/www.prijedordanas.com\/?p=202852\",\"url\":\"https:\/\/www.prijedordanas.com\/?p=202852\",\"name\":\"Miri Latinovi\u0107 iz Prijedora potrebna pomo\u0107 dobrih ljudi - VIDEO - PrijedorDanas.com - Prijedorski gradski portal\",\"isPartOf\":{\"@id\":\"https:\/\/www.prijedordanas.com\/#website\"},\"datePublished\":\"2023-04-06T03:07:58+00:00\",\"dateModified\":\"2023-04-06T17:01:15+00:00\",\"breadcrumb\":{\"@id\":\"https:\/\/www.prijedordanas.com\/?p=202852#breadcrumb\"},\"inLanguage\":\"en-US\",\"potentialAction\":[{\"@type\":\"ReadAction\",\"target\":[\"https:\/\/www.prijedordanas.com\/?p=202852\"]}]},{\"@type\":\"BreadcrumbList\",\"@id\":\"https:\/\/www.prijedordanas.com\/?p=202852#breadcrumb\",\"itemListElement\":[{\"@type\":\"ListItem\",\"position\":1,\"name\":\"Home\",\"item\":\"https:\/\/www.prijedordanas.com\/\"},{\"@type\":\"ListItem\",\"position\":2,\"name\":\"Miri Latinovi\u0107 iz Prijedora potrebna pomo\u0107 dobrih ljudi &#8211; VIDEO\"}]},{\"@type\":\"WebSite\",\"@id\":\"https:\/\/www.prijedordanas.com\/#website\",\"url\":\"https:\/\/www.prijedordanas.com\/\",\"name\":\"PrijedorDanas.com - Prijedorski gradski portal\",\"description\":\"Portal o doga\u0111anjima u gradu Prijedoru\",\"publisher\":{\"@id\":\"https:\/\/www.prijedordanas.com\/#organization\"},\"potentialAction\":[{\"@type\":\"SearchAction\",\"target\":{\"@type\":\"EntryPoint\",\"urlTemplate\":\"https:\/\/www.prijedordanas.com\/?s={search_term_string}\"},\"query-input\":\"required name=search_term_string\"}],\"inLanguage\":\"en-US\"},{\"@type\":\"Organization\",\"@id\":\"https:\/\/www.prijedordanas.com\/#organization\",\"name\":\"PrijedorDanas.com\",\"url\":\"https:\/\/www.prijedordanas.com\/\",\"logo\":{\"@type\":\"ImageObject\",\"inLanguage\":\"en-US\",\"@id\":\"https:\/\/www.prijedordanas.com\/#\/schema\/logo\/image\/\",\"url\":\"http:\/\/www.prijedordanas.com\/wp-content\/uploads\/2021\/12\/logopng.png\",\"contentUrl\":\"http:\/\/www.prijedordanas.com\/wp-content\/uploads\/2021\/12\/logopng.png\",\"width\":1019,\"height\":776,\"caption\":\"PrijedorDanas.com\"},\"image\":{\"@id\":\"https:\/\/www.prijedordanas.com\/#\/schema\/logo\/image\/\"},\"sameAs\":[\"https:\/\/www.facebook.com\/PrijedorDanasCom\/\"]},{\"@type\":\"Person\",\"@id\":\"https:\/\/www.prijedordanas.com\/#\/schema\/person\/4e08ccf29b506ca916ff86d46bb700e6\",\"name\":\"admin\",\"image\":{\"@type\":\"ImageObject\",\"inLanguage\":\"en-US\",\"@id\":\"https:\/\/www.prijedordanas.com\/#\/schema\/person\/image\/\",\"url\":\"https:\/\/secure.gravatar.com\/avatar\/1d3fc949d550f0b53a5f0d51e06dfd79?s=96&d=mm&r=g\",\"contentUrl\":\"https:\/\/secure.gravatar.com\/avatar\/1d3fc949d550f0b53a5f0d51e06dfd79?s=96&d=mm&r=g\",\"caption\":\"admin\"},\"url\":\"https:\/\/www.prijedordanas.com\/?author=1\"}]}<\/script>\n<!-- \/ Yoast SEO plugin. -->","yoast_head_json":{"title":"Miri Latinovi\u0107 iz Prijedora potrebna pomo\u0107 dobrih ljudi - VIDEO - PrijedorDanas.com - Prijedorski gradski portal","robots":{"index":"index","follow":"follow","max-snippet":"max-snippet:-1","max-image-preview":"max-image-preview:large","max-video-preview":"max-video-preview:-1"},"canonical":"https:\/\/www.prijedordanas.com\/?p=202852","og_locale":"en_US","og_type":"article","og_title":"Miri Latinovi\u0107 iz Prijedora potrebna pomo\u0107 dobrih ljudi - VIDEO - PrijedorDanas.com - Prijedorski gradski portal","og_description":"Daleko od gradske vreve, gu\u017eve, automobila i svakodnevnice u naselju Tukovi kod Prijedora \u017eivi Mira Latinovi\u0107 i bije svoje \u017eivotne bitke. Tokom ratnih de\u0161avanja, na Krupskom rati\u0161u izgubila je majku [&hellip;]","og_url":"https:\/\/www.prijedordanas.com\/?p=202852","og_site_name":"PrijedorDanas.com - Prijedorski gradski portal","article_publisher":"https:\/\/www.facebook.com\/PrijedorDanasCom\/","article_published_time":"2023-04-06T03:07:58+00:00","article_modified_time":"2023-04-06T17:01:15+00:00","og_image":[{"url":"https:\/\/www.prijedordanas.com\/wp-content\/uploads\/2023\/04\/bntv-mira-latinovic-3-300x225.jpg"}],"author":"admin","twitter_card":"summary_large_image","twitter_misc":{"Written by":"admin","Est. reading time":"2 minutes"},"schema":{"@context":"https:\/\/schema.org","@graph":[{"@type":"Article","@id":"https:\/\/www.prijedordanas.com\/?p=202852#article","isPartOf":{"@id":"https:\/\/www.prijedordanas.com\/?p=202852"},"author":{"name":"admin","@id":"https:\/\/www.prijedordanas.com\/#\/schema\/person\/4e08ccf29b506ca916ff86d46bb700e6"},"headline":"Miri Latinovi\u0107 iz Prijedora potrebna pomo\u0107 dobrih ljudi &#8211; VIDEO","datePublished":"2023-04-06T03:07:58+00:00","dateModified":"2023-04-06T17:01:15+00:00","mainEntityOfPage":{"@id":"https:\/\/www.prijedordanas.com\/?p=202852"},"wordCount":296,"publisher":{"@id":"https:\/\/www.prijedordanas.com\/#organization"},"articleSection":["\u017divot"],"inLanguage":"en-US"},{"@type":"WebPage","@id":"https:\/\/www.prijedordanas.com\/?p=202852","url":"https:\/\/www.prijedordanas.com\/?p=202852","name":"Miri Latinovi\u0107 iz Prijedora potrebna pomo\u0107 dobrih ljudi - VIDEO - PrijedorDanas.com - Prijedorski gradski portal","isPartOf":{"@id":"https:\/\/www.prijedordanas.com\/#website"},"datePublished":"2023-04-06T03:07:58+00:00","dateModified":"2023-04-06T17:01:15+00:00","breadcrumb":{"@id":"https:\/\/www.prijedordanas.com\/?p=202852#breadcrumb"},"inLanguage":"en-US","potentialAction":[{"@type":"ReadAction","target":["https:\/\/www.prijedordanas.com\/?p=202852"]}]},{"@type":"BreadcrumbList","@id":"https:\/\/www.prijedordanas.com\/?p=202852#breadcrumb","itemListElement":[{"@type":"ListItem","position":1,"name":"Home","item":"https:\/\/www.prijedordanas.com\/"},{"@type":"ListItem","position":2,"name":"Miri Latinovi\u0107 iz Prijedora potrebna pomo\u0107 dobrih ljudi &#8211; VIDEO"}]},{"@type":"WebSite","@id":"https:\/\/www.prijedordanas.com\/#website","url":"https:\/\/www.prijedordanas.com\/","name":"PrijedorDanas.com - Prijedorski gradski portal","description":"Portal o doga\u0111anjima u gradu Prijedoru","publisher":{"@id":"https:\/\/www.prijedordanas.com\/#organization"},"potentialAction":[{"@type":"SearchAction","target":{"@type":"EntryPoint","urlTemplate":"https:\/\/www.prijedordanas.com\/?s={search_term_string}"},"query-input":"required name=search_term_string"}],"inLanguage":"en-US"},{"@type":"Organization","@id":"https:\/\/www.prijedordanas.com\/#organization","name":"PrijedorDanas.com","url":"https:\/\/www.prijedordanas.com\/","logo":{"@type":"ImageObject","inLanguage":"en-US","@id":"https:\/\/www.prijedordanas.com\/#\/schema\/logo\/image\/","url":"http:\/\/www.prijedordanas.com\/wp-content\/uploads\/2021\/12\/logopng.png","contentUrl":"http:\/\/www.prijedordanas.com\/wp-content\/uploads\/2021\/12\/logopng.png","width":1019,"height":776,"caption":"PrijedorDanas.com"},"image":{"@id":"https:\/\/www.prijedordanas.com\/#\/schema\/logo\/image\/"},"sameAs":["https:\/\/www.facebook.com\/PrijedorDanasCom\/"]},{"@type":"Person","@id":"https:\/\/www.prijedordanas.com\/#\/schema\/person\/4e08ccf29b506ca916ff86d46bb700e6","name":"admin","image":{"@type":"ImageObject","inLanguage":"en-US","@id":"https:\/\/www.prijedordanas.com\/#\/schema\/person\/image\/","url":"https:\/\/secure.gravatar.com\/avatar\/1d3fc949d550f0b53a5f0d51e06dfd79?s=96&d=mm&r=g","contentUrl":"https:\/\/secure.gravatar.com\/avatar\/1d3fc949d550f0b53a5f0d51e06dfd79?s=96&d=mm&r=g","caption":"admin"},"url":"https:\/\/www.prijedordanas.com\/?author=1"}]}},"_links":{"self":[{"href":"https:\/\/www.prijedordanas.com\/index.php?rest_route=\/wp\/v2\/posts\/202852"}],"collection":[{"href":"https:\/\/www.prijedordanas.com\/index.php?rest_route=\/wp\/v2\/posts"}],"about":[{"href":"https:\/\/www.prijedordanas.com\/index.php?rest_route=\/wp\/v2\/types\/post"}],"author":[{"embeddable":true,"href":"https:\/\/www.prijedordanas.com\/index.php?rest_route=\/wp\/v2\/users\/1"}],"replies":[{"embeddable":true,"href":"https:\/\/www.prijedordanas.com\/index.php?rest_route=%2Fwp%2Fv2%2Fcomments&post=202852"}],"version-history":[{"count":2,"href":"https:\/\/www.prijedordanas.com\/index.php?rest_route=\/wp\/v2\/posts\/202852\/revisions"}],"predecessor-version":[{"id":202921,"href":"https:\/\/www.prijedordanas.com\/index.php?rest_route=\/wp\/v2\/posts\/202852\/revisions\/202921"}],"wp:attachment":[{"href":"https:\/\/www.prijedordanas.com\/index.php?rest_route=%2Fwp%2Fv2%2Fmedia&parent=202852"}],"wp:term":[{"taxonomy":"category","embeddable":true,"href":"https:\/\/www.prijedordanas.com\/index.php?rest_route=%2Fwp%2Fv2%2Fcategories&post=202852"},{"taxonomy":"post_tag","embeddable":true,"href":"https:\/\/www.prijedordanas.com\/index.php?rest_route=%2Fwp%2Fv2%2Ftags&post=202852"}],"curies":[{"name":"wp","href":"https:\/\/api.w.org\/{rel}","templated":true}]}}