{"id":202842,"date":"2023-04-05T22:21:42","date_gmt":"2023-04-05T20:21:42","guid":{"rendered":"https:\/\/www.prijedordanas.com\/?p=202842"},"modified":"2023-04-06T00:26:25","modified_gmt":"2023-04-05T22:26:25","slug":"skupstina-grada-prijedora-murselovic-potrebne-mjere-za-ublazavanje-negativne-demografske-slike","status":"publish","type":"post","link":"https:\/\/www.prijedordanas.com\/?p=202842","title":{"rendered":"Skup\u0161tina grada Prijedora &#8211; Murselovi\u0107: Potrebne mjere za ubla\u017eavanje negativne demografske slike"},"content":{"rendered":"<p><a href=\"https:\/\/www.prijedordanas.com\/wp-content\/uploads\/2023\/04\/skupstina-grada-5april-6.jpg\"><img loading=\"lazy\" decoding=\"async\" class=\"alignleft size-medium wp-image-202843\" src=\"https:\/\/www.prijedordanas.com\/wp-content\/uploads\/2023\/04\/skupstina-grada-5april-6-300x225.jpg\" alt=\"\" width=\"300\" height=\"225\" srcset=\"https:\/\/www.prijedordanas.com\/wp-content\/uploads\/2023\/04\/skupstina-grada-5april-6-300x225.jpg 300w, https:\/\/www.prijedordanas.com\/wp-content\/uploads\/2023\/04\/skupstina-grada-5april-6-640x480.jpg 640w, https:\/\/www.prijedordanas.com\/wp-content\/uploads\/2023\/04\/skupstina-grada-5april-6.jpg 667w\" sizes=\"(max-width: 300px) 100vw, 300px\" \/><\/a>Na\u010delnik Odjeljenja za op\u0161tu upravu grada Prijedor Jasminka Murselovi\u0107 rekla je u Skup\u0161tini grada da je potrebno predlo\u017eiti mjere za ubla\u017eavanje negativne demografske slike i izrazila nadu da \u0107e novoosnovano Odjeljenje za obrazovanje, zdravstvo, socijalnu za\u0161titu i pronatalitetnu i demografsku politiku analizirati uzroke i posljedice lo\u0161ih kretanja, te dati odgovaraju\u0107e prijedloge.<\/p>\n<p>Odbornici su danas usvojili informaciju o broju upisa u mati\u010dne knjige ro\u0111enih, vjen\u010danih i umrlih na podru\u010dju grada u 2022. godini, a Murselovi\u0107eva je navela da je lani bio 621 u upis u mati\u010dnu knjigu ro\u0111enih, 367 u mati\u010dnu knjigu vjen\u010danih i 1.282 u mati\u010dnu knjigu umrlih, dok su naknadni upisi odnose na ro\u0111enja, vjen\u010danja i smrti izvan grada Prijedora.<\/p>\n<p><a href=\"https:\/\/www.prijedordanas.com\/wp-content\/uploads\/2023\/04\/skupstina-grada-5april-9.jpg\"><img loading=\"lazy\" decoding=\"async\" class=\"alignleft size-medium wp-image-202844\" src=\"https:\/\/www.prijedordanas.com\/wp-content\/uploads\/2023\/04\/skupstina-grada-5april-9-300x200.jpg\" alt=\"\" width=\"300\" height=\"200\" srcset=\"https:\/\/www.prijedordanas.com\/wp-content\/uploads\/2023\/04\/skupstina-grada-5april-9-300x200.jpg 300w, https:\/\/www.prijedordanas.com\/wp-content\/uploads\/2023\/04\/skupstina-grada-5april-9-480x320.jpg 480w, https:\/\/www.prijedordanas.com\/wp-content\/uploads\/2023\/04\/skupstina-grada-5april-9.jpg 600w\" sizes=\"(max-width: 300px) 100vw, 300px\" \/><\/a>Ona je govore\u0107i o trendovima u proteklih pet godina rekla da je broj upisa ro\u0111enih najve\u0107i u 2018. godini \/734\/, a najmanji lani \/621\/.<\/p>\n<p>&#8220;Najve\u0107u razliku izme\u0111u broja upisa u knjige ro\u0111enih i umrlih imali smo u 2021. godni. Ta razlika je iznosila 931, na\u017ealost, u korist umrlih&#8221;, rekla je Murselovi\u0107eva u obra\u0107anju odbornicima.<\/p>\n<p>Andrija Vukoti\u0107 iz Kluba odbornika SNSD-a rekao je da od ovog novoosnovanog odjeljenja o\u010dekuje da napravi plan kako popraviti situaciju koja se godinama pogor\u0161ava.<\/p>\n<p><a href=\"https:\/\/www.prijedordanas.com\/wp-content\/uploads\/2023\/04\/skupstina-grada-5april-4.jpg\"><img loading=\"lazy\" decoding=\"async\" src=\"https:\/\/www.prijedordanas.com\/wp-content\/uploads\/2023\/04\/skupstina-grada-5april-4-300x225.jpg\" alt=\"\" width=\"300\" height=\"225\" class=\"alignleft size-medium wp-image-202845\" srcset=\"https:\/\/www.prijedordanas.com\/wp-content\/uploads\/2023\/04\/skupstina-grada-5april-4-300x225.jpg 300w, https:\/\/www.prijedordanas.com\/wp-content\/uploads\/2023\/04\/skupstina-grada-5april-4-640x480.jpg 640w, https:\/\/www.prijedordanas.com\/wp-content\/uploads\/2023\/04\/skupstina-grada-5april-4.jpg 667w\" sizes=\"(max-width: 300px) 100vw, 300px\" \/><\/a>&#8220;Na\u017ealost, sve manje i manje imamo poroda ne samo u Prijedoru, nego u cijeloj Republici Srpskoj&#8221;, rekao je Vukoti\u0107 koji je pedijatar neonatolog i direktor prijedorske bolnice.<\/p>\n<p>Odbornici su danas usvojili i informacije o realizaciji Programa kori\u0161tenja sredstava za podsticaj u preduzetni\u0161tvu, malim i srednjim preduze\u0107ima, o realizaciji bud\u017eetskih sredstava za poljoprivredu i ruralni razvoj i o sprovedenoj anketi o zadovoljstvu gra\u0111ana radom Skup\u0161tine grada Prijedor, te program kori\u0161tenja poljoprivrednog zemlji\u0161ta u svojini Republike Srpske na podru\u010dju grada Prijedora.<\/p>\n<p>Informacija o rezultatima mjerenja zadovoljstva gra\u0111ana javnim uslugama povu\u010dena je iz dnevnog reda.<\/p>\n<p>SRNA<\/p>\n<p><a href=\"https:\/\/www.prijedordanas.com\/wp-content\/uploads\/2023\/04\/skupstina-grada-5april-8.jpg\"><img loading=\"lazy\" decoding=\"async\" src=\"https:\/\/www.prijedordanas.com\/wp-content\/uploads\/2023\/04\/skupstina-grada-5april-8-300x225.jpg\" alt=\"\" width=\"300\" height=\"225\" class=\"alignleft size-medium wp-image-202846\" srcset=\"https:\/\/www.prijedordanas.com\/wp-content\/uploads\/2023\/04\/skupstina-grada-5april-8-300x225.jpg 300w, https:\/\/www.prijedordanas.com\/wp-content\/uploads\/2023\/04\/skupstina-grada-5april-8-640x480.jpg 640w, https:\/\/www.prijedordanas.com\/wp-content\/uploads\/2023\/04\/skupstina-grada-5april-8.jpg 667w\" sizes=\"(max-width: 300px) 100vw, 300px\" \/><\/a> <a href=\"https:\/\/www.prijedordanas.com\/wp-content\/uploads\/2023\/04\/skupstina-grada-5april-12.jpg\"><img loading=\"lazy\" decoding=\"async\" src=\"https:\/\/www.prijedordanas.com\/wp-content\/uploads\/2023\/04\/skupstina-grada-5april-12-300x225.jpg\" alt=\"\" width=\"300\" height=\"225\" class=\"alignleft size-medium wp-image-202847\" srcset=\"https:\/\/www.prijedordanas.com\/wp-content\/uploads\/2023\/04\/skupstina-grada-5april-12-300x225.jpg 300w, https:\/\/www.prijedordanas.com\/wp-content\/uploads\/2023\/04\/skupstina-grada-5april-12-640x480.jpg 640w, https:\/\/www.prijedordanas.com\/wp-content\/uploads\/2023\/04\/skupstina-grada-5april-12.jpg 667w\" sizes=\"(max-width: 300px) 100vw, 300px\" \/><\/a><\/p>\n","protected":false},"excerpt":{"rendered":"<p>Na\u010delnik Odjeljenja za op\u0161tu upravu grada Prijedor Jasminka Murselovi\u0107 rekla je u Skup\u0161tini grada da je potrebno predlo\u017eiti mjere za ubla\u017eavanje negativne demografske slike i izrazila nadu da \u0107e novoosnovano [&hellip;]<\/p>\n","protected":false},"author":1,"featured_media":0,"comment_status":"closed","ping_status":"open","sticky":false,"template":"","format":"standard","meta":{"_monsterinsights_skip_tracking":false,"_monsterinsights_sitenote_active":false,"_monsterinsights_sitenote_note":"","_monsterinsights_sitenote_category":0,"footnotes":""},"categories":[8],"tags":[],"yoast_head":"<!-- This site is optimized with the Yoast SEO plugin v21.6 - https:\/\/yoast.com\/wordpress\/plugins\/seo\/ -->\n<title>Skup\u0161tina grada Prijedora - Murselovi\u0107: Potrebne mjere za ubla\u017eavanje negativne demografske slike - PrijedorDanas.com - Prijedorski gradski portal<\/title>\n<meta name=\"robots\" content=\"index, follow, max-snippet:-1, max-image-preview:large, max-video-preview:-1\" \/>\n<link rel=\"canonical\" href=\"https:\/\/www.prijedordanas.com\/?p=202842\" \/>\n<meta property=\"og:locale\" content=\"en_US\" \/>\n<meta property=\"og:type\" content=\"article\" \/>\n<meta property=\"og:title\" content=\"Skup\u0161tina grada Prijedora - Murselovi\u0107: Potrebne mjere za ubla\u017eavanje negativne demografske slike - PrijedorDanas.com - Prijedorski gradski portal\" \/>\n<meta property=\"og:description\" content=\"Na\u010delnik Odjeljenja za op\u0161tu upravu grada Prijedor Jasminka Murselovi\u0107 rekla je u Skup\u0161tini grada da je potrebno predlo\u017eiti mjere za ubla\u017eavanje negativne demografske slike i izrazila nadu da \u0107e novoosnovano [&hellip;]\" \/>\n<meta property=\"og:url\" content=\"https:\/\/www.prijedordanas.com\/?p=202842\" \/>\n<meta property=\"og:site_name\" content=\"PrijedorDanas.com - Prijedorski gradski portal\" \/>\n<meta property=\"article:publisher\" content=\"https:\/\/www.facebook.com\/PrijedorDanasCom\/\" \/>\n<meta property=\"article:published_time\" content=\"2023-04-05T20:21:42+00:00\" \/>\n<meta property=\"article:modified_time\" content=\"2023-04-05T22:26:25+00:00\" \/>\n<meta property=\"og:image\" content=\"https:\/\/www.prijedordanas.com\/wp-content\/uploads\/2023\/04\/skupstina-grada-5april-6-300x225.jpg\" \/>\n<meta name=\"author\" content=\"admin\" \/>\n<meta name=\"twitter:card\" content=\"summary_large_image\" \/>\n<meta name=\"twitter:label1\" content=\"Written by\" \/>\n\t<meta name=\"twitter:data1\" content=\"admin\" \/>\n\t<meta name=\"twitter:label2\" content=\"Est. reading time\" \/>\n\t<meta name=\"twitter:data2\" content=\"2 minutes\" \/>\n<script type=\"application\/ld+json\" class=\"yoast-schema-graph\">{\"@context\":\"https:\/\/schema.org\",\"@graph\":[{\"@type\":\"Article\",\"@id\":\"https:\/\/www.prijedordanas.com\/?p=202842#article\",\"isPartOf\":{\"@id\":\"https:\/\/www.prijedordanas.com\/?p=202842\"},\"author\":{\"name\":\"admin\",\"@id\":\"https:\/\/www.prijedordanas.com\/#\/schema\/person\/4e08ccf29b506ca916ff86d46bb700e6\"},\"headline\":\"Skup\u0161tina grada Prijedora &#8211; Murselovi\u0107: Potrebne mjere za ubla\u017eavanje negativne demografske slike\",\"datePublished\":\"2023-04-05T20:21:42+00:00\",\"dateModified\":\"2023-04-05T22:26:25+00:00\",\"mainEntityOfPage\":{\"@id\":\"https:\/\/www.prijedordanas.com\/?p=202842\"},\"wordCount\":330,\"publisher\":{\"@id\":\"https:\/\/www.prijedordanas.com\/#organization\"},\"articleSection\":[\"Svakodnevno\"],\"inLanguage\":\"en-US\"},{\"@type\":\"WebPage\",\"@id\":\"https:\/\/www.prijedordanas.com\/?p=202842\",\"url\":\"https:\/\/www.prijedordanas.com\/?p=202842\",\"name\":\"Skup\u0161tina grada Prijedora - Murselovi\u0107: Potrebne mjere za ubla\u017eavanje negativne demografske slike - PrijedorDanas.com - Prijedorski gradski portal\",\"isPartOf\":{\"@id\":\"https:\/\/www.prijedordanas.com\/#website\"},\"datePublished\":\"2023-04-05T20:21:42+00:00\",\"dateModified\":\"2023-04-05T22:26:25+00:00\",\"breadcrumb\":{\"@id\":\"https:\/\/www.prijedordanas.com\/?p=202842#breadcrumb\"},\"inLanguage\":\"en-US\",\"potentialAction\":[{\"@type\":\"ReadAction\",\"target\":[\"https:\/\/www.prijedordanas.com\/?p=202842\"]}]},{\"@type\":\"BreadcrumbList\",\"@id\":\"https:\/\/www.prijedordanas.com\/?p=202842#breadcrumb\",\"itemListElement\":[{\"@type\":\"ListItem\",\"position\":1,\"name\":\"Home\",\"item\":\"https:\/\/www.prijedordanas.com\/\"},{\"@type\":\"ListItem\",\"position\":2,\"name\":\"Skup\u0161tina grada Prijedora &#8211; Murselovi\u0107: Potrebne mjere za ubla\u017eavanje negativne demografske slike\"}]},{\"@type\":\"WebSite\",\"@id\":\"https:\/\/www.prijedordanas.com\/#website\",\"url\":\"https:\/\/www.prijedordanas.com\/\",\"name\":\"PrijedorDanas.com - Prijedorski gradski portal\",\"description\":\"Portal o doga\u0111anjima u gradu Prijedoru\",\"publisher\":{\"@id\":\"https:\/\/www.prijedordanas.com\/#organization\"},\"potentialAction\":[{\"@type\":\"SearchAction\",\"target\":{\"@type\":\"EntryPoint\",\"urlTemplate\":\"https:\/\/www.prijedordanas.com\/?s={search_term_string}\"},\"query-input\":\"required name=search_term_string\"}],\"inLanguage\":\"en-US\"},{\"@type\":\"Organization\",\"@id\":\"https:\/\/www.prijedordanas.com\/#organization\",\"name\":\"PrijedorDanas.com\",\"url\":\"https:\/\/www.prijedordanas.com\/\",\"logo\":{\"@type\":\"ImageObject\",\"inLanguage\":\"en-US\",\"@id\":\"https:\/\/www.prijedordanas.com\/#\/schema\/logo\/image\/\",\"url\":\"http:\/\/www.prijedordanas.com\/wp-content\/uploads\/2021\/12\/logopng.png\",\"contentUrl\":\"http:\/\/www.prijedordanas.com\/wp-content\/uploads\/2021\/12\/logopng.png\",\"width\":1019,\"height\":776,\"caption\":\"PrijedorDanas.com\"},\"image\":{\"@id\":\"https:\/\/www.prijedordanas.com\/#\/schema\/logo\/image\/\"},\"sameAs\":[\"https:\/\/www.facebook.com\/PrijedorDanasCom\/\"]},{\"@type\":\"Person\",\"@id\":\"https:\/\/www.prijedordanas.com\/#\/schema\/person\/4e08ccf29b506ca916ff86d46bb700e6\",\"name\":\"admin\",\"image\":{\"@type\":\"ImageObject\",\"inLanguage\":\"en-US\",\"@id\":\"https:\/\/www.prijedordanas.com\/#\/schema\/person\/image\/\",\"url\":\"https:\/\/secure.gravatar.com\/avatar\/1d3fc949d550f0b53a5f0d51e06dfd79?s=96&d=mm&r=g\",\"contentUrl\":\"https:\/\/secure.gravatar.com\/avatar\/1d3fc949d550f0b53a5f0d51e06dfd79?s=96&d=mm&r=g\",\"caption\":\"admin\"},\"url\":\"https:\/\/www.prijedordanas.com\/?author=1\"}]}<\/script>\n<!-- \/ Yoast SEO plugin. -->","yoast_head_json":{"title":"Skup\u0161tina grada Prijedora - Murselovi\u0107: Potrebne mjere za ubla\u017eavanje negativne demografske slike - PrijedorDanas.com - Prijedorski gradski portal","robots":{"index":"index","follow":"follow","max-snippet":"max-snippet:-1","max-image-preview":"max-image-preview:large","max-video-preview":"max-video-preview:-1"},"canonical":"https:\/\/www.prijedordanas.com\/?p=202842","og_locale":"en_US","og_type":"article","og_title":"Skup\u0161tina grada Prijedora - Murselovi\u0107: Potrebne mjere za ubla\u017eavanje negativne demografske slike - PrijedorDanas.com - Prijedorski gradski portal","og_description":"Na\u010delnik Odjeljenja za op\u0161tu upravu grada Prijedor Jasminka Murselovi\u0107 rekla je u Skup\u0161tini grada da je potrebno predlo\u017eiti mjere za ubla\u017eavanje negativne demografske slike i izrazila nadu da \u0107e novoosnovano [&hellip;]","og_url":"https:\/\/www.prijedordanas.com\/?p=202842","og_site_name":"PrijedorDanas.com - Prijedorski gradski portal","article_publisher":"https:\/\/www.facebook.com\/PrijedorDanasCom\/","article_published_time":"2023-04-05T20:21:42+00:00","article_modified_time":"2023-04-05T22:26:25+00:00","og_image":[{"url":"https:\/\/www.prijedordanas.com\/wp-content\/uploads\/2023\/04\/skupstina-grada-5april-6-300x225.jpg"}],"author":"admin","twitter_card":"summary_large_image","twitter_misc":{"Written by":"admin","Est. reading time":"2 minutes"},"schema":{"@context":"https:\/\/schema.org","@graph":[{"@type":"Article","@id":"https:\/\/www.prijedordanas.com\/?p=202842#article","isPartOf":{"@id":"https:\/\/www.prijedordanas.com\/?p=202842"},"author":{"name":"admin","@id":"https:\/\/www.prijedordanas.com\/#\/schema\/person\/4e08ccf29b506ca916ff86d46bb700e6"},"headline":"Skup\u0161tina grada Prijedora &#8211; Murselovi\u0107: Potrebne mjere za ubla\u017eavanje negativne demografske slike","datePublished":"2023-04-05T20:21:42+00:00","dateModified":"2023-04-05T22:26:25+00:00","mainEntityOfPage":{"@id":"https:\/\/www.prijedordanas.com\/?p=202842"},"wordCount":330,"publisher":{"@id":"https:\/\/www.prijedordanas.com\/#organization"},"articleSection":["Svakodnevno"],"inLanguage":"en-US"},{"@type":"WebPage","@id":"https:\/\/www.prijedordanas.com\/?p=202842","url":"https:\/\/www.prijedordanas.com\/?p=202842","name":"Skup\u0161tina grada Prijedora - Murselovi\u0107: Potrebne mjere za ubla\u017eavanje negativne demografske slike - PrijedorDanas.com - Prijedorski gradski portal","isPartOf":{"@id":"https:\/\/www.prijedordanas.com\/#website"},"datePublished":"2023-04-05T20:21:42+00:00","dateModified":"2023-04-05T22:26:25+00:00","breadcrumb":{"@id":"https:\/\/www.prijedordanas.com\/?p=202842#breadcrumb"},"inLanguage":"en-US","potentialAction":[{"@type":"ReadAction","target":["https:\/\/www.prijedordanas.com\/?p=202842"]}]},{"@type":"BreadcrumbList","@id":"https:\/\/www.prijedordanas.com\/?p=202842#breadcrumb","itemListElement":[{"@type":"ListItem","position":1,"name":"Home","item":"https:\/\/www.prijedordanas.com\/"},{"@type":"ListItem","position":2,"name":"Skup\u0161tina grada Prijedora &#8211; Murselovi\u0107: Potrebne mjere za ubla\u017eavanje negativne demografske slike"}]},{"@type":"WebSite","@id":"https:\/\/www.prijedordanas.com\/#website","url":"https:\/\/www.prijedordanas.com\/","name":"PrijedorDanas.com - Prijedorski gradski portal","description":"Portal o doga\u0111anjima u gradu Prijedoru","publisher":{"@id":"https:\/\/www.prijedordanas.com\/#organization"},"potentialAction":[{"@type":"SearchAction","target":{"@type":"EntryPoint","urlTemplate":"https:\/\/www.prijedordanas.com\/?s={search_term_string}"},"query-input":"required name=search_term_string"}],"inLanguage":"en-US"},{"@type":"Organization","@id":"https:\/\/www.prijedordanas.com\/#organization","name":"PrijedorDanas.com","url":"https:\/\/www.prijedordanas.com\/","logo":{"@type":"ImageObject","inLanguage":"en-US","@id":"https:\/\/www.prijedordanas.com\/#\/schema\/logo\/image\/","url":"http:\/\/www.prijedordanas.com\/wp-content\/uploads\/2021\/12\/logopng.png","contentUrl":"http:\/\/www.prijedordanas.com\/wp-content\/uploads\/2021\/12\/logopng.png","width":1019,"height":776,"caption":"PrijedorDanas.com"},"image":{"@id":"https:\/\/www.prijedordanas.com\/#\/schema\/logo\/image\/"},"sameAs":["https:\/\/www.facebook.com\/PrijedorDanasCom\/"]},{"@type":"Person","@id":"https:\/\/www.prijedordanas.com\/#\/schema\/person\/4e08ccf29b506ca916ff86d46bb700e6","name":"admin","image":{"@type":"ImageObject","inLanguage":"en-US","@id":"https:\/\/www.prijedordanas.com\/#\/schema\/person\/image\/","url":"https:\/\/secure.gravatar.com\/avatar\/1d3fc949d550f0b53a5f0d51e06dfd79?s=96&d=mm&r=g","contentUrl":"https:\/\/secure.gravatar.com\/avatar\/1d3fc949d550f0b53a5f0d51e06dfd79?s=96&d=mm&r=g","caption":"admin"},"url":"https:\/\/www.prijedordanas.com\/?author=1"}]}},"_links":{"self":[{"href":"https:\/\/www.prijedordanas.com\/index.php?rest_route=\/wp\/v2\/posts\/202842"}],"collection":[{"href":"https:\/\/www.prijedordanas.com\/index.php?rest_route=\/wp\/v2\/posts"}],"about":[{"href":"https:\/\/www.prijedordanas.com\/index.php?rest_route=\/wp\/v2\/types\/post"}],"author":[{"embeddable":true,"href":"https:\/\/www.prijedordanas.com\/index.php?rest_route=\/wp\/v2\/users\/1"}],"replies":[{"embeddable":true,"href":"https:\/\/www.prijedordanas.com\/index.php?rest_route=%2Fwp%2Fv2%2Fcomments&post=202842"}],"version-history":[{"count":1,"href":"https:\/\/www.prijedordanas.com\/index.php?rest_route=\/wp\/v2\/posts\/202842\/revisions"}],"predecessor-version":[{"id":202848,"href":"https:\/\/www.prijedordanas.com\/index.php?rest_route=\/wp\/v2\/posts\/202842\/revisions\/202848"}],"wp:attachment":[{"href":"https:\/\/www.prijedordanas.com\/index.php?rest_route=%2Fwp%2Fv2%2Fmedia&parent=202842"}],"wp:term":[{"taxonomy":"category","embeddable":true,"href":"https:\/\/www.prijedordanas.com\/index.php?rest_route=%2Fwp%2Fv2%2Fcategories&post=202842"},{"taxonomy":"post_tag","embeddable":true,"href":"https:\/\/www.prijedordanas.com\/index.php?rest_route=%2Fwp%2Fv2%2Ftags&post=202842"}],"curies":[{"name":"wp","href":"https:\/\/api.w.org\/{rel}","templated":true}]}}