{"id":202798,"date":"2023-04-05T14:49:17","date_gmt":"2023-04-05T12:49:17","guid":{"rendered":"https:\/\/www.prijedordanas.com\/?p=202798"},"modified":"2023-04-06T00:21:16","modified_gmt":"2023-04-05T22:21:16","slug":"skupstina-grada-prijedora-osnovana-potkozarska-kuca-foto","status":"publish","type":"post","link":"https:\/\/www.prijedordanas.com\/?p=202798","title":{"rendered":"Skup\u0161tina grada Prijedora: Osnovana Potkozarska ku\u0107a &#8211; FOTO"},"content":{"rendered":"<p><a href=\"https:\/\/www.prijedordanas.com\/wp-content\/uploads\/2023\/04\/skupstina-grada-5april-1.jpg\"><img loading=\"lazy\" decoding=\"async\" class=\"alignleft size-medium wp-image-202800\" src=\"https:\/\/www.prijedordanas.com\/wp-content\/uploads\/2023\/04\/skupstina-grada-5april-1-300x225.jpg\" alt=\"\" width=\"300\" height=\"225\" srcset=\"https:\/\/www.prijedordanas.com\/wp-content\/uploads\/2023\/04\/skupstina-grada-5april-1-300x225.jpg 300w, https:\/\/www.prijedordanas.com\/wp-content\/uploads\/2023\/04\/skupstina-grada-5april-1-640x480.jpg 640w, https:\/\/www.prijedordanas.com\/wp-content\/uploads\/2023\/04\/skupstina-grada-5april-1.jpg 667w\" sizes=\"(max-width: 300px) 100vw, 300px\" \/><\/a>Odbornici Skup\u0161tine grada Prijedor usvojili su danas odluku o osnivanju Potkozarske ku\u0107e koja \u0107e djelovati kao poslovna jedinica ovda\u0161nje Turisti\u010dke organizacije.<\/p>\n<p>Vr\u0161ilac du\u017enosti direktora Turisti\u010dke organizacije grada Prijedora Dijana Aramanda rekla je da je u pitanju otvaranje prodajnog mjesta za poljoprirvedno-prehrambene proizvode s ciljem promocije i ponude savjetodavnih usluga podr\u0161ke i obuke.<\/p>\n<p>\u0160ef Kluba odbornika SNSD-a Goran Velaula pozdravio je ovu inicijativu i istakao da ovaj dio Republike Srpske ima potencijal za razvoj turizma daleko vi\u0161e nego \u0161to je to iskori\u0161teno.<\/p>\n<p><a href=\"https:\/\/www.prijedordanas.com\/wp-content\/uploads\/2023\/04\/skupstina-grada-5april-3.jpg\"><img loading=\"lazy\" decoding=\"async\" src=\"https:\/\/www.prijedordanas.com\/wp-content\/uploads\/2023\/04\/skupstina-grada-5april-3-300x225.jpg\" alt=\"\" width=\"300\" height=\"225\" class=\"alignleft size-medium wp-image-202801\" srcset=\"https:\/\/www.prijedordanas.com\/wp-content\/uploads\/2023\/04\/skupstina-grada-5april-3-300x225.jpg 300w, https:\/\/www.prijedordanas.com\/wp-content\/uploads\/2023\/04\/skupstina-grada-5april-3-640x480.jpg 640w, https:\/\/www.prijedordanas.com\/wp-content\/uploads\/2023\/04\/skupstina-grada-5april-3.jpg 667w\" sizes=\"(max-width: 300px) 100vw, 300px\" \/><\/a>Odbornik Ujedinjene Srpske Nenad Mejaki\u0107 ocijenio je da Hercegova\u010dka i Kraji\u0161ka ku\u0107a dobro rade i da su brendirane, te izrazio nadu da \u0107e i Potkozarska ku\u0107a za\u017eivjeti i otvarati poslovnice i u drugim sredinama.<\/p>\n<p>Potkozarska ku\u0107a bi\u0107e registrovana na bazi Sporazuma o saradnji izme\u0111u grada Prijedora i Udru\u017eenja &#8220;Projekat Prijedor&#8221; iz Trenta. Objekat je namijenjen porodi\u010dnim poljoprivredniim proizvo\u0111a\u010dima, preduzetnicima u poljoprivredi i mikro i malim preduze\u0107ima.<\/p>\n<p>Odbornici su prethodno bez diskusije usvojili izvje\u0161taj o radu Odbora za \u017ealbe grada Prijedora u 2022. godini, te program i izvje\u0161taj o upotrebi boravi\u0161ne takse, dok je sa dnevnog reda povu\u010den izvje\u0161taj o realizaciji Ugovora o pru\u017eanju javnih vodnih usluga.<\/p>\n<p>SRNA<\/p>\n<p><a href=\"https:\/\/www.prijedordanas.com\/wp-content\/uploads\/2023\/04\/skupstina-grada-5april-5.jpg\"><img loading=\"lazy\" decoding=\"async\" src=\"https:\/\/www.prijedordanas.com\/wp-content\/uploads\/2023\/04\/skupstina-grada-5april-5-300x225.jpg\" alt=\"\" width=\"300\" height=\"225\" class=\"alignleft size-medium wp-image-202802\" srcset=\"https:\/\/www.prijedordanas.com\/wp-content\/uploads\/2023\/04\/skupstina-grada-5april-5-300x225.jpg 300w, https:\/\/www.prijedordanas.com\/wp-content\/uploads\/2023\/04\/skupstina-grada-5april-5-640x480.jpg 640w, https:\/\/www.prijedordanas.com\/wp-content\/uploads\/2023\/04\/skupstina-grada-5april-5.jpg 667w\" sizes=\"(max-width: 300px) 100vw, 300px\" \/><\/a> <a href=\"https:\/\/www.prijedordanas.com\/wp-content\/uploads\/2023\/04\/skupstina-grada-5april-10.jpg\"><img loading=\"lazy\" decoding=\"async\" src=\"https:\/\/www.prijedordanas.com\/wp-content\/uploads\/2023\/04\/skupstina-grada-5april-10-300x225.jpg\" alt=\"\" width=\"300\" height=\"225\" class=\"alignleft size-medium wp-image-202840\" srcset=\"https:\/\/www.prijedordanas.com\/wp-content\/uploads\/2023\/04\/skupstina-grada-5april-10-300x225.jpg 300w, https:\/\/www.prijedordanas.com\/wp-content\/uploads\/2023\/04\/skupstina-grada-5april-10-640x480.jpg 640w, https:\/\/www.prijedordanas.com\/wp-content\/uploads\/2023\/04\/skupstina-grada-5april-10.jpg 667w\" sizes=\"(max-width: 300px) 100vw, 300px\" \/><\/a><\/p>\n","protected":false},"excerpt":{"rendered":"<p>Odbornici Skup\u0161tine grada Prijedor usvojili su danas odluku o osnivanju Potkozarske ku\u0107e koja \u0107e djelovati kao poslovna jedinica ovda\u0161nje Turisti\u010dke organizacije. Vr\u0161ilac du\u017enosti direktora Turisti\u010dke organizacije grada Prijedora Dijana Aramanda [&hellip;]<\/p>\n","protected":false},"author":1,"featured_media":0,"comment_status":"closed","ping_status":"open","sticky":false,"template":"","format":"standard","meta":{"_monsterinsights_skip_tracking":false,"_monsterinsights_sitenote_active":false,"_monsterinsights_sitenote_note":"","_monsterinsights_sitenote_category":0,"footnotes":""},"categories":[4],"tags":[],"yoast_head":"<!-- This site is optimized with the Yoast SEO plugin v21.6 - https:\/\/yoast.com\/wordpress\/plugins\/seo\/ -->\n<title>Skup\u0161tina grada Prijedora: Osnovana Potkozarska ku\u0107a - FOTO - PrijedorDanas.com - Prijedorski gradski portal<\/title>\n<meta name=\"robots\" content=\"index, follow, max-snippet:-1, max-image-preview:large, max-video-preview:-1\" \/>\n<link rel=\"canonical\" href=\"https:\/\/www.prijedordanas.com\/?p=202798\" \/>\n<meta property=\"og:locale\" content=\"en_US\" \/>\n<meta property=\"og:type\" content=\"article\" \/>\n<meta property=\"og:title\" content=\"Skup\u0161tina grada Prijedora: Osnovana Potkozarska ku\u0107a - FOTO - PrijedorDanas.com - Prijedorski gradski portal\" \/>\n<meta property=\"og:description\" content=\"Odbornici Skup\u0161tine grada Prijedor usvojili su danas odluku o osnivanju Potkozarske ku\u0107e koja \u0107e djelovati kao poslovna jedinica ovda\u0161nje Turisti\u010dke organizacije. Vr\u0161ilac du\u017enosti direktora Turisti\u010dke organizacije grada Prijedora Dijana Aramanda [&hellip;]\" \/>\n<meta property=\"og:url\" content=\"https:\/\/www.prijedordanas.com\/?p=202798\" \/>\n<meta property=\"og:site_name\" content=\"PrijedorDanas.com - Prijedorski gradski portal\" \/>\n<meta property=\"article:publisher\" content=\"https:\/\/www.facebook.com\/PrijedorDanasCom\/\" \/>\n<meta property=\"article:published_time\" content=\"2023-04-05T12:49:17+00:00\" \/>\n<meta property=\"article:modified_time\" content=\"2023-04-05T22:21:16+00:00\" \/>\n<meta property=\"og:image\" content=\"https:\/\/www.prijedordanas.com\/wp-content\/uploads\/2023\/04\/skupstina-grada-5april-1-300x225.jpg\" \/>\n<meta name=\"author\" content=\"admin\" \/>\n<meta name=\"twitter:card\" content=\"summary_large_image\" \/>\n<meta name=\"twitter:label1\" content=\"Written by\" \/>\n\t<meta name=\"twitter:data1\" content=\"admin\" \/>\n\t<meta name=\"twitter:label2\" content=\"Est. reading time\" \/>\n\t<meta name=\"twitter:data2\" content=\"2 minutes\" \/>\n<script type=\"application\/ld+json\" class=\"yoast-schema-graph\">{\"@context\":\"https:\/\/schema.org\",\"@graph\":[{\"@type\":\"Article\",\"@id\":\"https:\/\/www.prijedordanas.com\/?p=202798#article\",\"isPartOf\":{\"@id\":\"https:\/\/www.prijedordanas.com\/?p=202798\"},\"author\":{\"name\":\"admin\",\"@id\":\"https:\/\/www.prijedordanas.com\/#\/schema\/person\/4e08ccf29b506ca916ff86d46bb700e6\"},\"headline\":\"Skup\u0161tina grada Prijedora: Osnovana Potkozarska ku\u0107a &#8211; FOTO\",\"datePublished\":\"2023-04-05T12:49:17+00:00\",\"dateModified\":\"2023-04-05T22:21:16+00:00\",\"mainEntityOfPage\":{\"@id\":\"https:\/\/www.prijedordanas.com\/?p=202798\"},\"wordCount\":226,\"publisher\":{\"@id\":\"https:\/\/www.prijedordanas.com\/#organization\"},\"articleSection\":[\"Dru\u0161tvo\"],\"inLanguage\":\"en-US\"},{\"@type\":\"WebPage\",\"@id\":\"https:\/\/www.prijedordanas.com\/?p=202798\",\"url\":\"https:\/\/www.prijedordanas.com\/?p=202798\",\"name\":\"Skup\u0161tina grada Prijedora: Osnovana Potkozarska ku\u0107a - FOTO - PrijedorDanas.com - Prijedorski gradski portal\",\"isPartOf\":{\"@id\":\"https:\/\/www.prijedordanas.com\/#website\"},\"datePublished\":\"2023-04-05T12:49:17+00:00\",\"dateModified\":\"2023-04-05T22:21:16+00:00\",\"breadcrumb\":{\"@id\":\"https:\/\/www.prijedordanas.com\/?p=202798#breadcrumb\"},\"inLanguage\":\"en-US\",\"potentialAction\":[{\"@type\":\"ReadAction\",\"target\":[\"https:\/\/www.prijedordanas.com\/?p=202798\"]}]},{\"@type\":\"BreadcrumbList\",\"@id\":\"https:\/\/www.prijedordanas.com\/?p=202798#breadcrumb\",\"itemListElement\":[{\"@type\":\"ListItem\",\"position\":1,\"name\":\"Home\",\"item\":\"https:\/\/www.prijedordanas.com\/\"},{\"@type\":\"ListItem\",\"position\":2,\"name\":\"Skup\u0161tina grada Prijedora: Osnovana Potkozarska ku\u0107a &#8211; FOTO\"}]},{\"@type\":\"WebSite\",\"@id\":\"https:\/\/www.prijedordanas.com\/#website\",\"url\":\"https:\/\/www.prijedordanas.com\/\",\"name\":\"PrijedorDanas.com - Prijedorski gradski portal\",\"description\":\"Portal o doga\u0111anjima u gradu Prijedoru\",\"publisher\":{\"@id\":\"https:\/\/www.prijedordanas.com\/#organization\"},\"potentialAction\":[{\"@type\":\"SearchAction\",\"target\":{\"@type\":\"EntryPoint\",\"urlTemplate\":\"https:\/\/www.prijedordanas.com\/?s={search_term_string}\"},\"query-input\":\"required name=search_term_string\"}],\"inLanguage\":\"en-US\"},{\"@type\":\"Organization\",\"@id\":\"https:\/\/www.prijedordanas.com\/#organization\",\"name\":\"PrijedorDanas.com\",\"url\":\"https:\/\/www.prijedordanas.com\/\",\"logo\":{\"@type\":\"ImageObject\",\"inLanguage\":\"en-US\",\"@id\":\"https:\/\/www.prijedordanas.com\/#\/schema\/logo\/image\/\",\"url\":\"http:\/\/www.prijedordanas.com\/wp-content\/uploads\/2021\/12\/logopng.png\",\"contentUrl\":\"http:\/\/www.prijedordanas.com\/wp-content\/uploads\/2021\/12\/logopng.png\",\"width\":1019,\"height\":776,\"caption\":\"PrijedorDanas.com\"},\"image\":{\"@id\":\"https:\/\/www.prijedordanas.com\/#\/schema\/logo\/image\/\"},\"sameAs\":[\"https:\/\/www.facebook.com\/PrijedorDanasCom\/\"]},{\"@type\":\"Person\",\"@id\":\"https:\/\/www.prijedordanas.com\/#\/schema\/person\/4e08ccf29b506ca916ff86d46bb700e6\",\"name\":\"admin\",\"image\":{\"@type\":\"ImageObject\",\"inLanguage\":\"en-US\",\"@id\":\"https:\/\/www.prijedordanas.com\/#\/schema\/person\/image\/\",\"url\":\"https:\/\/secure.gravatar.com\/avatar\/1d3fc949d550f0b53a5f0d51e06dfd79?s=96&d=mm&r=g\",\"contentUrl\":\"https:\/\/secure.gravatar.com\/avatar\/1d3fc949d550f0b53a5f0d51e06dfd79?s=96&d=mm&r=g\",\"caption\":\"admin\"},\"url\":\"https:\/\/www.prijedordanas.com\/?author=1\"}]}<\/script>\n<!-- \/ Yoast SEO plugin. -->","yoast_head_json":{"title":"Skup\u0161tina grada Prijedora: Osnovana Potkozarska ku\u0107a - FOTO - PrijedorDanas.com - Prijedorski gradski portal","robots":{"index":"index","follow":"follow","max-snippet":"max-snippet:-1","max-image-preview":"max-image-preview:large","max-video-preview":"max-video-preview:-1"},"canonical":"https:\/\/www.prijedordanas.com\/?p=202798","og_locale":"en_US","og_type":"article","og_title":"Skup\u0161tina grada Prijedora: Osnovana Potkozarska ku\u0107a - FOTO - PrijedorDanas.com - Prijedorski gradski portal","og_description":"Odbornici Skup\u0161tine grada Prijedor usvojili su danas odluku o osnivanju Potkozarske ku\u0107e koja \u0107e djelovati kao poslovna jedinica ovda\u0161nje Turisti\u010dke organizacije. Vr\u0161ilac du\u017enosti direktora Turisti\u010dke organizacije grada Prijedora Dijana Aramanda [&hellip;]","og_url":"https:\/\/www.prijedordanas.com\/?p=202798","og_site_name":"PrijedorDanas.com - Prijedorski gradski portal","article_publisher":"https:\/\/www.facebook.com\/PrijedorDanasCom\/","article_published_time":"2023-04-05T12:49:17+00:00","article_modified_time":"2023-04-05T22:21:16+00:00","og_image":[{"url":"https:\/\/www.prijedordanas.com\/wp-content\/uploads\/2023\/04\/skupstina-grada-5april-1-300x225.jpg"}],"author":"admin","twitter_card":"summary_large_image","twitter_misc":{"Written by":"admin","Est. reading time":"2 minutes"},"schema":{"@context":"https:\/\/schema.org","@graph":[{"@type":"Article","@id":"https:\/\/www.prijedordanas.com\/?p=202798#article","isPartOf":{"@id":"https:\/\/www.prijedordanas.com\/?p=202798"},"author":{"name":"admin","@id":"https:\/\/www.prijedordanas.com\/#\/schema\/person\/4e08ccf29b506ca916ff86d46bb700e6"},"headline":"Skup\u0161tina grada Prijedora: Osnovana Potkozarska ku\u0107a &#8211; FOTO","datePublished":"2023-04-05T12:49:17+00:00","dateModified":"2023-04-05T22:21:16+00:00","mainEntityOfPage":{"@id":"https:\/\/www.prijedordanas.com\/?p=202798"},"wordCount":226,"publisher":{"@id":"https:\/\/www.prijedordanas.com\/#organization"},"articleSection":["Dru\u0161tvo"],"inLanguage":"en-US"},{"@type":"WebPage","@id":"https:\/\/www.prijedordanas.com\/?p=202798","url":"https:\/\/www.prijedordanas.com\/?p=202798","name":"Skup\u0161tina grada Prijedora: Osnovana Potkozarska ku\u0107a - FOTO - PrijedorDanas.com - Prijedorski gradski portal","isPartOf":{"@id":"https:\/\/www.prijedordanas.com\/#website"},"datePublished":"2023-04-05T12:49:17+00:00","dateModified":"2023-04-05T22:21:16+00:00","breadcrumb":{"@id":"https:\/\/www.prijedordanas.com\/?p=202798#breadcrumb"},"inLanguage":"en-US","potentialAction":[{"@type":"ReadAction","target":["https:\/\/www.prijedordanas.com\/?p=202798"]}]},{"@type":"BreadcrumbList","@id":"https:\/\/www.prijedordanas.com\/?p=202798#breadcrumb","itemListElement":[{"@type":"ListItem","position":1,"name":"Home","item":"https:\/\/www.prijedordanas.com\/"},{"@type":"ListItem","position":2,"name":"Skup\u0161tina grada Prijedora: Osnovana Potkozarska ku\u0107a &#8211; FOTO"}]},{"@type":"WebSite","@id":"https:\/\/www.prijedordanas.com\/#website","url":"https:\/\/www.prijedordanas.com\/","name":"PrijedorDanas.com - Prijedorski gradski portal","description":"Portal o doga\u0111anjima u gradu Prijedoru","publisher":{"@id":"https:\/\/www.prijedordanas.com\/#organization"},"potentialAction":[{"@type":"SearchAction","target":{"@type":"EntryPoint","urlTemplate":"https:\/\/www.prijedordanas.com\/?s={search_term_string}"},"query-input":"required name=search_term_string"}],"inLanguage":"en-US"},{"@type":"Organization","@id":"https:\/\/www.prijedordanas.com\/#organization","name":"PrijedorDanas.com","url":"https:\/\/www.prijedordanas.com\/","logo":{"@type":"ImageObject","inLanguage":"en-US","@id":"https:\/\/www.prijedordanas.com\/#\/schema\/logo\/image\/","url":"http:\/\/www.prijedordanas.com\/wp-content\/uploads\/2021\/12\/logopng.png","contentUrl":"http:\/\/www.prijedordanas.com\/wp-content\/uploads\/2021\/12\/logopng.png","width":1019,"height":776,"caption":"PrijedorDanas.com"},"image":{"@id":"https:\/\/www.prijedordanas.com\/#\/schema\/logo\/image\/"},"sameAs":["https:\/\/www.facebook.com\/PrijedorDanasCom\/"]},{"@type":"Person","@id":"https:\/\/www.prijedordanas.com\/#\/schema\/person\/4e08ccf29b506ca916ff86d46bb700e6","name":"admin","image":{"@type":"ImageObject","inLanguage":"en-US","@id":"https:\/\/www.prijedordanas.com\/#\/schema\/person\/image\/","url":"https:\/\/secure.gravatar.com\/avatar\/1d3fc949d550f0b53a5f0d51e06dfd79?s=96&d=mm&r=g","contentUrl":"https:\/\/secure.gravatar.com\/avatar\/1d3fc949d550f0b53a5f0d51e06dfd79?s=96&d=mm&r=g","caption":"admin"},"url":"https:\/\/www.prijedordanas.com\/?author=1"}]}},"_links":{"self":[{"href":"https:\/\/www.prijedordanas.com\/index.php?rest_route=\/wp\/v2\/posts\/202798"}],"collection":[{"href":"https:\/\/www.prijedordanas.com\/index.php?rest_route=\/wp\/v2\/posts"}],"about":[{"href":"https:\/\/www.prijedordanas.com\/index.php?rest_route=\/wp\/v2\/types\/post"}],"author":[{"embeddable":true,"href":"https:\/\/www.prijedordanas.com\/index.php?rest_route=\/wp\/v2\/users\/1"}],"replies":[{"embeddable":true,"href":"https:\/\/www.prijedordanas.com\/index.php?rest_route=%2Fwp%2Fv2%2Fcomments&post=202798"}],"version-history":[{"count":2,"href":"https:\/\/www.prijedordanas.com\/index.php?rest_route=\/wp\/v2\/posts\/202798\/revisions"}],"predecessor-version":[{"id":202841,"href":"https:\/\/www.prijedordanas.com\/index.php?rest_route=\/wp\/v2\/posts\/202798\/revisions\/202841"}],"wp:attachment":[{"href":"https:\/\/www.prijedordanas.com\/index.php?rest_route=%2Fwp%2Fv2%2Fmedia&parent=202798"}],"wp:term":[{"taxonomy":"category","embeddable":true,"href":"https:\/\/www.prijedordanas.com\/index.php?rest_route=%2Fwp%2Fv2%2Fcategories&post=202798"},{"taxonomy":"post_tag","embeddable":true,"href":"https:\/\/www.prijedordanas.com\/index.php?rest_route=%2Fwp%2Fv2%2Ftags&post=202798"}],"curies":[{"name":"wp","href":"https:\/\/api.w.org\/{rel}","templated":true}]}}