{"id":202711,"date":"2023-04-03T18:17:24","date_gmt":"2023-04-03T16:17:24","guid":{"rendered":"https:\/\/www.prijedordanas.com\/?p=202711"},"modified":"2023-04-03T18:17:24","modified_gmt":"2023-04-03T16:17:24","slug":"izrucen-prijedorcanin-marko-momic-osumnjiceni-za-brutalno-ubistvo-sugradanina-mihajla-stupara-smita","status":"publish","type":"post","link":"https:\/\/www.prijedordanas.com\/?p=202711","title":{"rendered":"Izru\u010den Prijedor\u010danin Marko Momi\u0107, osumnji\u010deni za brutalno ubistvo sugra\u0111anina Mihajla Stupara \u0160mita"},"content":{"rendered":"<p><a href=\"https:\/\/www.prijedordanas.com\/wp-content\/uploads\/2021\/03\/ubistvo-raskovac-potraga-momic-1.jpg\"><img loading=\"lazy\" decoding=\"async\" class=\"alignleft size-medium wp-image-163814\" src=\"https:\/\/www.prijedordanas.com\/wp-content\/uploads\/2021\/03\/ubistvo-raskovac-potraga-momic-1-300x225.jpg\" alt=\"\" width=\"300\" height=\"225\" srcset=\"https:\/\/www.prijedordanas.com\/wp-content\/uploads\/2021\/03\/ubistvo-raskovac-potraga-momic-1-300x225.jpg 300w, https:\/\/www.prijedordanas.com\/wp-content\/uploads\/2021\/03\/ubistvo-raskovac-potraga-momic-1-640x480.jpg 640w, https:\/\/www.prijedordanas.com\/wp-content\/uploads\/2021\/03\/ubistvo-raskovac-potraga-momic-1.jpg 667w\" sizes=\"(max-width: 300px) 100vw, 300px\" \/><\/a>Marko Momi\u0107 iz Prijedora, osumnji\u010den za ubistvo sugra\u0111anina Mihajla Stupara zvanog \u0160mit, predat je danas u ruke Sudske policije Republike Srpske, potvr\u0111eno je &#8220;Glasu Srpske&#8221;.<\/p>\n<p>Momi\u0107 je uhap\u0161en u Beogradu 8. maja pro\u0161le godine na osnovu me\u0111unarodne potjernice koju je za njim raspisalo Okru\u017eno javno tu\u017eila\u0161tvo u Prijedoru u okviru istrage Stuparevog ubistva.<\/p>\n<p><strong><a href=\"https:\/\/www.prijedordanas.com\/?p=186060\" target=\"_blank\" rel=\"noopener\">Pretukao \u0160mita palicom i pregazio autom: Momi\u0107 u ekstradicionom pritvoru, tu\u017eila\u0161tvo jo\u0161 \u010deka zvani\u010dnu informaciju o njegovom hap\u0161enju<\/a><\/strong><\/p>\n<p>Nakon hap\u0161enja odre\u0111en mu je ekstradicioni pritvor, a danas je izru\u010den iz Srbije na grani\u010dnom prelazu Ra\u010da u Bijeljini.<\/p>\n<p><a href=\"https:\/\/www.prijedordanas.com\/wp-content\/uploads\/2023\/04\/mihajlo-stupar-smit.jpg\"><img loading=\"lazy\" decoding=\"async\" class=\"alignleft size-medium wp-image-202712\" src=\"https:\/\/www.prijedordanas.com\/wp-content\/uploads\/2023\/04\/mihajlo-stupar-smit-300x225.jpg\" alt=\"\" width=\"300\" height=\"225\" srcset=\"https:\/\/www.prijedordanas.com\/wp-content\/uploads\/2023\/04\/mihajlo-stupar-smit-300x225.jpg 300w, https:\/\/www.prijedordanas.com\/wp-content\/uploads\/2023\/04\/mihajlo-stupar-smit-640x480.jpg 640w, https:\/\/www.prijedordanas.com\/wp-content\/uploads\/2023\/04\/mihajlo-stupar-smit.jpg 667w\" sizes=\"(max-width: 300px) 100vw, 300px\" \/><\/a>Stupar je ubijen 11. marta 2021. u naselju Ra\u0161kovac u Prijedoru.<\/p>\n<p><strong><a href=\"https:\/\/www.prijedordanas.com\/?p=163771\" target=\"_blank\" rel=\"noopener\">Rasvijetljeno te\u0161ko ubistvo u Prijedoru, policija traga za Markom Momi\u0107em<\/a><\/strong><\/p>\n<p>Momi\u0107 se vi\u0161e od godinu nalazio u bjekstvu, a terete ga da je Stupara ubio 11. marta pro\u0161le godine u naselju Ra\u0161kovac, u blizini rijeke Sane u Prijedoru. Stuparevo tijelo je prona\u0111eno nekoliko \u010dasova nakon zlo\u010dina, a istragom je utvr\u0111eno da je brutalno pretu\u010den bejzbol palicom i prega\u017een automobilom.<\/p>\n<p>Tragovi krvi prona\u0111eni su u krugu od oko 100 metara i ukazivali su da je izme\u0111u njega i ubice do\u0161lo do sukoba.<\/p>\n<p><strong><a href=\"https:\/\/www.prijedordanas.com\/?p=163686\" target=\"_blank\" rel=\"noopener\">Ubistvo u Prijedoru: Mu\u0161karca nasmrt pretukli bejzbol palicom, pa pregazili automobilom \u2013 FOTO\/VIDEO<\/a><\/strong><\/p>\n<p>Kao motiv ubistva pominjala se \u0160mitova veza sa trgovinom narkoticima.<\/p>\n<p><a href=\"https:\/\/www.prijedordanas.com\/wp-content\/uploads\/2021\/03\/ubistvo-raskovac-6.jpg\"><img loading=\"lazy\" decoding=\"async\" class=\"alignleft size-medium wp-image-163692\" src=\"https:\/\/www.prijedordanas.com\/wp-content\/uploads\/2021\/03\/ubistvo-raskovac-6-300x199.jpg\" alt=\"\" width=\"300\" height=\"199\" srcset=\"https:\/\/www.prijedordanas.com\/wp-content\/uploads\/2021\/03\/ubistvo-raskovac-6-300x199.jpg 300w, https:\/\/www.prijedordanas.com\/wp-content\/uploads\/2021\/03\/ubistvo-raskovac-6-480x320.jpg 480w, https:\/\/www.prijedordanas.com\/wp-content\/uploads\/2021\/03\/ubistvo-raskovac-6.jpg 600w\" sizes=\"(max-width: 300px) 100vw, 300px\" \/><\/a>Nakon ubistva Momi\u0107 je pobjegao u Srbiju, a u zlo\u010dinu i bjekstvu su mu pomogali jataci iz Prijedora Gojko \u0160obot i Bojan Savanovi\u0107. Obojica su se na\u0161li pod istragom zbog sumnje da su pomagali Momi\u0107u nakon zlo\u010dina.<\/p>\n<p><strong><a href=\"https:\/\/www.prijedordanas.com\/?p=163738\" target=\"_blank\" rel=\"noopener\">Prijedor\u010danin brutalno ubijen dva mjeseca nakon izlaska iz zatvora \u2013 FOTO<\/a><\/strong><\/p>\n<p>&#8220;Momi\u0107 je nakon ubistva napustio BiH, a u tome mu je pomogao jedan od osumnji\u010denih jataka, koji ga je automobilom odvezao do Bijeljine. Tu je ilegalno pre\u0161ao granicu, najvjerovatnije \u010damcem, i od tada se krio u Srbiji. I Momi\u0107 i njegovi pomaga\u010di su bili dio kriminalne grupe Dalibora Raili\u0107a, koji je Momi\u0107u pru\u017eao logisti\u010dku podr\u0161ku, sve dok i sam nije uhap\u0161en. Momi\u0107u su u skrivanju pomagali i \u010dlanovi rodbine&#8221;, rekao je za UNA portal izvor blizak istrazi.<\/p>\n<p><a href=\"https:\/\/www.prijedordanas.com\/wp-content\/uploads\/2021\/03\/ubistvo-raskovac-potraga-momic-2.jpg\"><img loading=\"lazy\" decoding=\"async\" class=\"alignleft size-medium wp-image-164003\" src=\"https:\/\/www.prijedordanas.com\/wp-content\/uploads\/2021\/03\/ubistvo-raskovac-potraga-momic-2-300x225.jpg\" alt=\"\" width=\"300\" height=\"225\" srcset=\"https:\/\/www.prijedordanas.com\/wp-content\/uploads\/2021\/03\/ubistvo-raskovac-potraga-momic-2-300x225.jpg 300w, https:\/\/www.prijedordanas.com\/wp-content\/uploads\/2021\/03\/ubistvo-raskovac-potraga-momic-2-640x480.jpg 640w, https:\/\/www.prijedordanas.com\/wp-content\/uploads\/2021\/03\/ubistvo-raskovac-potraga-momic-2.jpg 667w\" sizes=\"(max-width: 300px) 100vw, 300px\" \/><\/a>Za Momi\u0107em traga i pravosu\u0111e Hrvatske zbog te\u0161kog ubistva i razbojni\u0161tva koje je po\u010dinjeno u novembru 2019. godine u Selniku kod Ludbrega. Prema toj potjernici, Momi\u0107 je uhap\u0161en u decembru 2020. godine i tada su mu odre\u0111ene mjere zabrane koje je prekr\u0161io.<\/p>\n<p>Prema operativnim podacima MUP-a RS motiv ubistva je to \u0161to je Stupar bio svjedok protiv narkomafije iz Prijedora. Biv\u0161i ministar unutra\u0161njih poslova RS Dragan Luka\u010d je nakon Momi\u0107evog hap\u0161enja u Beogradu izjavio da je upravo Raili\u0107 naru\u010dio ubistvo Stupara.<\/p>\n<p>Ina\u010de, Stupar se i u junu 2018. godine na\u0161ao na meti napada Dalibora Raili\u0107a i Vanje Vukovi\u0107a koji su ga tada odvezli u \u0161umu u Orlovcima, gdje su ga izranjavali no\u017eevima, nanijev\u0161i mu posjekotine i ubode po ramenu, butini, nadlaktici, natkoljenici i grudnom ko\u0161u. Raili\u0107 i Vukovi\u0107 su optu\u017eeni za taj zlo\u010din, ali su u prvostepenom presudom oslobo\u0111eni krivice u nedostatku dokaza. U optu\u017enici se navodilo da su tokom napada ispitivali \u0160mita &#8220;za\u0161to ih odaje policiji i za\u0161to uvaljuje njih i izvjesnog Vladu&#8221;.<\/p>\n<p>glassrpske.com<\/p>\n","protected":false},"excerpt":{"rendered":"<p>Marko Momi\u0107 iz Prijedora, osumnji\u010den za ubistvo sugra\u0111anina Mihajla Stupara zvanog \u0160mit, predat je danas u ruke Sudske policije Republike Srpske, potvr\u0111eno je &#8220;Glasu Srpske&#8221;. Momi\u0107 je uhap\u0161en u Beogradu [&hellip;]<\/p>\n","protected":false},"author":1,"featured_media":0,"comment_status":"closed","ping_status":"open","sticky":false,"template":"","format":"standard","meta":{"_monsterinsights_skip_tracking":false,"_monsterinsights_sitenote_active":false,"_monsterinsights_sitenote_note":"","_monsterinsights_sitenote_category":0,"footnotes":""},"categories":[5],"tags":[],"yoast_head":"<!-- This site is optimized with the Yoast SEO plugin v21.6 - https:\/\/yoast.com\/wordpress\/plugins\/seo\/ -->\n<title>Izru\u010den Prijedor\u010danin Marko Momi\u0107, osumnji\u010deni za brutalno ubistvo sugra\u0111anina Mihajla Stupara \u0160mita - PrijedorDanas.com - Prijedorski gradski portal<\/title>\n<meta name=\"robots\" content=\"index, follow, max-snippet:-1, max-image-preview:large, max-video-preview:-1\" \/>\n<link rel=\"canonical\" href=\"https:\/\/www.prijedordanas.com\/?p=202711\" \/>\n<meta property=\"og:locale\" content=\"en_US\" \/>\n<meta property=\"og:type\" content=\"article\" \/>\n<meta property=\"og:title\" content=\"Izru\u010den Prijedor\u010danin Marko Momi\u0107, osumnji\u010deni za brutalno ubistvo sugra\u0111anina Mihajla Stupara \u0160mita - PrijedorDanas.com - Prijedorski gradski portal\" \/>\n<meta property=\"og:description\" content=\"Marko Momi\u0107 iz Prijedora, osumnji\u010den za ubistvo sugra\u0111anina Mihajla Stupara zvanog \u0160mit, predat je danas u ruke Sudske policije Republike Srpske, potvr\u0111eno je &#8220;Glasu Srpske&#8221;. Momi\u0107 je uhap\u0161en u Beogradu [&hellip;]\" \/>\n<meta property=\"og:url\" content=\"https:\/\/www.prijedordanas.com\/?p=202711\" \/>\n<meta property=\"og:site_name\" content=\"PrijedorDanas.com - Prijedorski gradski portal\" \/>\n<meta property=\"article:publisher\" content=\"https:\/\/www.facebook.com\/PrijedorDanasCom\/\" \/>\n<meta property=\"article:published_time\" content=\"2023-04-03T16:17:24+00:00\" \/>\n<meta property=\"og:image\" content=\"https:\/\/www.prijedordanas.com\/wp-content\/uploads\/2021\/03\/ubistvo-raskovac-potraga-momic-1-300x225.jpg\" \/>\n<meta name=\"author\" content=\"admin\" \/>\n<meta name=\"twitter:card\" content=\"summary_large_image\" \/>\n<meta name=\"twitter:label1\" content=\"Written by\" \/>\n\t<meta name=\"twitter:data1\" content=\"admin\" \/>\n\t<meta name=\"twitter:label2\" content=\"Est. reading time\" \/>\n\t<meta name=\"twitter:data2\" content=\"3 minutes\" \/>\n<script type=\"application\/ld+json\" class=\"yoast-schema-graph\">{\"@context\":\"https:\/\/schema.org\",\"@graph\":[{\"@type\":\"Article\",\"@id\":\"https:\/\/www.prijedordanas.com\/?p=202711#article\",\"isPartOf\":{\"@id\":\"https:\/\/www.prijedordanas.com\/?p=202711\"},\"author\":{\"name\":\"admin\",\"@id\":\"https:\/\/www.prijedordanas.com\/#\/schema\/person\/4e08ccf29b506ca916ff86d46bb700e6\"},\"headline\":\"Izru\u010den Prijedor\u010danin Marko Momi\u0107, osumnji\u010deni za brutalno ubistvo sugra\u0111anina Mihajla Stupara \u0160mita\",\"datePublished\":\"2023-04-03T16:17:24+00:00\",\"dateModified\":\"2023-04-03T16:17:24+00:00\",\"mainEntityOfPage\":{\"@id\":\"https:\/\/www.prijedordanas.com\/?p=202711\"},\"wordCount\":577,\"publisher\":{\"@id\":\"https:\/\/www.prijedordanas.com\/#organization\"},\"articleSection\":[\"Hronika\"],\"inLanguage\":\"en-US\"},{\"@type\":\"WebPage\",\"@id\":\"https:\/\/www.prijedordanas.com\/?p=202711\",\"url\":\"https:\/\/www.prijedordanas.com\/?p=202711\",\"name\":\"Izru\u010den Prijedor\u010danin Marko Momi\u0107, osumnji\u010deni za brutalno ubistvo sugra\u0111anina Mihajla Stupara \u0160mita - PrijedorDanas.com - Prijedorski gradski portal\",\"isPartOf\":{\"@id\":\"https:\/\/www.prijedordanas.com\/#website\"},\"datePublished\":\"2023-04-03T16:17:24+00:00\",\"dateModified\":\"2023-04-03T16:17:24+00:00\",\"breadcrumb\":{\"@id\":\"https:\/\/www.prijedordanas.com\/?p=202711#breadcrumb\"},\"inLanguage\":\"en-US\",\"potentialAction\":[{\"@type\":\"ReadAction\",\"target\":[\"https:\/\/www.prijedordanas.com\/?p=202711\"]}]},{\"@type\":\"BreadcrumbList\",\"@id\":\"https:\/\/www.prijedordanas.com\/?p=202711#breadcrumb\",\"itemListElement\":[{\"@type\":\"ListItem\",\"position\":1,\"name\":\"Home\",\"item\":\"https:\/\/www.prijedordanas.com\/\"},{\"@type\":\"ListItem\",\"position\":2,\"name\":\"Izru\u010den Prijedor\u010danin Marko Momi\u0107, osumnji\u010deni za brutalno ubistvo sugra\u0111anina Mihajla Stupara \u0160mita\"}]},{\"@type\":\"WebSite\",\"@id\":\"https:\/\/www.prijedordanas.com\/#website\",\"url\":\"https:\/\/www.prijedordanas.com\/\",\"name\":\"PrijedorDanas.com - Prijedorski gradski portal\",\"description\":\"Portal o doga\u0111anjima u gradu Prijedoru\",\"publisher\":{\"@id\":\"https:\/\/www.prijedordanas.com\/#organization\"},\"potentialAction\":[{\"@type\":\"SearchAction\",\"target\":{\"@type\":\"EntryPoint\",\"urlTemplate\":\"https:\/\/www.prijedordanas.com\/?s={search_term_string}\"},\"query-input\":\"required name=search_term_string\"}],\"inLanguage\":\"en-US\"},{\"@type\":\"Organization\",\"@id\":\"https:\/\/www.prijedordanas.com\/#organization\",\"name\":\"PrijedorDanas.com\",\"url\":\"https:\/\/www.prijedordanas.com\/\",\"logo\":{\"@type\":\"ImageObject\",\"inLanguage\":\"en-US\",\"@id\":\"https:\/\/www.prijedordanas.com\/#\/schema\/logo\/image\/\",\"url\":\"http:\/\/www.prijedordanas.com\/wp-content\/uploads\/2021\/12\/logopng.png\",\"contentUrl\":\"http:\/\/www.prijedordanas.com\/wp-content\/uploads\/2021\/12\/logopng.png\",\"width\":1019,\"height\":776,\"caption\":\"PrijedorDanas.com\"},\"image\":{\"@id\":\"https:\/\/www.prijedordanas.com\/#\/schema\/logo\/image\/\"},\"sameAs\":[\"https:\/\/www.facebook.com\/PrijedorDanasCom\/\"]},{\"@type\":\"Person\",\"@id\":\"https:\/\/www.prijedordanas.com\/#\/schema\/person\/4e08ccf29b506ca916ff86d46bb700e6\",\"name\":\"admin\",\"image\":{\"@type\":\"ImageObject\",\"inLanguage\":\"en-US\",\"@id\":\"https:\/\/www.prijedordanas.com\/#\/schema\/person\/image\/\",\"url\":\"https:\/\/secure.gravatar.com\/avatar\/1d3fc949d550f0b53a5f0d51e06dfd79?s=96&d=mm&r=g\",\"contentUrl\":\"https:\/\/secure.gravatar.com\/avatar\/1d3fc949d550f0b53a5f0d51e06dfd79?s=96&d=mm&r=g\",\"caption\":\"admin\"},\"url\":\"https:\/\/www.prijedordanas.com\/?author=1\"}]}<\/script>\n<!-- \/ Yoast SEO plugin. -->","yoast_head_json":{"title":"Izru\u010den Prijedor\u010danin Marko Momi\u0107, osumnji\u010deni za brutalno ubistvo sugra\u0111anina Mihajla Stupara \u0160mita - PrijedorDanas.com - Prijedorski gradski portal","robots":{"index":"index","follow":"follow","max-snippet":"max-snippet:-1","max-image-preview":"max-image-preview:large","max-video-preview":"max-video-preview:-1"},"canonical":"https:\/\/www.prijedordanas.com\/?p=202711","og_locale":"en_US","og_type":"article","og_title":"Izru\u010den Prijedor\u010danin Marko Momi\u0107, osumnji\u010deni za brutalno ubistvo sugra\u0111anina Mihajla Stupara \u0160mita - PrijedorDanas.com - Prijedorski gradski portal","og_description":"Marko Momi\u0107 iz Prijedora, osumnji\u010den za ubistvo sugra\u0111anina Mihajla Stupara zvanog \u0160mit, predat je danas u ruke Sudske policije Republike Srpske, potvr\u0111eno je &#8220;Glasu Srpske&#8221;. Momi\u0107 je uhap\u0161en u Beogradu [&hellip;]","og_url":"https:\/\/www.prijedordanas.com\/?p=202711","og_site_name":"PrijedorDanas.com - Prijedorski gradski portal","article_publisher":"https:\/\/www.facebook.com\/PrijedorDanasCom\/","article_published_time":"2023-04-03T16:17:24+00:00","og_image":[{"url":"https:\/\/www.prijedordanas.com\/wp-content\/uploads\/2021\/03\/ubistvo-raskovac-potraga-momic-1-300x225.jpg"}],"author":"admin","twitter_card":"summary_large_image","twitter_misc":{"Written by":"admin","Est. reading time":"3 minutes"},"schema":{"@context":"https:\/\/schema.org","@graph":[{"@type":"Article","@id":"https:\/\/www.prijedordanas.com\/?p=202711#article","isPartOf":{"@id":"https:\/\/www.prijedordanas.com\/?p=202711"},"author":{"name":"admin","@id":"https:\/\/www.prijedordanas.com\/#\/schema\/person\/4e08ccf29b506ca916ff86d46bb700e6"},"headline":"Izru\u010den Prijedor\u010danin Marko Momi\u0107, osumnji\u010deni za brutalno ubistvo sugra\u0111anina Mihajla Stupara \u0160mita","datePublished":"2023-04-03T16:17:24+00:00","dateModified":"2023-04-03T16:17:24+00:00","mainEntityOfPage":{"@id":"https:\/\/www.prijedordanas.com\/?p=202711"},"wordCount":577,"publisher":{"@id":"https:\/\/www.prijedordanas.com\/#organization"},"articleSection":["Hronika"],"inLanguage":"en-US"},{"@type":"WebPage","@id":"https:\/\/www.prijedordanas.com\/?p=202711","url":"https:\/\/www.prijedordanas.com\/?p=202711","name":"Izru\u010den Prijedor\u010danin Marko Momi\u0107, osumnji\u010deni za brutalno ubistvo sugra\u0111anina Mihajla Stupara \u0160mita - PrijedorDanas.com - Prijedorski gradski portal","isPartOf":{"@id":"https:\/\/www.prijedordanas.com\/#website"},"datePublished":"2023-04-03T16:17:24+00:00","dateModified":"2023-04-03T16:17:24+00:00","breadcrumb":{"@id":"https:\/\/www.prijedordanas.com\/?p=202711#breadcrumb"},"inLanguage":"en-US","potentialAction":[{"@type":"ReadAction","target":["https:\/\/www.prijedordanas.com\/?p=202711"]}]},{"@type":"BreadcrumbList","@id":"https:\/\/www.prijedordanas.com\/?p=202711#breadcrumb","itemListElement":[{"@type":"ListItem","position":1,"name":"Home","item":"https:\/\/www.prijedordanas.com\/"},{"@type":"ListItem","position":2,"name":"Izru\u010den Prijedor\u010danin Marko Momi\u0107, osumnji\u010deni za brutalno ubistvo sugra\u0111anina Mihajla Stupara \u0160mita"}]},{"@type":"WebSite","@id":"https:\/\/www.prijedordanas.com\/#website","url":"https:\/\/www.prijedordanas.com\/","name":"PrijedorDanas.com - Prijedorski gradski portal","description":"Portal o doga\u0111anjima u gradu Prijedoru","publisher":{"@id":"https:\/\/www.prijedordanas.com\/#organization"},"potentialAction":[{"@type":"SearchAction","target":{"@type":"EntryPoint","urlTemplate":"https:\/\/www.prijedordanas.com\/?s={search_term_string}"},"query-input":"required name=search_term_string"}],"inLanguage":"en-US"},{"@type":"Organization","@id":"https:\/\/www.prijedordanas.com\/#organization","name":"PrijedorDanas.com","url":"https:\/\/www.prijedordanas.com\/","logo":{"@type":"ImageObject","inLanguage":"en-US","@id":"https:\/\/www.prijedordanas.com\/#\/schema\/logo\/image\/","url":"http:\/\/www.prijedordanas.com\/wp-content\/uploads\/2021\/12\/logopng.png","contentUrl":"http:\/\/www.prijedordanas.com\/wp-content\/uploads\/2021\/12\/logopng.png","width":1019,"height":776,"caption":"PrijedorDanas.com"},"image":{"@id":"https:\/\/www.prijedordanas.com\/#\/schema\/logo\/image\/"},"sameAs":["https:\/\/www.facebook.com\/PrijedorDanasCom\/"]},{"@type":"Person","@id":"https:\/\/www.prijedordanas.com\/#\/schema\/person\/4e08ccf29b506ca916ff86d46bb700e6","name":"admin","image":{"@type":"ImageObject","inLanguage":"en-US","@id":"https:\/\/www.prijedordanas.com\/#\/schema\/person\/image\/","url":"https:\/\/secure.gravatar.com\/avatar\/1d3fc949d550f0b53a5f0d51e06dfd79?s=96&d=mm&r=g","contentUrl":"https:\/\/secure.gravatar.com\/avatar\/1d3fc949d550f0b53a5f0d51e06dfd79?s=96&d=mm&r=g","caption":"admin"},"url":"https:\/\/www.prijedordanas.com\/?author=1"}]}},"_links":{"self":[{"href":"https:\/\/www.prijedordanas.com\/index.php?rest_route=\/wp\/v2\/posts\/202711"}],"collection":[{"href":"https:\/\/www.prijedordanas.com\/index.php?rest_route=\/wp\/v2\/posts"}],"about":[{"href":"https:\/\/www.prijedordanas.com\/index.php?rest_route=\/wp\/v2\/types\/post"}],"author":[{"embeddable":true,"href":"https:\/\/www.prijedordanas.com\/index.php?rest_route=\/wp\/v2\/users\/1"}],"replies":[{"embeddable":true,"href":"https:\/\/www.prijedordanas.com\/index.php?rest_route=%2Fwp%2Fv2%2Fcomments&post=202711"}],"version-history":[{"count":1,"href":"https:\/\/www.prijedordanas.com\/index.php?rest_route=\/wp\/v2\/posts\/202711\/revisions"}],"predecessor-version":[{"id":202713,"href":"https:\/\/www.prijedordanas.com\/index.php?rest_route=\/wp\/v2\/posts\/202711\/revisions\/202713"}],"wp:attachment":[{"href":"https:\/\/www.prijedordanas.com\/index.php?rest_route=%2Fwp%2Fv2%2Fmedia&parent=202711"}],"wp:term":[{"taxonomy":"category","embeddable":true,"href":"https:\/\/www.prijedordanas.com\/index.php?rest_route=%2Fwp%2Fv2%2Fcategories&post=202711"},{"taxonomy":"post_tag","embeddable":true,"href":"https:\/\/www.prijedordanas.com\/index.php?rest_route=%2Fwp%2Fv2%2Ftags&post=202711"}],"curies":[{"name":"wp","href":"https:\/\/api.w.org\/{rel}","templated":true}]}}