{"id":202483,"date":"2023-03-31T04:22:36","date_gmt":"2023-03-31T02:22:36","guid":{"rendered":"https:\/\/www.prijedordanas.com\/?p=202483"},"modified":"2023-03-31T04:22:36","modified_gmt":"2023-03-31T02:22:36","slug":"ministarka-vidovic-i-prijedor-ce-dobiti-novu-bolnicu","status":"publish","type":"post","link":"https:\/\/www.prijedordanas.com\/?p=202483","title":{"rendered":"Ministarka Vidovi\u0107: I Prijedor \u0107e dobiti novu bolnicu"},"content":{"rendered":"<p><a href=\"https:\/\/www.prijedordanas.com\/wp-content\/uploads\/2023\/03\/rtrs-zora-vidovic.jpg\"><img loading=\"lazy\" decoding=\"async\" src=\"https:\/\/www.prijedordanas.com\/wp-content\/uploads\/2023\/03\/rtrs-zora-vidovic-300x225.jpg\" alt=\"\" width=\"300\" height=\"225\" class=\"alignleft size-medium wp-image-202484\" srcset=\"https:\/\/www.prijedordanas.com\/wp-content\/uploads\/2023\/03\/rtrs-zora-vidovic-300x225.jpg 300w, https:\/\/www.prijedordanas.com\/wp-content\/uploads\/2023\/03\/rtrs-zora-vidovic-640x480.jpg 640w, https:\/\/www.prijedordanas.com\/wp-content\/uploads\/2023\/03\/rtrs-zora-vidovic.jpg 666w\" sizes=\"(max-width: 300px) 100vw, 300px\" \/><\/a>Ministarka finansija Republike Srpske Zora Vidovi\u0107 izjavila je da je RS, uprkos inflaciji i svim problemima prisutnim na globalnom svjetskom tr\u017ei\u0161tu u kojima nijedna zemlja ne posluje normalno, uspjela zadr\u017eati likvidnost bud\u017eeta i isplatiti sve svoje obaveze.<\/p>\n<p>Ona je rekla da \u0107e se to tako nastaviti i do kraja godine, podsjetiv\u0161i da je republi\u010di bud\u017eet usvojen na vrijeme.<\/p>\n<p>&#8220;Usvojili smo i program javnih investicija koje za naredne tri godine iznose 1,8 milijardi KM, od \u010dega \u0107e se jedan dio realizovati u ovoj godini. Zna\u010dajne su nam investicije iz bud\u017eeta. U pro\u0161loj godini je to bilo 250 miliona, a to su projekti koji se i danas zavr\u0161avaju&#8221;, navela je Vidovi\u0107eva u intervjuu Srni povodom 100 dana rada Vlade.<\/p>\n<p>Vidovi\u0107eva je istakla da su u Republici Srpskoj krenule vrlo zna\u010dajne investicije, od kojih su neke zapo\u010dete, a neke \u0107e po\u010deti da se realizjuju u vrlo kratkom vremenu.<\/p>\n<p>&#8220;Izgradnja hidroelektrane `Buk Bijela`, \u010dija je investicija oko 560 miliona KM, jeste projekat koji je ve\u0107 po\u010det, gdje se rade odre\u0111eni pripremni radovi. Taj posao \u0107e sasvim sigurno po\u010deti u ovoj godini&#8221;, rekla je Vidovi\u0107eva.<\/p>\n<p>Prema njenim rije\u010dima, po\u010dela je i gradnja HE na Bistrici, te su zavr\u0161eni pregovori sa kineskom kompanijom i bankom za izgradnju HE &#8220;Dabar&#8221;, gdje su ura\u0111eni ve\u0107 zna\u010dajni radovi u vrijednosti ve\u0107oj od 100 miliona KM.<\/p>\n<p>Za sektor zdravstva Vidovi\u0107eva je rekla da su u naredne tri godine predvi\u0111ena ulaganja od 640 miliona KM, te da \u0107e u ovoj godini u taj sektor biti ulo\u017eeno 257,5 miliona KM.<\/p>\n<p>&#8220;Radi se bolnica u Doboju, treba da po\u010dne gradnja bolnice u Trebinju, dok je Prijedor ostao u opciji da li da se gradi nova bolnica ili renovira postoje\u0107a&#8221;, dodala je Vidovi\u0107eva, podsjetiv\u0161i da se sve investicije u zdravstvu finansiraju iz bud\u017eeta.<\/p>\n<p>Vidovi\u0107eva je navela i da se u ministarstvu na \u010dijem je \u010delu radi na izradi zakona o osiguranju koji \u0107e u ovoj godini biti upu\u0107en u skup\u0161tinsku proceduru i koji predstavlja strate\u0161ki zakon.<\/p>\n<p>&#8220;Postoje\u0107i Zakon o osiguranju je dosta star, ima problema. Zajedno sa osiguravaju\u0107im ku\u0107ama i Agencijom za osiguranje radimo novi zakon i jedna od njegovih va\u017enijih stvari bi\u0107e digitalizacija, to jeste, povezivanje dru\u0161tava u Agenciju i omogu\u0107avanje svim klijentima da u svakom momentu vide svoju polisu i \u0161ta se de\u0161ava&#8221;, navela je Vidovi\u0107eva.<\/p>\n<p>Prema njenim rije\u010dima, time \u0107e se osiguravaju\u0107e ku\u0107e dovesti na vi\u0161i nivo, sa \u010dime su se i one saglasile da je to neophodno i da se jedino tako mo\u017ee izbje\u0107i siva zona koja postoji u toj oblasti.<\/p>\n<p>Ona je rekla da se svake godine radi na pobolj\u0161anju kvaliteta finansijskog tr\u017ei\u0161ta u Srpskoj.<\/p>\n<p>&#8220;Sada je problem zbog op\u0161te situacije u svijetu zbog koje finansijska tr\u017ei\u0161ta do\u017eivaljavaju velike potrese. Mi smo u izradi zakona o elektronskom novcu, koji u ovom momentu pre\u017eivljava velike potrese. Ho\u0107emo da uredimo tu oblast i kada do\u0111e normalno vrijeme, vjerujem da \u0107e se dosta vi\u0161e raditi i sa tim novcem&#8221;, navela je Vidovi\u0107eva.<\/p>\n<p>Ona je podsjetila i da je za poljoprivredu odre\u0111eno 180 miliona KM i da se o\u010dekuju ve\u0107e zasijane povr\u0161ine i ve\u0107i prihodi u toj oblasti.<\/p>\n<p>Vidovi\u0107eva je konstatovala da su za Srpsku najva\u017eniji resursi energetika, poljoprivreda i turizam i da se u te oblasti mora zna\u010dajno ulagati, jer samo investicije u kriznim vremenima omogu\u0107avaju opstanak jednoj dru\u0161tvenoj zajednici.<\/p>\n<p>&#8220;Tu su i velike investicije u auto-puteve. To nije profitabilno u momentu i nisu to direktno profitabilne investicije, ali su auto-putevi profitabilni indirektno, jer olak\u0161avaju i pojeftinjuju sve poslove u privredi i drugim djelatnostima&#8221;, ocjenila je Vidovi\u0107eva.<\/p>\n<p>Vidovi\u0107eva je podsjetila da je minimalna plata pove\u0107ana na 700 KM, isti\u010du\u0107i da je u ovoj godini potrebno definitivno rije\u0161iti pitanje minimalne plate, to jeste, da se utvrdi minimalna plata po granama djelatnosti.<\/p>\n<p>&#8220;Ve\u0107 imamo nagovje\u0161taje i pozive od poslodavaca da se po\u010dne pregovarati u tom smislu. Osnovni pregovara\u010di su poslodavci i sindikat i ne\u0107emo se u to mije\u0161ati, ali oni su od nas zatra\u017eili odre\u0111ene podatke kako bi mogli realnije da urade te dogovore o toj temi&#8221;, navela je Vidovi\u0107eva.<\/p>\n<p>Ona je podsjetila i da je s ciljem rastere\u0107enja privrede ukinuta republi\u010dka taksa kompletno ove godine, koja se u prethodne dvije godine smanjivala za 30 odsto, i da je to bila zna\u010dajna stavka koja je bud\u017eetu donosila 20 miliona KM na godi\u0161njem nivou.<\/p>\n<p>Vidovi\u0107eva je navela i da je izmjenjena regulativa u vezi sa Fondom za razvoj i zapo\u0161ljavanje, kao i da u ovoj godini po\u010dinje rad na fiskalizaciji na digitalnom principu, \u0161to \u0107e donijeti zna\u010dajne efekte za republi\u010dki bud\u017eet.<\/p>\n<p>&#8220;Pove\u0107avali smo i penzije i bora\u010dke dodatke i socijalnu za\u0161titu i trudi\u0107emo se da u ovoj godini isplatimo sva ta pove\u0107anja koja nisu mala. Uveli smo i nova prava za odre\u0111ene kategorije kao \u0161to su roditelji sa \u010detvoro i vi\u0161e djece koje \u0107e ko\u0161tati bud\u017eet od 70 do 80 miliona KM, \u0161to je zna\u010dajna cifra&#8221;, rekla je Vidovi\u0107eva.<\/p>\n<p>mondo.ba &#8211; SRNA<\/p>\n","protected":false},"excerpt":{"rendered":"<p>Ministarka finansija Republike Srpske Zora Vidovi\u0107 izjavila je da je RS, uprkos inflaciji i svim problemima prisutnim na globalnom svjetskom tr\u017ei\u0161tu u kojima nijedna zemlja ne posluje normalno, uspjela zadr\u017eati [&hellip;]<\/p>\n","protected":false},"author":1,"featured_media":0,"comment_status":"closed","ping_status":"open","sticky":false,"template":"","format":"standard","meta":{"_monsterinsights_skip_tracking":false,"_monsterinsights_sitenote_active":false,"_monsterinsights_sitenote_note":"","_monsterinsights_sitenote_category":0,"footnotes":""},"categories":[8],"tags":[],"yoast_head":"<!-- This site is optimized with the Yoast SEO plugin v21.6 - https:\/\/yoast.com\/wordpress\/plugins\/seo\/ -->\n<title>Ministarka Vidovi\u0107: I Prijedor \u0107e dobiti novu bolnicu - PrijedorDanas.com - Prijedorski gradski portal<\/title>\n<meta name=\"robots\" content=\"index, follow, max-snippet:-1, max-image-preview:large, max-video-preview:-1\" \/>\n<link rel=\"canonical\" href=\"https:\/\/www.prijedordanas.com\/?p=202483\" \/>\n<meta property=\"og:locale\" content=\"en_US\" \/>\n<meta property=\"og:type\" content=\"article\" \/>\n<meta property=\"og:title\" content=\"Ministarka Vidovi\u0107: I Prijedor \u0107e dobiti novu bolnicu - PrijedorDanas.com - Prijedorski gradski portal\" \/>\n<meta property=\"og:description\" content=\"Ministarka finansija Republike Srpske Zora Vidovi\u0107 izjavila je da je RS, uprkos inflaciji i svim problemima prisutnim na globalnom svjetskom tr\u017ei\u0161tu u kojima nijedna zemlja ne posluje normalno, uspjela zadr\u017eati [&hellip;]\" \/>\n<meta property=\"og:url\" content=\"https:\/\/www.prijedordanas.com\/?p=202483\" \/>\n<meta property=\"og:site_name\" content=\"PrijedorDanas.com - Prijedorski gradski portal\" \/>\n<meta property=\"article:publisher\" content=\"https:\/\/www.facebook.com\/PrijedorDanasCom\/\" \/>\n<meta property=\"article:published_time\" content=\"2023-03-31T02:22:36+00:00\" \/>\n<meta property=\"og:image\" content=\"https:\/\/www.prijedordanas.com\/wp-content\/uploads\/2023\/03\/rtrs-zora-vidovic-300x225.jpg\" \/>\n<meta name=\"author\" content=\"admin\" \/>\n<meta name=\"twitter:card\" content=\"summary_large_image\" \/>\n<meta name=\"twitter:label1\" content=\"Written by\" \/>\n\t<meta name=\"twitter:data1\" content=\"admin\" \/>\n<script type=\"application\/ld+json\" class=\"yoast-schema-graph\">{\"@context\":\"https:\/\/schema.org\",\"@graph\":[{\"@type\":\"Article\",\"@id\":\"https:\/\/www.prijedordanas.com\/?p=202483#article\",\"isPartOf\":{\"@id\":\"https:\/\/www.prijedordanas.com\/?p=202483\"},\"author\":{\"name\":\"admin\",\"@id\":\"https:\/\/www.prijedordanas.com\/#\/schema\/person\/4e08ccf29b506ca916ff86d46bb700e6\"},\"headline\":\"Ministarka Vidovi\u0107: I Prijedor \u0107e dobiti novu bolnicu\",\"datePublished\":\"2023-03-31T02:22:36+00:00\",\"dateModified\":\"2023-03-31T02:22:36+00:00\",\"mainEntityOfPage\":{\"@id\":\"https:\/\/www.prijedordanas.com\/?p=202483\"},\"wordCount\":905,\"publisher\":{\"@id\":\"https:\/\/www.prijedordanas.com\/#organization\"},\"articleSection\":[\"Svakodnevno\"],\"inLanguage\":\"en-US\"},{\"@type\":\"WebPage\",\"@id\":\"https:\/\/www.prijedordanas.com\/?p=202483\",\"url\":\"https:\/\/www.prijedordanas.com\/?p=202483\",\"name\":\"Ministarka Vidovi\u0107: I Prijedor \u0107e dobiti novu bolnicu - PrijedorDanas.com - Prijedorski gradski portal\",\"isPartOf\":{\"@id\":\"https:\/\/www.prijedordanas.com\/#website\"},\"datePublished\":\"2023-03-31T02:22:36+00:00\",\"dateModified\":\"2023-03-31T02:22:36+00:00\",\"breadcrumb\":{\"@id\":\"https:\/\/www.prijedordanas.com\/?p=202483#breadcrumb\"},\"inLanguage\":\"en-US\",\"potentialAction\":[{\"@type\":\"ReadAction\",\"target\":[\"https:\/\/www.prijedordanas.com\/?p=202483\"]}]},{\"@type\":\"BreadcrumbList\",\"@id\":\"https:\/\/www.prijedordanas.com\/?p=202483#breadcrumb\",\"itemListElement\":[{\"@type\":\"ListItem\",\"position\":1,\"name\":\"Home\",\"item\":\"https:\/\/www.prijedordanas.com\/\"},{\"@type\":\"ListItem\",\"position\":2,\"name\":\"Ministarka Vidovi\u0107: I Prijedor \u0107e dobiti novu bolnicu\"}]},{\"@type\":\"WebSite\",\"@id\":\"https:\/\/www.prijedordanas.com\/#website\",\"url\":\"https:\/\/www.prijedordanas.com\/\",\"name\":\"PrijedorDanas.com - Prijedorski gradski portal\",\"description\":\"Portal o doga\u0111anjima u gradu Prijedoru\",\"publisher\":{\"@id\":\"https:\/\/www.prijedordanas.com\/#organization\"},\"potentialAction\":[{\"@type\":\"SearchAction\",\"target\":{\"@type\":\"EntryPoint\",\"urlTemplate\":\"https:\/\/www.prijedordanas.com\/?s={search_term_string}\"},\"query-input\":\"required name=search_term_string\"}],\"inLanguage\":\"en-US\"},{\"@type\":\"Organization\",\"@id\":\"https:\/\/www.prijedordanas.com\/#organization\",\"name\":\"PrijedorDanas.com\",\"url\":\"https:\/\/www.prijedordanas.com\/\",\"logo\":{\"@type\":\"ImageObject\",\"inLanguage\":\"en-US\",\"@id\":\"https:\/\/www.prijedordanas.com\/#\/schema\/logo\/image\/\",\"url\":\"http:\/\/www.prijedordanas.com\/wp-content\/uploads\/2021\/12\/logopng.png\",\"contentUrl\":\"http:\/\/www.prijedordanas.com\/wp-content\/uploads\/2021\/12\/logopng.png\",\"width\":1019,\"height\":776,\"caption\":\"PrijedorDanas.com\"},\"image\":{\"@id\":\"https:\/\/www.prijedordanas.com\/#\/schema\/logo\/image\/\"},\"sameAs\":[\"https:\/\/www.facebook.com\/PrijedorDanasCom\/\"]},{\"@type\":\"Person\",\"@id\":\"https:\/\/www.prijedordanas.com\/#\/schema\/person\/4e08ccf29b506ca916ff86d46bb700e6\",\"name\":\"admin\",\"image\":{\"@type\":\"ImageObject\",\"inLanguage\":\"en-US\",\"@id\":\"https:\/\/www.prijedordanas.com\/#\/schema\/person\/image\/\",\"url\":\"https:\/\/secure.gravatar.com\/avatar\/1d3fc949d550f0b53a5f0d51e06dfd79?s=96&d=mm&r=g\",\"contentUrl\":\"https:\/\/secure.gravatar.com\/avatar\/1d3fc949d550f0b53a5f0d51e06dfd79?s=96&d=mm&r=g\",\"caption\":\"admin\"},\"url\":\"https:\/\/www.prijedordanas.com\/?author=1\"}]}<\/script>\n<!-- \/ Yoast SEO plugin. -->","yoast_head_json":{"title":"Ministarka Vidovi\u0107: I Prijedor \u0107e dobiti novu bolnicu - PrijedorDanas.com - Prijedorski gradski portal","robots":{"index":"index","follow":"follow","max-snippet":"max-snippet:-1","max-image-preview":"max-image-preview:large","max-video-preview":"max-video-preview:-1"},"canonical":"https:\/\/www.prijedordanas.com\/?p=202483","og_locale":"en_US","og_type":"article","og_title":"Ministarka Vidovi\u0107: I Prijedor \u0107e dobiti novu bolnicu - PrijedorDanas.com - Prijedorski gradski portal","og_description":"Ministarka finansija Republike Srpske Zora Vidovi\u0107 izjavila je da je RS, uprkos inflaciji i svim problemima prisutnim na globalnom svjetskom tr\u017ei\u0161tu u kojima nijedna zemlja ne posluje normalno, uspjela zadr\u017eati [&hellip;]","og_url":"https:\/\/www.prijedordanas.com\/?p=202483","og_site_name":"PrijedorDanas.com - Prijedorski gradski portal","article_publisher":"https:\/\/www.facebook.com\/PrijedorDanasCom\/","article_published_time":"2023-03-31T02:22:36+00:00","og_image":[{"url":"https:\/\/www.prijedordanas.com\/wp-content\/uploads\/2023\/03\/rtrs-zora-vidovic-300x225.jpg"}],"author":"admin","twitter_card":"summary_large_image","twitter_misc":{"Written by":"admin"},"schema":{"@context":"https:\/\/schema.org","@graph":[{"@type":"Article","@id":"https:\/\/www.prijedordanas.com\/?p=202483#article","isPartOf":{"@id":"https:\/\/www.prijedordanas.com\/?p=202483"},"author":{"name":"admin","@id":"https:\/\/www.prijedordanas.com\/#\/schema\/person\/4e08ccf29b506ca916ff86d46bb700e6"},"headline":"Ministarka Vidovi\u0107: I Prijedor \u0107e dobiti novu bolnicu","datePublished":"2023-03-31T02:22:36+00:00","dateModified":"2023-03-31T02:22:36+00:00","mainEntityOfPage":{"@id":"https:\/\/www.prijedordanas.com\/?p=202483"},"wordCount":905,"publisher":{"@id":"https:\/\/www.prijedordanas.com\/#organization"},"articleSection":["Svakodnevno"],"inLanguage":"en-US"},{"@type":"WebPage","@id":"https:\/\/www.prijedordanas.com\/?p=202483","url":"https:\/\/www.prijedordanas.com\/?p=202483","name":"Ministarka Vidovi\u0107: I Prijedor \u0107e dobiti novu bolnicu - PrijedorDanas.com - Prijedorski gradski portal","isPartOf":{"@id":"https:\/\/www.prijedordanas.com\/#website"},"datePublished":"2023-03-31T02:22:36+00:00","dateModified":"2023-03-31T02:22:36+00:00","breadcrumb":{"@id":"https:\/\/www.prijedordanas.com\/?p=202483#breadcrumb"},"inLanguage":"en-US","potentialAction":[{"@type":"ReadAction","target":["https:\/\/www.prijedordanas.com\/?p=202483"]}]},{"@type":"BreadcrumbList","@id":"https:\/\/www.prijedordanas.com\/?p=202483#breadcrumb","itemListElement":[{"@type":"ListItem","position":1,"name":"Home","item":"https:\/\/www.prijedordanas.com\/"},{"@type":"ListItem","position":2,"name":"Ministarka Vidovi\u0107: I Prijedor \u0107e dobiti novu bolnicu"}]},{"@type":"WebSite","@id":"https:\/\/www.prijedordanas.com\/#website","url":"https:\/\/www.prijedordanas.com\/","name":"PrijedorDanas.com - Prijedorski gradski portal","description":"Portal o doga\u0111anjima u gradu Prijedoru","publisher":{"@id":"https:\/\/www.prijedordanas.com\/#organization"},"potentialAction":[{"@type":"SearchAction","target":{"@type":"EntryPoint","urlTemplate":"https:\/\/www.prijedordanas.com\/?s={search_term_string}"},"query-input":"required name=search_term_string"}],"inLanguage":"en-US"},{"@type":"Organization","@id":"https:\/\/www.prijedordanas.com\/#organization","name":"PrijedorDanas.com","url":"https:\/\/www.prijedordanas.com\/","logo":{"@type":"ImageObject","inLanguage":"en-US","@id":"https:\/\/www.prijedordanas.com\/#\/schema\/logo\/image\/","url":"http:\/\/www.prijedordanas.com\/wp-content\/uploads\/2021\/12\/logopng.png","contentUrl":"http:\/\/www.prijedordanas.com\/wp-content\/uploads\/2021\/12\/logopng.png","width":1019,"height":776,"caption":"PrijedorDanas.com"},"image":{"@id":"https:\/\/www.prijedordanas.com\/#\/schema\/logo\/image\/"},"sameAs":["https:\/\/www.facebook.com\/PrijedorDanasCom\/"]},{"@type":"Person","@id":"https:\/\/www.prijedordanas.com\/#\/schema\/person\/4e08ccf29b506ca916ff86d46bb700e6","name":"admin","image":{"@type":"ImageObject","inLanguage":"en-US","@id":"https:\/\/www.prijedordanas.com\/#\/schema\/person\/image\/","url":"https:\/\/secure.gravatar.com\/avatar\/1d3fc949d550f0b53a5f0d51e06dfd79?s=96&d=mm&r=g","contentUrl":"https:\/\/secure.gravatar.com\/avatar\/1d3fc949d550f0b53a5f0d51e06dfd79?s=96&d=mm&r=g","caption":"admin"},"url":"https:\/\/www.prijedordanas.com\/?author=1"}]}},"_links":{"self":[{"href":"https:\/\/www.prijedordanas.com\/index.php?rest_route=\/wp\/v2\/posts\/202483"}],"collection":[{"href":"https:\/\/www.prijedordanas.com\/index.php?rest_route=\/wp\/v2\/posts"}],"about":[{"href":"https:\/\/www.prijedordanas.com\/index.php?rest_route=\/wp\/v2\/types\/post"}],"author":[{"embeddable":true,"href":"https:\/\/www.prijedordanas.com\/index.php?rest_route=\/wp\/v2\/users\/1"}],"replies":[{"embeddable":true,"href":"https:\/\/www.prijedordanas.com\/index.php?rest_route=%2Fwp%2Fv2%2Fcomments&post=202483"}],"version-history":[{"count":1,"href":"https:\/\/www.prijedordanas.com\/index.php?rest_route=\/wp\/v2\/posts\/202483\/revisions"}],"predecessor-version":[{"id":202485,"href":"https:\/\/www.prijedordanas.com\/index.php?rest_route=\/wp\/v2\/posts\/202483\/revisions\/202485"}],"wp:attachment":[{"href":"https:\/\/www.prijedordanas.com\/index.php?rest_route=%2Fwp%2Fv2%2Fmedia&parent=202483"}],"wp:term":[{"taxonomy":"category","embeddable":true,"href":"https:\/\/www.prijedordanas.com\/index.php?rest_route=%2Fwp%2Fv2%2Fcategories&post=202483"},{"taxonomy":"post_tag","embeddable":true,"href":"https:\/\/www.prijedordanas.com\/index.php?rest_route=%2Fwp%2Fv2%2Ftags&post=202483"}],"curies":[{"name":"wp","href":"https:\/\/api.w.org\/{rel}","templated":true}]}}