{"id":202453,"date":"2023-03-31T00:34:59","date_gmt":"2023-03-30T22:34:59","guid":{"rendered":"https:\/\/www.prijedordanas.com\/?p=202453"},"modified":"2023-03-31T00:34:59","modified_gmt":"2023-03-30T22:34:59","slug":"roda-uzalud-kucala-na-vrata-opstinske-uprave-nema-prekovremenog-rada-ni-za-nesvakidasnjeg-gosta-video","status":"publish","type":"post","link":"https:\/\/www.prijedordanas.com\/?p=202453","title":{"rendered":"Roda uzalud &#8220;kucala&#8221; na vrata Op\u0161tinske uprave: Nema prekovremenog rada ni za nesvakida\u0161njeg gosta &#8211; VIDEO"},"content":{"rendered":"<p><a href=\"https:\/\/www.prijedordanas.com\/wp-content\/uploads\/2023\/03\/roda-ostra-luka.jpg\"><img loading=\"lazy\" decoding=\"async\" class=\"alignleft size-medium wp-image-202458\" src=\"https:\/\/www.prijedordanas.com\/wp-content\/uploads\/2023\/03\/roda-ostra-luka-300x300.jpg\" alt=\"\" width=\"300\" height=\"300\" srcset=\"https:\/\/www.prijedordanas.com\/wp-content\/uploads\/2023\/03\/roda-ostra-luka-300x300.jpg 300w, https:\/\/www.prijedordanas.com\/wp-content\/uploads\/2023\/03\/roda-ostra-luka-150x150.jpg 150w, https:\/\/www.prijedordanas.com\/wp-content\/uploads\/2023\/03\/roda-ostra-luka-50x50.jpg 50w, https:\/\/www.prijedordanas.com\/wp-content\/uploads\/2023\/03\/roda-ostra-luka.jpg 600w\" sizes=\"(max-width: 300px) 100vw, 300px\" \/><\/a>Zanimljiv video nam dolazi iz O\u0161tre Luke.<\/p>\n<p>Naime, mje\u0161tanin Du\u0161ko Kurid\u017ea snimio je rodu kako &#8220;kuca&#8221; na vrata objekta u kojem se nalazi Op\u0161tinska uprava.<\/p>\n<p>Po svemu sude\u0107i i ona je imala problema sa administracijom.<\/p>\n<p>Ovoga puta nije bila u pitanju (ne)ljubaznost radnika ili manjak dokumentacije, ve\u0107 radno vrijeme koje je, po svemu sude\u0107i uveliko zavr\u0161ilo.<\/p>\n<p>Nije bilo ni prekovremenog rada, \u010dak i za ovog nesvakida\u0161njeg gosta.<\/p>\n<p>Kako je to napisao Veljko Kurid\u017ea koji je i podijelio ovaj video, o\u0161trolu\u010dka roda je uzalud kucala na vrata, radno vrijeme je pro\u0161lo, mora\u0107e sutra ponovo.<\/p>\n<p>Ina\u010de, na stubovima uli\u010dne rasvjete u samom centru O\u0161tre Luke \u010desto se mogu susreti rode koje su se tu odoma\u0107ile.<\/p>\n<p>Podsje\u0107amo, nedavno je u Prijedoru i <strong><a href=\"https:\/\/www.prijedordanas.com\/?p=196758\" target=\"_blank\" rel=\"noopener\">lisica &#8220;do\u0161la&#8221; po li\u010dnu kartu<\/a><\/strong>.<\/p>\n<p>Tekst \u2013 <a href=\"https:\/\/www.prijedordanas.com\" target=\"_blank\" rel=\"noopener noreferrer\">www.prijedordanas.com<\/a><\/p>\n<p><iframe loading=\"lazy\" style=\"border: none; overflow: hidden;\" src=\"https:\/\/www.facebook.com\/plugins\/video.php?height=476&amp;href=https%3A%2F%2Fwww.facebook.com%2Fkuridzaveljko%2Fvideos%2F1603666296821914%2F&amp;show_text=false&amp;width=267&amp;t=0\" width=\"267\" height=\"476\" frameborder=\"0\" scrolling=\"no\" allowfullscreen=\"allowfullscreen\"><\/iframe><\/p>\n","protected":false},"excerpt":{"rendered":"<p>Zanimljiv video nam dolazi iz O\u0161tre Luke. Naime, mje\u0161tanin Du\u0161ko Kurid\u017ea snimio je rodu kako &#8220;kuca&#8221; na vrata objekta u kojem se nalazi Op\u0161tinska uprava. Po svemu sude\u0107i i ona [&hellip;]<\/p>\n","protected":false},"author":1,"featured_media":0,"comment_status":"closed","ping_status":"open","sticky":false,"template":"","format":"standard","meta":{"_monsterinsights_skip_tracking":false,"_monsterinsights_sitenote_active":false,"_monsterinsights_sitenote_note":"","_monsterinsights_sitenote_category":0,"footnotes":""},"categories":[7515,7517,3],"tags":[],"yoast_head":"<!-- This site is optimized with the Yoast SEO plugin v21.6 - https:\/\/yoast.com\/wordpress\/plugins\/seo\/ -->\n<title>Roda uzalud &quot;kucala&quot; na vrata Op\u0161tinske uprave: Nema prekovremenog rada ni za nesvakida\u0161njeg gosta - VIDEO - PrijedorDanas.com - Prijedorski gradski portal<\/title>\n<meta name=\"robots\" content=\"index, follow, max-snippet:-1, max-image-preview:large, max-video-preview:-1\" \/>\n<link rel=\"canonical\" href=\"https:\/\/www.prijedordanas.com\/?p=202453\" \/>\n<meta property=\"og:locale\" content=\"en_US\" \/>\n<meta property=\"og:type\" content=\"article\" \/>\n<meta property=\"og:title\" content=\"Roda uzalud &quot;kucala&quot; na vrata Op\u0161tinske uprave: Nema prekovremenog rada ni za nesvakida\u0161njeg gosta - VIDEO - PrijedorDanas.com - Prijedorski gradski portal\" \/>\n<meta property=\"og:description\" content=\"Zanimljiv video nam dolazi iz O\u0161tre Luke. Naime, mje\u0161tanin Du\u0161ko Kurid\u017ea snimio je rodu kako &#8220;kuca&#8221; na vrata objekta u kojem se nalazi Op\u0161tinska uprava. Po svemu sude\u0107i i ona [&hellip;]\" \/>\n<meta property=\"og:url\" content=\"https:\/\/www.prijedordanas.com\/?p=202453\" \/>\n<meta property=\"og:site_name\" content=\"PrijedorDanas.com - Prijedorski gradski portal\" \/>\n<meta property=\"article:publisher\" content=\"https:\/\/www.facebook.com\/PrijedorDanasCom\/\" \/>\n<meta property=\"article:published_time\" content=\"2023-03-30T22:34:59+00:00\" \/>\n<meta property=\"og:image\" content=\"https:\/\/www.prijedordanas.com\/wp-content\/uploads\/2023\/03\/roda-ostra-luka-300x300.jpg\" \/>\n<meta name=\"author\" content=\"admin\" \/>\n<meta name=\"twitter:card\" content=\"summary_large_image\" \/>\n<meta name=\"twitter:label1\" content=\"Written by\" \/>\n\t<meta name=\"twitter:data1\" content=\"admin\" \/>\n\t<meta name=\"twitter:label2\" content=\"Est. reading time\" \/>\n\t<meta name=\"twitter:data2\" content=\"1 minute\" \/>\n<script type=\"application\/ld+json\" class=\"yoast-schema-graph\">{\"@context\":\"https:\/\/schema.org\",\"@graph\":[{\"@type\":\"Article\",\"@id\":\"https:\/\/www.prijedordanas.com\/?p=202453#article\",\"isPartOf\":{\"@id\":\"https:\/\/www.prijedordanas.com\/?p=202453\"},\"author\":{\"name\":\"admin\",\"@id\":\"https:\/\/www.prijedordanas.com\/#\/schema\/person\/4e08ccf29b506ca916ff86d46bb700e6\"},\"headline\":\"Roda uzalud &#8220;kucala&#8221; na vrata Op\u0161tinske uprave: Nema prekovremenog rada ni za nesvakida\u0161njeg gosta &#8211; VIDEO\",\"datePublished\":\"2023-03-30T22:34:59+00:00\",\"dateModified\":\"2023-03-30T22:34:59+00:00\",\"mainEntityOfPage\":{\"@id\":\"https:\/\/www.prijedordanas.com\/?p=202453\"},\"wordCount\":168,\"publisher\":{\"@id\":\"https:\/\/www.prijedordanas.com\/#organization\"},\"articleSection\":[\"Foto dana\",\"Video dana\",\"\u017divot\"],\"inLanguage\":\"en-US\"},{\"@type\":\"WebPage\",\"@id\":\"https:\/\/www.prijedordanas.com\/?p=202453\",\"url\":\"https:\/\/www.prijedordanas.com\/?p=202453\",\"name\":\"Roda uzalud \\\"kucala\\\" na vrata Op\u0161tinske uprave: Nema prekovremenog rada ni za nesvakida\u0161njeg gosta - VIDEO - PrijedorDanas.com - Prijedorski gradski portal\",\"isPartOf\":{\"@id\":\"https:\/\/www.prijedordanas.com\/#website\"},\"datePublished\":\"2023-03-30T22:34:59+00:00\",\"dateModified\":\"2023-03-30T22:34:59+00:00\",\"breadcrumb\":{\"@id\":\"https:\/\/www.prijedordanas.com\/?p=202453#breadcrumb\"},\"inLanguage\":\"en-US\",\"potentialAction\":[{\"@type\":\"ReadAction\",\"target\":[\"https:\/\/www.prijedordanas.com\/?p=202453\"]}]},{\"@type\":\"BreadcrumbList\",\"@id\":\"https:\/\/www.prijedordanas.com\/?p=202453#breadcrumb\",\"itemListElement\":[{\"@type\":\"ListItem\",\"position\":1,\"name\":\"Home\",\"item\":\"https:\/\/www.prijedordanas.com\/\"},{\"@type\":\"ListItem\",\"position\":2,\"name\":\"Roda uzalud &#8220;kucala&#8221; na vrata Op\u0161tinske uprave: Nema prekovremenog rada ni za nesvakida\u0161njeg gosta &#8211; VIDEO\"}]},{\"@type\":\"WebSite\",\"@id\":\"https:\/\/www.prijedordanas.com\/#website\",\"url\":\"https:\/\/www.prijedordanas.com\/\",\"name\":\"PrijedorDanas.com - Prijedorski gradski portal\",\"description\":\"Portal o doga\u0111anjima u gradu Prijedoru\",\"publisher\":{\"@id\":\"https:\/\/www.prijedordanas.com\/#organization\"},\"potentialAction\":[{\"@type\":\"SearchAction\",\"target\":{\"@type\":\"EntryPoint\",\"urlTemplate\":\"https:\/\/www.prijedordanas.com\/?s={search_term_string}\"},\"query-input\":\"required name=search_term_string\"}],\"inLanguage\":\"en-US\"},{\"@type\":\"Organization\",\"@id\":\"https:\/\/www.prijedordanas.com\/#organization\",\"name\":\"PrijedorDanas.com\",\"url\":\"https:\/\/www.prijedordanas.com\/\",\"logo\":{\"@type\":\"ImageObject\",\"inLanguage\":\"en-US\",\"@id\":\"https:\/\/www.prijedordanas.com\/#\/schema\/logo\/image\/\",\"url\":\"http:\/\/www.prijedordanas.com\/wp-content\/uploads\/2021\/12\/logopng.png\",\"contentUrl\":\"http:\/\/www.prijedordanas.com\/wp-content\/uploads\/2021\/12\/logopng.png\",\"width\":1019,\"height\":776,\"caption\":\"PrijedorDanas.com\"},\"image\":{\"@id\":\"https:\/\/www.prijedordanas.com\/#\/schema\/logo\/image\/\"},\"sameAs\":[\"https:\/\/www.facebook.com\/PrijedorDanasCom\/\"]},{\"@type\":\"Person\",\"@id\":\"https:\/\/www.prijedordanas.com\/#\/schema\/person\/4e08ccf29b506ca916ff86d46bb700e6\",\"name\":\"admin\",\"image\":{\"@type\":\"ImageObject\",\"inLanguage\":\"en-US\",\"@id\":\"https:\/\/www.prijedordanas.com\/#\/schema\/person\/image\/\",\"url\":\"https:\/\/secure.gravatar.com\/avatar\/1d3fc949d550f0b53a5f0d51e06dfd79?s=96&d=mm&r=g\",\"contentUrl\":\"https:\/\/secure.gravatar.com\/avatar\/1d3fc949d550f0b53a5f0d51e06dfd79?s=96&d=mm&r=g\",\"caption\":\"admin\"},\"url\":\"https:\/\/www.prijedordanas.com\/?author=1\"}]}<\/script>\n<!-- \/ Yoast SEO plugin. -->","yoast_head_json":{"title":"Roda uzalud \"kucala\" na vrata Op\u0161tinske uprave: Nema prekovremenog rada ni za nesvakida\u0161njeg gosta - VIDEO - PrijedorDanas.com - Prijedorski gradski portal","robots":{"index":"index","follow":"follow","max-snippet":"max-snippet:-1","max-image-preview":"max-image-preview:large","max-video-preview":"max-video-preview:-1"},"canonical":"https:\/\/www.prijedordanas.com\/?p=202453","og_locale":"en_US","og_type":"article","og_title":"Roda uzalud \"kucala\" na vrata Op\u0161tinske uprave: Nema prekovremenog rada ni za nesvakida\u0161njeg gosta - VIDEO - PrijedorDanas.com - Prijedorski gradski portal","og_description":"Zanimljiv video nam dolazi iz O\u0161tre Luke. Naime, mje\u0161tanin Du\u0161ko Kurid\u017ea snimio je rodu kako &#8220;kuca&#8221; na vrata objekta u kojem se nalazi Op\u0161tinska uprava. Po svemu sude\u0107i i ona [&hellip;]","og_url":"https:\/\/www.prijedordanas.com\/?p=202453","og_site_name":"PrijedorDanas.com - Prijedorski gradski portal","article_publisher":"https:\/\/www.facebook.com\/PrijedorDanasCom\/","article_published_time":"2023-03-30T22:34:59+00:00","og_image":[{"url":"https:\/\/www.prijedordanas.com\/wp-content\/uploads\/2023\/03\/roda-ostra-luka-300x300.jpg"}],"author":"admin","twitter_card":"summary_large_image","twitter_misc":{"Written by":"admin","Est. reading time":"1 minute"},"schema":{"@context":"https:\/\/schema.org","@graph":[{"@type":"Article","@id":"https:\/\/www.prijedordanas.com\/?p=202453#article","isPartOf":{"@id":"https:\/\/www.prijedordanas.com\/?p=202453"},"author":{"name":"admin","@id":"https:\/\/www.prijedordanas.com\/#\/schema\/person\/4e08ccf29b506ca916ff86d46bb700e6"},"headline":"Roda uzalud &#8220;kucala&#8221; na vrata Op\u0161tinske uprave: Nema prekovremenog rada ni za nesvakida\u0161njeg gosta &#8211; VIDEO","datePublished":"2023-03-30T22:34:59+00:00","dateModified":"2023-03-30T22:34:59+00:00","mainEntityOfPage":{"@id":"https:\/\/www.prijedordanas.com\/?p=202453"},"wordCount":168,"publisher":{"@id":"https:\/\/www.prijedordanas.com\/#organization"},"articleSection":["Foto dana","Video dana","\u017divot"],"inLanguage":"en-US"},{"@type":"WebPage","@id":"https:\/\/www.prijedordanas.com\/?p=202453","url":"https:\/\/www.prijedordanas.com\/?p=202453","name":"Roda uzalud \"kucala\" na vrata Op\u0161tinske uprave: Nema prekovremenog rada ni za nesvakida\u0161njeg gosta - VIDEO - PrijedorDanas.com - Prijedorski gradski portal","isPartOf":{"@id":"https:\/\/www.prijedordanas.com\/#website"},"datePublished":"2023-03-30T22:34:59+00:00","dateModified":"2023-03-30T22:34:59+00:00","breadcrumb":{"@id":"https:\/\/www.prijedordanas.com\/?p=202453#breadcrumb"},"inLanguage":"en-US","potentialAction":[{"@type":"ReadAction","target":["https:\/\/www.prijedordanas.com\/?p=202453"]}]},{"@type":"BreadcrumbList","@id":"https:\/\/www.prijedordanas.com\/?p=202453#breadcrumb","itemListElement":[{"@type":"ListItem","position":1,"name":"Home","item":"https:\/\/www.prijedordanas.com\/"},{"@type":"ListItem","position":2,"name":"Roda uzalud &#8220;kucala&#8221; na vrata Op\u0161tinske uprave: Nema prekovremenog rada ni za nesvakida\u0161njeg gosta &#8211; VIDEO"}]},{"@type":"WebSite","@id":"https:\/\/www.prijedordanas.com\/#website","url":"https:\/\/www.prijedordanas.com\/","name":"PrijedorDanas.com - Prijedorski gradski portal","description":"Portal o doga\u0111anjima u gradu Prijedoru","publisher":{"@id":"https:\/\/www.prijedordanas.com\/#organization"},"potentialAction":[{"@type":"SearchAction","target":{"@type":"EntryPoint","urlTemplate":"https:\/\/www.prijedordanas.com\/?s={search_term_string}"},"query-input":"required name=search_term_string"}],"inLanguage":"en-US"},{"@type":"Organization","@id":"https:\/\/www.prijedordanas.com\/#organization","name":"PrijedorDanas.com","url":"https:\/\/www.prijedordanas.com\/","logo":{"@type":"ImageObject","inLanguage":"en-US","@id":"https:\/\/www.prijedordanas.com\/#\/schema\/logo\/image\/","url":"http:\/\/www.prijedordanas.com\/wp-content\/uploads\/2021\/12\/logopng.png","contentUrl":"http:\/\/www.prijedordanas.com\/wp-content\/uploads\/2021\/12\/logopng.png","width":1019,"height":776,"caption":"PrijedorDanas.com"},"image":{"@id":"https:\/\/www.prijedordanas.com\/#\/schema\/logo\/image\/"},"sameAs":["https:\/\/www.facebook.com\/PrijedorDanasCom\/"]},{"@type":"Person","@id":"https:\/\/www.prijedordanas.com\/#\/schema\/person\/4e08ccf29b506ca916ff86d46bb700e6","name":"admin","image":{"@type":"ImageObject","inLanguage":"en-US","@id":"https:\/\/www.prijedordanas.com\/#\/schema\/person\/image\/","url":"https:\/\/secure.gravatar.com\/avatar\/1d3fc949d550f0b53a5f0d51e06dfd79?s=96&d=mm&r=g","contentUrl":"https:\/\/secure.gravatar.com\/avatar\/1d3fc949d550f0b53a5f0d51e06dfd79?s=96&d=mm&r=g","caption":"admin"},"url":"https:\/\/www.prijedordanas.com\/?author=1"}]}},"_links":{"self":[{"href":"https:\/\/www.prijedordanas.com\/index.php?rest_route=\/wp\/v2\/posts\/202453"}],"collection":[{"href":"https:\/\/www.prijedordanas.com\/index.php?rest_route=\/wp\/v2\/posts"}],"about":[{"href":"https:\/\/www.prijedordanas.com\/index.php?rest_route=\/wp\/v2\/types\/post"}],"author":[{"embeddable":true,"href":"https:\/\/www.prijedordanas.com\/index.php?rest_route=\/wp\/v2\/users\/1"}],"replies":[{"embeddable":true,"href":"https:\/\/www.prijedordanas.com\/index.php?rest_route=%2Fwp%2Fv2%2Fcomments&post=202453"}],"version-history":[{"count":3,"href":"https:\/\/www.prijedordanas.com\/index.php?rest_route=\/wp\/v2\/posts\/202453\/revisions"}],"predecessor-version":[{"id":202459,"href":"https:\/\/www.prijedordanas.com\/index.php?rest_route=\/wp\/v2\/posts\/202453\/revisions\/202459"}],"wp:attachment":[{"href":"https:\/\/www.prijedordanas.com\/index.php?rest_route=%2Fwp%2Fv2%2Fmedia&parent=202453"}],"wp:term":[{"taxonomy":"category","embeddable":true,"href":"https:\/\/www.prijedordanas.com\/index.php?rest_route=%2Fwp%2Fv2%2Fcategories&post=202453"},{"taxonomy":"post_tag","embeddable":true,"href":"https:\/\/www.prijedordanas.com\/index.php?rest_route=%2Fwp%2Fv2%2Ftags&post=202453"}],"curies":[{"name":"wp","href":"https:\/\/api.w.org\/{rel}","templated":true}]}}