{"id":202430,"date":"2023-03-30T19:13:26","date_gmt":"2023-03-30T17:13:26","guid":{"rendered":"https:\/\/www.prijedordanas.com\/?p=202430"},"modified":"2023-03-30T19:13:26","modified_gmt":"2023-03-30T17:13:26","slug":"poznati-lopov-iz-prijedora-ponovo-uhapsen-pretukao-muskarca-ispred-trznice","status":"publish","type":"post","link":"https:\/\/www.prijedordanas.com\/?p=202430","title":{"rendered":"Poznati lopov iz Prijedora ponovo uhap\u0161en, pretukao mu\u0161karca ispred &#8220;Tr\u017enice&#8221;"},"content":{"rendered":"<p><a href=\"https:\/\/www.prijedordanas.com\/wp-content\/uploads\/2023\/03\/nezavisne-rakic.jpg\"><img loading=\"lazy\" decoding=\"async\" src=\"https:\/\/www.prijedordanas.com\/wp-content\/uploads\/2023\/03\/nezavisne-rakic-300x225.jpg\" alt=\"\" width=\"300\" height=\"225\" class=\"alignleft size-medium wp-image-202431\" srcset=\"https:\/\/www.prijedordanas.com\/wp-content\/uploads\/2023\/03\/nezavisne-rakic-300x225.jpg 300w, https:\/\/www.prijedordanas.com\/wp-content\/uploads\/2023\/03\/nezavisne-rakic-640x480.jpg 640w, https:\/\/www.prijedordanas.com\/wp-content\/uploads\/2023\/03\/nezavisne-rakic.jpg 667w\" sizes=\"(max-width: 300px) 100vw, 300px\" \/><\/a>Poznati lopov Ranko Raki\u0107 uhap\u0161en je zbog sumnje da je pretukao mu\u0161karca ispred banjalu\u010dke &#8220;Tr\u017enice&#8221; i zadao mu vi\u0161e udaraca po glavi i tijelu.<\/p>\n<p>Sve se desilo u utorak, a mu\u0161karac je povrije\u0111en i ukazana mu je ljekarska pomo\u0107 na Univerzitetskom klini\u010dkom centru Republike Srpske.<\/p>\n<p>Slu\u010daj je policiji prijavljen u 15.05 \u010dasova a prema prijavi, do\u0161lo je do naru\u0161avanja javnog reda i mira tu\u010dom izme\u0111u dvije osobe.<\/p>\n<p>&#8220;U toku je kriminalisti\u010dka obrada lica R.R., a o svemu navedenom obavije\u0161ten je de\u017eurni tu\u017eilac Okru\u017enog javnog tu\u017eila\u0161tva Banjaluka&#8221;, naveli su iz PU Banjaluka.<\/p>\n<p>Raki\u0107a terete da je po\u010dinio krivi\u010dno djelo te\u0161ka tjelesna povreda.<\/p>\n<p>Raki\u0107 je iz Prijedora, a osim u tom gradu \u010desto boravi u Banjaluci i jedan od najpoznatijih lopova u Srpskoj.<\/p>\n<p>Hap\u0161en je vi\u0161e od 100 puta, a osim za kra\u0111e, tako\u0111e je hap\u0161en zbog razbojni\u0161tava i tu\u010da.<\/p>\n<p>Samo u septembru pro\u0161le godine hap\u0161en je dva puta jer je napao maloljetnika i udario ga u le\u0111a, te zbog tu\u010de u krugu banjalu\u010dke pijace gdje je napao i udario  jednu osobu.<\/p>\n<p>Ina\u010de, \u010dim bi se na\u0161ao na slobodi, Raki\u0107 bi nastavio s krivi\u010dnim djelima.<\/p>\n<p>Izme\u0111u ostalog, poznat je i po tome \u0161to je ispred butika u banjalu\u010dkom naselju Lau\u0161 ukrao lutku sa izloga te po\u010deo bje\u017eati s njom, \u0161to su zabilje\u017eile i kamere.<\/p>\n<p>Raki\u0107 je dva puta hap\u0161en i zbog plja\u010dki osoba sa invaliditetom.<\/p>\n<p>Za jednu je pro\u0161le godine i osu\u0111en, te je dobio pet godina zatvora jer je na Badnji dan oplja\u010dkao Banjalu\u010danina Ljubomira B. kojem je upao u ku\u0107u dok je spavao i osim novca uzeo torbicu sa dokumentima i protezu za nogu.<\/p>\n<p>Prema presudi, Raki\u0107 je 6. januara 2021. godine oko 22 \u010dasa u\u0161ao u ku\u0107u Ljubomira B. u banjalu\u010dkoj Ulici srpskih rudara, zatekao ga na spavanju te ga je osvijetlio mobilnim telefonom kako bi ga probudio i tra\u017eio novac.<\/p>\n<p>O\u0161te\u0107eni je razbojniku dao nov\u010danik u kome je bilo 200 KM, a optu\u017eeni je izlaze\u0107i iz ku\u0107e uzeo ortopedsku protezu za lijevu nogu, \u0161taku, mobilni telefon i mu\u0161ku ta\u0161nu i pobjegao.<\/p>\n<p>Nakon toga Raki\u0107 je hap\u0161en zajedno sa Draganom Jela\u010dom  zbog sumnje da su u Banjaluci oplja\u010dkali osobu sa invaliditetom, koju su oborili na zemlju i od koje su oteli ruksak sa cigaretama i manjom koli\u010dinom novca.<\/p>\n<p><a href=\"https:\/\/www.nezavisne.com\/novosti\/hronika\/Poznati-lopov-ponovo-uhapsen-pretukao-muskarca-ispred-Trznice\/765232\" rel=\"noopener\" target=\"_blank\">nezavisne.com<\/a><\/p>\n","protected":false},"excerpt":{"rendered":"<p>Poznati lopov Ranko Raki\u0107 uhap\u0161en je zbog sumnje da je pretukao mu\u0161karca ispred banjalu\u010dke &#8220;Tr\u017enice&#8221; i zadao mu vi\u0161e udaraca po glavi i tijelu. Sve se desilo u utorak, a [&hellip;]<\/p>\n","protected":false},"author":1,"featured_media":0,"comment_status":"closed","ping_status":"open","sticky":false,"template":"","format":"standard","meta":{"_monsterinsights_skip_tracking":false,"_monsterinsights_sitenote_active":false,"_monsterinsights_sitenote_note":"","_monsterinsights_sitenote_category":0,"footnotes":""},"categories":[5],"tags":[],"yoast_head":"<!-- This site is optimized with the Yoast SEO plugin v21.6 - https:\/\/yoast.com\/wordpress\/plugins\/seo\/ -->\n<title>Poznati lopov iz Prijedora ponovo uhap\u0161en, pretukao mu\u0161karca ispred &quot;Tr\u017enice&quot; - PrijedorDanas.com - Prijedorski gradski portal<\/title>\n<meta name=\"robots\" content=\"index, follow, max-snippet:-1, max-image-preview:large, max-video-preview:-1\" \/>\n<link rel=\"canonical\" href=\"https:\/\/www.prijedordanas.com\/?p=202430\" \/>\n<meta property=\"og:locale\" content=\"en_US\" \/>\n<meta property=\"og:type\" content=\"article\" \/>\n<meta property=\"og:title\" content=\"Poznati lopov iz Prijedora ponovo uhap\u0161en, pretukao mu\u0161karca ispred &quot;Tr\u017enice&quot; - PrijedorDanas.com - Prijedorski gradski portal\" \/>\n<meta property=\"og:description\" content=\"Poznati lopov Ranko Raki\u0107 uhap\u0161en je zbog sumnje da je pretukao mu\u0161karca ispred banjalu\u010dke &#8220;Tr\u017enice&#8221; i zadao mu vi\u0161e udaraca po glavi i tijelu. Sve se desilo u utorak, a [&hellip;]\" \/>\n<meta property=\"og:url\" content=\"https:\/\/www.prijedordanas.com\/?p=202430\" \/>\n<meta property=\"og:site_name\" content=\"PrijedorDanas.com - Prijedorski gradski portal\" \/>\n<meta property=\"article:publisher\" content=\"https:\/\/www.facebook.com\/PrijedorDanasCom\/\" \/>\n<meta property=\"article:published_time\" content=\"2023-03-30T17:13:26+00:00\" \/>\n<meta property=\"og:image\" content=\"https:\/\/www.prijedordanas.com\/wp-content\/uploads\/2023\/03\/nezavisne-rakic-300x225.jpg\" \/>\n<meta name=\"author\" content=\"admin\" \/>\n<meta name=\"twitter:card\" content=\"summary_large_image\" \/>\n<meta name=\"twitter:label1\" content=\"Written by\" \/>\n\t<meta name=\"twitter:data1\" content=\"admin\" \/>\n<script type=\"application\/ld+json\" class=\"yoast-schema-graph\">{\"@context\":\"https:\/\/schema.org\",\"@graph\":[{\"@type\":\"Article\",\"@id\":\"https:\/\/www.prijedordanas.com\/?p=202430#article\",\"isPartOf\":{\"@id\":\"https:\/\/www.prijedordanas.com\/?p=202430\"},\"author\":{\"name\":\"admin\",\"@id\":\"https:\/\/www.prijedordanas.com\/#\/schema\/person\/4e08ccf29b506ca916ff86d46bb700e6\"},\"headline\":\"Poznati lopov iz Prijedora ponovo uhap\u0161en, pretukao mu\u0161karca ispred &#8220;Tr\u017enice&#8221;\",\"datePublished\":\"2023-03-30T17:13:26+00:00\",\"dateModified\":\"2023-03-30T17:13:26+00:00\",\"mainEntityOfPage\":{\"@id\":\"https:\/\/www.prijedordanas.com\/?p=202430\"},\"wordCount\":446,\"publisher\":{\"@id\":\"https:\/\/www.prijedordanas.com\/#organization\"},\"articleSection\":[\"Hronika\"],\"inLanguage\":\"en-US\"},{\"@type\":\"WebPage\",\"@id\":\"https:\/\/www.prijedordanas.com\/?p=202430\",\"url\":\"https:\/\/www.prijedordanas.com\/?p=202430\",\"name\":\"Poznati lopov iz Prijedora ponovo uhap\u0161en, pretukao mu\u0161karca ispred \\\"Tr\u017enice\\\" - PrijedorDanas.com - Prijedorski gradski portal\",\"isPartOf\":{\"@id\":\"https:\/\/www.prijedordanas.com\/#website\"},\"datePublished\":\"2023-03-30T17:13:26+00:00\",\"dateModified\":\"2023-03-30T17:13:26+00:00\",\"breadcrumb\":{\"@id\":\"https:\/\/www.prijedordanas.com\/?p=202430#breadcrumb\"},\"inLanguage\":\"en-US\",\"potentialAction\":[{\"@type\":\"ReadAction\",\"target\":[\"https:\/\/www.prijedordanas.com\/?p=202430\"]}]},{\"@type\":\"BreadcrumbList\",\"@id\":\"https:\/\/www.prijedordanas.com\/?p=202430#breadcrumb\",\"itemListElement\":[{\"@type\":\"ListItem\",\"position\":1,\"name\":\"Home\",\"item\":\"https:\/\/www.prijedordanas.com\/\"},{\"@type\":\"ListItem\",\"position\":2,\"name\":\"Poznati lopov iz Prijedora ponovo uhap\u0161en, pretukao mu\u0161karca ispred &#8220;Tr\u017enice&#8221;\"}]},{\"@type\":\"WebSite\",\"@id\":\"https:\/\/www.prijedordanas.com\/#website\",\"url\":\"https:\/\/www.prijedordanas.com\/\",\"name\":\"PrijedorDanas.com - Prijedorski gradski portal\",\"description\":\"Portal o doga\u0111anjima u gradu Prijedoru\",\"publisher\":{\"@id\":\"https:\/\/www.prijedordanas.com\/#organization\"},\"potentialAction\":[{\"@type\":\"SearchAction\",\"target\":{\"@type\":\"EntryPoint\",\"urlTemplate\":\"https:\/\/www.prijedordanas.com\/?s={search_term_string}\"},\"query-input\":\"required name=search_term_string\"}],\"inLanguage\":\"en-US\"},{\"@type\":\"Organization\",\"@id\":\"https:\/\/www.prijedordanas.com\/#organization\",\"name\":\"PrijedorDanas.com\",\"url\":\"https:\/\/www.prijedordanas.com\/\",\"logo\":{\"@type\":\"ImageObject\",\"inLanguage\":\"en-US\",\"@id\":\"https:\/\/www.prijedordanas.com\/#\/schema\/logo\/image\/\",\"url\":\"http:\/\/www.prijedordanas.com\/wp-content\/uploads\/2021\/12\/logopng.png\",\"contentUrl\":\"http:\/\/www.prijedordanas.com\/wp-content\/uploads\/2021\/12\/logopng.png\",\"width\":1019,\"height\":776,\"caption\":\"PrijedorDanas.com\"},\"image\":{\"@id\":\"https:\/\/www.prijedordanas.com\/#\/schema\/logo\/image\/\"},\"sameAs\":[\"https:\/\/www.facebook.com\/PrijedorDanasCom\/\"]},{\"@type\":\"Person\",\"@id\":\"https:\/\/www.prijedordanas.com\/#\/schema\/person\/4e08ccf29b506ca916ff86d46bb700e6\",\"name\":\"admin\",\"image\":{\"@type\":\"ImageObject\",\"inLanguage\":\"en-US\",\"@id\":\"https:\/\/www.prijedordanas.com\/#\/schema\/person\/image\/\",\"url\":\"https:\/\/secure.gravatar.com\/avatar\/1d3fc949d550f0b53a5f0d51e06dfd79?s=96&d=mm&r=g\",\"contentUrl\":\"https:\/\/secure.gravatar.com\/avatar\/1d3fc949d550f0b53a5f0d51e06dfd79?s=96&d=mm&r=g\",\"caption\":\"admin\"},\"url\":\"https:\/\/www.prijedordanas.com\/?author=1\"}]}<\/script>\n<!-- \/ Yoast SEO plugin. -->","yoast_head_json":{"title":"Poznati lopov iz Prijedora ponovo uhap\u0161en, pretukao mu\u0161karca ispred \"Tr\u017enice\" - PrijedorDanas.com - Prijedorski gradski portal","robots":{"index":"index","follow":"follow","max-snippet":"max-snippet:-1","max-image-preview":"max-image-preview:large","max-video-preview":"max-video-preview:-1"},"canonical":"https:\/\/www.prijedordanas.com\/?p=202430","og_locale":"en_US","og_type":"article","og_title":"Poznati lopov iz Prijedora ponovo uhap\u0161en, pretukao mu\u0161karca ispred \"Tr\u017enice\" - PrijedorDanas.com - Prijedorski gradski portal","og_description":"Poznati lopov Ranko Raki\u0107 uhap\u0161en je zbog sumnje da je pretukao mu\u0161karca ispred banjalu\u010dke &#8220;Tr\u017enice&#8221; i zadao mu vi\u0161e udaraca po glavi i tijelu. Sve se desilo u utorak, a [&hellip;]","og_url":"https:\/\/www.prijedordanas.com\/?p=202430","og_site_name":"PrijedorDanas.com - Prijedorski gradski portal","article_publisher":"https:\/\/www.facebook.com\/PrijedorDanasCom\/","article_published_time":"2023-03-30T17:13:26+00:00","og_image":[{"url":"https:\/\/www.prijedordanas.com\/wp-content\/uploads\/2023\/03\/nezavisne-rakic-300x225.jpg"}],"author":"admin","twitter_card":"summary_large_image","twitter_misc":{"Written by":"admin"},"schema":{"@context":"https:\/\/schema.org","@graph":[{"@type":"Article","@id":"https:\/\/www.prijedordanas.com\/?p=202430#article","isPartOf":{"@id":"https:\/\/www.prijedordanas.com\/?p=202430"},"author":{"name":"admin","@id":"https:\/\/www.prijedordanas.com\/#\/schema\/person\/4e08ccf29b506ca916ff86d46bb700e6"},"headline":"Poznati lopov iz Prijedora ponovo uhap\u0161en, pretukao mu\u0161karca ispred &#8220;Tr\u017enice&#8221;","datePublished":"2023-03-30T17:13:26+00:00","dateModified":"2023-03-30T17:13:26+00:00","mainEntityOfPage":{"@id":"https:\/\/www.prijedordanas.com\/?p=202430"},"wordCount":446,"publisher":{"@id":"https:\/\/www.prijedordanas.com\/#organization"},"articleSection":["Hronika"],"inLanguage":"en-US"},{"@type":"WebPage","@id":"https:\/\/www.prijedordanas.com\/?p=202430","url":"https:\/\/www.prijedordanas.com\/?p=202430","name":"Poznati lopov iz Prijedora ponovo uhap\u0161en, pretukao mu\u0161karca ispred \"Tr\u017enice\" - PrijedorDanas.com - Prijedorski gradski portal","isPartOf":{"@id":"https:\/\/www.prijedordanas.com\/#website"},"datePublished":"2023-03-30T17:13:26+00:00","dateModified":"2023-03-30T17:13:26+00:00","breadcrumb":{"@id":"https:\/\/www.prijedordanas.com\/?p=202430#breadcrumb"},"inLanguage":"en-US","potentialAction":[{"@type":"ReadAction","target":["https:\/\/www.prijedordanas.com\/?p=202430"]}]},{"@type":"BreadcrumbList","@id":"https:\/\/www.prijedordanas.com\/?p=202430#breadcrumb","itemListElement":[{"@type":"ListItem","position":1,"name":"Home","item":"https:\/\/www.prijedordanas.com\/"},{"@type":"ListItem","position":2,"name":"Poznati lopov iz Prijedora ponovo uhap\u0161en, pretukao mu\u0161karca ispred &#8220;Tr\u017enice&#8221;"}]},{"@type":"WebSite","@id":"https:\/\/www.prijedordanas.com\/#website","url":"https:\/\/www.prijedordanas.com\/","name":"PrijedorDanas.com - Prijedorski gradski portal","description":"Portal o doga\u0111anjima u gradu Prijedoru","publisher":{"@id":"https:\/\/www.prijedordanas.com\/#organization"},"potentialAction":[{"@type":"SearchAction","target":{"@type":"EntryPoint","urlTemplate":"https:\/\/www.prijedordanas.com\/?s={search_term_string}"},"query-input":"required name=search_term_string"}],"inLanguage":"en-US"},{"@type":"Organization","@id":"https:\/\/www.prijedordanas.com\/#organization","name":"PrijedorDanas.com","url":"https:\/\/www.prijedordanas.com\/","logo":{"@type":"ImageObject","inLanguage":"en-US","@id":"https:\/\/www.prijedordanas.com\/#\/schema\/logo\/image\/","url":"http:\/\/www.prijedordanas.com\/wp-content\/uploads\/2021\/12\/logopng.png","contentUrl":"http:\/\/www.prijedordanas.com\/wp-content\/uploads\/2021\/12\/logopng.png","width":1019,"height":776,"caption":"PrijedorDanas.com"},"image":{"@id":"https:\/\/www.prijedordanas.com\/#\/schema\/logo\/image\/"},"sameAs":["https:\/\/www.facebook.com\/PrijedorDanasCom\/"]},{"@type":"Person","@id":"https:\/\/www.prijedordanas.com\/#\/schema\/person\/4e08ccf29b506ca916ff86d46bb700e6","name":"admin","image":{"@type":"ImageObject","inLanguage":"en-US","@id":"https:\/\/www.prijedordanas.com\/#\/schema\/person\/image\/","url":"https:\/\/secure.gravatar.com\/avatar\/1d3fc949d550f0b53a5f0d51e06dfd79?s=96&d=mm&r=g","contentUrl":"https:\/\/secure.gravatar.com\/avatar\/1d3fc949d550f0b53a5f0d51e06dfd79?s=96&d=mm&r=g","caption":"admin"},"url":"https:\/\/www.prijedordanas.com\/?author=1"}]}},"_links":{"self":[{"href":"https:\/\/www.prijedordanas.com\/index.php?rest_route=\/wp\/v2\/posts\/202430"}],"collection":[{"href":"https:\/\/www.prijedordanas.com\/index.php?rest_route=\/wp\/v2\/posts"}],"about":[{"href":"https:\/\/www.prijedordanas.com\/index.php?rest_route=\/wp\/v2\/types\/post"}],"author":[{"embeddable":true,"href":"https:\/\/www.prijedordanas.com\/index.php?rest_route=\/wp\/v2\/users\/1"}],"replies":[{"embeddable":true,"href":"https:\/\/www.prijedordanas.com\/index.php?rest_route=%2Fwp%2Fv2%2Fcomments&post=202430"}],"version-history":[{"count":1,"href":"https:\/\/www.prijedordanas.com\/index.php?rest_route=\/wp\/v2\/posts\/202430\/revisions"}],"predecessor-version":[{"id":202432,"href":"https:\/\/www.prijedordanas.com\/index.php?rest_route=\/wp\/v2\/posts\/202430\/revisions\/202432"}],"wp:attachment":[{"href":"https:\/\/www.prijedordanas.com\/index.php?rest_route=%2Fwp%2Fv2%2Fmedia&parent=202430"}],"wp:term":[{"taxonomy":"category","embeddable":true,"href":"https:\/\/www.prijedordanas.com\/index.php?rest_route=%2Fwp%2Fv2%2Fcategories&post=202430"},{"taxonomy":"post_tag","embeddable":true,"href":"https:\/\/www.prijedordanas.com\/index.php?rest_route=%2Fwp%2Fv2%2Ftags&post=202430"}],"curies":[{"name":"wp","href":"https:\/\/api.w.org\/{rel}","templated":true}]}}