{"id":202392,"date":"2023-03-31T01:29:23","date_gmt":"2023-03-30T23:29:23","guid":{"rendered":"https:\/\/www.prijedordanas.com\/?p=202392"},"modified":"2023-03-31T01:29:23","modified_gmt":"2023-03-30T23:29:23","slug":"nova-podjela-vec-podijeljenih-osude-zbog-formiranja-asocijacije-boraca-snsd-u-prijedoru","status":"publish","type":"post","link":"https:\/\/www.prijedordanas.com\/?p=202392","title":{"rendered":"Nova podjela ve\u0107 podijeljenih: Osude zbog formiranja Asocijacije boraca SNSD u Prijedoru"},"content":{"rendered":"<p><a href=\"https:\/\/www.prijedordanas.com\/wp-content\/uploads\/2023\/03\/blic-borci-rs.jpg\"><img loading=\"lazy\" decoding=\"async\" class=\"alignleft size-medium wp-image-202462\" src=\"https:\/\/www.prijedordanas.com\/wp-content\/uploads\/2023\/03\/blic-borci-rs-300x225.jpg\" alt=\"\" width=\"300\" height=\"225\" srcset=\"https:\/\/www.prijedordanas.com\/wp-content\/uploads\/2023\/03\/blic-borci-rs-300x225.jpg 300w, https:\/\/www.prijedordanas.com\/wp-content\/uploads\/2023\/03\/blic-borci-rs-640x480.jpg 640w, https:\/\/www.prijedordanas.com\/wp-content\/uploads\/2023\/03\/blic-borci-rs.jpg 667w\" sizes=\"(max-width: 300px) 100vw, 300px\" \/><\/a>Formiranje Asocijacije boraca SNSD u Prijedoru izazvalo je najo\u0161trije osude predstavnika Bora\u010dke organizacije Republike Srpske, kao i opozicionara, koji poru\u010duju da se radi o opasnom presedanu i poku\u0161aju podjele boraca po politi\u010dkoj pripadnosti.<\/p>\n<p>Nakon \u0161to je u javnosti objavljeno da je u Prijedoru osnovana Asocijacija boraca SNSD, a nesu\u0111eni ministar rada i bora\u010dko-invalidske za\u0161tite RS Dragoslav Kabi\u0107 \u201cobjasnio\u201d da je to prilika da se, kako je rekao, osnuje organizacija koja \u0107e se baviti \u201cisklju\u010divo borcima Vojske Republike Srpske koji su \u010dlanovi SNSD\u201d, iz opozicije i BORS sti\u017eu \u017eestoke osude tog poteza vladaju\u0107e stranke.<\/p>\n<p><strong><a href=\"https:\/\/www.prijedordanas.com\/?p=202270\" target=\"_blank\" rel=\"noopener\">Revitalizacija Asocijacije boraca GO SNSD Prijedor: Mladen Puziga\u0107a novi predsjednik \u2013 FOTO<\/a><\/strong><\/p>\n<p>Predsjednik BORS, Radan Ostoji\u0107, za Srpskainfo ka\u017ee da bilo koja podjela u okviru bora\u010dke populacije nije dobra, prvenstveno za interese i prava boraca.<\/p>\n<p><a href=\"https:\/\/www.prijedordanas.com\/wp-content\/uploads\/2023\/03\/blic-radan-ostojic-bors.jpg\"><img loading=\"lazy\" decoding=\"async\" src=\"https:\/\/www.prijedordanas.com\/wp-content\/uploads\/2023\/03\/blic-radan-ostojic-bors-300x225.jpg\" alt=\"\" width=\"300\" height=\"225\" class=\"alignleft size-medium wp-image-202463\" srcset=\"https:\/\/www.prijedordanas.com\/wp-content\/uploads\/2023\/03\/blic-radan-ostojic-bors-300x225.jpg 300w, https:\/\/www.prijedordanas.com\/wp-content\/uploads\/2023\/03\/blic-radan-ostojic-bors-640x480.jpg 640w, https:\/\/www.prijedordanas.com\/wp-content\/uploads\/2023\/03\/blic-radan-ostojic-bors.jpg 667w\" sizes=\"(max-width: 300px) 100vw, 300px\" \/><\/a>\u2013 Izgleda da je na\u0161 usud da se stalno dijelimo. Nesloga i nejedinstvo doveli su nas u situaciju gdje se danas nalazimo. Podjela po politi\u010dkim partijama ve\u0107 godinama je prisutna u bora\u010dkoj organizaciji, a sad vidimo da se ta podjela formalizuje i kroz nekakve asocijacije politi\u010dkih partija \u2013 ka\u017ee Ostoji\u0107.<\/p>\n<p>On isti\u010de da u svom mandatu predsjednika Bora\u010dke organizacije Republike Srpske od politi\u010dkih partija nikad nije dobio nijedan zahtjev ili molbu da se polo\u017eaj boraca popravi, ve\u0107 se, kako ka\u017ee, politi\u010dke partije uglavnom bave vlastitim interesima.<\/p>\n<p>\u2013 Oduvijek sam smatrao da je podjela boraca za svaku osudu. Ne vidim \u010demu vodi to da politi\u010dke partije imaju neka svoja \u201cbora\u010dka krila\u201d? Stav BORS je da treba da se jedinstveno borimo za na\u0161a prava i da tu nema mjesta za interese bilo koje politi\u010dke partije. Mislim da je svrha stvaranja takvih asocijacija da se jedna zna\u010dajna organizacija, kao \u0161to je BORS, koja treba da ima svoj dru\u0161tveni polo\u017eaj i ugled, stavi pod kontrolu politi\u010dke partije i da slu\u017ei kao eksponent vlasti ili opozicije \u2013 ka\u017ee Ostoji\u0107.<\/p>\n<p>\u010clan Predsjedni\u0161tva PDP Ljubi\u0161a Kruni\u0107, ina\u010de biv\u0161i pripadnik Vojske Republike Srpske, smatra da je podjela boraca po politi\u010dkoj pripadnosti \u201cpogubna\u201d za tu populaciju.<\/p>\n<p>\u2013 Niko u PDP ne razmi\u0161lja o tome da pravi neku svoju Asocijaciju boraca VRS. Upravo ovakvi potezi, kao \u0161to je to ura\u0111eno u Prijedoru, idu u pravcu koji nije dobar za demobilisane borce. Ako iko u Republici Srpskoj treba da bude slo\u017ean, onda je to Bora\u010dka organizacija, jer smo mi svojim \u017eivotima i krvlju odbranili i stvorili Republiku Srpsku \u2013 ka\u017ee Kruni\u0107.<\/p>\n<p>BODIROGA: TU\u017dNA VIJEST<br \/>\nPoslanik SDS u Narodnoj skup\u0161tini Republike Srpske, Ognjen Bodiroga, smatra da je \u201cizuzetno tu\u017ena vijest\u201d to da se formira Asocijacija boraca SNSD.<\/p>\n<p>\u2013 Ako \u0107emo realno posmatrati stvari, svi znamo da se ve\u0107ina najvi\u0161ih funkcionera SNSD u ratu bavila profiterstvom, a mnogi su bili i dezerteri. Iako je SDS dr\u017eavotvorna stranka, prvi bih bio protiv toga da SDS pravi neku svoju Asocijaciju boraca Vojske Republike Srpske \u2013 ka\u017ee Bodiroga.<\/p>\n<p><a href=\"https:\/\/srpskainfo.com\/nova-podjela-vec-podijeljenih-osude-zbog-formiranja-asocijacije-boraca-snsd\/\" target=\"_blank\" rel=\"noopener\">srpskainfo.com<\/a><\/p>\n","protected":false},"excerpt":{"rendered":"<p>Formiranje Asocijacije boraca SNSD u Prijedoru izazvalo je najo\u0161trije osude predstavnika Bora\u010dke organizacije Republike Srpske, kao i opozicionara, koji poru\u010duju da se radi o opasnom presedanu i poku\u0161aju podjele boraca [&hellip;]<\/p>\n","protected":false},"author":1,"featured_media":0,"comment_status":"closed","ping_status":"open","sticky":false,"template":"","format":"standard","meta":{"_monsterinsights_skip_tracking":false,"_monsterinsights_sitenote_active":false,"_monsterinsights_sitenote_note":"","_monsterinsights_sitenote_category":0,"footnotes":""},"categories":[8],"tags":[],"yoast_head":"<!-- This site is optimized with the Yoast SEO plugin v21.6 - https:\/\/yoast.com\/wordpress\/plugins\/seo\/ -->\n<title>Nova podjela ve\u0107 podijeljenih: Osude zbog formiranja Asocijacije boraca SNSD u Prijedoru - PrijedorDanas.com - Prijedorski gradski portal<\/title>\n<meta name=\"robots\" content=\"index, follow, max-snippet:-1, max-image-preview:large, max-video-preview:-1\" \/>\n<link rel=\"canonical\" href=\"https:\/\/www.prijedordanas.com\/?p=202392\" \/>\n<meta property=\"og:locale\" content=\"en_US\" \/>\n<meta property=\"og:type\" content=\"article\" \/>\n<meta property=\"og:title\" content=\"Nova podjela ve\u0107 podijeljenih: Osude zbog formiranja Asocijacije boraca SNSD u Prijedoru - PrijedorDanas.com - Prijedorski gradski portal\" \/>\n<meta property=\"og:description\" content=\"Formiranje Asocijacije boraca SNSD u Prijedoru izazvalo je najo\u0161trije osude predstavnika Bora\u010dke organizacije Republike Srpske, kao i opozicionara, koji poru\u010duju da se radi o opasnom presedanu i poku\u0161aju podjele boraca [&hellip;]\" \/>\n<meta property=\"og:url\" content=\"https:\/\/www.prijedordanas.com\/?p=202392\" \/>\n<meta property=\"og:site_name\" content=\"PrijedorDanas.com - Prijedorski gradski portal\" \/>\n<meta property=\"article:publisher\" content=\"https:\/\/www.facebook.com\/PrijedorDanasCom\/\" \/>\n<meta property=\"article:published_time\" content=\"2023-03-30T23:29:23+00:00\" \/>\n<meta property=\"og:image\" content=\"https:\/\/www.prijedordanas.com\/wp-content\/uploads\/2023\/03\/blic-borci-rs-300x225.jpg\" \/>\n<meta name=\"author\" content=\"admin\" \/>\n<meta name=\"twitter:card\" content=\"summary_large_image\" \/>\n<meta name=\"twitter:label1\" content=\"Written by\" \/>\n\t<meta name=\"twitter:data1\" content=\"admin\" \/>\n\t<meta name=\"twitter:label2\" content=\"Est. reading time\" \/>\n\t<meta name=\"twitter:data2\" content=\"3 minutes\" \/>\n<script type=\"application\/ld+json\" class=\"yoast-schema-graph\">{\"@context\":\"https:\/\/schema.org\",\"@graph\":[{\"@type\":\"Article\",\"@id\":\"https:\/\/www.prijedordanas.com\/?p=202392#article\",\"isPartOf\":{\"@id\":\"https:\/\/www.prijedordanas.com\/?p=202392\"},\"author\":{\"name\":\"admin\",\"@id\":\"https:\/\/www.prijedordanas.com\/#\/schema\/person\/4e08ccf29b506ca916ff86d46bb700e6\"},\"headline\":\"Nova podjela ve\u0107 podijeljenih: Osude zbog formiranja Asocijacije boraca SNSD u Prijedoru\",\"datePublished\":\"2023-03-30T23:29:23+00:00\",\"dateModified\":\"2023-03-30T23:29:23+00:00\",\"mainEntityOfPage\":{\"@id\":\"https:\/\/www.prijedordanas.com\/?p=202392\"},\"wordCount\":516,\"publisher\":{\"@id\":\"https:\/\/www.prijedordanas.com\/#organization\"},\"articleSection\":[\"Svakodnevno\"],\"inLanguage\":\"en-US\"},{\"@type\":\"WebPage\",\"@id\":\"https:\/\/www.prijedordanas.com\/?p=202392\",\"url\":\"https:\/\/www.prijedordanas.com\/?p=202392\",\"name\":\"Nova podjela ve\u0107 podijeljenih: Osude zbog formiranja Asocijacije boraca SNSD u Prijedoru - PrijedorDanas.com - Prijedorski gradski portal\",\"isPartOf\":{\"@id\":\"https:\/\/www.prijedordanas.com\/#website\"},\"datePublished\":\"2023-03-30T23:29:23+00:00\",\"dateModified\":\"2023-03-30T23:29:23+00:00\",\"breadcrumb\":{\"@id\":\"https:\/\/www.prijedordanas.com\/?p=202392#breadcrumb\"},\"inLanguage\":\"en-US\",\"potentialAction\":[{\"@type\":\"ReadAction\",\"target\":[\"https:\/\/www.prijedordanas.com\/?p=202392\"]}]},{\"@type\":\"BreadcrumbList\",\"@id\":\"https:\/\/www.prijedordanas.com\/?p=202392#breadcrumb\",\"itemListElement\":[{\"@type\":\"ListItem\",\"position\":1,\"name\":\"Home\",\"item\":\"https:\/\/www.prijedordanas.com\/\"},{\"@type\":\"ListItem\",\"position\":2,\"name\":\"Nova podjela ve\u0107 podijeljenih: Osude zbog formiranja Asocijacije boraca SNSD u Prijedoru\"}]},{\"@type\":\"WebSite\",\"@id\":\"https:\/\/www.prijedordanas.com\/#website\",\"url\":\"https:\/\/www.prijedordanas.com\/\",\"name\":\"PrijedorDanas.com - Prijedorski gradski portal\",\"description\":\"Portal o doga\u0111anjima u gradu Prijedoru\",\"publisher\":{\"@id\":\"https:\/\/www.prijedordanas.com\/#organization\"},\"potentialAction\":[{\"@type\":\"SearchAction\",\"target\":{\"@type\":\"EntryPoint\",\"urlTemplate\":\"https:\/\/www.prijedordanas.com\/?s={search_term_string}\"},\"query-input\":\"required name=search_term_string\"}],\"inLanguage\":\"en-US\"},{\"@type\":\"Organization\",\"@id\":\"https:\/\/www.prijedordanas.com\/#organization\",\"name\":\"PrijedorDanas.com\",\"url\":\"https:\/\/www.prijedordanas.com\/\",\"logo\":{\"@type\":\"ImageObject\",\"inLanguage\":\"en-US\",\"@id\":\"https:\/\/www.prijedordanas.com\/#\/schema\/logo\/image\/\",\"url\":\"http:\/\/www.prijedordanas.com\/wp-content\/uploads\/2021\/12\/logopng.png\",\"contentUrl\":\"http:\/\/www.prijedordanas.com\/wp-content\/uploads\/2021\/12\/logopng.png\",\"width\":1019,\"height\":776,\"caption\":\"PrijedorDanas.com\"},\"image\":{\"@id\":\"https:\/\/www.prijedordanas.com\/#\/schema\/logo\/image\/\"},\"sameAs\":[\"https:\/\/www.facebook.com\/PrijedorDanasCom\/\"]},{\"@type\":\"Person\",\"@id\":\"https:\/\/www.prijedordanas.com\/#\/schema\/person\/4e08ccf29b506ca916ff86d46bb700e6\",\"name\":\"admin\",\"image\":{\"@type\":\"ImageObject\",\"inLanguage\":\"en-US\",\"@id\":\"https:\/\/www.prijedordanas.com\/#\/schema\/person\/image\/\",\"url\":\"https:\/\/secure.gravatar.com\/avatar\/1d3fc949d550f0b53a5f0d51e06dfd79?s=96&d=mm&r=g\",\"contentUrl\":\"https:\/\/secure.gravatar.com\/avatar\/1d3fc949d550f0b53a5f0d51e06dfd79?s=96&d=mm&r=g\",\"caption\":\"admin\"},\"url\":\"https:\/\/www.prijedordanas.com\/?author=1\"}]}<\/script>\n<!-- \/ Yoast SEO plugin. -->","yoast_head_json":{"title":"Nova podjela ve\u0107 podijeljenih: Osude zbog formiranja Asocijacije boraca SNSD u Prijedoru - PrijedorDanas.com - Prijedorski gradski portal","robots":{"index":"index","follow":"follow","max-snippet":"max-snippet:-1","max-image-preview":"max-image-preview:large","max-video-preview":"max-video-preview:-1"},"canonical":"https:\/\/www.prijedordanas.com\/?p=202392","og_locale":"en_US","og_type":"article","og_title":"Nova podjela ve\u0107 podijeljenih: Osude zbog formiranja Asocijacije boraca SNSD u Prijedoru - PrijedorDanas.com - Prijedorski gradski portal","og_description":"Formiranje Asocijacije boraca SNSD u Prijedoru izazvalo je najo\u0161trije osude predstavnika Bora\u010dke organizacije Republike Srpske, kao i opozicionara, koji poru\u010duju da se radi o opasnom presedanu i poku\u0161aju podjele boraca [&hellip;]","og_url":"https:\/\/www.prijedordanas.com\/?p=202392","og_site_name":"PrijedorDanas.com - Prijedorski gradski portal","article_publisher":"https:\/\/www.facebook.com\/PrijedorDanasCom\/","article_published_time":"2023-03-30T23:29:23+00:00","og_image":[{"url":"https:\/\/www.prijedordanas.com\/wp-content\/uploads\/2023\/03\/blic-borci-rs-300x225.jpg"}],"author":"admin","twitter_card":"summary_large_image","twitter_misc":{"Written by":"admin","Est. reading time":"3 minutes"},"schema":{"@context":"https:\/\/schema.org","@graph":[{"@type":"Article","@id":"https:\/\/www.prijedordanas.com\/?p=202392#article","isPartOf":{"@id":"https:\/\/www.prijedordanas.com\/?p=202392"},"author":{"name":"admin","@id":"https:\/\/www.prijedordanas.com\/#\/schema\/person\/4e08ccf29b506ca916ff86d46bb700e6"},"headline":"Nova podjela ve\u0107 podijeljenih: Osude zbog formiranja Asocijacije boraca SNSD u Prijedoru","datePublished":"2023-03-30T23:29:23+00:00","dateModified":"2023-03-30T23:29:23+00:00","mainEntityOfPage":{"@id":"https:\/\/www.prijedordanas.com\/?p=202392"},"wordCount":516,"publisher":{"@id":"https:\/\/www.prijedordanas.com\/#organization"},"articleSection":["Svakodnevno"],"inLanguage":"en-US"},{"@type":"WebPage","@id":"https:\/\/www.prijedordanas.com\/?p=202392","url":"https:\/\/www.prijedordanas.com\/?p=202392","name":"Nova podjela ve\u0107 podijeljenih: Osude zbog formiranja Asocijacije boraca SNSD u Prijedoru - PrijedorDanas.com - Prijedorski gradski portal","isPartOf":{"@id":"https:\/\/www.prijedordanas.com\/#website"},"datePublished":"2023-03-30T23:29:23+00:00","dateModified":"2023-03-30T23:29:23+00:00","breadcrumb":{"@id":"https:\/\/www.prijedordanas.com\/?p=202392#breadcrumb"},"inLanguage":"en-US","potentialAction":[{"@type":"ReadAction","target":["https:\/\/www.prijedordanas.com\/?p=202392"]}]},{"@type":"BreadcrumbList","@id":"https:\/\/www.prijedordanas.com\/?p=202392#breadcrumb","itemListElement":[{"@type":"ListItem","position":1,"name":"Home","item":"https:\/\/www.prijedordanas.com\/"},{"@type":"ListItem","position":2,"name":"Nova podjela ve\u0107 podijeljenih: Osude zbog formiranja Asocijacije boraca SNSD u Prijedoru"}]},{"@type":"WebSite","@id":"https:\/\/www.prijedordanas.com\/#website","url":"https:\/\/www.prijedordanas.com\/","name":"PrijedorDanas.com - Prijedorski gradski portal","description":"Portal o doga\u0111anjima u gradu Prijedoru","publisher":{"@id":"https:\/\/www.prijedordanas.com\/#organization"},"potentialAction":[{"@type":"SearchAction","target":{"@type":"EntryPoint","urlTemplate":"https:\/\/www.prijedordanas.com\/?s={search_term_string}"},"query-input":"required name=search_term_string"}],"inLanguage":"en-US"},{"@type":"Organization","@id":"https:\/\/www.prijedordanas.com\/#organization","name":"PrijedorDanas.com","url":"https:\/\/www.prijedordanas.com\/","logo":{"@type":"ImageObject","inLanguage":"en-US","@id":"https:\/\/www.prijedordanas.com\/#\/schema\/logo\/image\/","url":"http:\/\/www.prijedordanas.com\/wp-content\/uploads\/2021\/12\/logopng.png","contentUrl":"http:\/\/www.prijedordanas.com\/wp-content\/uploads\/2021\/12\/logopng.png","width":1019,"height":776,"caption":"PrijedorDanas.com"},"image":{"@id":"https:\/\/www.prijedordanas.com\/#\/schema\/logo\/image\/"},"sameAs":["https:\/\/www.facebook.com\/PrijedorDanasCom\/"]},{"@type":"Person","@id":"https:\/\/www.prijedordanas.com\/#\/schema\/person\/4e08ccf29b506ca916ff86d46bb700e6","name":"admin","image":{"@type":"ImageObject","inLanguage":"en-US","@id":"https:\/\/www.prijedordanas.com\/#\/schema\/person\/image\/","url":"https:\/\/secure.gravatar.com\/avatar\/1d3fc949d550f0b53a5f0d51e06dfd79?s=96&d=mm&r=g","contentUrl":"https:\/\/secure.gravatar.com\/avatar\/1d3fc949d550f0b53a5f0d51e06dfd79?s=96&d=mm&r=g","caption":"admin"},"url":"https:\/\/www.prijedordanas.com\/?author=1"}]}},"_links":{"self":[{"href":"https:\/\/www.prijedordanas.com\/index.php?rest_route=\/wp\/v2\/posts\/202392"}],"collection":[{"href":"https:\/\/www.prijedordanas.com\/index.php?rest_route=\/wp\/v2\/posts"}],"about":[{"href":"https:\/\/www.prijedordanas.com\/index.php?rest_route=\/wp\/v2\/types\/post"}],"author":[{"embeddable":true,"href":"https:\/\/www.prijedordanas.com\/index.php?rest_route=\/wp\/v2\/users\/1"}],"replies":[{"embeddable":true,"href":"https:\/\/www.prijedordanas.com\/index.php?rest_route=%2Fwp%2Fv2%2Fcomments&post=202392"}],"version-history":[{"count":2,"href":"https:\/\/www.prijedordanas.com\/index.php?rest_route=\/wp\/v2\/posts\/202392\/revisions"}],"predecessor-version":[{"id":202464,"href":"https:\/\/www.prijedordanas.com\/index.php?rest_route=\/wp\/v2\/posts\/202392\/revisions\/202464"}],"wp:attachment":[{"href":"https:\/\/www.prijedordanas.com\/index.php?rest_route=%2Fwp%2Fv2%2Fmedia&parent=202392"}],"wp:term":[{"taxonomy":"category","embeddable":true,"href":"https:\/\/www.prijedordanas.com\/index.php?rest_route=%2Fwp%2Fv2%2Fcategories&post=202392"},{"taxonomy":"post_tag","embeddable":true,"href":"https:\/\/www.prijedordanas.com\/index.php?rest_route=%2Fwp%2Fv2%2Ftags&post=202392"}],"curies":[{"name":"wp","href":"https:\/\/api.w.org\/{rel}","templated":true}]}}