{"id":202238,"date":"2023-03-28T16:08:22","date_gmt":"2023-03-28T14:08:22","guid":{"rendered":"https:\/\/www.prijedordanas.com\/?p=202238"},"modified":"2023-03-28T16:08:22","modified_gmt":"2023-03-28T14:08:22","slug":"gradonacelnik-javor-obisao-radove-na-izgradnji-auto-puta-foto-video","status":"publish","type":"post","link":"https:\/\/www.prijedordanas.com\/?p=202238","title":{"rendered":"Gradona\u010delnik Javor obi\u0161ao radove na izgradnji auto-puta &#8211; FOTO\/VIDEO"},"content":{"rendered":"<p><a href=\"https:\/\/www.prijedordanas.com\/wp-content\/uploads\/2023\/03\/javor-obilazak-radova-autoput-28mart-1.jpg\"><img loading=\"lazy\" decoding=\"async\" class=\"alignleft size-medium wp-image-202246\" src=\"https:\/\/www.prijedordanas.com\/wp-content\/uploads\/2023\/03\/javor-obilazak-radova-autoput-28mart-1-300x225.jpg\" alt=\"\" width=\"300\" height=\"225\" srcset=\"https:\/\/www.prijedordanas.com\/wp-content\/uploads\/2023\/03\/javor-obilazak-radova-autoput-28mart-1-300x225.jpg 300w, https:\/\/www.prijedordanas.com\/wp-content\/uploads\/2023\/03\/javor-obilazak-radova-autoput-28mart-1-640x480.jpg 640w, https:\/\/www.prijedordanas.com\/wp-content\/uploads\/2023\/03\/javor-obilazak-radova-autoput-28mart-1.jpg 667w\" sizes=\"(max-width: 300px) 100vw, 300px\" \/><\/a>Gradona\u010delnik Prijedora Slobodan Javor izjavio je danas tokom posjete gradili\u0161tu u Gornjim Orlovcima da je veoma va\u017eno da je izgradnja auto-puta Prijedor &#8211; Banjaluka krenula iz Prijedora kao i \u0161to je anga\u017eovana upravo firma iz Prijedora, &#8220;Niskogradnja Marjanovi\u0107&#8221;, \u010dijih vi\u0161e od 50 radnika je svakodnevno uklju\u010deno u ove poslove.<\/p>\n<p>&#8220;Iz razgovora sa Kinezima, koji su zadu\u017eeni za ovaj dio posla, upoznati smo da su izuzetno zadovoljni radom preduze\u0107a iz na\u0161eg grada, da se sve odvija predvi\u0111enom dinamikom, u zakonom predvi\u0111enim rokovima i po najvi\u0161im mogu\u0107im standardima&#8221;, rekao je Javor novinarima.<\/p>\n<p><a href=\"https:\/\/www.prijedordanas.com\/wp-content\/uploads\/2023\/03\/javor-obilazak-radova-autoput-28mart-2.jpg\"><img loading=\"lazy\" decoding=\"async\" src=\"https:\/\/www.prijedordanas.com\/wp-content\/uploads\/2023\/03\/javor-obilazak-radova-autoput-28mart-2-300x225.jpg\" alt=\"\" width=\"300\" height=\"225\" class=\"alignleft size-medium wp-image-202247\" srcset=\"https:\/\/www.prijedordanas.com\/wp-content\/uploads\/2023\/03\/javor-obilazak-radova-autoput-28mart-2-300x225.jpg 300w, https:\/\/www.prijedordanas.com\/wp-content\/uploads\/2023\/03\/javor-obilazak-radova-autoput-28mart-2-640x480.jpg 640w, https:\/\/www.prijedordanas.com\/wp-content\/uploads\/2023\/03\/javor-obilazak-radova-autoput-28mart-2.jpg 667w\" sizes=\"(max-width: 300px) 100vw, 300px\" \/><\/a>On je podsjetio da je rok za zavr\u0161etak auto-puta ljeto 2026. godine i naglasio vi\u0161estruk zna\u010daj ovog projekta za privredu, transport roba i usluga i saobra\u0107aj koji \u0107e biti bezbjedniji, br\u017ei i kvalitetniji.<\/p>\n<p>&#8220;Ovo je prva faza. Ja se iskreno nadam u \u0161to kra\u0107em vremenskom periodu, da \u0107e biti stvoreni uslovi za drugu fazu i da \u0107e ovi ljudi ovdje, koji su zapo\u010deli ove radove, nastaviti i dalje&#8221;, dodao je Javor.<\/p>\n<p>Vedran Miji\u0107, in\u017eenjer iz &#8220;Niskogradnje Marjanovi\u0107&#8221;, rekao je da je ova firma jedan od podizvo\u0111a\u010da radova, da su prije tri mjeseca po\u010deli pripremni radovi za izgradnju prijedorske petlje i da su u toku zemljani radovi koji idu planiranom dinamikom.<\/p>\n<p><a href=\"https:\/\/www.prijedordanas.com\/wp-content\/uploads\/2023\/03\/javor-obilazak-radova-autoput-28mart-3.jpg\"><img loading=\"lazy\" decoding=\"async\" src=\"https:\/\/www.prijedordanas.com\/wp-content\/uploads\/2023\/03\/javor-obilazak-radova-autoput-28mart-3-300x225.jpg\" alt=\"\" width=\"300\" height=\"225\" class=\"alignleft size-medium wp-image-202248\" srcset=\"https:\/\/www.prijedordanas.com\/wp-content\/uploads\/2023\/03\/javor-obilazak-radova-autoput-28mart-3-300x225.jpg 300w, https:\/\/www.prijedordanas.com\/wp-content\/uploads\/2023\/03\/javor-obilazak-radova-autoput-28mart-3-640x480.jpg 640w, https:\/\/www.prijedordanas.com\/wp-content\/uploads\/2023\/03\/javor-obilazak-radova-autoput-28mart-3.jpg 667w\" sizes=\"(max-width: 300px) 100vw, 300px\" \/><\/a>On je naveo da je gra\u0111evinska dozvola izdata za 1,7 kilometara glavne trase i 2,1 kilometar same petlje.<\/p>\n<p>&#8220;Do kraja aprila trebalo bi da bude otvoreno jo\u0161 nekih 11 kilometara puta, to je negdje do Petrovog Gaja, tako da bi radovi se onda otvorili i i\u0161lo bi boljom i ja\u010dom dinamikom nego sada trenutno&#8221;, najavio je Miji\u0107.<\/p>\n<p>Na\u010delnik Dragoslav Kabi\u0107 rekao je da je zahvaljuju\u0107i predsjedniku Republike Srpske Miloradu Dodiku odlu\u010deno da radovi krenu od Prijedora da bi se lokalni privrednici mogli zaposliti i da bi novac koji dolazi od izgradnje auto-puta ostao u ovom gradu.<\/p>\n<p><a href=\"https:\/\/www.prijedorgrad.org\/sr-EU\/vijesti-sadrzaj.html?vid=17613\" target=\"_blank\" rel=\"noopener\">prijedorgrad.org<\/a><\/p>\n<p><a href=\"https:\/\/www.prijedordanas.com\/wp-content\/uploads\/2023\/03\/javor-obilazak-radova-autoput-28mart-4.jpg\"><img loading=\"lazy\" decoding=\"async\" src=\"https:\/\/www.prijedordanas.com\/wp-content\/uploads\/2023\/03\/javor-obilazak-radova-autoput-28mart-4-300x225.jpg\" alt=\"\" width=\"300\" height=\"225\" class=\"alignleft size-medium wp-image-202249\" srcset=\"https:\/\/www.prijedordanas.com\/wp-content\/uploads\/2023\/03\/javor-obilazak-radova-autoput-28mart-4-300x225.jpg 300w, https:\/\/www.prijedordanas.com\/wp-content\/uploads\/2023\/03\/javor-obilazak-radova-autoput-28mart-4-640x480.jpg 640w, https:\/\/www.prijedordanas.com\/wp-content\/uploads\/2023\/03\/javor-obilazak-radova-autoput-28mart-4.jpg 667w\" sizes=\"(max-width: 300px) 100vw, 300px\" \/><\/a> <a href=\"https:\/\/www.prijedordanas.com\/wp-content\/uploads\/2023\/03\/javor-obilazak-radova-autoput-28mart-5.jpg\"><img loading=\"lazy\" decoding=\"async\" src=\"https:\/\/www.prijedordanas.com\/wp-content\/uploads\/2023\/03\/javor-obilazak-radova-autoput-28mart-5-300x225.jpg\" alt=\"\" width=\"300\" height=\"225\" class=\"alignleft size-medium wp-image-202250\" srcset=\"https:\/\/www.prijedordanas.com\/wp-content\/uploads\/2023\/03\/javor-obilazak-radova-autoput-28mart-5-300x225.jpg 300w, https:\/\/www.prijedordanas.com\/wp-content\/uploads\/2023\/03\/javor-obilazak-radova-autoput-28mart-5-640x480.jpg 640w, https:\/\/www.prijedordanas.com\/wp-content\/uploads\/2023\/03\/javor-obilazak-radova-autoput-28mart-5.jpg 667w\" sizes=\"(max-width: 300px) 100vw, 300px\" \/><\/a> <a href=\"https:\/\/www.prijedordanas.com\/wp-content\/uploads\/2023\/03\/javor-obilazak-radova-autoput-28mart-6.jpg\"><img loading=\"lazy\" decoding=\"async\" src=\"https:\/\/www.prijedordanas.com\/wp-content\/uploads\/2023\/03\/javor-obilazak-radova-autoput-28mart-6-300x225.jpg\" alt=\"\" width=\"300\" height=\"225\" class=\"alignleft size-medium wp-image-202251\" srcset=\"https:\/\/www.prijedordanas.com\/wp-content\/uploads\/2023\/03\/javor-obilazak-radova-autoput-28mart-6-300x225.jpg 300w, https:\/\/www.prijedordanas.com\/wp-content\/uploads\/2023\/03\/javor-obilazak-radova-autoput-28mart-6-640x480.jpg 640w, https:\/\/www.prijedordanas.com\/wp-content\/uploads\/2023\/03\/javor-obilazak-radova-autoput-28mart-6.jpg 667w\" sizes=\"(max-width: 300px) 100vw, 300px\" \/><\/a> <a href=\"https:\/\/www.prijedordanas.com\/wp-content\/uploads\/2023\/03\/javor-obilazak-radova-autoput-28mart-7.jpg\"><img loading=\"lazy\" decoding=\"async\" src=\"https:\/\/www.prijedordanas.com\/wp-content\/uploads\/2023\/03\/javor-obilazak-radova-autoput-28mart-7-300x225.jpg\" alt=\"\" width=\"300\" height=\"225\" class=\"alignleft size-medium wp-image-202252\" srcset=\"https:\/\/www.prijedordanas.com\/wp-content\/uploads\/2023\/03\/javor-obilazak-radova-autoput-28mart-7-300x225.jpg 300w, https:\/\/www.prijedordanas.com\/wp-content\/uploads\/2023\/03\/javor-obilazak-radova-autoput-28mart-7-640x480.jpg 640w, https:\/\/www.prijedordanas.com\/wp-content\/uploads\/2023\/03\/javor-obilazak-radova-autoput-28mart-7.jpg 667w\" sizes=\"(max-width: 300px) 100vw, 300px\" \/><\/a><\/p>\n<p><iframe loading=\"lazy\" style=\"border: none; overflow: hidden;\" src=\"https:\/\/www.facebook.com\/plugins\/video.php?height=314&amp;href=https%3A%2F%2Fwww.facebook.com%2FPrijedorDanasCom%2Fvideos%2F773793367647011%2F&amp;show_text=false&amp;width=560&amp;t=0\" width=\"560\" height=\"314\" frameborder=\"0\" scrolling=\"no\" allowfullscreen=\"allowfullscreen\"><\/iframe><\/p>\n<p><a href=\"https:\/\/www.prijedordanas.com\/wp-content\/uploads\/2023\/03\/javor-obilazak-radova-autoput-28mart-8.jpg\"><img loading=\"lazy\" decoding=\"async\" src=\"https:\/\/www.prijedordanas.com\/wp-content\/uploads\/2023\/03\/javor-obilazak-radova-autoput-28mart-8-300x225.jpg\" alt=\"\" width=\"300\" height=\"225\" class=\"alignleft size-medium wp-image-202253\" srcset=\"https:\/\/www.prijedordanas.com\/wp-content\/uploads\/2023\/03\/javor-obilazak-radova-autoput-28mart-8-300x225.jpg 300w, https:\/\/www.prijedordanas.com\/wp-content\/uploads\/2023\/03\/javor-obilazak-radova-autoput-28mart-8-640x480.jpg 640w, https:\/\/www.prijedordanas.com\/wp-content\/uploads\/2023\/03\/javor-obilazak-radova-autoput-28mart-8.jpg 667w\" sizes=\"(max-width: 300px) 100vw, 300px\" \/><\/a> <a href=\"https:\/\/www.prijedordanas.com\/wp-content\/uploads\/2023\/03\/javor-obilazak-radova-autoput-28mart-9.jpg\"><img loading=\"lazy\" decoding=\"async\" src=\"https:\/\/www.prijedordanas.com\/wp-content\/uploads\/2023\/03\/javor-obilazak-radova-autoput-28mart-9-300x225.jpg\" alt=\"\" width=\"300\" height=\"225\" class=\"alignleft size-medium wp-image-202254\" srcset=\"https:\/\/www.prijedordanas.com\/wp-content\/uploads\/2023\/03\/javor-obilazak-radova-autoput-28mart-9-300x225.jpg 300w, https:\/\/www.prijedordanas.com\/wp-content\/uploads\/2023\/03\/javor-obilazak-radova-autoput-28mart-9-640x480.jpg 640w, https:\/\/www.prijedordanas.com\/wp-content\/uploads\/2023\/03\/javor-obilazak-radova-autoput-28mart-9.jpg 667w\" sizes=\"(max-width: 300px) 100vw, 300px\" \/><\/a> <a href=\"https:\/\/www.prijedordanas.com\/wp-content\/uploads\/2023\/03\/javor-obilazak-radova-autoput-28mart-10.jpg\"><img loading=\"lazy\" decoding=\"async\" src=\"https:\/\/www.prijedordanas.com\/wp-content\/uploads\/2023\/03\/javor-obilazak-radova-autoput-28mart-10-300x200.jpg\" alt=\"\" width=\"300\" height=\"200\" class=\"alignleft size-medium wp-image-202255\" srcset=\"https:\/\/www.prijedordanas.com\/wp-content\/uploads\/2023\/03\/javor-obilazak-radova-autoput-28mart-10-300x200.jpg 300w, https:\/\/www.prijedordanas.com\/wp-content\/uploads\/2023\/03\/javor-obilazak-radova-autoput-28mart-10-480x320.jpg 480w, https:\/\/www.prijedordanas.com\/wp-content\/uploads\/2023\/03\/javor-obilazak-radova-autoput-28mart-10.jpg 600w\" sizes=\"(max-width: 300px) 100vw, 300px\" \/><\/a> <a href=\"https:\/\/www.prijedordanas.com\/wp-content\/uploads\/2023\/03\/javor-obilazak-radova-autoput-28mart-11.jpg\"><img loading=\"lazy\" decoding=\"async\" src=\"https:\/\/www.prijedordanas.com\/wp-content\/uploads\/2023\/03\/javor-obilazak-radova-autoput-28mart-11-300x200.jpg\" alt=\"\" width=\"300\" height=\"200\" class=\"alignleft size-medium wp-image-202256\" srcset=\"https:\/\/www.prijedordanas.com\/wp-content\/uploads\/2023\/03\/javor-obilazak-radova-autoput-28mart-11-300x200.jpg 300w, https:\/\/www.prijedordanas.com\/wp-content\/uploads\/2023\/03\/javor-obilazak-radova-autoput-28mart-11-480x320.jpg 480w, https:\/\/www.prijedordanas.com\/wp-content\/uploads\/2023\/03\/javor-obilazak-radova-autoput-28mart-11.jpg 600w\" sizes=\"(max-width: 300px) 100vw, 300px\" \/><\/a> <a href=\"https:\/\/www.prijedordanas.com\/wp-content\/uploads\/2023\/03\/javor-obilazak-radova-autoput-28mart-12.jpg\"><img loading=\"lazy\" decoding=\"async\" src=\"https:\/\/www.prijedordanas.com\/wp-content\/uploads\/2023\/03\/javor-obilazak-radova-autoput-28mart-12-300x200.jpg\" alt=\"\" width=\"300\" height=\"200\" class=\"alignleft size-medium wp-image-202257\" srcset=\"https:\/\/www.prijedordanas.com\/wp-content\/uploads\/2023\/03\/javor-obilazak-radova-autoput-28mart-12-300x200.jpg 300w, https:\/\/www.prijedordanas.com\/wp-content\/uploads\/2023\/03\/javor-obilazak-radova-autoput-28mart-12-480x320.jpg 480w, https:\/\/www.prijedordanas.com\/wp-content\/uploads\/2023\/03\/javor-obilazak-radova-autoput-28mart-12.jpg 600w\" sizes=\"(max-width: 300px) 100vw, 300px\" \/><\/a> <a href=\"https:\/\/www.prijedordanas.com\/wp-content\/uploads\/2023\/03\/javor-obilazak-radova-autoput-28mart-13.jpg\"><img loading=\"lazy\" decoding=\"async\" src=\"https:\/\/www.prijedordanas.com\/wp-content\/uploads\/2023\/03\/javor-obilazak-radova-autoput-28mart-13-300x200.jpg\" alt=\"\" width=\"300\" height=\"200\" class=\"alignleft size-medium wp-image-202258\" srcset=\"https:\/\/www.prijedordanas.com\/wp-content\/uploads\/2023\/03\/javor-obilazak-radova-autoput-28mart-13-300x200.jpg 300w, https:\/\/www.prijedordanas.com\/wp-content\/uploads\/2023\/03\/javor-obilazak-radova-autoput-28mart-13-480x320.jpg 480w, https:\/\/www.prijedordanas.com\/wp-content\/uploads\/2023\/03\/javor-obilazak-radova-autoput-28mart-13.jpg 600w\" sizes=\"(max-width: 300px) 100vw, 300px\" \/><\/a> <a href=\"https:\/\/www.prijedordanas.com\/wp-content\/uploads\/2023\/03\/javor-obilazak-radova-autoput-28mart-14.jpg\"><img loading=\"lazy\" decoding=\"async\" src=\"https:\/\/www.prijedordanas.com\/wp-content\/uploads\/2023\/03\/javor-obilazak-radova-autoput-28mart-14-300x200.jpg\" alt=\"\" width=\"300\" height=\"200\" class=\"alignleft size-medium wp-image-202259\" srcset=\"https:\/\/www.prijedordanas.com\/wp-content\/uploads\/2023\/03\/javor-obilazak-radova-autoput-28mart-14-300x200.jpg 300w, https:\/\/www.prijedordanas.com\/wp-content\/uploads\/2023\/03\/javor-obilazak-radova-autoput-28mart-14-480x320.jpg 480w, https:\/\/www.prijedordanas.com\/wp-content\/uploads\/2023\/03\/javor-obilazak-radova-autoput-28mart-14.jpg 600w\" sizes=\"(max-width: 300px) 100vw, 300px\" \/><\/a> <a href=\"https:\/\/www.prijedordanas.com\/wp-content\/uploads\/2023\/03\/javor-obilazak-radova-autoput-28mart-15.jpg\"><img loading=\"lazy\" decoding=\"async\" src=\"https:\/\/www.prijedordanas.com\/wp-content\/uploads\/2023\/03\/javor-obilazak-radova-autoput-28mart-15-300x200.jpg\" alt=\"\" width=\"300\" height=\"200\" class=\"alignleft size-medium wp-image-202260\" srcset=\"https:\/\/www.prijedordanas.com\/wp-content\/uploads\/2023\/03\/javor-obilazak-radova-autoput-28mart-15-300x200.jpg 300w, https:\/\/www.prijedordanas.com\/wp-content\/uploads\/2023\/03\/javor-obilazak-radova-autoput-28mart-15-480x320.jpg 480w, https:\/\/www.prijedordanas.com\/wp-content\/uploads\/2023\/03\/javor-obilazak-radova-autoput-28mart-15.jpg 600w\" sizes=\"(max-width: 300px) 100vw, 300px\" \/><\/a> <a href=\"https:\/\/www.prijedordanas.com\/wp-content\/uploads\/2023\/03\/javor-obilazak-radova-autoput-28mart-16.jpg\"><img loading=\"lazy\" decoding=\"async\" src=\"https:\/\/www.prijedordanas.com\/wp-content\/uploads\/2023\/03\/javor-obilazak-radova-autoput-28mart-16-300x200.jpg\" alt=\"\" width=\"300\" height=\"200\" class=\"alignleft size-medium wp-image-202261\" srcset=\"https:\/\/www.prijedordanas.com\/wp-content\/uploads\/2023\/03\/javor-obilazak-radova-autoput-28mart-16-300x200.jpg 300w, https:\/\/www.prijedordanas.com\/wp-content\/uploads\/2023\/03\/javor-obilazak-radova-autoput-28mart-16-480x320.jpg 480w, https:\/\/www.prijedordanas.com\/wp-content\/uploads\/2023\/03\/javor-obilazak-radova-autoput-28mart-16.jpg 600w\" sizes=\"(max-width: 300px) 100vw, 300px\" \/><\/a> <a href=\"https:\/\/www.prijedordanas.com\/wp-content\/uploads\/2023\/03\/javor-obilazak-radova-autoput-28mart-17.jpg\"><img loading=\"lazy\" decoding=\"async\" src=\"https:\/\/www.prijedordanas.com\/wp-content\/uploads\/2023\/03\/javor-obilazak-radova-autoput-28mart-17-300x200.jpg\" alt=\"\" width=\"300\" height=\"200\" class=\"alignleft size-medium wp-image-202262\" srcset=\"https:\/\/www.prijedordanas.com\/wp-content\/uploads\/2023\/03\/javor-obilazak-radova-autoput-28mart-17-300x200.jpg 300w, https:\/\/www.prijedordanas.com\/wp-content\/uploads\/2023\/03\/javor-obilazak-radova-autoput-28mart-17-480x320.jpg 480w, https:\/\/www.prijedordanas.com\/wp-content\/uploads\/2023\/03\/javor-obilazak-radova-autoput-28mart-17.jpg 600w\" sizes=\"(max-width: 300px) 100vw, 300px\" \/><\/a><\/p>\n","protected":false},"excerpt":{"rendered":"<p>Gradona\u010delnik Prijedora Slobodan Javor izjavio je danas tokom posjete gradili\u0161tu u Gornjim Orlovcima da je veoma va\u017eno da je izgradnja auto-puta Prijedor &#8211; Banjaluka krenula iz Prijedora kao i \u0161to [&hellip;]<\/p>\n","protected":false},"author":1,"featured_media":0,"comment_status":"closed","ping_status":"open","sticky":false,"template":"","format":"standard","meta":{"_monsterinsights_skip_tracking":false,"_monsterinsights_sitenote_active":false,"_monsterinsights_sitenote_note":"","_monsterinsights_sitenote_category":0,"footnotes":""},"categories":[4,7515,7517],"tags":[],"yoast_head":"<!-- This site is optimized with the Yoast SEO plugin v21.6 - https:\/\/yoast.com\/wordpress\/plugins\/seo\/ -->\n<title>Gradona\u010delnik Javor obi\u0161ao radove na izgradnji auto-puta - FOTO\/VIDEO - PrijedorDanas.com - Prijedorski gradski portal<\/title>\n<meta name=\"robots\" content=\"index, follow, max-snippet:-1, max-image-preview:large, max-video-preview:-1\" \/>\n<link rel=\"canonical\" href=\"https:\/\/www.prijedordanas.com\/?p=202238\" \/>\n<meta property=\"og:locale\" content=\"en_US\" \/>\n<meta property=\"og:type\" content=\"article\" \/>\n<meta property=\"og:title\" content=\"Gradona\u010delnik Javor obi\u0161ao radove na izgradnji auto-puta - FOTO\/VIDEO - PrijedorDanas.com - Prijedorski gradski portal\" \/>\n<meta property=\"og:description\" content=\"Gradona\u010delnik Prijedora Slobodan Javor izjavio je danas tokom posjete gradili\u0161tu u Gornjim Orlovcima da je veoma va\u017eno da je izgradnja auto-puta Prijedor &#8211; Banjaluka krenula iz Prijedora kao i \u0161to [&hellip;]\" \/>\n<meta property=\"og:url\" content=\"https:\/\/www.prijedordanas.com\/?p=202238\" \/>\n<meta property=\"og:site_name\" content=\"PrijedorDanas.com - Prijedorski gradski portal\" \/>\n<meta property=\"article:publisher\" content=\"https:\/\/www.facebook.com\/PrijedorDanasCom\/\" \/>\n<meta property=\"article:published_time\" content=\"2023-03-28T14:08:22+00:00\" \/>\n<meta property=\"og:image\" content=\"https:\/\/www.prijedordanas.com\/wp-content\/uploads\/2023\/03\/javor-obilazak-radova-autoput-28mart-1-300x225.jpg\" \/>\n<meta name=\"author\" content=\"admin\" \/>\n<meta name=\"twitter:card\" content=\"summary_large_image\" \/>\n<meta name=\"twitter:label1\" content=\"Written by\" \/>\n\t<meta name=\"twitter:data1\" content=\"admin\" \/>\n\t<meta name=\"twitter:label2\" content=\"Est. reading time\" \/>\n\t<meta name=\"twitter:data2\" content=\"2 minutes\" \/>\n<script type=\"application\/ld+json\" class=\"yoast-schema-graph\">{\"@context\":\"https:\/\/schema.org\",\"@graph\":[{\"@type\":\"Article\",\"@id\":\"https:\/\/www.prijedordanas.com\/?p=202238#article\",\"isPartOf\":{\"@id\":\"https:\/\/www.prijedordanas.com\/?p=202238\"},\"author\":{\"name\":\"admin\",\"@id\":\"https:\/\/www.prijedordanas.com\/#\/schema\/person\/4e08ccf29b506ca916ff86d46bb700e6\"},\"headline\":\"Gradona\u010delnik Javor obi\u0161ao radove na izgradnji auto-puta &#8211; FOTO\/VIDEO\",\"datePublished\":\"2023-03-28T14:08:22+00:00\",\"dateModified\":\"2023-03-28T14:08:22+00:00\",\"mainEntityOfPage\":{\"@id\":\"https:\/\/www.prijedordanas.com\/?p=202238\"},\"wordCount\":335,\"publisher\":{\"@id\":\"https:\/\/www.prijedordanas.com\/#organization\"},\"articleSection\":[\"Dru\u0161tvo\",\"Foto dana\",\"Video dana\"],\"inLanguage\":\"en-US\"},{\"@type\":\"WebPage\",\"@id\":\"https:\/\/www.prijedordanas.com\/?p=202238\",\"url\":\"https:\/\/www.prijedordanas.com\/?p=202238\",\"name\":\"Gradona\u010delnik Javor obi\u0161ao radove na izgradnji auto-puta - FOTO\/VIDEO - PrijedorDanas.com - Prijedorski gradski portal\",\"isPartOf\":{\"@id\":\"https:\/\/www.prijedordanas.com\/#website\"},\"datePublished\":\"2023-03-28T14:08:22+00:00\",\"dateModified\":\"2023-03-28T14:08:22+00:00\",\"breadcrumb\":{\"@id\":\"https:\/\/www.prijedordanas.com\/?p=202238#breadcrumb\"},\"inLanguage\":\"en-US\",\"potentialAction\":[{\"@type\":\"ReadAction\",\"target\":[\"https:\/\/www.prijedordanas.com\/?p=202238\"]}]},{\"@type\":\"BreadcrumbList\",\"@id\":\"https:\/\/www.prijedordanas.com\/?p=202238#breadcrumb\",\"itemListElement\":[{\"@type\":\"ListItem\",\"position\":1,\"name\":\"Home\",\"item\":\"https:\/\/www.prijedordanas.com\/\"},{\"@type\":\"ListItem\",\"position\":2,\"name\":\"Gradona\u010delnik Javor obi\u0161ao radove na izgradnji auto-puta &#8211; FOTO\/VIDEO\"}]},{\"@type\":\"WebSite\",\"@id\":\"https:\/\/www.prijedordanas.com\/#website\",\"url\":\"https:\/\/www.prijedordanas.com\/\",\"name\":\"PrijedorDanas.com - Prijedorski gradski portal\",\"description\":\"Portal o doga\u0111anjima u gradu Prijedoru\",\"publisher\":{\"@id\":\"https:\/\/www.prijedordanas.com\/#organization\"},\"potentialAction\":[{\"@type\":\"SearchAction\",\"target\":{\"@type\":\"EntryPoint\",\"urlTemplate\":\"https:\/\/www.prijedordanas.com\/?s={search_term_string}\"},\"query-input\":\"required name=search_term_string\"}],\"inLanguage\":\"en-US\"},{\"@type\":\"Organization\",\"@id\":\"https:\/\/www.prijedordanas.com\/#organization\",\"name\":\"PrijedorDanas.com\",\"url\":\"https:\/\/www.prijedordanas.com\/\",\"logo\":{\"@type\":\"ImageObject\",\"inLanguage\":\"en-US\",\"@id\":\"https:\/\/www.prijedordanas.com\/#\/schema\/logo\/image\/\",\"url\":\"http:\/\/www.prijedordanas.com\/wp-content\/uploads\/2021\/12\/logopng.png\",\"contentUrl\":\"http:\/\/www.prijedordanas.com\/wp-content\/uploads\/2021\/12\/logopng.png\",\"width\":1019,\"height\":776,\"caption\":\"PrijedorDanas.com\"},\"image\":{\"@id\":\"https:\/\/www.prijedordanas.com\/#\/schema\/logo\/image\/\"},\"sameAs\":[\"https:\/\/www.facebook.com\/PrijedorDanasCom\/\"]},{\"@type\":\"Person\",\"@id\":\"https:\/\/www.prijedordanas.com\/#\/schema\/person\/4e08ccf29b506ca916ff86d46bb700e6\",\"name\":\"admin\",\"image\":{\"@type\":\"ImageObject\",\"inLanguage\":\"en-US\",\"@id\":\"https:\/\/www.prijedordanas.com\/#\/schema\/person\/image\/\",\"url\":\"https:\/\/secure.gravatar.com\/avatar\/1d3fc949d550f0b53a5f0d51e06dfd79?s=96&d=mm&r=g\",\"contentUrl\":\"https:\/\/secure.gravatar.com\/avatar\/1d3fc949d550f0b53a5f0d51e06dfd79?s=96&d=mm&r=g\",\"caption\":\"admin\"},\"url\":\"https:\/\/www.prijedordanas.com\/?author=1\"}]}<\/script>\n<!-- \/ Yoast SEO plugin. -->","yoast_head_json":{"title":"Gradona\u010delnik Javor obi\u0161ao radove na izgradnji auto-puta - FOTO\/VIDEO - PrijedorDanas.com - Prijedorski gradski portal","robots":{"index":"index","follow":"follow","max-snippet":"max-snippet:-1","max-image-preview":"max-image-preview:large","max-video-preview":"max-video-preview:-1"},"canonical":"https:\/\/www.prijedordanas.com\/?p=202238","og_locale":"en_US","og_type":"article","og_title":"Gradona\u010delnik Javor obi\u0161ao radove na izgradnji auto-puta - FOTO\/VIDEO - PrijedorDanas.com - Prijedorski gradski portal","og_description":"Gradona\u010delnik Prijedora Slobodan Javor izjavio je danas tokom posjete gradili\u0161tu u Gornjim Orlovcima da je veoma va\u017eno da je izgradnja auto-puta Prijedor &#8211; Banjaluka krenula iz Prijedora kao i \u0161to [&hellip;]","og_url":"https:\/\/www.prijedordanas.com\/?p=202238","og_site_name":"PrijedorDanas.com - Prijedorski gradski portal","article_publisher":"https:\/\/www.facebook.com\/PrijedorDanasCom\/","article_published_time":"2023-03-28T14:08:22+00:00","og_image":[{"url":"https:\/\/www.prijedordanas.com\/wp-content\/uploads\/2023\/03\/javor-obilazak-radova-autoput-28mart-1-300x225.jpg"}],"author":"admin","twitter_card":"summary_large_image","twitter_misc":{"Written by":"admin","Est. reading time":"2 minutes"},"schema":{"@context":"https:\/\/schema.org","@graph":[{"@type":"Article","@id":"https:\/\/www.prijedordanas.com\/?p=202238#article","isPartOf":{"@id":"https:\/\/www.prijedordanas.com\/?p=202238"},"author":{"name":"admin","@id":"https:\/\/www.prijedordanas.com\/#\/schema\/person\/4e08ccf29b506ca916ff86d46bb700e6"},"headline":"Gradona\u010delnik Javor obi\u0161ao radove na izgradnji auto-puta &#8211; FOTO\/VIDEO","datePublished":"2023-03-28T14:08:22+00:00","dateModified":"2023-03-28T14:08:22+00:00","mainEntityOfPage":{"@id":"https:\/\/www.prijedordanas.com\/?p=202238"},"wordCount":335,"publisher":{"@id":"https:\/\/www.prijedordanas.com\/#organization"},"articleSection":["Dru\u0161tvo","Foto dana","Video dana"],"inLanguage":"en-US"},{"@type":"WebPage","@id":"https:\/\/www.prijedordanas.com\/?p=202238","url":"https:\/\/www.prijedordanas.com\/?p=202238","name":"Gradona\u010delnik Javor obi\u0161ao radove na izgradnji auto-puta - FOTO\/VIDEO - PrijedorDanas.com - Prijedorski gradski portal","isPartOf":{"@id":"https:\/\/www.prijedordanas.com\/#website"},"datePublished":"2023-03-28T14:08:22+00:00","dateModified":"2023-03-28T14:08:22+00:00","breadcrumb":{"@id":"https:\/\/www.prijedordanas.com\/?p=202238#breadcrumb"},"inLanguage":"en-US","potentialAction":[{"@type":"ReadAction","target":["https:\/\/www.prijedordanas.com\/?p=202238"]}]},{"@type":"BreadcrumbList","@id":"https:\/\/www.prijedordanas.com\/?p=202238#breadcrumb","itemListElement":[{"@type":"ListItem","position":1,"name":"Home","item":"https:\/\/www.prijedordanas.com\/"},{"@type":"ListItem","position":2,"name":"Gradona\u010delnik Javor obi\u0161ao radove na izgradnji auto-puta &#8211; FOTO\/VIDEO"}]},{"@type":"WebSite","@id":"https:\/\/www.prijedordanas.com\/#website","url":"https:\/\/www.prijedordanas.com\/","name":"PrijedorDanas.com - Prijedorski gradski portal","description":"Portal o doga\u0111anjima u gradu Prijedoru","publisher":{"@id":"https:\/\/www.prijedordanas.com\/#organization"},"potentialAction":[{"@type":"SearchAction","target":{"@type":"EntryPoint","urlTemplate":"https:\/\/www.prijedordanas.com\/?s={search_term_string}"},"query-input":"required name=search_term_string"}],"inLanguage":"en-US"},{"@type":"Organization","@id":"https:\/\/www.prijedordanas.com\/#organization","name":"PrijedorDanas.com","url":"https:\/\/www.prijedordanas.com\/","logo":{"@type":"ImageObject","inLanguage":"en-US","@id":"https:\/\/www.prijedordanas.com\/#\/schema\/logo\/image\/","url":"http:\/\/www.prijedordanas.com\/wp-content\/uploads\/2021\/12\/logopng.png","contentUrl":"http:\/\/www.prijedordanas.com\/wp-content\/uploads\/2021\/12\/logopng.png","width":1019,"height":776,"caption":"PrijedorDanas.com"},"image":{"@id":"https:\/\/www.prijedordanas.com\/#\/schema\/logo\/image\/"},"sameAs":["https:\/\/www.facebook.com\/PrijedorDanasCom\/"]},{"@type":"Person","@id":"https:\/\/www.prijedordanas.com\/#\/schema\/person\/4e08ccf29b506ca916ff86d46bb700e6","name":"admin","image":{"@type":"ImageObject","inLanguage":"en-US","@id":"https:\/\/www.prijedordanas.com\/#\/schema\/person\/image\/","url":"https:\/\/secure.gravatar.com\/avatar\/1d3fc949d550f0b53a5f0d51e06dfd79?s=96&d=mm&r=g","contentUrl":"https:\/\/secure.gravatar.com\/avatar\/1d3fc949d550f0b53a5f0d51e06dfd79?s=96&d=mm&r=g","caption":"admin"},"url":"https:\/\/www.prijedordanas.com\/?author=1"}]}},"_links":{"self":[{"href":"https:\/\/www.prijedordanas.com\/index.php?rest_route=\/wp\/v2\/posts\/202238"}],"collection":[{"href":"https:\/\/www.prijedordanas.com\/index.php?rest_route=\/wp\/v2\/posts"}],"about":[{"href":"https:\/\/www.prijedordanas.com\/index.php?rest_route=\/wp\/v2\/types\/post"}],"author":[{"embeddable":true,"href":"https:\/\/www.prijedordanas.com\/index.php?rest_route=\/wp\/v2\/users\/1"}],"replies":[{"embeddable":true,"href":"https:\/\/www.prijedordanas.com\/index.php?rest_route=%2Fwp%2Fv2%2Fcomments&post=202238"}],"version-history":[{"count":3,"href":"https:\/\/www.prijedordanas.com\/index.php?rest_route=\/wp\/v2\/posts\/202238\/revisions"}],"predecessor-version":[{"id":202263,"href":"https:\/\/www.prijedordanas.com\/index.php?rest_route=\/wp\/v2\/posts\/202238\/revisions\/202263"}],"wp:attachment":[{"href":"https:\/\/www.prijedordanas.com\/index.php?rest_route=%2Fwp%2Fv2%2Fmedia&parent=202238"}],"wp:term":[{"taxonomy":"category","embeddable":true,"href":"https:\/\/www.prijedordanas.com\/index.php?rest_route=%2Fwp%2Fv2%2Fcategories&post=202238"},{"taxonomy":"post_tag","embeddable":true,"href":"https:\/\/www.prijedordanas.com\/index.php?rest_route=%2Fwp%2Fv2%2Ftags&post=202238"}],"curies":[{"name":"wp","href":"https:\/\/api.w.org\/{rel}","templated":true}]}}