{"id":202202,"date":"2023-03-28T09:05:55","date_gmt":"2023-03-28T07:05:55","guid":{"rendered":"https:\/\/www.prijedordanas.com\/?p=202202"},"modified":"2023-03-28T09:05:55","modified_gmt":"2023-03-28T07:05:55","slug":"sudenje-taranjac-i-ostali-tuzilastvo-ulozilo-materijalne-dokaze","status":"publish","type":"post","link":"https:\/\/www.prijedordanas.com\/?p=202202","title":{"rendered":"Su\u0111enje Taranjac i ostali: Tu\u017eila\u0161tvo ulo\u017eilo materijalne dokaze"},"content":{"rendered":"<p><a href=\"https:\/\/www.prijedordanas.com\/wp-content\/uploads\/2019\/02\/sud-bih-taranjac-i-ostali.jpg\"><img loading=\"lazy\" decoding=\"async\" src=\"https:\/\/www.prijedordanas.com\/wp-content\/uploads\/2019\/02\/sud-bih-taranjac-i-ostali-300x217.jpg\" alt=\"\" width=\"300\" height=\"217\" class=\"alignleft size-medium wp-image-122077\" srcset=\"https:\/\/www.prijedordanas.com\/wp-content\/uploads\/2019\/02\/sud-bih-taranjac-i-ostali-300x217.jpg 300w, https:\/\/www.prijedordanas.com\/wp-content\/uploads\/2019\/02\/sud-bih-taranjac-i-ostali-100x72.jpg 100w, https:\/\/www.prijedordanas.com\/wp-content\/uploads\/2019\/02\/sud-bih-taranjac-i-ostali.jpg 690w\" sizes=\"(max-width: 300px) 100vw, 300px\" \/><\/a>Tu\u017eila\u0161tvo Bosne i Hercegovine ulo\u017eilo je materijalne dokaze na su\u0111enju osmorici optu\u017eenih za zlo\u010dine po\u010dinjene u julu 1992. na podru\u010dju Ljubije kod Prijedora.<\/p>\n<p>Tu\u017eila\u0161tvo je ulo\u017eilo oko 170 materijalnih dokaza, me\u0111u kojima su dokumenti o statusu optu\u017eenih tokom rata, kao i oni koji se odnose na formiranje i rad Kriznog \u0161taba u Prijedoru i Rejonskog kriznog \u0161taba u Ljubiji.<\/p>\n<p>Odbrane su prigovarale na dokumente bez potpisa i pe\u010data, kao i na relevantnost nekih akata. Dragan Me\u0111ovi\u0107, branilac prvooptu\u017eenog Slobodana Taranjca, ocijenio je da dio dokaza nema veze s optu\u017eenim.<\/p>\n<p>\u201cOvi zapisnici sa sjednica Kriznog \u0161taba op\u0161tine Prijedor ne mogu se dovesti u vezu sa prvoptu\u017eenim\u201d, rekao je Me\u0111ovi\u0107.<\/p>\n<p>On je dodao da je zahtjev gra\u0111ana Mjesne zajednice Donja Ljubija za pu\u0161tanje mje\u0161tana iz logora upu\u0107en Kriznom \u0161tabu u Prijedoru i da su oni bili zato\u010deni u tom gradu.<\/p>\n<p>Tu\u017eilac Izet Odoba\u0161i\u0107 je kazao da Tu\u017eila\u0161tvo dokazuje da je prvooptu\u017eeni odlu\u010divao o skoro svim oblicima \u017eivota, te da su Hrvati i Bo\u0161njaci bili prisiljeni napustiti to podru\u010dje zbog \u0161irokog i sistematskog napada.<\/p>\n<p>Dio zapisnika Kriznog \u0161taba u Prijedoru i jo\u0161 nekih akata, kako je napomenuo tu\u017eilac, dobrovoljno je predao Taranjac. Optu\u017eeni je kazao da je taj materijal sa\u010duvao radi pisanja jedne knjige, a da se iz dokumentacije Kriznog \u0161taba u Ljubiji \u201cvidi \u0161ta je radio\u201d.<\/p>\n<p>Tu\u017eilac je u dokaze uvrstio i izvode iz mati\u010dne knjige umrlih za 63 lica \u2013 \u017ertava obuhva\u0107enih optu\u017enicom.<\/p>\n<p>Odoba\u0161i\u0107 je privremeno povukao prijedlog za uvo\u0111enje izvje\u0161taja o kriznim \u0161tabovima bosanskih Srba, koja je ulo\u017eena kao dokaz na su\u0111enjima u Ha\u0161kom tribunalu, nakon prigovora Odbrana da se, bez saslu\u0161anja autora tog dokumenta, povre\u0111uje pravo Odbrane jer je onemogu\u0107ena da postavi pitanja.<\/p>\n<p>Slobodanu Taranjcu, Ranku Babi\u0107u, Ranku Do\u0161enovi\u0107u, Zdravku Pani\u0107u, Trivi i Milanu Vuki\u0107u, Slobodanu Kne\u017eevi\u0107u i Miloradu Obradovi\u0107u sudi se za u\u010de\u0161\u0107e u nezakonitom zarobljavanju i zatvaranju 120 mu\u0161karaca \u2013 koji su bili zatvoreni u Domu u Miskoj Glavi, a potom i na stadionu u Ljubiji \u2013 te njihovom mu\u010denju i ubistvima po\u010dinjenim krajem jula 1992. godine.<\/p>\n<p>Prema optu\u017enici, Taranjac je bio predsjednik Kriznog \u0161taba u Ljubiji, Do\u0161enovi\u0107 pomo\u0107nik komandanta za bezbjednost \u0160estog ljubijskog bataljona 43. brigade Vojske Republike Srpske, a ostali pripadnici \u010dete iz Miske Glave, odnosno vojne i civilne policije.<\/p>\n<p>Su\u0111enje se nastavlja 10. aprila.<\/p>\n<p>detektor.ba<\/p>\n","protected":false},"excerpt":{"rendered":"<p>Tu\u017eila\u0161tvo Bosne i Hercegovine ulo\u017eilo je materijalne dokaze na su\u0111enju osmorici optu\u017eenih za zlo\u010dine po\u010dinjene u julu 1992. na podru\u010dju Ljubije kod Prijedora. Tu\u017eila\u0161tvo je ulo\u017eilo oko 170 materijalnih dokaza, [&hellip;]<\/p>\n","protected":false},"author":1,"featured_media":0,"comment_status":"closed","ping_status":"open","sticky":false,"template":"","format":"standard","meta":{"_monsterinsights_skip_tracking":false,"_monsterinsights_sitenote_active":false,"_monsterinsights_sitenote_note":"","_monsterinsights_sitenote_category":0,"footnotes":""},"categories":[5],"tags":[],"yoast_head":"<!-- This site is optimized with the Yoast SEO plugin v21.6 - https:\/\/yoast.com\/wordpress\/plugins\/seo\/ -->\n<title>Su\u0111enje Taranjac i ostali: Tu\u017eila\u0161tvo ulo\u017eilo materijalne dokaze - PrijedorDanas.com - Prijedorski gradski portal<\/title>\n<meta name=\"robots\" content=\"index, follow, max-snippet:-1, max-image-preview:large, max-video-preview:-1\" \/>\n<link rel=\"canonical\" href=\"https:\/\/www.prijedordanas.com\/?p=202202\" \/>\n<meta property=\"og:locale\" content=\"en_US\" \/>\n<meta property=\"og:type\" content=\"article\" \/>\n<meta property=\"og:title\" content=\"Su\u0111enje Taranjac i ostali: Tu\u017eila\u0161tvo ulo\u017eilo materijalne dokaze - PrijedorDanas.com - Prijedorski gradski portal\" \/>\n<meta property=\"og:description\" content=\"Tu\u017eila\u0161tvo Bosne i Hercegovine ulo\u017eilo je materijalne dokaze na su\u0111enju osmorici optu\u017eenih za zlo\u010dine po\u010dinjene u julu 1992. na podru\u010dju Ljubije kod Prijedora. Tu\u017eila\u0161tvo je ulo\u017eilo oko 170 materijalnih dokaza, [&hellip;]\" \/>\n<meta property=\"og:url\" content=\"https:\/\/www.prijedordanas.com\/?p=202202\" \/>\n<meta property=\"og:site_name\" content=\"PrijedorDanas.com - Prijedorski gradski portal\" \/>\n<meta property=\"article:publisher\" content=\"https:\/\/www.facebook.com\/PrijedorDanasCom\/\" \/>\n<meta property=\"article:published_time\" content=\"2023-03-28T07:05:55+00:00\" \/>\n<meta property=\"og:image\" content=\"https:\/\/www.prijedordanas.com\/wp-content\/uploads\/2019\/02\/sud-bih-taranjac-i-ostali-300x217.jpg\" \/>\n<meta name=\"author\" content=\"admin\" \/>\n<meta name=\"twitter:card\" content=\"summary_large_image\" \/>\n<meta name=\"twitter:label1\" content=\"Written by\" \/>\n\t<meta name=\"twitter:data1\" content=\"admin\" \/>\n\t<meta name=\"twitter:label2\" content=\"Est. reading time\" \/>\n\t<meta name=\"twitter:data2\" content=\"2 minutes\" \/>\n<script type=\"application\/ld+json\" class=\"yoast-schema-graph\">{\"@context\":\"https:\/\/schema.org\",\"@graph\":[{\"@type\":\"Article\",\"@id\":\"https:\/\/www.prijedordanas.com\/?p=202202#article\",\"isPartOf\":{\"@id\":\"https:\/\/www.prijedordanas.com\/?p=202202\"},\"author\":{\"name\":\"admin\",\"@id\":\"https:\/\/www.prijedordanas.com\/#\/schema\/person\/4e08ccf29b506ca916ff86d46bb700e6\"},\"headline\":\"Su\u0111enje Taranjac i ostali: Tu\u017eila\u0161tvo ulo\u017eilo materijalne dokaze\",\"datePublished\":\"2023-03-28T07:05:55+00:00\",\"dateModified\":\"2023-03-28T07:05:55+00:00\",\"mainEntityOfPage\":{\"@id\":\"https:\/\/www.prijedordanas.com\/?p=202202\"},\"wordCount\":440,\"publisher\":{\"@id\":\"https:\/\/www.prijedordanas.com\/#organization\"},\"articleSection\":[\"Hronika\"],\"inLanguage\":\"en-US\"},{\"@type\":\"WebPage\",\"@id\":\"https:\/\/www.prijedordanas.com\/?p=202202\",\"url\":\"https:\/\/www.prijedordanas.com\/?p=202202\",\"name\":\"Su\u0111enje Taranjac i ostali: Tu\u017eila\u0161tvo ulo\u017eilo materijalne dokaze - PrijedorDanas.com - Prijedorski gradski portal\",\"isPartOf\":{\"@id\":\"https:\/\/www.prijedordanas.com\/#website\"},\"datePublished\":\"2023-03-28T07:05:55+00:00\",\"dateModified\":\"2023-03-28T07:05:55+00:00\",\"breadcrumb\":{\"@id\":\"https:\/\/www.prijedordanas.com\/?p=202202#breadcrumb\"},\"inLanguage\":\"en-US\",\"potentialAction\":[{\"@type\":\"ReadAction\",\"target\":[\"https:\/\/www.prijedordanas.com\/?p=202202\"]}]},{\"@type\":\"BreadcrumbList\",\"@id\":\"https:\/\/www.prijedordanas.com\/?p=202202#breadcrumb\",\"itemListElement\":[{\"@type\":\"ListItem\",\"position\":1,\"name\":\"Home\",\"item\":\"https:\/\/www.prijedordanas.com\/\"},{\"@type\":\"ListItem\",\"position\":2,\"name\":\"Su\u0111enje Taranjac i ostali: Tu\u017eila\u0161tvo ulo\u017eilo materijalne dokaze\"}]},{\"@type\":\"WebSite\",\"@id\":\"https:\/\/www.prijedordanas.com\/#website\",\"url\":\"https:\/\/www.prijedordanas.com\/\",\"name\":\"PrijedorDanas.com - Prijedorski gradski portal\",\"description\":\"Portal o doga\u0111anjima u gradu Prijedoru\",\"publisher\":{\"@id\":\"https:\/\/www.prijedordanas.com\/#organization\"},\"potentialAction\":[{\"@type\":\"SearchAction\",\"target\":{\"@type\":\"EntryPoint\",\"urlTemplate\":\"https:\/\/www.prijedordanas.com\/?s={search_term_string}\"},\"query-input\":\"required name=search_term_string\"}],\"inLanguage\":\"en-US\"},{\"@type\":\"Organization\",\"@id\":\"https:\/\/www.prijedordanas.com\/#organization\",\"name\":\"PrijedorDanas.com\",\"url\":\"https:\/\/www.prijedordanas.com\/\",\"logo\":{\"@type\":\"ImageObject\",\"inLanguage\":\"en-US\",\"@id\":\"https:\/\/www.prijedordanas.com\/#\/schema\/logo\/image\/\",\"url\":\"http:\/\/www.prijedordanas.com\/wp-content\/uploads\/2021\/12\/logopng.png\",\"contentUrl\":\"http:\/\/www.prijedordanas.com\/wp-content\/uploads\/2021\/12\/logopng.png\",\"width\":1019,\"height\":776,\"caption\":\"PrijedorDanas.com\"},\"image\":{\"@id\":\"https:\/\/www.prijedordanas.com\/#\/schema\/logo\/image\/\"},\"sameAs\":[\"https:\/\/www.facebook.com\/PrijedorDanasCom\/\"]},{\"@type\":\"Person\",\"@id\":\"https:\/\/www.prijedordanas.com\/#\/schema\/person\/4e08ccf29b506ca916ff86d46bb700e6\",\"name\":\"admin\",\"image\":{\"@type\":\"ImageObject\",\"inLanguage\":\"en-US\",\"@id\":\"https:\/\/www.prijedordanas.com\/#\/schema\/person\/image\/\",\"url\":\"https:\/\/secure.gravatar.com\/avatar\/1d3fc949d550f0b53a5f0d51e06dfd79?s=96&d=mm&r=g\",\"contentUrl\":\"https:\/\/secure.gravatar.com\/avatar\/1d3fc949d550f0b53a5f0d51e06dfd79?s=96&d=mm&r=g\",\"caption\":\"admin\"},\"url\":\"https:\/\/www.prijedordanas.com\/?author=1\"}]}<\/script>\n<!-- \/ Yoast SEO plugin. -->","yoast_head_json":{"title":"Su\u0111enje Taranjac i ostali: Tu\u017eila\u0161tvo ulo\u017eilo materijalne dokaze - PrijedorDanas.com - Prijedorski gradski portal","robots":{"index":"index","follow":"follow","max-snippet":"max-snippet:-1","max-image-preview":"max-image-preview:large","max-video-preview":"max-video-preview:-1"},"canonical":"https:\/\/www.prijedordanas.com\/?p=202202","og_locale":"en_US","og_type":"article","og_title":"Su\u0111enje Taranjac i ostali: Tu\u017eila\u0161tvo ulo\u017eilo materijalne dokaze - PrijedorDanas.com - Prijedorski gradski portal","og_description":"Tu\u017eila\u0161tvo Bosne i Hercegovine ulo\u017eilo je materijalne dokaze na su\u0111enju osmorici optu\u017eenih za zlo\u010dine po\u010dinjene u julu 1992. na podru\u010dju Ljubije kod Prijedora. Tu\u017eila\u0161tvo je ulo\u017eilo oko 170 materijalnih dokaza, [&hellip;]","og_url":"https:\/\/www.prijedordanas.com\/?p=202202","og_site_name":"PrijedorDanas.com - Prijedorski gradski portal","article_publisher":"https:\/\/www.facebook.com\/PrijedorDanasCom\/","article_published_time":"2023-03-28T07:05:55+00:00","og_image":[{"url":"https:\/\/www.prijedordanas.com\/wp-content\/uploads\/2019\/02\/sud-bih-taranjac-i-ostali-300x217.jpg"}],"author":"admin","twitter_card":"summary_large_image","twitter_misc":{"Written by":"admin","Est. reading time":"2 minutes"},"schema":{"@context":"https:\/\/schema.org","@graph":[{"@type":"Article","@id":"https:\/\/www.prijedordanas.com\/?p=202202#article","isPartOf":{"@id":"https:\/\/www.prijedordanas.com\/?p=202202"},"author":{"name":"admin","@id":"https:\/\/www.prijedordanas.com\/#\/schema\/person\/4e08ccf29b506ca916ff86d46bb700e6"},"headline":"Su\u0111enje Taranjac i ostali: Tu\u017eila\u0161tvo ulo\u017eilo materijalne dokaze","datePublished":"2023-03-28T07:05:55+00:00","dateModified":"2023-03-28T07:05:55+00:00","mainEntityOfPage":{"@id":"https:\/\/www.prijedordanas.com\/?p=202202"},"wordCount":440,"publisher":{"@id":"https:\/\/www.prijedordanas.com\/#organization"},"articleSection":["Hronika"],"inLanguage":"en-US"},{"@type":"WebPage","@id":"https:\/\/www.prijedordanas.com\/?p=202202","url":"https:\/\/www.prijedordanas.com\/?p=202202","name":"Su\u0111enje Taranjac i ostali: Tu\u017eila\u0161tvo ulo\u017eilo materijalne dokaze - PrijedorDanas.com - Prijedorski gradski portal","isPartOf":{"@id":"https:\/\/www.prijedordanas.com\/#website"},"datePublished":"2023-03-28T07:05:55+00:00","dateModified":"2023-03-28T07:05:55+00:00","breadcrumb":{"@id":"https:\/\/www.prijedordanas.com\/?p=202202#breadcrumb"},"inLanguage":"en-US","potentialAction":[{"@type":"ReadAction","target":["https:\/\/www.prijedordanas.com\/?p=202202"]}]},{"@type":"BreadcrumbList","@id":"https:\/\/www.prijedordanas.com\/?p=202202#breadcrumb","itemListElement":[{"@type":"ListItem","position":1,"name":"Home","item":"https:\/\/www.prijedordanas.com\/"},{"@type":"ListItem","position":2,"name":"Su\u0111enje Taranjac i ostali: Tu\u017eila\u0161tvo ulo\u017eilo materijalne dokaze"}]},{"@type":"WebSite","@id":"https:\/\/www.prijedordanas.com\/#website","url":"https:\/\/www.prijedordanas.com\/","name":"PrijedorDanas.com - Prijedorski gradski portal","description":"Portal o doga\u0111anjima u gradu Prijedoru","publisher":{"@id":"https:\/\/www.prijedordanas.com\/#organization"},"potentialAction":[{"@type":"SearchAction","target":{"@type":"EntryPoint","urlTemplate":"https:\/\/www.prijedordanas.com\/?s={search_term_string}"},"query-input":"required name=search_term_string"}],"inLanguage":"en-US"},{"@type":"Organization","@id":"https:\/\/www.prijedordanas.com\/#organization","name":"PrijedorDanas.com","url":"https:\/\/www.prijedordanas.com\/","logo":{"@type":"ImageObject","inLanguage":"en-US","@id":"https:\/\/www.prijedordanas.com\/#\/schema\/logo\/image\/","url":"http:\/\/www.prijedordanas.com\/wp-content\/uploads\/2021\/12\/logopng.png","contentUrl":"http:\/\/www.prijedordanas.com\/wp-content\/uploads\/2021\/12\/logopng.png","width":1019,"height":776,"caption":"PrijedorDanas.com"},"image":{"@id":"https:\/\/www.prijedordanas.com\/#\/schema\/logo\/image\/"},"sameAs":["https:\/\/www.facebook.com\/PrijedorDanasCom\/"]},{"@type":"Person","@id":"https:\/\/www.prijedordanas.com\/#\/schema\/person\/4e08ccf29b506ca916ff86d46bb700e6","name":"admin","image":{"@type":"ImageObject","inLanguage":"en-US","@id":"https:\/\/www.prijedordanas.com\/#\/schema\/person\/image\/","url":"https:\/\/secure.gravatar.com\/avatar\/1d3fc949d550f0b53a5f0d51e06dfd79?s=96&d=mm&r=g","contentUrl":"https:\/\/secure.gravatar.com\/avatar\/1d3fc949d550f0b53a5f0d51e06dfd79?s=96&d=mm&r=g","caption":"admin"},"url":"https:\/\/www.prijedordanas.com\/?author=1"}]}},"_links":{"self":[{"href":"https:\/\/www.prijedordanas.com\/index.php?rest_route=\/wp\/v2\/posts\/202202"}],"collection":[{"href":"https:\/\/www.prijedordanas.com\/index.php?rest_route=\/wp\/v2\/posts"}],"about":[{"href":"https:\/\/www.prijedordanas.com\/index.php?rest_route=\/wp\/v2\/types\/post"}],"author":[{"embeddable":true,"href":"https:\/\/www.prijedordanas.com\/index.php?rest_route=\/wp\/v2\/users\/1"}],"replies":[{"embeddable":true,"href":"https:\/\/www.prijedordanas.com\/index.php?rest_route=%2Fwp%2Fv2%2Fcomments&post=202202"}],"version-history":[{"count":1,"href":"https:\/\/www.prijedordanas.com\/index.php?rest_route=\/wp\/v2\/posts\/202202\/revisions"}],"predecessor-version":[{"id":202203,"href":"https:\/\/www.prijedordanas.com\/index.php?rest_route=\/wp\/v2\/posts\/202202\/revisions\/202203"}],"wp:attachment":[{"href":"https:\/\/www.prijedordanas.com\/index.php?rest_route=%2Fwp%2Fv2%2Fmedia&parent=202202"}],"wp:term":[{"taxonomy":"category","embeddable":true,"href":"https:\/\/www.prijedordanas.com\/index.php?rest_route=%2Fwp%2Fv2%2Fcategories&post=202202"},{"taxonomy":"post_tag","embeddable":true,"href":"https:\/\/www.prijedordanas.com\/index.php?rest_route=%2Fwp%2Fv2%2Ftags&post=202202"}],"curies":[{"name":"wp","href":"https:\/\/api.w.org\/{rel}","templated":true}]}}