{"id":201448,"date":"2023-03-10T23:56:07","date_gmt":"2023-03-10T22:56:07","guid":{"rendered":"https:\/\/www.prijedordanas.com\/?p=201448"},"modified":"2023-03-10T23:56:07","modified_gmt":"2023-03-10T22:56:07","slug":"trener-rudar-prijedora-bojan-krulj-iako-smo-desetkovani-zelimo-dobar-rezultat-protiv-krupe","status":"publish","type":"post","link":"https:\/\/www.prijedordanas.com\/?p=201448","title":{"rendered":"Trener Rudar-Prijedora Bojan Krulj: Iako smo desetkovani, \u017eelimo dobar rezultat protiv Krupe"},"content":{"rendered":"<p><a href=\"https:\/\/www.prijedordanas.com\/wp-content\/uploads\/2023\/03\/rudar-prijedor-trener-bojan-krulj.jpg\"><img loading=\"lazy\" decoding=\"async\" src=\"https:\/\/www.prijedordanas.com\/wp-content\/uploads\/2023\/03\/rudar-prijedor-trener-bojan-krulj-300x259.jpg\" alt=\"\" width=\"300\" height=\"259\" class=\"alignleft size-medium wp-image-201449\" srcset=\"https:\/\/www.prijedordanas.com\/wp-content\/uploads\/2023\/03\/rudar-prijedor-trener-bojan-krulj-300x259.jpg 300w, https:\/\/www.prijedordanas.com\/wp-content\/uploads\/2023\/03\/rudar-prijedor-trener-bojan-krulj.jpg 638w\" sizes=\"(max-width: 300px) 100vw, 300px\" \/><\/a>U derbi me\u010d 18. kola prvenstva Republike Srpske, fudbaleri Rudar-Prijedora ulaze oslabljeni bez \u010dak devet igra\u010da.<\/p>\n<p>\u010cetiri fudbalera su van stroja zbog kartona, ostali zbog povreda i papirologije. Trener Bojan Krulj me\u0111utim isti\u010de da \u0107e 11 igra\u010da koji iza\u0111u na teren biti najbolji tim koji mora da poka\u017ee svoj kvalitet i poku\u0161a da zaustavi lidera \u0161ampionata i osvaja\u010da &#8220;duple krune&#8221; Krupu u pro\u0161loj sezoni.<\/p>\n<p>-Krupa je ekipa koja je niz godina u samom vrhu. Ove sezone je lider na tabeli i vjerovatno ima ambicije da se se vrati u dru\u0161tvo najboljih, Sigurno je da ih respektujemo, o\u010dekuje nas veoma zahtjevna utakmica. Na\u017ealost za me\u010d ne\u0107emo mo\u0107i da ra\u010dunamo na devetoricu igra\u010da koji nama dosta zna\u010de. Nemanja Mari\u0107, Nemanja Pekija, Danilo Marmat, Harun Alibegovi\u0107 izostaju zbog kartona,\u0110oan Cervos, Stefan Radakovi\u0107, Edin Kesi\u0107 su povre\u0111eni, Viktor Santos i dalje nema dozvolu. Vedad Deli\u0107 je du\u017ee van stroja. Nemanja Rakovi\u0107 trenira sa ekipom ve\u0107 dvije nedjelje ali sa njim treba da budemo oprezni \u0161to se ti\u0107e ulaska u tim i minuta\u017ee.  Ba\u0161 smo desetkovani za prvi me\u010d u nastavku sezone, ali \u0107emo poku\u0161ati da napravimo \u0161to je mogu\u0107e bolji rezultat. Sastav koji iza\u0111e na teren bi\u0107e najbolji i mora tako da igra<\/p>\n<p>Bek Mario Sajak isti\u010de da \u0107e ekipa zbiti redove i poku\u0161ati da nadoknadi izostanak saigra\u010da.<\/p>\n<p>-Respektujemo Krupu, igra\u010di koji iza\u0107u na teren, da\u0107e maksimum da bodovi ostanu u Prijedoru &#8211; poru\u010dio je Sajak.<\/p>\n<p>Glas Srpske<\/p>\n","protected":false},"excerpt":{"rendered":"<p>U derbi me\u010d 18. kola prvenstva Republike Srpske, fudbaleri Rudar-Prijedora ulaze oslabljeni bez \u010dak devet igra\u010da. \u010cetiri fudbalera su van stroja zbog kartona, ostali zbog povreda i papirologije. Trener Bojan [&hellip;]<\/p>\n","protected":false},"author":1,"featured_media":0,"comment_status":"closed","ping_status":"open","sticky":false,"template":"","format":"standard","meta":{"_monsterinsights_skip_tracking":false,"_monsterinsights_sitenote_active":false,"_monsterinsights_sitenote_note":"","_monsterinsights_sitenote_category":0,"footnotes":""},"categories":[7],"tags":[],"yoast_head":"<!-- This site is optimized with the Yoast SEO plugin v21.6 - https:\/\/yoast.com\/wordpress\/plugins\/seo\/ -->\n<title>Trener Rudar-Prijedora Bojan Krulj: Iako smo desetkovani, \u017eelimo dobar rezultat protiv Krupe - PrijedorDanas.com - Prijedorski gradski portal<\/title>\n<meta name=\"robots\" content=\"index, follow, max-snippet:-1, max-image-preview:large, max-video-preview:-1\" \/>\n<link rel=\"canonical\" href=\"https:\/\/www.prijedordanas.com\/?p=201448\" \/>\n<meta property=\"og:locale\" content=\"en_US\" \/>\n<meta property=\"og:type\" content=\"article\" \/>\n<meta property=\"og:title\" content=\"Trener Rudar-Prijedora Bojan Krulj: Iako smo desetkovani, \u017eelimo dobar rezultat protiv Krupe - PrijedorDanas.com - Prijedorski gradski portal\" \/>\n<meta property=\"og:description\" content=\"U derbi me\u010d 18. kola prvenstva Republike Srpske, fudbaleri Rudar-Prijedora ulaze oslabljeni bez \u010dak devet igra\u010da. \u010cetiri fudbalera su van stroja zbog kartona, ostali zbog povreda i papirologije. Trener Bojan [&hellip;]\" \/>\n<meta property=\"og:url\" content=\"https:\/\/www.prijedordanas.com\/?p=201448\" \/>\n<meta property=\"og:site_name\" content=\"PrijedorDanas.com - Prijedorski gradski portal\" \/>\n<meta property=\"article:publisher\" content=\"https:\/\/www.facebook.com\/PrijedorDanasCom\/\" \/>\n<meta property=\"article:published_time\" content=\"2023-03-10T22:56:07+00:00\" \/>\n<meta property=\"og:image\" content=\"https:\/\/www.prijedordanas.com\/wp-content\/uploads\/2023\/03\/rudar-prijedor-trener-bojan-krulj-300x259.jpg\" \/>\n<meta name=\"author\" content=\"admin\" \/>\n<meta name=\"twitter:card\" content=\"summary_large_image\" \/>\n<meta name=\"twitter:label1\" content=\"Written by\" \/>\n\t<meta name=\"twitter:data1\" content=\"admin\" \/>\n<script type=\"application\/ld+json\" class=\"yoast-schema-graph\">{\"@context\":\"https:\/\/schema.org\",\"@graph\":[{\"@type\":\"Article\",\"@id\":\"https:\/\/www.prijedordanas.com\/?p=201448#article\",\"isPartOf\":{\"@id\":\"https:\/\/www.prijedordanas.com\/?p=201448\"},\"author\":{\"name\":\"admin\",\"@id\":\"https:\/\/www.prijedordanas.com\/#\/schema\/person\/4e08ccf29b506ca916ff86d46bb700e6\"},\"headline\":\"Trener Rudar-Prijedora Bojan Krulj: Iako smo desetkovani, \u017eelimo dobar rezultat protiv Krupe\",\"datePublished\":\"2023-03-10T22:56:07+00:00\",\"dateModified\":\"2023-03-10T22:56:07+00:00\",\"mainEntityOfPage\":{\"@id\":\"https:\/\/www.prijedordanas.com\/?p=201448\"},\"wordCount\":277,\"publisher\":{\"@id\":\"https:\/\/www.prijedordanas.com\/#organization\"},\"articleSection\":[\"Sport\"],\"inLanguage\":\"en-US\"},{\"@type\":\"WebPage\",\"@id\":\"https:\/\/www.prijedordanas.com\/?p=201448\",\"url\":\"https:\/\/www.prijedordanas.com\/?p=201448\",\"name\":\"Trener Rudar-Prijedora Bojan Krulj: Iako smo desetkovani, \u017eelimo dobar rezultat protiv Krupe - PrijedorDanas.com - Prijedorski gradski portal\",\"isPartOf\":{\"@id\":\"https:\/\/www.prijedordanas.com\/#website\"},\"datePublished\":\"2023-03-10T22:56:07+00:00\",\"dateModified\":\"2023-03-10T22:56:07+00:00\",\"breadcrumb\":{\"@id\":\"https:\/\/www.prijedordanas.com\/?p=201448#breadcrumb\"},\"inLanguage\":\"en-US\",\"potentialAction\":[{\"@type\":\"ReadAction\",\"target\":[\"https:\/\/www.prijedordanas.com\/?p=201448\"]}]},{\"@type\":\"BreadcrumbList\",\"@id\":\"https:\/\/www.prijedordanas.com\/?p=201448#breadcrumb\",\"itemListElement\":[{\"@type\":\"ListItem\",\"position\":1,\"name\":\"Home\",\"item\":\"https:\/\/www.prijedordanas.com\/\"},{\"@type\":\"ListItem\",\"position\":2,\"name\":\"Trener Rudar-Prijedora Bojan Krulj: Iako smo desetkovani, \u017eelimo dobar rezultat protiv Krupe\"}]},{\"@type\":\"WebSite\",\"@id\":\"https:\/\/www.prijedordanas.com\/#website\",\"url\":\"https:\/\/www.prijedordanas.com\/\",\"name\":\"PrijedorDanas.com - Prijedorski gradski portal\",\"description\":\"Portal o doga\u0111anjima u gradu Prijedoru\",\"publisher\":{\"@id\":\"https:\/\/www.prijedordanas.com\/#organization\"},\"potentialAction\":[{\"@type\":\"SearchAction\",\"target\":{\"@type\":\"EntryPoint\",\"urlTemplate\":\"https:\/\/www.prijedordanas.com\/?s={search_term_string}\"},\"query-input\":\"required name=search_term_string\"}],\"inLanguage\":\"en-US\"},{\"@type\":\"Organization\",\"@id\":\"https:\/\/www.prijedordanas.com\/#organization\",\"name\":\"PrijedorDanas.com\",\"url\":\"https:\/\/www.prijedordanas.com\/\",\"logo\":{\"@type\":\"ImageObject\",\"inLanguage\":\"en-US\",\"@id\":\"https:\/\/www.prijedordanas.com\/#\/schema\/logo\/image\/\",\"url\":\"http:\/\/www.prijedordanas.com\/wp-content\/uploads\/2021\/12\/logopng.png\",\"contentUrl\":\"http:\/\/www.prijedordanas.com\/wp-content\/uploads\/2021\/12\/logopng.png\",\"width\":1019,\"height\":776,\"caption\":\"PrijedorDanas.com\"},\"image\":{\"@id\":\"https:\/\/www.prijedordanas.com\/#\/schema\/logo\/image\/\"},\"sameAs\":[\"https:\/\/www.facebook.com\/PrijedorDanasCom\/\"]},{\"@type\":\"Person\",\"@id\":\"https:\/\/www.prijedordanas.com\/#\/schema\/person\/4e08ccf29b506ca916ff86d46bb700e6\",\"name\":\"admin\",\"image\":{\"@type\":\"ImageObject\",\"inLanguage\":\"en-US\",\"@id\":\"https:\/\/www.prijedordanas.com\/#\/schema\/person\/image\/\",\"url\":\"https:\/\/secure.gravatar.com\/avatar\/1d3fc949d550f0b53a5f0d51e06dfd79?s=96&d=mm&r=g\",\"contentUrl\":\"https:\/\/secure.gravatar.com\/avatar\/1d3fc949d550f0b53a5f0d51e06dfd79?s=96&d=mm&r=g\",\"caption\":\"admin\"},\"url\":\"https:\/\/www.prijedordanas.com\/?author=1\"}]}<\/script>\n<!-- \/ Yoast SEO plugin. -->","yoast_head_json":{"title":"Trener Rudar-Prijedora Bojan Krulj: Iako smo desetkovani, \u017eelimo dobar rezultat protiv Krupe - PrijedorDanas.com - Prijedorski gradski portal","robots":{"index":"index","follow":"follow","max-snippet":"max-snippet:-1","max-image-preview":"max-image-preview:large","max-video-preview":"max-video-preview:-1"},"canonical":"https:\/\/www.prijedordanas.com\/?p=201448","og_locale":"en_US","og_type":"article","og_title":"Trener Rudar-Prijedora Bojan Krulj: Iako smo desetkovani, \u017eelimo dobar rezultat protiv Krupe - PrijedorDanas.com - Prijedorski gradski portal","og_description":"U derbi me\u010d 18. kola prvenstva Republike Srpske, fudbaleri Rudar-Prijedora ulaze oslabljeni bez \u010dak devet igra\u010da. \u010cetiri fudbalera su van stroja zbog kartona, ostali zbog povreda i papirologije. Trener Bojan [&hellip;]","og_url":"https:\/\/www.prijedordanas.com\/?p=201448","og_site_name":"PrijedorDanas.com - Prijedorski gradski portal","article_publisher":"https:\/\/www.facebook.com\/PrijedorDanasCom\/","article_published_time":"2023-03-10T22:56:07+00:00","og_image":[{"url":"https:\/\/www.prijedordanas.com\/wp-content\/uploads\/2023\/03\/rudar-prijedor-trener-bojan-krulj-300x259.jpg"}],"author":"admin","twitter_card":"summary_large_image","twitter_misc":{"Written by":"admin"},"schema":{"@context":"https:\/\/schema.org","@graph":[{"@type":"Article","@id":"https:\/\/www.prijedordanas.com\/?p=201448#article","isPartOf":{"@id":"https:\/\/www.prijedordanas.com\/?p=201448"},"author":{"name":"admin","@id":"https:\/\/www.prijedordanas.com\/#\/schema\/person\/4e08ccf29b506ca916ff86d46bb700e6"},"headline":"Trener Rudar-Prijedora Bojan Krulj: Iako smo desetkovani, \u017eelimo dobar rezultat protiv Krupe","datePublished":"2023-03-10T22:56:07+00:00","dateModified":"2023-03-10T22:56:07+00:00","mainEntityOfPage":{"@id":"https:\/\/www.prijedordanas.com\/?p=201448"},"wordCount":277,"publisher":{"@id":"https:\/\/www.prijedordanas.com\/#organization"},"articleSection":["Sport"],"inLanguage":"en-US"},{"@type":"WebPage","@id":"https:\/\/www.prijedordanas.com\/?p=201448","url":"https:\/\/www.prijedordanas.com\/?p=201448","name":"Trener Rudar-Prijedora Bojan Krulj: Iako smo desetkovani, \u017eelimo dobar rezultat protiv Krupe - PrijedorDanas.com - Prijedorski gradski portal","isPartOf":{"@id":"https:\/\/www.prijedordanas.com\/#website"},"datePublished":"2023-03-10T22:56:07+00:00","dateModified":"2023-03-10T22:56:07+00:00","breadcrumb":{"@id":"https:\/\/www.prijedordanas.com\/?p=201448#breadcrumb"},"inLanguage":"en-US","potentialAction":[{"@type":"ReadAction","target":["https:\/\/www.prijedordanas.com\/?p=201448"]}]},{"@type":"BreadcrumbList","@id":"https:\/\/www.prijedordanas.com\/?p=201448#breadcrumb","itemListElement":[{"@type":"ListItem","position":1,"name":"Home","item":"https:\/\/www.prijedordanas.com\/"},{"@type":"ListItem","position":2,"name":"Trener Rudar-Prijedora Bojan Krulj: Iako smo desetkovani, \u017eelimo dobar rezultat protiv Krupe"}]},{"@type":"WebSite","@id":"https:\/\/www.prijedordanas.com\/#website","url":"https:\/\/www.prijedordanas.com\/","name":"PrijedorDanas.com - Prijedorski gradski portal","description":"Portal o doga\u0111anjima u gradu Prijedoru","publisher":{"@id":"https:\/\/www.prijedordanas.com\/#organization"},"potentialAction":[{"@type":"SearchAction","target":{"@type":"EntryPoint","urlTemplate":"https:\/\/www.prijedordanas.com\/?s={search_term_string}"},"query-input":"required name=search_term_string"}],"inLanguage":"en-US"},{"@type":"Organization","@id":"https:\/\/www.prijedordanas.com\/#organization","name":"PrijedorDanas.com","url":"https:\/\/www.prijedordanas.com\/","logo":{"@type":"ImageObject","inLanguage":"en-US","@id":"https:\/\/www.prijedordanas.com\/#\/schema\/logo\/image\/","url":"http:\/\/www.prijedordanas.com\/wp-content\/uploads\/2021\/12\/logopng.png","contentUrl":"http:\/\/www.prijedordanas.com\/wp-content\/uploads\/2021\/12\/logopng.png","width":1019,"height":776,"caption":"PrijedorDanas.com"},"image":{"@id":"https:\/\/www.prijedordanas.com\/#\/schema\/logo\/image\/"},"sameAs":["https:\/\/www.facebook.com\/PrijedorDanasCom\/"]},{"@type":"Person","@id":"https:\/\/www.prijedordanas.com\/#\/schema\/person\/4e08ccf29b506ca916ff86d46bb700e6","name":"admin","image":{"@type":"ImageObject","inLanguage":"en-US","@id":"https:\/\/www.prijedordanas.com\/#\/schema\/person\/image\/","url":"https:\/\/secure.gravatar.com\/avatar\/1d3fc949d550f0b53a5f0d51e06dfd79?s=96&d=mm&r=g","contentUrl":"https:\/\/secure.gravatar.com\/avatar\/1d3fc949d550f0b53a5f0d51e06dfd79?s=96&d=mm&r=g","caption":"admin"},"url":"https:\/\/www.prijedordanas.com\/?author=1"}]}},"_links":{"self":[{"href":"https:\/\/www.prijedordanas.com\/index.php?rest_route=\/wp\/v2\/posts\/201448"}],"collection":[{"href":"https:\/\/www.prijedordanas.com\/index.php?rest_route=\/wp\/v2\/posts"}],"about":[{"href":"https:\/\/www.prijedordanas.com\/index.php?rest_route=\/wp\/v2\/types\/post"}],"author":[{"embeddable":true,"href":"https:\/\/www.prijedordanas.com\/index.php?rest_route=\/wp\/v2\/users\/1"}],"replies":[{"embeddable":true,"href":"https:\/\/www.prijedordanas.com\/index.php?rest_route=%2Fwp%2Fv2%2Fcomments&post=201448"}],"version-history":[{"count":1,"href":"https:\/\/www.prijedordanas.com\/index.php?rest_route=\/wp\/v2\/posts\/201448\/revisions"}],"predecessor-version":[{"id":201450,"href":"https:\/\/www.prijedordanas.com\/index.php?rest_route=\/wp\/v2\/posts\/201448\/revisions\/201450"}],"wp:attachment":[{"href":"https:\/\/www.prijedordanas.com\/index.php?rest_route=%2Fwp%2Fv2%2Fmedia&parent=201448"}],"wp:term":[{"taxonomy":"category","embeddable":true,"href":"https:\/\/www.prijedordanas.com\/index.php?rest_route=%2Fwp%2Fv2%2Fcategories&post=201448"},{"taxonomy":"post_tag","embeddable":true,"href":"https:\/\/www.prijedordanas.com\/index.php?rest_route=%2Fwp%2Fv2%2Ftags&post=201448"}],"curies":[{"name":"wp","href":"https:\/\/api.w.org\/{rel}","templated":true}]}}