{"id":201393,"date":"2023-03-09T02:38:07","date_gmt":"2023-03-09T01:38:07","guid":{"rendered":"https:\/\/www.prijedordanas.com\/?p=201393"},"modified":"2023-03-09T02:38:07","modified_gmt":"2023-03-09T01:38:07","slug":"promovisana-knjiga-mitsko-magijski-tragovi-u-narodnoj-kulturi-prijedorske-regije-foto","status":"publish","type":"post","link":"https:\/\/www.prijedordanas.com\/?p=201393","title":{"rendered":"Promovisana knjiga &#8220;Mitsko magijski tragovi u narodnoj kulturi prijedorske regije&#8221; &#8211; FOTO"},"content":{"rendered":"<p><a href=\"https:\/\/www.prijedordanas.com\/wp-content\/uploads\/2023\/03\/prijedorgradorg-promocija-marija-radakovic-1.jpg\"><img loading=\"lazy\" decoding=\"async\" class=\"alignleft size-medium wp-image-201396\" src=\"https:\/\/www.prijedordanas.com\/wp-content\/uploads\/2023\/03\/prijedorgradorg-promocija-marija-radakovic-1-300x225.jpg\" alt=\"\" width=\"300\" height=\"225\" srcset=\"https:\/\/www.prijedordanas.com\/wp-content\/uploads\/2023\/03\/prijedorgradorg-promocija-marija-radakovic-1-300x225.jpg 300w, https:\/\/www.prijedordanas.com\/wp-content\/uploads\/2023\/03\/prijedorgradorg-promocija-marija-radakovic-1-640x480.jpg 640w, https:\/\/www.prijedordanas.com\/wp-content\/uploads\/2023\/03\/prijedorgradorg-promocija-marija-radakovic-1.jpg 667w\" sizes=\"(max-width: 300px) 100vw, 300px\" \/><\/a>U gradskoj \u010ditaonici u Prijedoru je promovisana knjiga Marije Radakovi\u0107 &#8220;Mitsko magijski tragovi u narodnoj kulturi prijedorske regije&#8221;.<\/p>\n<p>Autorka, ina\u010de kustos etnolog u Muzeju Kozare koji je i izdava\u010d knjige, istakla je da je rije\u010d o etnolo\u0161kim istra\u017eivanjima sprovedenim u okolini Prijedora tokom proteklih tridesetak godina.<\/p>\n<p>&#8220;Etnologija je neistra\u017eena ovdje i \u017eelja mi je bila da se na\u0161a istorija, tradicija i obi\u010daji ne zaborave i da iniciram da se neko jo\u0161 time bavi budu\u0107i da je o tim tragovima iz pro\u0161losti rijetko ko i pisao, osim o no\u0161njama&#8221;, izjavila je Radakovi\u0107eva.<\/p>\n<p><a href=\"https:\/\/www.prijedordanas.com\/wp-content\/uploads\/2023\/03\/prijedorgradorg-promocija-marija-radakovic-4.jpg\"><img loading=\"lazy\" decoding=\"async\" class=\"alignleft size-medium wp-image-201397\" src=\"https:\/\/www.prijedordanas.com\/wp-content\/uploads\/2023\/03\/prijedorgradorg-promocija-marija-radakovic-4-300x226.jpg\" alt=\"\" width=\"300\" height=\"226\" srcset=\"https:\/\/www.prijedordanas.com\/wp-content\/uploads\/2023\/03\/prijedorgradorg-promocija-marija-radakovic-4-300x226.jpg 300w, https:\/\/www.prijedordanas.com\/wp-content\/uploads\/2023\/03\/prijedorgradorg-promocija-marija-radakovic-4.jpg 600w\" sizes=\"(max-width: 300px) 100vw, 300px\" \/><\/a>Ona je dodala da je na terenu i me\u0111u ljudima uvijek prikupljala vi\u0161e materijala nego \u0161to joj je trebalo jer se bojala da sagovornike mo\u017eda drugi put ne\u0107e na\u0107i.<\/p>\n<p>&#8220;Teme obra\u0111ene u knjizi odnose se na razne obi\u010daje, poput onih u vezi sa gradnjom ku\u0107e i na prelima, te razne dru\u0161tvene obi\u010daje, no\u0161nje i dijelove odje\u0107e, me\u0111u kojima su i oni koji dosad nisu nigdje pomenuti. Neki predmeti koji su va\u017eni i ba\u0161 stari i oni su za\u0161ti\u0107eni&#8221;, istakla je Radakovi\u0107eva.<\/p>\n<p><a href=\"https:\/\/www.prijedordanas.com\/wp-content\/uploads\/2023\/03\/prijedorgradorg-promocija-marija-radakovic-3.jpg\"><img loading=\"lazy\" decoding=\"async\" src=\"https:\/\/www.prijedordanas.com\/wp-content\/uploads\/2023\/03\/prijedorgradorg-promocija-marija-radakovic-3-300x225.jpg\" alt=\"\" width=\"300\" height=\"225\" class=\"alignleft size-medium wp-image-201398\" srcset=\"https:\/\/www.prijedordanas.com\/wp-content\/uploads\/2023\/03\/prijedorgradorg-promocija-marija-radakovic-3-300x225.jpg 300w, https:\/\/www.prijedordanas.com\/wp-content\/uploads\/2023\/03\/prijedorgradorg-promocija-marija-radakovic-3.jpg 600w\" sizes=\"(max-width: 300px) 100vw, 300px\" \/><\/a>Direktor Narodne biblioteke &#8220;\u0106irilo i Metodije&#8221; Gordana Vila izjavila je da je promocija organizovana u okviru konkursa za izbor i promociju publikovanih djela prijedorske regije.<\/p>\n<p>&#8220;Ova knjiga Marije Radakovi\u0107 je ispunila sve uslove kada je rije\u010d o stru\u010dnom programskom savjetu koji je odlu\u010dio da ova knjiga bude predstavljena, iako je ve\u0107 imala svoju promociju&#8221;, izjavila je Radakovi\u0107eva.<\/p>\n<p>Ona je dodala da je ve\u010de bilo upotpunjeno eksponatima iz etnolo\u0161ke zbirke muzeja te da je ovo bio vid podr\u0161ke njegovanju kulture, tradicije i obi\u010daja \u0161to je obaveza i ove ustanove.<\/p>\n<p><a href=\"https:\/\/www.prijedorgrad.org\/sr-EU\/vijesti-sadrzaj.html?vid=17432\" target=\"_blank\" rel=\"noopener\">prijedorgrad.org<\/a><\/p>\n<p><a href=\"https:\/\/www.prijedordanas.com\/wp-content\/uploads\/2023\/03\/biblioteka-cirilo-i-metodije-promocija-marija-radakovic.jpg\"><img loading=\"lazy\" decoding=\"async\" src=\"https:\/\/www.prijedordanas.com\/wp-content\/uploads\/2023\/03\/biblioteka-cirilo-i-metodije-promocija-marija-radakovic-300x225.jpg\" alt=\"\" width=\"300\" height=\"225\" class=\"alignleft size-medium wp-image-201399\" srcset=\"https:\/\/www.prijedordanas.com\/wp-content\/uploads\/2023\/03\/biblioteka-cirilo-i-metodije-promocija-marija-radakovic-300x225.jpg 300w, https:\/\/www.prijedordanas.com\/wp-content\/uploads\/2023\/03\/biblioteka-cirilo-i-metodije-promocija-marija-radakovic.jpg 600w\" sizes=\"(max-width: 300px) 100vw, 300px\" \/><\/a> <a href=\"https:\/\/www.prijedordanas.com\/wp-content\/uploads\/2023\/03\/prijedorgradorg-promocija-marija-radakovic-2.jpg\"><img loading=\"lazy\" decoding=\"async\" src=\"https:\/\/www.prijedordanas.com\/wp-content\/uploads\/2023\/03\/prijedorgradorg-promocija-marija-radakovic-2-300x225.jpg\" alt=\"\" width=\"300\" height=\"225\" class=\"alignleft size-medium wp-image-201400\" srcset=\"https:\/\/www.prijedordanas.com\/wp-content\/uploads\/2023\/03\/prijedorgradorg-promocija-marija-radakovic-2-300x225.jpg 300w, https:\/\/www.prijedordanas.com\/wp-content\/uploads\/2023\/03\/prijedorgradorg-promocija-marija-radakovic-2-640x480.jpg 640w, https:\/\/www.prijedordanas.com\/wp-content\/uploads\/2023\/03\/prijedorgradorg-promocija-marija-radakovic-2.jpg 667w\" sizes=\"(max-width: 300px) 100vw, 300px\" \/><\/a><\/p>\n","protected":false},"excerpt":{"rendered":"<p>U gradskoj \u010ditaonici u Prijedoru je promovisana knjiga Marije Radakovi\u0107 &#8220;Mitsko magijski tragovi u narodnoj kulturi prijedorske regije&#8221;. Autorka, ina\u010de kustos etnolog u Muzeju Kozare koji je i izdava\u010d knjige, [&hellip;]<\/p>\n","protected":false},"author":1,"featured_media":0,"comment_status":"closed","ping_status":"open","sticky":false,"template":"","format":"standard","meta":{"_monsterinsights_skip_tracking":false,"_monsterinsights_sitenote_active":false,"_monsterinsights_sitenote_note":"","_monsterinsights_sitenote_category":0,"footnotes":""},"categories":[6],"tags":[],"yoast_head":"<!-- This site is optimized with the Yoast SEO plugin v21.6 - https:\/\/yoast.com\/wordpress\/plugins\/seo\/ -->\n<title>Promovisana knjiga &quot;Mitsko magijski tragovi u narodnoj kulturi prijedorske regije&quot; - FOTO - PrijedorDanas.com - Prijedorski gradski portal<\/title>\n<meta name=\"robots\" content=\"index, follow, max-snippet:-1, max-image-preview:large, max-video-preview:-1\" \/>\n<link rel=\"canonical\" href=\"https:\/\/www.prijedordanas.com\/?p=201393\" \/>\n<meta property=\"og:locale\" content=\"en_US\" \/>\n<meta property=\"og:type\" content=\"article\" \/>\n<meta property=\"og:title\" content=\"Promovisana knjiga &quot;Mitsko magijski tragovi u narodnoj kulturi prijedorske regije&quot; - FOTO - PrijedorDanas.com - Prijedorski gradski portal\" \/>\n<meta property=\"og:description\" content=\"U gradskoj \u010ditaonici u Prijedoru je promovisana knjiga Marije Radakovi\u0107 &#8220;Mitsko magijski tragovi u narodnoj kulturi prijedorske regije&#8221;. Autorka, ina\u010de kustos etnolog u Muzeju Kozare koji je i izdava\u010d knjige, [&hellip;]\" \/>\n<meta property=\"og:url\" content=\"https:\/\/www.prijedordanas.com\/?p=201393\" \/>\n<meta property=\"og:site_name\" content=\"PrijedorDanas.com - Prijedorski gradski portal\" \/>\n<meta property=\"article:publisher\" content=\"https:\/\/www.facebook.com\/PrijedorDanasCom\/\" \/>\n<meta property=\"article:published_time\" content=\"2023-03-09T01:38:07+00:00\" \/>\n<meta property=\"og:image\" content=\"https:\/\/www.prijedordanas.com\/wp-content\/uploads\/2023\/03\/prijedorgradorg-promocija-marija-radakovic-1-300x225.jpg\" \/>\n<meta name=\"author\" content=\"admin\" \/>\n<meta name=\"twitter:card\" content=\"summary_large_image\" \/>\n<meta name=\"twitter:label1\" content=\"Written by\" \/>\n\t<meta name=\"twitter:data1\" content=\"admin\" \/>\n\t<meta name=\"twitter:label2\" content=\"Est. reading time\" \/>\n\t<meta name=\"twitter:data2\" content=\"2 minutes\" \/>\n<script type=\"application\/ld+json\" class=\"yoast-schema-graph\">{\"@context\":\"https:\/\/schema.org\",\"@graph\":[{\"@type\":\"Article\",\"@id\":\"https:\/\/www.prijedordanas.com\/?p=201393#article\",\"isPartOf\":{\"@id\":\"https:\/\/www.prijedordanas.com\/?p=201393\"},\"author\":{\"name\":\"admin\",\"@id\":\"https:\/\/www.prijedordanas.com\/#\/schema\/person\/4e08ccf29b506ca916ff86d46bb700e6\"},\"headline\":\"Promovisana knjiga &#8220;Mitsko magijski tragovi u narodnoj kulturi prijedorske regije&#8221; &#8211; FOTO\",\"datePublished\":\"2023-03-09T01:38:07+00:00\",\"dateModified\":\"2023-03-09T01:38:07+00:00\",\"mainEntityOfPage\":{\"@id\":\"https:\/\/www.prijedordanas.com\/?p=201393\"},\"wordCount\":308,\"publisher\":{\"@id\":\"https:\/\/www.prijedordanas.com\/#organization\"},\"articleSection\":[\"Kultura\"],\"inLanguage\":\"en-US\"},{\"@type\":\"WebPage\",\"@id\":\"https:\/\/www.prijedordanas.com\/?p=201393\",\"url\":\"https:\/\/www.prijedordanas.com\/?p=201393\",\"name\":\"Promovisana knjiga \\\"Mitsko magijski tragovi u narodnoj kulturi prijedorske regije\\\" - FOTO - PrijedorDanas.com - Prijedorski gradski portal\",\"isPartOf\":{\"@id\":\"https:\/\/www.prijedordanas.com\/#website\"},\"datePublished\":\"2023-03-09T01:38:07+00:00\",\"dateModified\":\"2023-03-09T01:38:07+00:00\",\"breadcrumb\":{\"@id\":\"https:\/\/www.prijedordanas.com\/?p=201393#breadcrumb\"},\"inLanguage\":\"en-US\",\"potentialAction\":[{\"@type\":\"ReadAction\",\"target\":[\"https:\/\/www.prijedordanas.com\/?p=201393\"]}]},{\"@type\":\"BreadcrumbList\",\"@id\":\"https:\/\/www.prijedordanas.com\/?p=201393#breadcrumb\",\"itemListElement\":[{\"@type\":\"ListItem\",\"position\":1,\"name\":\"Home\",\"item\":\"https:\/\/www.prijedordanas.com\/\"},{\"@type\":\"ListItem\",\"position\":2,\"name\":\"Promovisana knjiga &#8220;Mitsko magijski tragovi u narodnoj kulturi prijedorske regije&#8221; &#8211; FOTO\"}]},{\"@type\":\"WebSite\",\"@id\":\"https:\/\/www.prijedordanas.com\/#website\",\"url\":\"https:\/\/www.prijedordanas.com\/\",\"name\":\"PrijedorDanas.com - Prijedorski gradski portal\",\"description\":\"Portal o doga\u0111anjima u gradu Prijedoru\",\"publisher\":{\"@id\":\"https:\/\/www.prijedordanas.com\/#organization\"},\"potentialAction\":[{\"@type\":\"SearchAction\",\"target\":{\"@type\":\"EntryPoint\",\"urlTemplate\":\"https:\/\/www.prijedordanas.com\/?s={search_term_string}\"},\"query-input\":\"required name=search_term_string\"}],\"inLanguage\":\"en-US\"},{\"@type\":\"Organization\",\"@id\":\"https:\/\/www.prijedordanas.com\/#organization\",\"name\":\"PrijedorDanas.com\",\"url\":\"https:\/\/www.prijedordanas.com\/\",\"logo\":{\"@type\":\"ImageObject\",\"inLanguage\":\"en-US\",\"@id\":\"https:\/\/www.prijedordanas.com\/#\/schema\/logo\/image\/\",\"url\":\"http:\/\/www.prijedordanas.com\/wp-content\/uploads\/2021\/12\/logopng.png\",\"contentUrl\":\"http:\/\/www.prijedordanas.com\/wp-content\/uploads\/2021\/12\/logopng.png\",\"width\":1019,\"height\":776,\"caption\":\"PrijedorDanas.com\"},\"image\":{\"@id\":\"https:\/\/www.prijedordanas.com\/#\/schema\/logo\/image\/\"},\"sameAs\":[\"https:\/\/www.facebook.com\/PrijedorDanasCom\/\"]},{\"@type\":\"Person\",\"@id\":\"https:\/\/www.prijedordanas.com\/#\/schema\/person\/4e08ccf29b506ca916ff86d46bb700e6\",\"name\":\"admin\",\"image\":{\"@type\":\"ImageObject\",\"inLanguage\":\"en-US\",\"@id\":\"https:\/\/www.prijedordanas.com\/#\/schema\/person\/image\/\",\"url\":\"https:\/\/secure.gravatar.com\/avatar\/1d3fc949d550f0b53a5f0d51e06dfd79?s=96&d=mm&r=g\",\"contentUrl\":\"https:\/\/secure.gravatar.com\/avatar\/1d3fc949d550f0b53a5f0d51e06dfd79?s=96&d=mm&r=g\",\"caption\":\"admin\"},\"url\":\"https:\/\/www.prijedordanas.com\/?author=1\"}]}<\/script>\n<!-- \/ Yoast SEO plugin. -->","yoast_head_json":{"title":"Promovisana knjiga \"Mitsko magijski tragovi u narodnoj kulturi prijedorske regije\" - FOTO - PrijedorDanas.com - Prijedorski gradski portal","robots":{"index":"index","follow":"follow","max-snippet":"max-snippet:-1","max-image-preview":"max-image-preview:large","max-video-preview":"max-video-preview:-1"},"canonical":"https:\/\/www.prijedordanas.com\/?p=201393","og_locale":"en_US","og_type":"article","og_title":"Promovisana knjiga \"Mitsko magijski tragovi u narodnoj kulturi prijedorske regije\" - FOTO - PrijedorDanas.com - Prijedorski gradski portal","og_description":"U gradskoj \u010ditaonici u Prijedoru je promovisana knjiga Marije Radakovi\u0107 &#8220;Mitsko magijski tragovi u narodnoj kulturi prijedorske regije&#8221;. Autorka, ina\u010de kustos etnolog u Muzeju Kozare koji je i izdava\u010d knjige, [&hellip;]","og_url":"https:\/\/www.prijedordanas.com\/?p=201393","og_site_name":"PrijedorDanas.com - Prijedorski gradski portal","article_publisher":"https:\/\/www.facebook.com\/PrijedorDanasCom\/","article_published_time":"2023-03-09T01:38:07+00:00","og_image":[{"url":"https:\/\/www.prijedordanas.com\/wp-content\/uploads\/2023\/03\/prijedorgradorg-promocija-marija-radakovic-1-300x225.jpg"}],"author":"admin","twitter_card":"summary_large_image","twitter_misc":{"Written by":"admin","Est. reading time":"2 minutes"},"schema":{"@context":"https:\/\/schema.org","@graph":[{"@type":"Article","@id":"https:\/\/www.prijedordanas.com\/?p=201393#article","isPartOf":{"@id":"https:\/\/www.prijedordanas.com\/?p=201393"},"author":{"name":"admin","@id":"https:\/\/www.prijedordanas.com\/#\/schema\/person\/4e08ccf29b506ca916ff86d46bb700e6"},"headline":"Promovisana knjiga &#8220;Mitsko magijski tragovi u narodnoj kulturi prijedorske regije&#8221; &#8211; FOTO","datePublished":"2023-03-09T01:38:07+00:00","dateModified":"2023-03-09T01:38:07+00:00","mainEntityOfPage":{"@id":"https:\/\/www.prijedordanas.com\/?p=201393"},"wordCount":308,"publisher":{"@id":"https:\/\/www.prijedordanas.com\/#organization"},"articleSection":["Kultura"],"inLanguage":"en-US"},{"@type":"WebPage","@id":"https:\/\/www.prijedordanas.com\/?p=201393","url":"https:\/\/www.prijedordanas.com\/?p=201393","name":"Promovisana knjiga \"Mitsko magijski tragovi u narodnoj kulturi prijedorske regije\" - FOTO - PrijedorDanas.com - Prijedorski gradski portal","isPartOf":{"@id":"https:\/\/www.prijedordanas.com\/#website"},"datePublished":"2023-03-09T01:38:07+00:00","dateModified":"2023-03-09T01:38:07+00:00","breadcrumb":{"@id":"https:\/\/www.prijedordanas.com\/?p=201393#breadcrumb"},"inLanguage":"en-US","potentialAction":[{"@type":"ReadAction","target":["https:\/\/www.prijedordanas.com\/?p=201393"]}]},{"@type":"BreadcrumbList","@id":"https:\/\/www.prijedordanas.com\/?p=201393#breadcrumb","itemListElement":[{"@type":"ListItem","position":1,"name":"Home","item":"https:\/\/www.prijedordanas.com\/"},{"@type":"ListItem","position":2,"name":"Promovisana knjiga &#8220;Mitsko magijski tragovi u narodnoj kulturi prijedorske regije&#8221; &#8211; FOTO"}]},{"@type":"WebSite","@id":"https:\/\/www.prijedordanas.com\/#website","url":"https:\/\/www.prijedordanas.com\/","name":"PrijedorDanas.com - Prijedorski gradski portal","description":"Portal o doga\u0111anjima u gradu Prijedoru","publisher":{"@id":"https:\/\/www.prijedordanas.com\/#organization"},"potentialAction":[{"@type":"SearchAction","target":{"@type":"EntryPoint","urlTemplate":"https:\/\/www.prijedordanas.com\/?s={search_term_string}"},"query-input":"required name=search_term_string"}],"inLanguage":"en-US"},{"@type":"Organization","@id":"https:\/\/www.prijedordanas.com\/#organization","name":"PrijedorDanas.com","url":"https:\/\/www.prijedordanas.com\/","logo":{"@type":"ImageObject","inLanguage":"en-US","@id":"https:\/\/www.prijedordanas.com\/#\/schema\/logo\/image\/","url":"http:\/\/www.prijedordanas.com\/wp-content\/uploads\/2021\/12\/logopng.png","contentUrl":"http:\/\/www.prijedordanas.com\/wp-content\/uploads\/2021\/12\/logopng.png","width":1019,"height":776,"caption":"PrijedorDanas.com"},"image":{"@id":"https:\/\/www.prijedordanas.com\/#\/schema\/logo\/image\/"},"sameAs":["https:\/\/www.facebook.com\/PrijedorDanasCom\/"]},{"@type":"Person","@id":"https:\/\/www.prijedordanas.com\/#\/schema\/person\/4e08ccf29b506ca916ff86d46bb700e6","name":"admin","image":{"@type":"ImageObject","inLanguage":"en-US","@id":"https:\/\/www.prijedordanas.com\/#\/schema\/person\/image\/","url":"https:\/\/secure.gravatar.com\/avatar\/1d3fc949d550f0b53a5f0d51e06dfd79?s=96&d=mm&r=g","contentUrl":"https:\/\/secure.gravatar.com\/avatar\/1d3fc949d550f0b53a5f0d51e06dfd79?s=96&d=mm&r=g","caption":"admin"},"url":"https:\/\/www.prijedordanas.com\/?author=1"}]}},"_links":{"self":[{"href":"https:\/\/www.prijedordanas.com\/index.php?rest_route=\/wp\/v2\/posts\/201393"}],"collection":[{"href":"https:\/\/www.prijedordanas.com\/index.php?rest_route=\/wp\/v2\/posts"}],"about":[{"href":"https:\/\/www.prijedordanas.com\/index.php?rest_route=\/wp\/v2\/types\/post"}],"author":[{"embeddable":true,"href":"https:\/\/www.prijedordanas.com\/index.php?rest_route=\/wp\/v2\/users\/1"}],"replies":[{"embeddable":true,"href":"https:\/\/www.prijedordanas.com\/index.php?rest_route=%2Fwp%2Fv2%2Fcomments&post=201393"}],"version-history":[{"count":1,"href":"https:\/\/www.prijedordanas.com\/index.php?rest_route=\/wp\/v2\/posts\/201393\/revisions"}],"predecessor-version":[{"id":201401,"href":"https:\/\/www.prijedordanas.com\/index.php?rest_route=\/wp\/v2\/posts\/201393\/revisions\/201401"}],"wp:attachment":[{"href":"https:\/\/www.prijedordanas.com\/index.php?rest_route=%2Fwp%2Fv2%2Fmedia&parent=201393"}],"wp:term":[{"taxonomy":"category","embeddable":true,"href":"https:\/\/www.prijedordanas.com\/index.php?rest_route=%2Fwp%2Fv2%2Fcategories&post=201393"},{"taxonomy":"post_tag","embeddable":true,"href":"https:\/\/www.prijedordanas.com\/index.php?rest_route=%2Fwp%2Fv2%2Ftags&post=201393"}],"curies":[{"name":"wp","href":"https:\/\/api.w.org\/{rel}","templated":true}]}}