{"id":201197,"date":"2023-03-05T21:38:44","date_gmt":"2023-03-05T20:38:44","guid":{"rendered":"https:\/\/www.prijedordanas.com\/?p=201197"},"modified":"2023-03-05T21:38:44","modified_gmt":"2023-03-05T20:38:44","slug":"prijedorcanin-stefan-%d1%98ovic-specijalizirao-u-moskvi-ali-zeli-da-radi-u-zavicaju-video","status":"publish","type":"post","link":"https:\/\/www.prijedordanas.com\/?p=201197","title":{"rendered":"Prijedor\u010danin Stefan \u0408ovi\u0107 specijalizirao u Moskvi, ali \u017eeli da radi u zavi\u010daju &#8211; VIDEO"},"content":{"rendered":"<p><a href=\"https:\/\/www.prijedordanas.com\/wp-content\/uploads\/2023\/03\/rtrs-stefan-jovic.jpg\"><img loading=\"lazy\" decoding=\"async\" src=\"https:\/\/www.prijedordanas.com\/wp-content\/uploads\/2023\/03\/rtrs-stefan-jovic-300x225.jpg\" alt=\"\" width=\"300\" height=\"225\" class=\"alignleft size-medium wp-image-201198\" srcset=\"https:\/\/www.prijedordanas.com\/wp-content\/uploads\/2023\/03\/rtrs-stefan-jovic-300x225.jpg 300w, https:\/\/www.prijedordanas.com\/wp-content\/uploads\/2023\/03\/rtrs-stefan-jovic-640x480.jpg 640w, https:\/\/www.prijedordanas.com\/wp-content\/uploads\/2023\/03\/rtrs-stefan-jovic.jpg 666w\" sizes=\"(max-width: 300px) 100vw, 300px\" \/><\/a>U Moskvu po medicinska znanja, a u zavi\u010daj da se ste\u010deno iskustvo pretvori u djela lije\u010denja pacijenata &#8211; ovo je \u017eivotni put kojim se vodi Prijedor\u010danin Stefan \u0408ovi\u0107.<\/p>\n<p>Iako mu desetke na Medicinskom fakultetu, koji je zavr\u0161io u roku, omogu\u0107avaju zaposlenje i dobar \u017eivot u ruskoj prestonici, Stefan \u017eeli da \u017eivi i radi u rodnom Prijedoru.<\/p>\n<p>Nakon prijedorske Gimnazije, 2012. godine Stefana je obrazovni put odveo u rusku prestonicu. Uz stipendiju Ruske Federacije put do Medicinskog fakulteta bio je lak\u0161i. Osim kvalitetnog obrazovnog puta, \u017eivot Srefana obogatila su iskustva iz studijskih dana provedenih u Moskvi.<\/p>\n<p>&#8211; Na po\u010detku mi je bilo dosta te\u0161ko zbog klimatskih uslova, nepoznavanja jezika i druga\u010dijeg sistema. Na\u0161 i ruski sistem se prili\u010dno razlikuju, a i \u017eivot u tako velikom gradu bio je izazov &#8211; ka\u017ee Stefan \u0408ovi\u0107, specijalista psihijatrije i endovaskularne hirurgije.<\/p>\n<p>Odlu\u010dio se da specijalizira psihijatriju i kao najbolji student od 1.600 stranaca u svojoj klasi, u Moskvi je odmah dobio posao. \u0408o\u0161 neko vrijeme planira da ostane u ruskoj prestonici da stekne nova znanja i iskustva.<\/p>\n<p>Poslije specijalizacije iz psihijatrije i endovaskularne hirurgije, nastavi\u0107e doktorske studije, ali sva ste\u010dena znanja, ka\u017ee, primijeni\u0107e u Srpskoj.<\/p>\n<p>&#8211; Tu su mi roditelji, ho\u0107u da mi djeca odrastaju ovdje. Ljekari ne treba da prave razliku izme\u0111u ljudi koje lije\u010de, ali bih ja ipak najvi\u0161e volio da budem ovdje. Tu su prijatelji mojih roditelja, a i ljudi sa kojima sam proveo mladost &#8211; smatra \u0408ovi\u0107.<\/p>\n<p>U vremenu depresivnih i anksioznih poreme\u0107aja koje je neophodno lije\u010diti medikamentima i psihoterapijama, Stefan smatra da smo sre\u0107an narod jer je pravoslavno duhovno naslje\u0111e jedan od izuzetnih metoda lije\u010denja kada je u pitanju mentalno zdravlje.<\/p>\n<p>Nagla\u0161ava, da se susretao sa brojnim pacijentima koji su mnogo unaprijedili svoj \u017eivot primjenjuju\u0107i pravila pravoslavlja, mada ve\u0107ina depresivnih stanja ima i biolo\u0161ku osnovu.<\/p>\n<p>Stefan ka\u017ee da se program specijalizacije u Rusiji razlikuje od na\u0161eg, pogotovo u trajanju, ali da je jedna nau\u010dna baza i da su pacijenti svuda isti. Ka\u017ee da je Moskva skup grad za \u017eivot, mada su re\u017eije mnogo jeftinije nego kod nas. Zato je Stefanu tokom studija u Moskvi mnogo pomogla stipendija &#8220;Dr Milan \u0408eli\u0107&#8221;.<\/p>\n<p>RTRS<\/p>\n<p><iframe loading=\"lazy\" title=\"Stefan Jovi\u0107 specijalizirao u Moskvi, ali \u017eeli da radi u zavi\u010daju\" width=\"500\" height=\"281\" src=\"https:\/\/www.youtube.com\/embed\/uahwyjdxZUw?feature=oembed\" frameborder=\"0\" allow=\"accelerometer; autoplay; clipboard-write; encrypted-media; gyroscope; picture-in-picture; web-share\" allowfullscreen><\/iframe><\/p>\n","protected":false},"excerpt":{"rendered":"<p>U Moskvu po medicinska znanja, a u zavi\u010daj da se ste\u010deno iskustvo pretvori u djela lije\u010denja pacijenata &#8211; ovo je \u017eivotni put kojim se vodi Prijedor\u010danin Stefan \u0408ovi\u0107. Iako mu [&hellip;]<\/p>\n","protected":false},"author":1,"featured_media":0,"comment_status":"closed","ping_status":"open","sticky":false,"template":"","format":"standard","meta":{"_monsterinsights_skip_tracking":false,"_monsterinsights_sitenote_active":false,"_monsterinsights_sitenote_note":"","_monsterinsights_sitenote_category":0,"footnotes":""},"categories":[3],"tags":[],"yoast_head":"<!-- This site is optimized with the Yoast SEO plugin v21.6 - https:\/\/yoast.com\/wordpress\/plugins\/seo\/ -->\n<title>Prijedor\u010danin Stefan \u0408ovi\u0107 specijalizirao u Moskvi, ali \u017eeli da radi u zavi\u010daju - VIDEO - PrijedorDanas.com - Prijedorski gradski portal<\/title>\n<meta name=\"robots\" content=\"index, follow, max-snippet:-1, max-image-preview:large, max-video-preview:-1\" \/>\n<link rel=\"canonical\" href=\"https:\/\/www.prijedordanas.com\/?p=201197\" \/>\n<meta property=\"og:locale\" content=\"en_US\" \/>\n<meta property=\"og:type\" content=\"article\" \/>\n<meta property=\"og:title\" content=\"Prijedor\u010danin Stefan \u0408ovi\u0107 specijalizirao u Moskvi, ali \u017eeli da radi u zavi\u010daju - VIDEO - PrijedorDanas.com - Prijedorski gradski portal\" \/>\n<meta property=\"og:description\" content=\"U Moskvu po medicinska znanja, a u zavi\u010daj da se ste\u010deno iskustvo pretvori u djela lije\u010denja pacijenata &#8211; ovo je \u017eivotni put kojim se vodi Prijedor\u010danin Stefan \u0408ovi\u0107. Iako mu [&hellip;]\" \/>\n<meta property=\"og:url\" content=\"https:\/\/www.prijedordanas.com\/?p=201197\" \/>\n<meta property=\"og:site_name\" content=\"PrijedorDanas.com - Prijedorski gradski portal\" \/>\n<meta property=\"article:publisher\" content=\"https:\/\/www.facebook.com\/PrijedorDanasCom\/\" \/>\n<meta property=\"article:published_time\" content=\"2023-03-05T20:38:44+00:00\" \/>\n<meta property=\"og:image\" content=\"https:\/\/www.prijedordanas.com\/wp-content\/uploads\/2023\/03\/rtrs-stefan-jovic-300x225.jpg\" \/>\n<meta name=\"author\" content=\"admin\" \/>\n<meta name=\"twitter:card\" content=\"summary_large_image\" \/>\n<meta name=\"twitter:label1\" content=\"Written by\" \/>\n\t<meta name=\"twitter:data1\" content=\"admin\" \/>\n<script type=\"application\/ld+json\" class=\"yoast-schema-graph\">{\"@context\":\"https:\/\/schema.org\",\"@graph\":[{\"@type\":\"Article\",\"@id\":\"https:\/\/www.prijedordanas.com\/?p=201197#article\",\"isPartOf\":{\"@id\":\"https:\/\/www.prijedordanas.com\/?p=201197\"},\"author\":{\"name\":\"admin\",\"@id\":\"https:\/\/www.prijedordanas.com\/#\/schema\/person\/4e08ccf29b506ca916ff86d46bb700e6\"},\"headline\":\"Prijedor\u010danin Stefan \u0408ovi\u0107 specijalizirao u Moskvi, ali \u017eeli da radi u zavi\u010daju &#8211; VIDEO\",\"datePublished\":\"2023-03-05T20:38:44+00:00\",\"dateModified\":\"2023-03-05T20:38:44+00:00\",\"mainEntityOfPage\":{\"@id\":\"https:\/\/www.prijedordanas.com\/?p=201197\"},\"wordCount\":405,\"publisher\":{\"@id\":\"https:\/\/www.prijedordanas.com\/#organization\"},\"articleSection\":[\"\u017divot\"],\"inLanguage\":\"en-US\"},{\"@type\":\"WebPage\",\"@id\":\"https:\/\/www.prijedordanas.com\/?p=201197\",\"url\":\"https:\/\/www.prijedordanas.com\/?p=201197\",\"name\":\"Prijedor\u010danin Stefan \u0408ovi\u0107 specijalizirao u Moskvi, ali \u017eeli da radi u zavi\u010daju - VIDEO - PrijedorDanas.com - Prijedorski gradski portal\",\"isPartOf\":{\"@id\":\"https:\/\/www.prijedordanas.com\/#website\"},\"datePublished\":\"2023-03-05T20:38:44+00:00\",\"dateModified\":\"2023-03-05T20:38:44+00:00\",\"breadcrumb\":{\"@id\":\"https:\/\/www.prijedordanas.com\/?p=201197#breadcrumb\"},\"inLanguage\":\"en-US\",\"potentialAction\":[{\"@type\":\"ReadAction\",\"target\":[\"https:\/\/www.prijedordanas.com\/?p=201197\"]}]},{\"@type\":\"BreadcrumbList\",\"@id\":\"https:\/\/www.prijedordanas.com\/?p=201197#breadcrumb\",\"itemListElement\":[{\"@type\":\"ListItem\",\"position\":1,\"name\":\"Home\",\"item\":\"https:\/\/www.prijedordanas.com\/\"},{\"@type\":\"ListItem\",\"position\":2,\"name\":\"Prijedor\u010danin Stefan \u0408ovi\u0107 specijalizirao u Moskvi, ali \u017eeli da radi u zavi\u010daju &#8211; VIDEO\"}]},{\"@type\":\"WebSite\",\"@id\":\"https:\/\/www.prijedordanas.com\/#website\",\"url\":\"https:\/\/www.prijedordanas.com\/\",\"name\":\"PrijedorDanas.com - Prijedorski gradski portal\",\"description\":\"Portal o doga\u0111anjima u gradu Prijedoru\",\"publisher\":{\"@id\":\"https:\/\/www.prijedordanas.com\/#organization\"},\"potentialAction\":[{\"@type\":\"SearchAction\",\"target\":{\"@type\":\"EntryPoint\",\"urlTemplate\":\"https:\/\/www.prijedordanas.com\/?s={search_term_string}\"},\"query-input\":\"required name=search_term_string\"}],\"inLanguage\":\"en-US\"},{\"@type\":\"Organization\",\"@id\":\"https:\/\/www.prijedordanas.com\/#organization\",\"name\":\"PrijedorDanas.com\",\"url\":\"https:\/\/www.prijedordanas.com\/\",\"logo\":{\"@type\":\"ImageObject\",\"inLanguage\":\"en-US\",\"@id\":\"https:\/\/www.prijedordanas.com\/#\/schema\/logo\/image\/\",\"url\":\"http:\/\/www.prijedordanas.com\/wp-content\/uploads\/2021\/12\/logopng.png\",\"contentUrl\":\"http:\/\/www.prijedordanas.com\/wp-content\/uploads\/2021\/12\/logopng.png\",\"width\":1019,\"height\":776,\"caption\":\"PrijedorDanas.com\"},\"image\":{\"@id\":\"https:\/\/www.prijedordanas.com\/#\/schema\/logo\/image\/\"},\"sameAs\":[\"https:\/\/www.facebook.com\/PrijedorDanasCom\/\"]},{\"@type\":\"Person\",\"@id\":\"https:\/\/www.prijedordanas.com\/#\/schema\/person\/4e08ccf29b506ca916ff86d46bb700e6\",\"name\":\"admin\",\"image\":{\"@type\":\"ImageObject\",\"inLanguage\":\"en-US\",\"@id\":\"https:\/\/www.prijedordanas.com\/#\/schema\/person\/image\/\",\"url\":\"https:\/\/secure.gravatar.com\/avatar\/1d3fc949d550f0b53a5f0d51e06dfd79?s=96&d=mm&r=g\",\"contentUrl\":\"https:\/\/secure.gravatar.com\/avatar\/1d3fc949d550f0b53a5f0d51e06dfd79?s=96&d=mm&r=g\",\"caption\":\"admin\"},\"url\":\"https:\/\/www.prijedordanas.com\/?author=1\"}]}<\/script>\n<!-- \/ Yoast SEO plugin. -->","yoast_head_json":{"title":"Prijedor\u010danin Stefan \u0408ovi\u0107 specijalizirao u Moskvi, ali \u017eeli da radi u zavi\u010daju - VIDEO - PrijedorDanas.com - Prijedorski gradski portal","robots":{"index":"index","follow":"follow","max-snippet":"max-snippet:-1","max-image-preview":"max-image-preview:large","max-video-preview":"max-video-preview:-1"},"canonical":"https:\/\/www.prijedordanas.com\/?p=201197","og_locale":"en_US","og_type":"article","og_title":"Prijedor\u010danin Stefan \u0408ovi\u0107 specijalizirao u Moskvi, ali \u017eeli da radi u zavi\u010daju - VIDEO - PrijedorDanas.com - Prijedorski gradski portal","og_description":"U Moskvu po medicinska znanja, a u zavi\u010daj da se ste\u010deno iskustvo pretvori u djela lije\u010denja pacijenata &#8211; ovo je \u017eivotni put kojim se vodi Prijedor\u010danin Stefan \u0408ovi\u0107. Iako mu [&hellip;]","og_url":"https:\/\/www.prijedordanas.com\/?p=201197","og_site_name":"PrijedorDanas.com - Prijedorski gradski portal","article_publisher":"https:\/\/www.facebook.com\/PrijedorDanasCom\/","article_published_time":"2023-03-05T20:38:44+00:00","og_image":[{"url":"https:\/\/www.prijedordanas.com\/wp-content\/uploads\/2023\/03\/rtrs-stefan-jovic-300x225.jpg"}],"author":"admin","twitter_card":"summary_large_image","twitter_misc":{"Written by":"admin"},"schema":{"@context":"https:\/\/schema.org","@graph":[{"@type":"Article","@id":"https:\/\/www.prijedordanas.com\/?p=201197#article","isPartOf":{"@id":"https:\/\/www.prijedordanas.com\/?p=201197"},"author":{"name":"admin","@id":"https:\/\/www.prijedordanas.com\/#\/schema\/person\/4e08ccf29b506ca916ff86d46bb700e6"},"headline":"Prijedor\u010danin Stefan \u0408ovi\u0107 specijalizirao u Moskvi, ali \u017eeli da radi u zavi\u010daju &#8211; VIDEO","datePublished":"2023-03-05T20:38:44+00:00","dateModified":"2023-03-05T20:38:44+00:00","mainEntityOfPage":{"@id":"https:\/\/www.prijedordanas.com\/?p=201197"},"wordCount":405,"publisher":{"@id":"https:\/\/www.prijedordanas.com\/#organization"},"articleSection":["\u017divot"],"inLanguage":"en-US"},{"@type":"WebPage","@id":"https:\/\/www.prijedordanas.com\/?p=201197","url":"https:\/\/www.prijedordanas.com\/?p=201197","name":"Prijedor\u010danin Stefan \u0408ovi\u0107 specijalizirao u Moskvi, ali \u017eeli da radi u zavi\u010daju - VIDEO - PrijedorDanas.com - Prijedorski gradski portal","isPartOf":{"@id":"https:\/\/www.prijedordanas.com\/#website"},"datePublished":"2023-03-05T20:38:44+00:00","dateModified":"2023-03-05T20:38:44+00:00","breadcrumb":{"@id":"https:\/\/www.prijedordanas.com\/?p=201197#breadcrumb"},"inLanguage":"en-US","potentialAction":[{"@type":"ReadAction","target":["https:\/\/www.prijedordanas.com\/?p=201197"]}]},{"@type":"BreadcrumbList","@id":"https:\/\/www.prijedordanas.com\/?p=201197#breadcrumb","itemListElement":[{"@type":"ListItem","position":1,"name":"Home","item":"https:\/\/www.prijedordanas.com\/"},{"@type":"ListItem","position":2,"name":"Prijedor\u010danin Stefan \u0408ovi\u0107 specijalizirao u Moskvi, ali \u017eeli da radi u zavi\u010daju &#8211; VIDEO"}]},{"@type":"WebSite","@id":"https:\/\/www.prijedordanas.com\/#website","url":"https:\/\/www.prijedordanas.com\/","name":"PrijedorDanas.com - Prijedorski gradski portal","description":"Portal o doga\u0111anjima u gradu Prijedoru","publisher":{"@id":"https:\/\/www.prijedordanas.com\/#organization"},"potentialAction":[{"@type":"SearchAction","target":{"@type":"EntryPoint","urlTemplate":"https:\/\/www.prijedordanas.com\/?s={search_term_string}"},"query-input":"required name=search_term_string"}],"inLanguage":"en-US"},{"@type":"Organization","@id":"https:\/\/www.prijedordanas.com\/#organization","name":"PrijedorDanas.com","url":"https:\/\/www.prijedordanas.com\/","logo":{"@type":"ImageObject","inLanguage":"en-US","@id":"https:\/\/www.prijedordanas.com\/#\/schema\/logo\/image\/","url":"http:\/\/www.prijedordanas.com\/wp-content\/uploads\/2021\/12\/logopng.png","contentUrl":"http:\/\/www.prijedordanas.com\/wp-content\/uploads\/2021\/12\/logopng.png","width":1019,"height":776,"caption":"PrijedorDanas.com"},"image":{"@id":"https:\/\/www.prijedordanas.com\/#\/schema\/logo\/image\/"},"sameAs":["https:\/\/www.facebook.com\/PrijedorDanasCom\/"]},{"@type":"Person","@id":"https:\/\/www.prijedordanas.com\/#\/schema\/person\/4e08ccf29b506ca916ff86d46bb700e6","name":"admin","image":{"@type":"ImageObject","inLanguage":"en-US","@id":"https:\/\/www.prijedordanas.com\/#\/schema\/person\/image\/","url":"https:\/\/secure.gravatar.com\/avatar\/1d3fc949d550f0b53a5f0d51e06dfd79?s=96&d=mm&r=g","contentUrl":"https:\/\/secure.gravatar.com\/avatar\/1d3fc949d550f0b53a5f0d51e06dfd79?s=96&d=mm&r=g","caption":"admin"},"url":"https:\/\/www.prijedordanas.com\/?author=1"}]}},"_links":{"self":[{"href":"https:\/\/www.prijedordanas.com\/index.php?rest_route=\/wp\/v2\/posts\/201197"}],"collection":[{"href":"https:\/\/www.prijedordanas.com\/index.php?rest_route=\/wp\/v2\/posts"}],"about":[{"href":"https:\/\/www.prijedordanas.com\/index.php?rest_route=\/wp\/v2\/types\/post"}],"author":[{"embeddable":true,"href":"https:\/\/www.prijedordanas.com\/index.php?rest_route=\/wp\/v2\/users\/1"}],"replies":[{"embeddable":true,"href":"https:\/\/www.prijedordanas.com\/index.php?rest_route=%2Fwp%2Fv2%2Fcomments&post=201197"}],"version-history":[{"count":1,"href":"https:\/\/www.prijedordanas.com\/index.php?rest_route=\/wp\/v2\/posts\/201197\/revisions"}],"predecessor-version":[{"id":201199,"href":"https:\/\/www.prijedordanas.com\/index.php?rest_route=\/wp\/v2\/posts\/201197\/revisions\/201199"}],"wp:attachment":[{"href":"https:\/\/www.prijedordanas.com\/index.php?rest_route=%2Fwp%2Fv2%2Fmedia&parent=201197"}],"wp:term":[{"taxonomy":"category","embeddable":true,"href":"https:\/\/www.prijedordanas.com\/index.php?rest_route=%2Fwp%2Fv2%2Fcategories&post=201197"},{"taxonomy":"post_tag","embeddable":true,"href":"https:\/\/www.prijedordanas.com\/index.php?rest_route=%2Fwp%2Fv2%2Ftags&post=201197"}],"curies":[{"name":"wp","href":"https:\/\/api.w.org\/{rel}","templated":true}]}}