{"id":201182,"date":"2023-03-05T18:32:04","date_gmt":"2023-03-05T17:32:04","guid":{"rendered":"https:\/\/www.prijedordanas.com\/?p=201182"},"modified":"2023-03-05T22:01:03","modified_gmt":"2023-03-05T21:01:03","slug":"prijedor-dodik-snaga-snsd-a-zasniva-se-na-aktivizmu-zena-foto","status":"publish","type":"post","link":"https:\/\/www.prijedordanas.com\/?p=201182","title":{"rendered":"Prijedor &#8211; Dodik: Snaga SNSD-a zasniva se na aktivizmu \u017eena &#8211; FOTO\/VIDEO"},"content":{"rendered":"<p><a href=\"https:\/\/www.prijedordanas.com\/wp-content\/uploads\/2023\/03\/snsd-prijedor-dan-zena-2023-4.jpg\"><img loading=\"lazy\" decoding=\"async\" class=\"alignleft size-medium wp-image-201153\" src=\"https:\/\/www.prijedordanas.com\/wp-content\/uploads\/2023\/03\/snsd-prijedor-dan-zena-2023-4-300x225.jpg\" alt=\"\" width=\"300\" height=\"225\" srcset=\"https:\/\/www.prijedordanas.com\/wp-content\/uploads\/2023\/03\/snsd-prijedor-dan-zena-2023-4-300x225.jpg 300w, https:\/\/www.prijedordanas.com\/wp-content\/uploads\/2023\/03\/snsd-prijedor-dan-zena-2023-4-640x480.jpg 640w, https:\/\/www.prijedordanas.com\/wp-content\/uploads\/2023\/03\/snsd-prijedor-dan-zena-2023-4.jpg 667w\" sizes=\"(max-width: 300px) 100vw, 300px\" \/><\/a>Predsjednik SNSD-a Milorad Dodik rekao je da je Aktiv \u017eena u Prijedoru jedan od najaktivnijih, te da se snaga ove stranke zasniva na aktivizmu koji pokazuju \u017eene, na njihovoj istrajnosti, odanosti i izvr\u0161avanju zadataka, pogotovo za vrijeme izbora.<\/p>\n<p>Dodik, koji je prisustvovao proslavi Dana \u017eena u organizaciji Gradskog odbora SNSD-a u Prijedoru, poru\u010dio je da se \u010dlanovi SNSD-a ve\u0107 tradicionalno okupljaju povodom Osmog marta, a ovog puta, bila je to i prilika da proslave rezultate ostvarene na Op\u0161tim izborima.<\/p>\n<p>\u201cOvo je mali znak pa\u017enje kojim \u017eelimo mi, mu\u0161ki sektor u SNSD-u, da pomognemo na\u0161im \u010dlanicama, da se okupimo za Dan \u017eena u \u017eelji da im 8. mart ne bude samo na taj datum, nego da imaju \u0161to je mogu\u0107e vi\u0161e takvih dana u \u017eivotu. Ovdje sam u Prijedoru da im zahvalim za sve ono \u0161to su u\u010dinile u prethodnom periodu, za jednu te\u0161ku i istrajnu borbu koja traje vi\u0161e decenija i za rezultate koje ostvarujemo u zadnje vrijeme\u201d, poru\u010dio je Dodik.<\/p>\n<p><a href=\"https:\/\/www.prijedordanas.com\/wp-content\/uploads\/2023\/03\/snsd-prijedor-dan-zena-2023-13.jpg\"><img loading=\"lazy\" decoding=\"async\" class=\"alignleft size-medium wp-image-201183\" src=\"https:\/\/www.prijedordanas.com\/wp-content\/uploads\/2023\/03\/snsd-prijedor-dan-zena-2023-13-300x200.jpg\" alt=\"\" width=\"300\" height=\"200\" srcset=\"https:\/\/www.prijedordanas.com\/wp-content\/uploads\/2023\/03\/snsd-prijedor-dan-zena-2023-13-300x200.jpg 300w, https:\/\/www.prijedordanas.com\/wp-content\/uploads\/2023\/03\/snsd-prijedor-dan-zena-2023-13-480x320.jpg 480w, https:\/\/www.prijedordanas.com\/wp-content\/uploads\/2023\/03\/snsd-prijedor-dan-zena-2023-13.jpg 600w\" sizes=\"(max-width: 300px) 100vw, 300px\" \/><\/a>Proslavi Dana \u017eena u Prijedoru prisustvovala je i \u017deljka Cvijanovi\u0107, potpredsjednik SNSD-a. Cvijanovi\u0107eva je izrazila zahvalnost svim \u017eenama koje su sastavni dio ove stranke i koje, kako je rekla, predano rade na ostvarenju ciljeva SNSD-a.<\/p>\n<p>\u201cOva na\u0161a dru\u017eenja su tradicionalna. Ne sastajemo se samo kada su izbori. Na taj na\u010din pokazujemo svoju solidarnost, ali i okupljenost oko onog \u0161to jesu na\u0161i politi\u010dki ciljevi. Zahvalna sam svim \u017eenama SNSD-a. One su predano radile sve ove godine, vi\u0161e od dvije decenije ulagale i li\u010dne napore i \u017ertvovale se da bi rezultat SNSD-a bio \u0161to je mogu\u0107e bolji\u201d, rekla je \u017deljka Cvijanovi\u0107.<\/p>\n<p>Po rije\u010dima Cvijanovi\u0107eve, kroz njenu i kandidaturu drugih \u010dlanica, SNSD je pokazao da je stranka koja je otvorena za ravnopravno u\u010de\u0161\u0107e \u017eena i mu\u0161karaca u politici.<\/p>\n<p><a href=\"https:\/\/www.prijedordanas.com\/wp-content\/uploads\/2023\/03\/snsd-prijedor-dan-zena-2023-5.jpg\"><img loading=\"lazy\" decoding=\"async\" class=\"alignleft size-medium wp-image-201193\" src=\"https:\/\/www.prijedordanas.com\/wp-content\/uploads\/2023\/03\/snsd-prijedor-dan-zena-2023-5-300x225.jpg\" alt=\"\" width=\"300\" height=\"225\" srcset=\"https:\/\/www.prijedordanas.com\/wp-content\/uploads\/2023\/03\/snsd-prijedor-dan-zena-2023-5-300x225.jpg 300w, https:\/\/www.prijedordanas.com\/wp-content\/uploads\/2023\/03\/snsd-prijedor-dan-zena-2023-5-640x480.jpg 640w, https:\/\/www.prijedordanas.com\/wp-content\/uploads\/2023\/03\/snsd-prijedor-dan-zena-2023-5.jpg 667w\" sizes=\"(max-width: 300px) 100vw, 300px\" \/><\/a>Predsjednik Gradskog odbora SNSD Prijedor, Dragoslav Kabi\u0107, rekao je da, osim Dana \u017eena, ve\u010deras proslavljaju veliku pobjedu koju je ova stranka ostvarila na Op\u0161tim izborima 2022. godine.<\/p>\n<p>\u201cTada je Gradski odbor SNSD-a postigao najbolji rezultat u istoriji postojanja SNSD-a u Prijedoru\u201d, naglasio je Kabi\u0107.<\/p>\n<p>Predsjednica Aktiva \u017eena SNSD-a Prijedor, Dubravka Ra\u0111enovi\u0107, izrazila je zadovoljstvo, jer je, kako je rekla, taj aktiv dobrim dijelom zaslu\u017ean za postignuti izborni rezultat.<\/p>\n<p>\u201c\u017dene \u010dine va\u017ean dio SNSD-a u Prijedoru i ovo je prilika da im se zahvalim za njihov nesebi\u010dan doprinos radu i podr\u0161ci ostvarenju programskih zadataka Gradskog odbora SNSD-a Prijedor\u201d, rekla je Ra\u0111enovi\u0107eva.<\/p>\n<p>kozarski.com<\/p>\n<p><iframe loading=\"lazy\" title=\"DODIK: SNAGA SNSD a ZASNIVA SE NA AKTIVIZMU \u017dENA\" width=\"500\" height=\"281\" src=\"https:\/\/www.youtube.com\/embed\/_E0rWULtLPY?feature=oembed\" frameborder=\"0\" allow=\"accelerometer; autoplay; clipboard-write; encrypted-media; gyroscope; picture-in-picture; web-share\" allowfullscreen><\/iframe><\/p>\n<p><a href=\"https:\/\/www.prijedordanas.com\/wp-content\/uploads\/2023\/03\/snsd-prijedor-dan-zena-2023-22.jpg\"><img loading=\"lazy\" decoding=\"async\" class=\"alignleft size-medium wp-image-201185\" src=\"https:\/\/www.prijedordanas.com\/wp-content\/uploads\/2023\/03\/snsd-prijedor-dan-zena-2023-22-300x200.jpg\" alt=\"\" width=\"300\" height=\"200\" srcset=\"https:\/\/www.prijedordanas.com\/wp-content\/uploads\/2023\/03\/snsd-prijedor-dan-zena-2023-22-300x200.jpg 300w, https:\/\/www.prijedordanas.com\/wp-content\/uploads\/2023\/03\/snsd-prijedor-dan-zena-2023-22-480x320.jpg 480w, https:\/\/www.prijedordanas.com\/wp-content\/uploads\/2023\/03\/snsd-prijedor-dan-zena-2023-22.jpg 600w\" sizes=\"(max-width: 300px) 100vw, 300px\" \/><\/a> <a href=\"https:\/\/www.prijedordanas.com\/wp-content\/uploads\/2023\/03\/snsd-prijedor-dan-zena-2023-19.jpg\"><img loading=\"lazy\" decoding=\"async\" class=\"alignleft size-medium wp-image-201186\" src=\"https:\/\/www.prijedordanas.com\/wp-content\/uploads\/2023\/03\/snsd-prijedor-dan-zena-2023-19-300x200.jpg\" alt=\"\" width=\"300\" height=\"200\" srcset=\"https:\/\/www.prijedordanas.com\/wp-content\/uploads\/2023\/03\/snsd-prijedor-dan-zena-2023-19-300x200.jpg 300w, https:\/\/www.prijedordanas.com\/wp-content\/uploads\/2023\/03\/snsd-prijedor-dan-zena-2023-19-480x320.jpg 480w, https:\/\/www.prijedordanas.com\/wp-content\/uploads\/2023\/03\/snsd-prijedor-dan-zena-2023-19.jpg 600w\" sizes=\"(max-width: 300px) 100vw, 300px\" \/><\/a> <a href=\"https:\/\/www.prijedordanas.com\/wp-content\/uploads\/2023\/03\/snsd-prijedor-dan-zena-2023-18.jpg\"><img loading=\"lazy\" decoding=\"async\" class=\"alignleft size-medium wp-image-201187\" src=\"https:\/\/www.prijedordanas.com\/wp-content\/uploads\/2023\/03\/snsd-prijedor-dan-zena-2023-18-300x200.jpg\" alt=\"\" width=\"300\" height=\"200\" srcset=\"https:\/\/www.prijedordanas.com\/wp-content\/uploads\/2023\/03\/snsd-prijedor-dan-zena-2023-18-300x200.jpg 300w, https:\/\/www.prijedordanas.com\/wp-content\/uploads\/2023\/03\/snsd-prijedor-dan-zena-2023-18-480x320.jpg 480w, https:\/\/www.prijedordanas.com\/wp-content\/uploads\/2023\/03\/snsd-prijedor-dan-zena-2023-18.jpg 600w\" sizes=\"(max-width: 300px) 100vw, 300px\" \/><\/a> <a href=\"https:\/\/www.prijedordanas.com\/wp-content\/uploads\/2023\/03\/snsd-prijedor-dan-zena-2023-17.jpg\"><img loading=\"lazy\" decoding=\"async\" class=\"alignleft size-medium wp-image-201188\" src=\"https:\/\/www.prijedordanas.com\/wp-content\/uploads\/2023\/03\/snsd-prijedor-dan-zena-2023-17-300x200.jpg\" alt=\"\" width=\"300\" height=\"200\" srcset=\"https:\/\/www.prijedordanas.com\/wp-content\/uploads\/2023\/03\/snsd-prijedor-dan-zena-2023-17-300x200.jpg 300w, https:\/\/www.prijedordanas.com\/wp-content\/uploads\/2023\/03\/snsd-prijedor-dan-zena-2023-17-480x320.jpg 480w, https:\/\/www.prijedordanas.com\/wp-content\/uploads\/2023\/03\/snsd-prijedor-dan-zena-2023-17.jpg 600w\" sizes=\"(max-width: 300px) 100vw, 300px\" \/><\/a> <a href=\"https:\/\/www.prijedordanas.com\/wp-content\/uploads\/2023\/03\/snsd-prijedor-dan-zena-2023-21.jpg\"><img loading=\"lazy\" decoding=\"async\" class=\"alignleft size-medium wp-image-201189\" src=\"https:\/\/www.prijedordanas.com\/wp-content\/uploads\/2023\/03\/snsd-prijedor-dan-zena-2023-21-300x200.jpg\" alt=\"\" width=\"300\" height=\"200\" srcset=\"https:\/\/www.prijedordanas.com\/wp-content\/uploads\/2023\/03\/snsd-prijedor-dan-zena-2023-21-300x200.jpg 300w, https:\/\/www.prijedordanas.com\/wp-content\/uploads\/2023\/03\/snsd-prijedor-dan-zena-2023-21-480x320.jpg 480w, https:\/\/www.prijedordanas.com\/wp-content\/uploads\/2023\/03\/snsd-prijedor-dan-zena-2023-21.jpg 600w\" sizes=\"(max-width: 300px) 100vw, 300px\" \/><\/a> <a href=\"https:\/\/www.prijedordanas.com\/wp-content\/uploads\/2023\/03\/snsd-prijedor-dan-zena-2023-23.jpg\"><img loading=\"lazy\" decoding=\"async\" class=\"alignleft size-medium wp-image-201190\" src=\"https:\/\/www.prijedordanas.com\/wp-content\/uploads\/2023\/03\/snsd-prijedor-dan-zena-2023-23-300x200.jpg\" alt=\"\" width=\"300\" height=\"200\" srcset=\"https:\/\/www.prijedordanas.com\/wp-content\/uploads\/2023\/03\/snsd-prijedor-dan-zena-2023-23-300x200.jpg 300w, https:\/\/www.prijedordanas.com\/wp-content\/uploads\/2023\/03\/snsd-prijedor-dan-zena-2023-23-480x320.jpg 480w, https:\/\/www.prijedordanas.com\/wp-content\/uploads\/2023\/03\/snsd-prijedor-dan-zena-2023-23.jpg 600w\" sizes=\"(max-width: 300px) 100vw, 300px\" \/><\/a> <a href=\"https:\/\/www.prijedordanas.com\/wp-content\/uploads\/2023\/03\/snsd-prijedor-dan-zena-2023-24.jpg\"><img loading=\"lazy\" decoding=\"async\" class=\"alignleft size-medium wp-image-201191\" src=\"https:\/\/www.prijedordanas.com\/wp-content\/uploads\/2023\/03\/snsd-prijedor-dan-zena-2023-24-300x200.jpg\" alt=\"\" width=\"300\" height=\"200\" srcset=\"https:\/\/www.prijedordanas.com\/wp-content\/uploads\/2023\/03\/snsd-prijedor-dan-zena-2023-24-300x200.jpg 300w, https:\/\/www.prijedordanas.com\/wp-content\/uploads\/2023\/03\/snsd-prijedor-dan-zena-2023-24-480x320.jpg 480w, https:\/\/www.prijedordanas.com\/wp-content\/uploads\/2023\/03\/snsd-prijedor-dan-zena-2023-24.jpg 600w\" sizes=\"(max-width: 300px) 100vw, 300px\" \/><\/a> <a href=\"https:\/\/www.prijedordanas.com\/wp-content\/uploads\/2023\/03\/snsd-prijedor-dan-zena-2023-28.jpg\"><img loading=\"lazy\" decoding=\"async\" class=\"alignleft size-medium wp-image-201192\" src=\"https:\/\/www.prijedordanas.com\/wp-content\/uploads\/2023\/03\/snsd-prijedor-dan-zena-2023-28-300x200.jpg\" alt=\"\" width=\"300\" height=\"200\" srcset=\"https:\/\/www.prijedordanas.com\/wp-content\/uploads\/2023\/03\/snsd-prijedor-dan-zena-2023-28-300x200.jpg 300w, https:\/\/www.prijedordanas.com\/wp-content\/uploads\/2023\/03\/snsd-prijedor-dan-zena-2023-28-480x320.jpg 480w, https:\/\/www.prijedordanas.com\/wp-content\/uploads\/2023\/03\/snsd-prijedor-dan-zena-2023-28.jpg 600w\" sizes=\"(max-width: 300px) 100vw, 300px\" \/><\/a> <a href=\"https:\/\/www.prijedordanas.com\/wp-content\/uploads\/2023\/03\/snsd-prijedor-dan-zena-2023-14.jpg\"><img loading=\"lazy\" decoding=\"async\" class=\"alignleft size-medium wp-image-201184\" src=\"https:\/\/www.prijedordanas.com\/wp-content\/uploads\/2023\/03\/snsd-prijedor-dan-zena-2023-14-300x200.jpg\" alt=\"\" width=\"300\" height=\"200\" srcset=\"https:\/\/www.prijedordanas.com\/wp-content\/uploads\/2023\/03\/snsd-prijedor-dan-zena-2023-14-300x200.jpg 300w, https:\/\/www.prijedordanas.com\/wp-content\/uploads\/2023\/03\/snsd-prijedor-dan-zena-2023-14-480x320.jpg 480w, https:\/\/www.prijedordanas.com\/wp-content\/uploads\/2023\/03\/snsd-prijedor-dan-zena-2023-14.jpg 600w\" sizes=\"(max-width: 300px) 100vw, 300px\" \/><\/a> <\/p>\n","protected":false},"excerpt":{"rendered":"<p>Predsjednik SNSD-a Milorad Dodik rekao je da je Aktiv \u017eena u Prijedoru jedan od najaktivnijih, te da se snaga ove stranke zasniva na aktivizmu koji pokazuju \u017eene, na njihovoj istrajnosti, [&hellip;]<\/p>\n","protected":false},"author":1,"featured_media":0,"comment_status":"closed","ping_status":"open","sticky":false,"template":"","format":"standard","meta":{"_monsterinsights_skip_tracking":false,"_monsterinsights_sitenote_active":false,"_monsterinsights_sitenote_note":"","_monsterinsights_sitenote_category":0,"footnotes":""},"categories":[8],"tags":[],"yoast_head":"<!-- This site is optimized with the Yoast SEO plugin v21.6 - https:\/\/yoast.com\/wordpress\/plugins\/seo\/ -->\n<title>Prijedor - Dodik: Snaga SNSD-a zasniva se na aktivizmu \u017eena - FOTO\/VIDEO - PrijedorDanas.com - Prijedorski gradski portal<\/title>\n<meta name=\"robots\" content=\"index, follow, max-snippet:-1, max-image-preview:large, max-video-preview:-1\" \/>\n<link rel=\"canonical\" href=\"https:\/\/www.prijedordanas.com\/?p=201182\" \/>\n<meta property=\"og:locale\" content=\"en_US\" \/>\n<meta property=\"og:type\" content=\"article\" \/>\n<meta property=\"og:title\" content=\"Prijedor - Dodik: Snaga SNSD-a zasniva se na aktivizmu \u017eena - FOTO\/VIDEO - PrijedorDanas.com - Prijedorski gradski portal\" \/>\n<meta property=\"og:description\" content=\"Predsjednik SNSD-a Milorad Dodik rekao je da je Aktiv \u017eena u Prijedoru jedan od najaktivnijih, te da se snaga ove stranke zasniva na aktivizmu koji pokazuju \u017eene, na njihovoj istrajnosti, [&hellip;]\" \/>\n<meta property=\"og:url\" content=\"https:\/\/www.prijedordanas.com\/?p=201182\" \/>\n<meta property=\"og:site_name\" content=\"PrijedorDanas.com - Prijedorski gradski portal\" \/>\n<meta property=\"article:publisher\" content=\"https:\/\/www.facebook.com\/PrijedorDanasCom\/\" \/>\n<meta property=\"article:published_time\" content=\"2023-03-05T17:32:04+00:00\" \/>\n<meta property=\"article:modified_time\" content=\"2023-03-05T21:01:03+00:00\" \/>\n<meta property=\"og:image\" content=\"https:\/\/www.prijedordanas.com\/wp-content\/uploads\/2023\/03\/snsd-prijedor-dan-zena-2023-4-300x225.jpg\" \/>\n<meta name=\"author\" content=\"admin\" \/>\n<meta name=\"twitter:card\" content=\"summary_large_image\" \/>\n<meta name=\"twitter:label1\" content=\"Written by\" \/>\n\t<meta name=\"twitter:data1\" content=\"admin\" \/>\n\t<meta name=\"twitter:label2\" content=\"Est. reading time\" \/>\n\t<meta name=\"twitter:data2\" content=\"5 minutes\" \/>\n<script type=\"application\/ld+json\" class=\"yoast-schema-graph\">{\"@context\":\"https:\/\/schema.org\",\"@graph\":[{\"@type\":\"Article\",\"@id\":\"https:\/\/www.prijedordanas.com\/?p=201182#article\",\"isPartOf\":{\"@id\":\"https:\/\/www.prijedordanas.com\/?p=201182\"},\"author\":{\"name\":\"admin\",\"@id\":\"https:\/\/www.prijedordanas.com\/#\/schema\/person\/4e08ccf29b506ca916ff86d46bb700e6\"},\"headline\":\"Prijedor &#8211; Dodik: Snaga SNSD-a zasniva se na aktivizmu \u017eena &#8211; FOTO\/VIDEO\",\"datePublished\":\"2023-03-05T17:32:04+00:00\",\"dateModified\":\"2023-03-05T21:01:03+00:00\",\"mainEntityOfPage\":{\"@id\":\"https:\/\/www.prijedordanas.com\/?p=201182\"},\"wordCount\":439,\"publisher\":{\"@id\":\"https:\/\/www.prijedordanas.com\/#organization\"},\"articleSection\":[\"Svakodnevno\"],\"inLanguage\":\"en-US\"},{\"@type\":\"WebPage\",\"@id\":\"https:\/\/www.prijedordanas.com\/?p=201182\",\"url\":\"https:\/\/www.prijedordanas.com\/?p=201182\",\"name\":\"Prijedor - Dodik: Snaga SNSD-a zasniva se na aktivizmu \u017eena - FOTO\/VIDEO - PrijedorDanas.com - Prijedorski gradski portal\",\"isPartOf\":{\"@id\":\"https:\/\/www.prijedordanas.com\/#website\"},\"datePublished\":\"2023-03-05T17:32:04+00:00\",\"dateModified\":\"2023-03-05T21:01:03+00:00\",\"breadcrumb\":{\"@id\":\"https:\/\/www.prijedordanas.com\/?p=201182#breadcrumb\"},\"inLanguage\":\"en-US\",\"potentialAction\":[{\"@type\":\"ReadAction\",\"target\":[\"https:\/\/www.prijedordanas.com\/?p=201182\"]}]},{\"@type\":\"BreadcrumbList\",\"@id\":\"https:\/\/www.prijedordanas.com\/?p=201182#breadcrumb\",\"itemListElement\":[{\"@type\":\"ListItem\",\"position\":1,\"name\":\"Home\",\"item\":\"https:\/\/www.prijedordanas.com\/\"},{\"@type\":\"ListItem\",\"position\":2,\"name\":\"Prijedor &#8211; Dodik: Snaga SNSD-a zasniva se na aktivizmu \u017eena &#8211; FOTO\/VIDEO\"}]},{\"@type\":\"WebSite\",\"@id\":\"https:\/\/www.prijedordanas.com\/#website\",\"url\":\"https:\/\/www.prijedordanas.com\/\",\"name\":\"PrijedorDanas.com - Prijedorski gradski portal\",\"description\":\"Portal o doga\u0111anjima u gradu Prijedoru\",\"publisher\":{\"@id\":\"https:\/\/www.prijedordanas.com\/#organization\"},\"potentialAction\":[{\"@type\":\"SearchAction\",\"target\":{\"@type\":\"EntryPoint\",\"urlTemplate\":\"https:\/\/www.prijedordanas.com\/?s={search_term_string}\"},\"query-input\":\"required name=search_term_string\"}],\"inLanguage\":\"en-US\"},{\"@type\":\"Organization\",\"@id\":\"https:\/\/www.prijedordanas.com\/#organization\",\"name\":\"PrijedorDanas.com\",\"url\":\"https:\/\/www.prijedordanas.com\/\",\"logo\":{\"@type\":\"ImageObject\",\"inLanguage\":\"en-US\",\"@id\":\"https:\/\/www.prijedordanas.com\/#\/schema\/logo\/image\/\",\"url\":\"http:\/\/www.prijedordanas.com\/wp-content\/uploads\/2021\/12\/logopng.png\",\"contentUrl\":\"http:\/\/www.prijedordanas.com\/wp-content\/uploads\/2021\/12\/logopng.png\",\"width\":1019,\"height\":776,\"caption\":\"PrijedorDanas.com\"},\"image\":{\"@id\":\"https:\/\/www.prijedordanas.com\/#\/schema\/logo\/image\/\"},\"sameAs\":[\"https:\/\/www.facebook.com\/PrijedorDanasCom\/\"]},{\"@type\":\"Person\",\"@id\":\"https:\/\/www.prijedordanas.com\/#\/schema\/person\/4e08ccf29b506ca916ff86d46bb700e6\",\"name\":\"admin\",\"image\":{\"@type\":\"ImageObject\",\"inLanguage\":\"en-US\",\"@id\":\"https:\/\/www.prijedordanas.com\/#\/schema\/person\/image\/\",\"url\":\"https:\/\/secure.gravatar.com\/avatar\/1d3fc949d550f0b53a5f0d51e06dfd79?s=96&d=mm&r=g\",\"contentUrl\":\"https:\/\/secure.gravatar.com\/avatar\/1d3fc949d550f0b53a5f0d51e06dfd79?s=96&d=mm&r=g\",\"caption\":\"admin\"},\"url\":\"https:\/\/www.prijedordanas.com\/?author=1\"}]}<\/script>\n<!-- \/ Yoast SEO plugin. -->","yoast_head_json":{"title":"Prijedor - Dodik: Snaga SNSD-a zasniva se na aktivizmu \u017eena - FOTO\/VIDEO - PrijedorDanas.com - Prijedorski gradski portal","robots":{"index":"index","follow":"follow","max-snippet":"max-snippet:-1","max-image-preview":"max-image-preview:large","max-video-preview":"max-video-preview:-1"},"canonical":"https:\/\/www.prijedordanas.com\/?p=201182","og_locale":"en_US","og_type":"article","og_title":"Prijedor - Dodik: Snaga SNSD-a zasniva se na aktivizmu \u017eena - FOTO\/VIDEO - PrijedorDanas.com - Prijedorski gradski portal","og_description":"Predsjednik SNSD-a Milorad Dodik rekao je da je Aktiv \u017eena u Prijedoru jedan od najaktivnijih, te da se snaga ove stranke zasniva na aktivizmu koji pokazuju \u017eene, na njihovoj istrajnosti, [&hellip;]","og_url":"https:\/\/www.prijedordanas.com\/?p=201182","og_site_name":"PrijedorDanas.com - Prijedorski gradski portal","article_publisher":"https:\/\/www.facebook.com\/PrijedorDanasCom\/","article_published_time":"2023-03-05T17:32:04+00:00","article_modified_time":"2023-03-05T21:01:03+00:00","og_image":[{"url":"https:\/\/www.prijedordanas.com\/wp-content\/uploads\/2023\/03\/snsd-prijedor-dan-zena-2023-4-300x225.jpg"}],"author":"admin","twitter_card":"summary_large_image","twitter_misc":{"Written by":"admin","Est. reading time":"5 minutes"},"schema":{"@context":"https:\/\/schema.org","@graph":[{"@type":"Article","@id":"https:\/\/www.prijedordanas.com\/?p=201182#article","isPartOf":{"@id":"https:\/\/www.prijedordanas.com\/?p=201182"},"author":{"name":"admin","@id":"https:\/\/www.prijedordanas.com\/#\/schema\/person\/4e08ccf29b506ca916ff86d46bb700e6"},"headline":"Prijedor &#8211; Dodik: Snaga SNSD-a zasniva se na aktivizmu \u017eena &#8211; FOTO\/VIDEO","datePublished":"2023-03-05T17:32:04+00:00","dateModified":"2023-03-05T21:01:03+00:00","mainEntityOfPage":{"@id":"https:\/\/www.prijedordanas.com\/?p=201182"},"wordCount":439,"publisher":{"@id":"https:\/\/www.prijedordanas.com\/#organization"},"articleSection":["Svakodnevno"],"inLanguage":"en-US"},{"@type":"WebPage","@id":"https:\/\/www.prijedordanas.com\/?p=201182","url":"https:\/\/www.prijedordanas.com\/?p=201182","name":"Prijedor - Dodik: Snaga SNSD-a zasniva se na aktivizmu \u017eena - FOTO\/VIDEO - PrijedorDanas.com - Prijedorski gradski portal","isPartOf":{"@id":"https:\/\/www.prijedordanas.com\/#website"},"datePublished":"2023-03-05T17:32:04+00:00","dateModified":"2023-03-05T21:01:03+00:00","breadcrumb":{"@id":"https:\/\/www.prijedordanas.com\/?p=201182#breadcrumb"},"inLanguage":"en-US","potentialAction":[{"@type":"ReadAction","target":["https:\/\/www.prijedordanas.com\/?p=201182"]}]},{"@type":"BreadcrumbList","@id":"https:\/\/www.prijedordanas.com\/?p=201182#breadcrumb","itemListElement":[{"@type":"ListItem","position":1,"name":"Home","item":"https:\/\/www.prijedordanas.com\/"},{"@type":"ListItem","position":2,"name":"Prijedor &#8211; Dodik: Snaga SNSD-a zasniva se na aktivizmu \u017eena &#8211; FOTO\/VIDEO"}]},{"@type":"WebSite","@id":"https:\/\/www.prijedordanas.com\/#website","url":"https:\/\/www.prijedordanas.com\/","name":"PrijedorDanas.com - Prijedorski gradski portal","description":"Portal o doga\u0111anjima u gradu Prijedoru","publisher":{"@id":"https:\/\/www.prijedordanas.com\/#organization"},"potentialAction":[{"@type":"SearchAction","target":{"@type":"EntryPoint","urlTemplate":"https:\/\/www.prijedordanas.com\/?s={search_term_string}"},"query-input":"required name=search_term_string"}],"inLanguage":"en-US"},{"@type":"Organization","@id":"https:\/\/www.prijedordanas.com\/#organization","name":"PrijedorDanas.com","url":"https:\/\/www.prijedordanas.com\/","logo":{"@type":"ImageObject","inLanguage":"en-US","@id":"https:\/\/www.prijedordanas.com\/#\/schema\/logo\/image\/","url":"http:\/\/www.prijedordanas.com\/wp-content\/uploads\/2021\/12\/logopng.png","contentUrl":"http:\/\/www.prijedordanas.com\/wp-content\/uploads\/2021\/12\/logopng.png","width":1019,"height":776,"caption":"PrijedorDanas.com"},"image":{"@id":"https:\/\/www.prijedordanas.com\/#\/schema\/logo\/image\/"},"sameAs":["https:\/\/www.facebook.com\/PrijedorDanasCom\/"]},{"@type":"Person","@id":"https:\/\/www.prijedordanas.com\/#\/schema\/person\/4e08ccf29b506ca916ff86d46bb700e6","name":"admin","image":{"@type":"ImageObject","inLanguage":"en-US","@id":"https:\/\/www.prijedordanas.com\/#\/schema\/person\/image\/","url":"https:\/\/secure.gravatar.com\/avatar\/1d3fc949d550f0b53a5f0d51e06dfd79?s=96&d=mm&r=g","contentUrl":"https:\/\/secure.gravatar.com\/avatar\/1d3fc949d550f0b53a5f0d51e06dfd79?s=96&d=mm&r=g","caption":"admin"},"url":"https:\/\/www.prijedordanas.com\/?author=1"}]}},"_links":{"self":[{"href":"https:\/\/www.prijedordanas.com\/index.php?rest_route=\/wp\/v2\/posts\/201182"}],"collection":[{"href":"https:\/\/www.prijedordanas.com\/index.php?rest_route=\/wp\/v2\/posts"}],"about":[{"href":"https:\/\/www.prijedordanas.com\/index.php?rest_route=\/wp\/v2\/types\/post"}],"author":[{"embeddable":true,"href":"https:\/\/www.prijedordanas.com\/index.php?rest_route=\/wp\/v2\/users\/1"}],"replies":[{"embeddable":true,"href":"https:\/\/www.prijedordanas.com\/index.php?rest_route=%2Fwp%2Fv2%2Fcomments&post=201182"}],"version-history":[{"count":2,"href":"https:\/\/www.prijedordanas.com\/index.php?rest_route=\/wp\/v2\/posts\/201182\/revisions"}],"predecessor-version":[{"id":201201,"href":"https:\/\/www.prijedordanas.com\/index.php?rest_route=\/wp\/v2\/posts\/201182\/revisions\/201201"}],"wp:attachment":[{"href":"https:\/\/www.prijedordanas.com\/index.php?rest_route=%2Fwp%2Fv2%2Fmedia&parent=201182"}],"wp:term":[{"taxonomy":"category","embeddable":true,"href":"https:\/\/www.prijedordanas.com\/index.php?rest_route=%2Fwp%2Fv2%2Fcategories&post=201182"},{"taxonomy":"post_tag","embeddable":true,"href":"https:\/\/www.prijedordanas.com\/index.php?rest_route=%2Fwp%2Fv2%2Ftags&post=201182"}],"curies":[{"name":"wp","href":"https:\/\/api.w.org\/{rel}","templated":true}]}}