{"id":200984,"date":"2023-03-01T02:11:22","date_gmt":"2023-03-01T01:11:22","guid":{"rendered":"https:\/\/www.prijedordanas.com\/?p=200984"},"modified":"2023-03-01T02:11:22","modified_gmt":"2023-03-01T01:11:22","slug":"pozoriste-prijedor-predstava-sve-o-zenama-poklon-sugradankama-za-8-mart","status":"publish","type":"post","link":"https:\/\/www.prijedordanas.com\/?p=200984","title":{"rendered":"Pozori\u0161te Prijedor: Predstava &#8220;Sve o \u017eenama&#8221; poklon sugra\u0111ankama za 8. mart"},"content":{"rendered":"<p><a href=\"https:\/\/www.prijedordanas.com\/wp-content\/uploads\/2018\/03\/sve-o-zenama-predstava.jpg\"><img loading=\"lazy\" decoding=\"async\" src=\"https:\/\/www.prijedordanas.com\/wp-content\/uploads\/2018\/03\/sve-o-zenama-predstava-300x222.jpg\" alt=\"\" width=\"300\" height=\"222\" class=\"alignleft size-medium wp-image-101420\" srcset=\"https:\/\/www.prijedordanas.com\/wp-content\/uploads\/2018\/03\/sve-o-zenama-predstava-300x222.jpg 300w, https:\/\/www.prijedordanas.com\/wp-content\/uploads\/2018\/03\/sve-o-zenama-predstava-100x74.jpg 100w, https:\/\/www.prijedordanas.com\/wp-content\/uploads\/2018\/03\/sve-o-zenama-predstava.jpg 675w\" sizes=\"(max-width: 300px) 100vw, 300px\" \/><\/a>Pozori\u0161te Prijedor pokloni\u0107e sugra\u0111ankama povodom Dana \u017eena predstavu &#8220;Sve o \u017eenama&#8221;, koju je re\u017eirao Darko Cvijeti\u0107 po tekstu najizvo\u0111enijeg savremenog hrvatski dramskog pisca Mire Gavrana.<\/p>\n<p>Sve o \u017eenama&#8221; na repertoaru je u utorak, 7. marta, a ulaznice se mogu rezervisati pozivom na broj 052 211 116 i preuzeti radnim danima od 8.00 do 14.00 \u010dasova u prostorijama pozori\u0161ta.<\/p>\n<p>U predstavi o savremenim \u017eenama, kroz pet razli\u010ditih pri\u010da, tri glumice prikazuju ukupno petnaest likova. Junakinje su u razli\u010ditom \u017eivotnom dobu, od djevoj\u010dica u vrti\u0107u do starica u domu penzionera. Zahtjevne uloge, koje podrazumijevaju brzu transformaciju, tuma\u010de glumice Sabina Halilovi\u0107, Mirela Predojevi\u0107 i Jelena Seksen.<\/p>\n<p>Predstava \u0107e po\u010deti u 20.00 \u010dasova.<\/p>\n<p><a href=\"https:\/\/www.nezavisne.com\/kultura\/pozornica\/Predstava-Sve-o-zenama-poklon-sugradjankama-za-8-mart\/760908\" rel=\"noopener\" target=\"_blank\">nezavisne.com<\/a><\/p>\n","protected":false},"excerpt":{"rendered":"<p>Pozori\u0161te Prijedor pokloni\u0107e sugra\u0111ankama povodom Dana \u017eena predstavu &#8220;Sve o \u017eenama&#8221;, koju je re\u017eirao Darko Cvijeti\u0107 po tekstu najizvo\u0111enijeg savremenog hrvatski dramskog pisca Mire Gavrana. Sve o \u017eenama&#8221; na repertoaru [&hellip;]<\/p>\n","protected":false},"author":1,"featured_media":0,"comment_status":"closed","ping_status":"open","sticky":false,"template":"","format":"standard","meta":{"_monsterinsights_skip_tracking":false,"_monsterinsights_sitenote_active":false,"_monsterinsights_sitenote_note":"","_monsterinsights_sitenote_category":0,"footnotes":""},"categories":[6],"tags":[],"yoast_head":"<!-- This site is optimized with the Yoast SEO plugin v21.6 - https:\/\/yoast.com\/wordpress\/plugins\/seo\/ -->\n<title>Pozori\u0161te Prijedor: Predstava &quot;Sve o \u017eenama&quot; poklon sugra\u0111ankama za 8. mart - PrijedorDanas.com - Prijedorski gradski portal<\/title>\n<meta name=\"robots\" content=\"index, follow, max-snippet:-1, max-image-preview:large, max-video-preview:-1\" \/>\n<link rel=\"canonical\" href=\"https:\/\/www.prijedordanas.com\/?p=200984\" \/>\n<meta property=\"og:locale\" content=\"en_US\" \/>\n<meta property=\"og:type\" content=\"article\" \/>\n<meta property=\"og:title\" content=\"Pozori\u0161te Prijedor: Predstava &quot;Sve o \u017eenama&quot; poklon sugra\u0111ankama za 8. mart - PrijedorDanas.com - Prijedorski gradski portal\" \/>\n<meta property=\"og:description\" content=\"Pozori\u0161te Prijedor pokloni\u0107e sugra\u0111ankama povodom Dana \u017eena predstavu &#8220;Sve o \u017eenama&#8221;, koju je re\u017eirao Darko Cvijeti\u0107 po tekstu najizvo\u0111enijeg savremenog hrvatski dramskog pisca Mire Gavrana. Sve o \u017eenama&#8221; na repertoaru [&hellip;]\" \/>\n<meta property=\"og:url\" content=\"https:\/\/www.prijedordanas.com\/?p=200984\" \/>\n<meta property=\"og:site_name\" content=\"PrijedorDanas.com - Prijedorski gradski portal\" \/>\n<meta property=\"article:publisher\" content=\"https:\/\/www.facebook.com\/PrijedorDanasCom\/\" \/>\n<meta property=\"article:published_time\" content=\"2023-03-01T01:11:22+00:00\" \/>\n<meta property=\"og:image\" content=\"https:\/\/www.prijedordanas.com\/wp-content\/uploads\/2018\/03\/sve-o-zenama-predstava-300x222.jpg\" \/>\n<meta name=\"author\" content=\"admin\" \/>\n<meta name=\"twitter:card\" content=\"summary_large_image\" \/>\n<meta name=\"twitter:label1\" content=\"Written by\" \/>\n\t<meta name=\"twitter:data1\" content=\"admin\" \/>\n<script type=\"application\/ld+json\" class=\"yoast-schema-graph\">{\"@context\":\"https:\/\/schema.org\",\"@graph\":[{\"@type\":\"Article\",\"@id\":\"https:\/\/www.prijedordanas.com\/?p=200984#article\",\"isPartOf\":{\"@id\":\"https:\/\/www.prijedordanas.com\/?p=200984\"},\"author\":{\"name\":\"admin\",\"@id\":\"https:\/\/www.prijedordanas.com\/#\/schema\/person\/4e08ccf29b506ca916ff86d46bb700e6\"},\"headline\":\"Pozori\u0161te Prijedor: Predstava &#8220;Sve o \u017eenama&#8221; poklon sugra\u0111ankama za 8. mart\",\"datePublished\":\"2023-03-01T01:11:22+00:00\",\"dateModified\":\"2023-03-01T01:11:22+00:00\",\"mainEntityOfPage\":{\"@id\":\"https:\/\/www.prijedordanas.com\/?p=200984\"},\"wordCount\":129,\"publisher\":{\"@id\":\"https:\/\/www.prijedordanas.com\/#organization\"},\"articleSection\":[\"Kultura\"],\"inLanguage\":\"en-US\"},{\"@type\":\"WebPage\",\"@id\":\"https:\/\/www.prijedordanas.com\/?p=200984\",\"url\":\"https:\/\/www.prijedordanas.com\/?p=200984\",\"name\":\"Pozori\u0161te Prijedor: Predstava \\\"Sve o \u017eenama\\\" poklon sugra\u0111ankama za 8. mart - PrijedorDanas.com - Prijedorski gradski portal\",\"isPartOf\":{\"@id\":\"https:\/\/www.prijedordanas.com\/#website\"},\"datePublished\":\"2023-03-01T01:11:22+00:00\",\"dateModified\":\"2023-03-01T01:11:22+00:00\",\"breadcrumb\":{\"@id\":\"https:\/\/www.prijedordanas.com\/?p=200984#breadcrumb\"},\"inLanguage\":\"en-US\",\"potentialAction\":[{\"@type\":\"ReadAction\",\"target\":[\"https:\/\/www.prijedordanas.com\/?p=200984\"]}]},{\"@type\":\"BreadcrumbList\",\"@id\":\"https:\/\/www.prijedordanas.com\/?p=200984#breadcrumb\",\"itemListElement\":[{\"@type\":\"ListItem\",\"position\":1,\"name\":\"Home\",\"item\":\"https:\/\/www.prijedordanas.com\/\"},{\"@type\":\"ListItem\",\"position\":2,\"name\":\"Pozori\u0161te Prijedor: Predstava &#8220;Sve o \u017eenama&#8221; poklon sugra\u0111ankama za 8. mart\"}]},{\"@type\":\"WebSite\",\"@id\":\"https:\/\/www.prijedordanas.com\/#website\",\"url\":\"https:\/\/www.prijedordanas.com\/\",\"name\":\"PrijedorDanas.com - Prijedorski gradski portal\",\"description\":\"Portal o doga\u0111anjima u gradu Prijedoru\",\"publisher\":{\"@id\":\"https:\/\/www.prijedordanas.com\/#organization\"},\"potentialAction\":[{\"@type\":\"SearchAction\",\"target\":{\"@type\":\"EntryPoint\",\"urlTemplate\":\"https:\/\/www.prijedordanas.com\/?s={search_term_string}\"},\"query-input\":\"required name=search_term_string\"}],\"inLanguage\":\"en-US\"},{\"@type\":\"Organization\",\"@id\":\"https:\/\/www.prijedordanas.com\/#organization\",\"name\":\"PrijedorDanas.com\",\"url\":\"https:\/\/www.prijedordanas.com\/\",\"logo\":{\"@type\":\"ImageObject\",\"inLanguage\":\"en-US\",\"@id\":\"https:\/\/www.prijedordanas.com\/#\/schema\/logo\/image\/\",\"url\":\"http:\/\/www.prijedordanas.com\/wp-content\/uploads\/2021\/12\/logopng.png\",\"contentUrl\":\"http:\/\/www.prijedordanas.com\/wp-content\/uploads\/2021\/12\/logopng.png\",\"width\":1019,\"height\":776,\"caption\":\"PrijedorDanas.com\"},\"image\":{\"@id\":\"https:\/\/www.prijedordanas.com\/#\/schema\/logo\/image\/\"},\"sameAs\":[\"https:\/\/www.facebook.com\/PrijedorDanasCom\/\"]},{\"@type\":\"Person\",\"@id\":\"https:\/\/www.prijedordanas.com\/#\/schema\/person\/4e08ccf29b506ca916ff86d46bb700e6\",\"name\":\"admin\",\"image\":{\"@type\":\"ImageObject\",\"inLanguage\":\"en-US\",\"@id\":\"https:\/\/www.prijedordanas.com\/#\/schema\/person\/image\/\",\"url\":\"https:\/\/secure.gravatar.com\/avatar\/1d3fc949d550f0b53a5f0d51e06dfd79?s=96&d=mm&r=g\",\"contentUrl\":\"https:\/\/secure.gravatar.com\/avatar\/1d3fc949d550f0b53a5f0d51e06dfd79?s=96&d=mm&r=g\",\"caption\":\"admin\"},\"url\":\"https:\/\/www.prijedordanas.com\/?author=1\"}]}<\/script>\n<!-- \/ Yoast SEO plugin. -->","yoast_head_json":{"title":"Pozori\u0161te Prijedor: Predstava \"Sve o \u017eenama\" poklon sugra\u0111ankama za 8. mart - PrijedorDanas.com - Prijedorski gradski portal","robots":{"index":"index","follow":"follow","max-snippet":"max-snippet:-1","max-image-preview":"max-image-preview:large","max-video-preview":"max-video-preview:-1"},"canonical":"https:\/\/www.prijedordanas.com\/?p=200984","og_locale":"en_US","og_type":"article","og_title":"Pozori\u0161te Prijedor: Predstava \"Sve o \u017eenama\" poklon sugra\u0111ankama za 8. mart - PrijedorDanas.com - Prijedorski gradski portal","og_description":"Pozori\u0161te Prijedor pokloni\u0107e sugra\u0111ankama povodom Dana \u017eena predstavu &#8220;Sve o \u017eenama&#8221;, koju je re\u017eirao Darko Cvijeti\u0107 po tekstu najizvo\u0111enijeg savremenog hrvatski dramskog pisca Mire Gavrana. Sve o \u017eenama&#8221; na repertoaru [&hellip;]","og_url":"https:\/\/www.prijedordanas.com\/?p=200984","og_site_name":"PrijedorDanas.com - Prijedorski gradski portal","article_publisher":"https:\/\/www.facebook.com\/PrijedorDanasCom\/","article_published_time":"2023-03-01T01:11:22+00:00","og_image":[{"url":"https:\/\/www.prijedordanas.com\/wp-content\/uploads\/2018\/03\/sve-o-zenama-predstava-300x222.jpg"}],"author":"admin","twitter_card":"summary_large_image","twitter_misc":{"Written by":"admin"},"schema":{"@context":"https:\/\/schema.org","@graph":[{"@type":"Article","@id":"https:\/\/www.prijedordanas.com\/?p=200984#article","isPartOf":{"@id":"https:\/\/www.prijedordanas.com\/?p=200984"},"author":{"name":"admin","@id":"https:\/\/www.prijedordanas.com\/#\/schema\/person\/4e08ccf29b506ca916ff86d46bb700e6"},"headline":"Pozori\u0161te Prijedor: Predstava &#8220;Sve o \u017eenama&#8221; poklon sugra\u0111ankama za 8. mart","datePublished":"2023-03-01T01:11:22+00:00","dateModified":"2023-03-01T01:11:22+00:00","mainEntityOfPage":{"@id":"https:\/\/www.prijedordanas.com\/?p=200984"},"wordCount":129,"publisher":{"@id":"https:\/\/www.prijedordanas.com\/#organization"},"articleSection":["Kultura"],"inLanguage":"en-US"},{"@type":"WebPage","@id":"https:\/\/www.prijedordanas.com\/?p=200984","url":"https:\/\/www.prijedordanas.com\/?p=200984","name":"Pozori\u0161te Prijedor: Predstava \"Sve o \u017eenama\" poklon sugra\u0111ankama za 8. mart - PrijedorDanas.com - Prijedorski gradski portal","isPartOf":{"@id":"https:\/\/www.prijedordanas.com\/#website"},"datePublished":"2023-03-01T01:11:22+00:00","dateModified":"2023-03-01T01:11:22+00:00","breadcrumb":{"@id":"https:\/\/www.prijedordanas.com\/?p=200984#breadcrumb"},"inLanguage":"en-US","potentialAction":[{"@type":"ReadAction","target":["https:\/\/www.prijedordanas.com\/?p=200984"]}]},{"@type":"BreadcrumbList","@id":"https:\/\/www.prijedordanas.com\/?p=200984#breadcrumb","itemListElement":[{"@type":"ListItem","position":1,"name":"Home","item":"https:\/\/www.prijedordanas.com\/"},{"@type":"ListItem","position":2,"name":"Pozori\u0161te Prijedor: Predstava &#8220;Sve o \u017eenama&#8221; poklon sugra\u0111ankama za 8. mart"}]},{"@type":"WebSite","@id":"https:\/\/www.prijedordanas.com\/#website","url":"https:\/\/www.prijedordanas.com\/","name":"PrijedorDanas.com - Prijedorski gradski portal","description":"Portal o doga\u0111anjima u gradu Prijedoru","publisher":{"@id":"https:\/\/www.prijedordanas.com\/#organization"},"potentialAction":[{"@type":"SearchAction","target":{"@type":"EntryPoint","urlTemplate":"https:\/\/www.prijedordanas.com\/?s={search_term_string}"},"query-input":"required name=search_term_string"}],"inLanguage":"en-US"},{"@type":"Organization","@id":"https:\/\/www.prijedordanas.com\/#organization","name":"PrijedorDanas.com","url":"https:\/\/www.prijedordanas.com\/","logo":{"@type":"ImageObject","inLanguage":"en-US","@id":"https:\/\/www.prijedordanas.com\/#\/schema\/logo\/image\/","url":"http:\/\/www.prijedordanas.com\/wp-content\/uploads\/2021\/12\/logopng.png","contentUrl":"http:\/\/www.prijedordanas.com\/wp-content\/uploads\/2021\/12\/logopng.png","width":1019,"height":776,"caption":"PrijedorDanas.com"},"image":{"@id":"https:\/\/www.prijedordanas.com\/#\/schema\/logo\/image\/"},"sameAs":["https:\/\/www.facebook.com\/PrijedorDanasCom\/"]},{"@type":"Person","@id":"https:\/\/www.prijedordanas.com\/#\/schema\/person\/4e08ccf29b506ca916ff86d46bb700e6","name":"admin","image":{"@type":"ImageObject","inLanguage":"en-US","@id":"https:\/\/www.prijedordanas.com\/#\/schema\/person\/image\/","url":"https:\/\/secure.gravatar.com\/avatar\/1d3fc949d550f0b53a5f0d51e06dfd79?s=96&d=mm&r=g","contentUrl":"https:\/\/secure.gravatar.com\/avatar\/1d3fc949d550f0b53a5f0d51e06dfd79?s=96&d=mm&r=g","caption":"admin"},"url":"https:\/\/www.prijedordanas.com\/?author=1"}]}},"_links":{"self":[{"href":"https:\/\/www.prijedordanas.com\/index.php?rest_route=\/wp\/v2\/posts\/200984"}],"collection":[{"href":"https:\/\/www.prijedordanas.com\/index.php?rest_route=\/wp\/v2\/posts"}],"about":[{"href":"https:\/\/www.prijedordanas.com\/index.php?rest_route=\/wp\/v2\/types\/post"}],"author":[{"embeddable":true,"href":"https:\/\/www.prijedordanas.com\/index.php?rest_route=\/wp\/v2\/users\/1"}],"replies":[{"embeddable":true,"href":"https:\/\/www.prijedordanas.com\/index.php?rest_route=%2Fwp%2Fv2%2Fcomments&post=200984"}],"version-history":[{"count":1,"href":"https:\/\/www.prijedordanas.com\/index.php?rest_route=\/wp\/v2\/posts\/200984\/revisions"}],"predecessor-version":[{"id":200985,"href":"https:\/\/www.prijedordanas.com\/index.php?rest_route=\/wp\/v2\/posts\/200984\/revisions\/200985"}],"wp:attachment":[{"href":"https:\/\/www.prijedordanas.com\/index.php?rest_route=%2Fwp%2Fv2%2Fmedia&parent=200984"}],"wp:term":[{"taxonomy":"category","embeddable":true,"href":"https:\/\/www.prijedordanas.com\/index.php?rest_route=%2Fwp%2Fv2%2Fcategories&post=200984"},{"taxonomy":"post_tag","embeddable":true,"href":"https:\/\/www.prijedordanas.com\/index.php?rest_route=%2Fwp%2Fv2%2Ftags&post=200984"}],"curies":[{"name":"wp","href":"https:\/\/api.w.org\/{rel}","templated":true}]}}