{"id":200926,"date":"2023-02-27T18:53:29","date_gmt":"2023-02-27T17:53:29","guid":{"rendered":"https:\/\/www.prijedordanas.com\/?p=200926"},"modified":"2023-02-27T18:53:29","modified_gmt":"2023-02-27T17:53:29","slug":"skupstina-grada-prijedora-za-11-udruzenja-utvrden-status-javnog-interesa","status":"publish","type":"post","link":"https:\/\/www.prijedordanas.com\/?p=200926","title":{"rendered":"Skup\u0161tina grada Prijedora: Za 11 udru\u017eenja utvr\u0111en status javnog interesa"},"content":{"rendered":"<p><a href=\"https:\/\/www.prijedordanas.com\/wp-content\/uploads\/2023\/02\/skupstina-grada-27februar-8.jpg\"><img loading=\"lazy\" decoding=\"async\" class=\"alignleft size-medium wp-image-200927\" src=\"https:\/\/www.prijedordanas.com\/wp-content\/uploads\/2023\/02\/skupstina-grada-27februar-8-300x225.jpg\" alt=\"\" width=\"300\" height=\"225\" srcset=\"https:\/\/www.prijedordanas.com\/wp-content\/uploads\/2023\/02\/skupstina-grada-27februar-8-300x225.jpg 300w, https:\/\/www.prijedordanas.com\/wp-content\/uploads\/2023\/02\/skupstina-grada-27februar-8-640x480.jpg 640w, https:\/\/www.prijedordanas.com\/wp-content\/uploads\/2023\/02\/skupstina-grada-27februar-8.jpg 667w\" sizes=\"(max-width: 300px) 100vw, 300px\" \/><\/a>Odbornici Skup\u0161tine grada Prijedora usvojili su danas odluku kojom je 11 nevladinih organizacija dobilo status udru\u017eenja od interesa za grad.<\/p>\n<p>Status su dobili Udru\u017eenje penzionera, &#8220;Gradski hor&#8221;, &#8220;DON&#8221;, Astronomsko dru\u0161tvo &#8220;Sirijus&#8221;, Regionalno uru\u017eenje distrofi\u010dara, Udru\u017eenje za o\u010duvanje tradicije, Udru\u017eenje dijabeti\u010dara, Udru\u017eenje paraplegi\u010dara oboljelih od dje\u010dije paralize, &#8220;Altruist&#8221;, &#8220;Anemona&#8221; i &#8220;Psiholuminis&#8221;.<\/p>\n<p>PotpredsjedniK Skup\u0161tine grada Azra Pa\u0161ali\u0107 pitala je kako na spisku nema Udru\u017eenja roditelja djece sa posebnim potrebama &#8220;Neven&#8221;, a \u0161ef gradskog Odsjeka za sport i nevladine organizacije Dragan Vu\u010denovi\u0107 rekao je da se to udru\u017eenje nije prijavilo na javni konkurs za utvr\u0111ivanje statusa udru\u017eenja od interesa za grad Prijedor.<\/p>\n<p><a href=\"https:\/\/www.prijedordanas.com\/wp-content\/uploads\/2023\/02\/skupstina-grada-27februar-5.jpg\"><img loading=\"lazy\" decoding=\"async\" src=\"https:\/\/www.prijedordanas.com\/wp-content\/uploads\/2023\/02\/skupstina-grada-27februar-5-300x225.jpg\" alt=\"\" width=\"300\" height=\"225\" class=\"alignleft size-medium wp-image-200928\" srcset=\"https:\/\/www.prijedordanas.com\/wp-content\/uploads\/2023\/02\/skupstina-grada-27februar-5-300x225.jpg 300w, https:\/\/www.prijedordanas.com\/wp-content\/uploads\/2023\/02\/skupstina-grada-27februar-5-640x480.jpg 640w, https:\/\/www.prijedordanas.com\/wp-content\/uploads\/2023\/02\/skupstina-grada-27februar-5.jpg 667w\" sizes=\"(max-width: 300px) 100vw, 300px\" \/><\/a>Vu\u010denovi\u0107 je rekao da se na konkurs prijavilo jo\u0161 pet udru\u017eenja, ali da su odbijena zbog nepotpune dokumentacije.<\/p>\n<p>Rije\u010d je o Udru\u017eenju roditelja sa \u010detvoro i vi\u0161e djece &#8220;Roda&#8221;, Srpskom kulturnom umjetni\u010dkom dru\u0161tvu \/SKUD\/ &#8220;Dr Mladen Stojanovi\u0107&#8221;, Me\u0111uop\u0161tinskoj organizaciji saveza slijepih i slabovidih, Udru\u017eenju &#8220;Optimisti&#8221; i Aeroklubu &#8220;Prijedor&#8221;.<\/p>\n<p>Status udru\u017eenja od interesa za grad Prijedor dodjeljuje se udru\u017eenjima na osnovu njihovog istorijskog, kultorolo\u0161kog, multietni\u010dkog, teritorijalnog i socijalno-humanitarnog rada, a koja svojim aktivnostima i projektima pru\u017eaju odr\u0111ene usluge stanovni\u0161tvu i na taj na\u010din se prepoznaju kao partneri grada i gradskih javnih ustanova u zadovoljavanju potreba gra\u0111ana.<\/p>\n<p>SRNA<\/p>\n","protected":false},"excerpt":{"rendered":"<p>Odbornici Skup\u0161tine grada Prijedora usvojili su danas odluku kojom je 11 nevladinih organizacija dobilo status udru\u017eenja od interesa za grad. Status su dobili Udru\u017eenje penzionera, &#8220;Gradski hor&#8221;, &#8220;DON&#8221;, Astronomsko dru\u0161tvo [&hellip;]<\/p>\n","protected":false},"author":1,"featured_media":0,"comment_status":"closed","ping_status":"open","sticky":false,"template":"","format":"standard","meta":{"_monsterinsights_skip_tracking":false,"_monsterinsights_sitenote_active":false,"_monsterinsights_sitenote_note":"","_monsterinsights_sitenote_category":0,"footnotes":""},"categories":[4],"tags":[],"yoast_head":"<!-- This site is optimized with the Yoast SEO plugin v21.6 - https:\/\/yoast.com\/wordpress\/plugins\/seo\/ -->\n<title>Skup\u0161tina grada Prijedora: Za 11 udru\u017eenja utvr\u0111en status javnog interesa - PrijedorDanas.com - Prijedorski gradski portal<\/title>\n<meta name=\"robots\" content=\"index, follow, max-snippet:-1, max-image-preview:large, max-video-preview:-1\" \/>\n<link rel=\"canonical\" href=\"https:\/\/www.prijedordanas.com\/?p=200926\" \/>\n<meta property=\"og:locale\" content=\"en_US\" \/>\n<meta property=\"og:type\" content=\"article\" \/>\n<meta property=\"og:title\" content=\"Skup\u0161tina grada Prijedora: Za 11 udru\u017eenja utvr\u0111en status javnog interesa - PrijedorDanas.com - Prijedorski gradski portal\" \/>\n<meta property=\"og:description\" content=\"Odbornici Skup\u0161tine grada Prijedora usvojili su danas odluku kojom je 11 nevladinih organizacija dobilo status udru\u017eenja od interesa za grad. Status su dobili Udru\u017eenje penzionera, &#8220;Gradski hor&#8221;, &#8220;DON&#8221;, Astronomsko dru\u0161tvo [&hellip;]\" \/>\n<meta property=\"og:url\" content=\"https:\/\/www.prijedordanas.com\/?p=200926\" \/>\n<meta property=\"og:site_name\" content=\"PrijedorDanas.com - Prijedorski gradski portal\" \/>\n<meta property=\"article:publisher\" content=\"https:\/\/www.facebook.com\/PrijedorDanasCom\/\" \/>\n<meta property=\"article:published_time\" content=\"2023-02-27T17:53:29+00:00\" \/>\n<meta property=\"og:image\" content=\"https:\/\/www.prijedordanas.com\/wp-content\/uploads\/2023\/02\/skupstina-grada-27februar-8-300x225.jpg\" \/>\n<meta name=\"author\" content=\"admin\" \/>\n<meta name=\"twitter:card\" content=\"summary_large_image\" \/>\n<meta name=\"twitter:label1\" content=\"Written by\" \/>\n\t<meta name=\"twitter:data1\" content=\"admin\" \/>\n\t<meta name=\"twitter:label2\" content=\"Est. reading time\" \/>\n\t<meta name=\"twitter:data2\" content=\"2 minutes\" \/>\n<script type=\"application\/ld+json\" class=\"yoast-schema-graph\">{\"@context\":\"https:\/\/schema.org\",\"@graph\":[{\"@type\":\"Article\",\"@id\":\"https:\/\/www.prijedordanas.com\/?p=200926#article\",\"isPartOf\":{\"@id\":\"https:\/\/www.prijedordanas.com\/?p=200926\"},\"author\":{\"name\":\"admin\",\"@id\":\"https:\/\/www.prijedordanas.com\/#\/schema\/person\/4e08ccf29b506ca916ff86d46bb700e6\"},\"headline\":\"Skup\u0161tina grada Prijedora: Za 11 udru\u017eenja utvr\u0111en status javnog interesa\",\"datePublished\":\"2023-02-27T17:53:29+00:00\",\"dateModified\":\"2023-02-27T17:53:29+00:00\",\"mainEntityOfPage\":{\"@id\":\"https:\/\/www.prijedordanas.com\/?p=200926\"},\"wordCount\":244,\"publisher\":{\"@id\":\"https:\/\/www.prijedordanas.com\/#organization\"},\"articleSection\":[\"Dru\u0161tvo\"],\"inLanguage\":\"en-US\"},{\"@type\":\"WebPage\",\"@id\":\"https:\/\/www.prijedordanas.com\/?p=200926\",\"url\":\"https:\/\/www.prijedordanas.com\/?p=200926\",\"name\":\"Skup\u0161tina grada Prijedora: Za 11 udru\u017eenja utvr\u0111en status javnog interesa - PrijedorDanas.com - Prijedorski gradski portal\",\"isPartOf\":{\"@id\":\"https:\/\/www.prijedordanas.com\/#website\"},\"datePublished\":\"2023-02-27T17:53:29+00:00\",\"dateModified\":\"2023-02-27T17:53:29+00:00\",\"breadcrumb\":{\"@id\":\"https:\/\/www.prijedordanas.com\/?p=200926#breadcrumb\"},\"inLanguage\":\"en-US\",\"potentialAction\":[{\"@type\":\"ReadAction\",\"target\":[\"https:\/\/www.prijedordanas.com\/?p=200926\"]}]},{\"@type\":\"BreadcrumbList\",\"@id\":\"https:\/\/www.prijedordanas.com\/?p=200926#breadcrumb\",\"itemListElement\":[{\"@type\":\"ListItem\",\"position\":1,\"name\":\"Home\",\"item\":\"https:\/\/www.prijedordanas.com\/\"},{\"@type\":\"ListItem\",\"position\":2,\"name\":\"Skup\u0161tina grada Prijedora: Za 11 udru\u017eenja utvr\u0111en status javnog interesa\"}]},{\"@type\":\"WebSite\",\"@id\":\"https:\/\/www.prijedordanas.com\/#website\",\"url\":\"https:\/\/www.prijedordanas.com\/\",\"name\":\"PrijedorDanas.com - Prijedorski gradski portal\",\"description\":\"Portal o doga\u0111anjima u gradu Prijedoru\",\"publisher\":{\"@id\":\"https:\/\/www.prijedordanas.com\/#organization\"},\"potentialAction\":[{\"@type\":\"SearchAction\",\"target\":{\"@type\":\"EntryPoint\",\"urlTemplate\":\"https:\/\/www.prijedordanas.com\/?s={search_term_string}\"},\"query-input\":\"required name=search_term_string\"}],\"inLanguage\":\"en-US\"},{\"@type\":\"Organization\",\"@id\":\"https:\/\/www.prijedordanas.com\/#organization\",\"name\":\"PrijedorDanas.com\",\"url\":\"https:\/\/www.prijedordanas.com\/\",\"logo\":{\"@type\":\"ImageObject\",\"inLanguage\":\"en-US\",\"@id\":\"https:\/\/www.prijedordanas.com\/#\/schema\/logo\/image\/\",\"url\":\"http:\/\/www.prijedordanas.com\/wp-content\/uploads\/2021\/12\/logopng.png\",\"contentUrl\":\"http:\/\/www.prijedordanas.com\/wp-content\/uploads\/2021\/12\/logopng.png\",\"width\":1019,\"height\":776,\"caption\":\"PrijedorDanas.com\"},\"image\":{\"@id\":\"https:\/\/www.prijedordanas.com\/#\/schema\/logo\/image\/\"},\"sameAs\":[\"https:\/\/www.facebook.com\/PrijedorDanasCom\/\"]},{\"@type\":\"Person\",\"@id\":\"https:\/\/www.prijedordanas.com\/#\/schema\/person\/4e08ccf29b506ca916ff86d46bb700e6\",\"name\":\"admin\",\"image\":{\"@type\":\"ImageObject\",\"inLanguage\":\"en-US\",\"@id\":\"https:\/\/www.prijedordanas.com\/#\/schema\/person\/image\/\",\"url\":\"https:\/\/secure.gravatar.com\/avatar\/1d3fc949d550f0b53a5f0d51e06dfd79?s=96&d=mm&r=g\",\"contentUrl\":\"https:\/\/secure.gravatar.com\/avatar\/1d3fc949d550f0b53a5f0d51e06dfd79?s=96&d=mm&r=g\",\"caption\":\"admin\"},\"url\":\"https:\/\/www.prijedordanas.com\/?author=1\"}]}<\/script>\n<!-- \/ Yoast SEO plugin. -->","yoast_head_json":{"title":"Skup\u0161tina grada Prijedora: Za 11 udru\u017eenja utvr\u0111en status javnog interesa - PrijedorDanas.com - Prijedorski gradski portal","robots":{"index":"index","follow":"follow","max-snippet":"max-snippet:-1","max-image-preview":"max-image-preview:large","max-video-preview":"max-video-preview:-1"},"canonical":"https:\/\/www.prijedordanas.com\/?p=200926","og_locale":"en_US","og_type":"article","og_title":"Skup\u0161tina grada Prijedora: Za 11 udru\u017eenja utvr\u0111en status javnog interesa - PrijedorDanas.com - Prijedorski gradski portal","og_description":"Odbornici Skup\u0161tine grada Prijedora usvojili su danas odluku kojom je 11 nevladinih organizacija dobilo status udru\u017eenja od interesa za grad. Status su dobili Udru\u017eenje penzionera, &#8220;Gradski hor&#8221;, &#8220;DON&#8221;, Astronomsko dru\u0161tvo [&hellip;]","og_url":"https:\/\/www.prijedordanas.com\/?p=200926","og_site_name":"PrijedorDanas.com - Prijedorski gradski portal","article_publisher":"https:\/\/www.facebook.com\/PrijedorDanasCom\/","article_published_time":"2023-02-27T17:53:29+00:00","og_image":[{"url":"https:\/\/www.prijedordanas.com\/wp-content\/uploads\/2023\/02\/skupstina-grada-27februar-8-300x225.jpg"}],"author":"admin","twitter_card":"summary_large_image","twitter_misc":{"Written by":"admin","Est. reading time":"2 minutes"},"schema":{"@context":"https:\/\/schema.org","@graph":[{"@type":"Article","@id":"https:\/\/www.prijedordanas.com\/?p=200926#article","isPartOf":{"@id":"https:\/\/www.prijedordanas.com\/?p=200926"},"author":{"name":"admin","@id":"https:\/\/www.prijedordanas.com\/#\/schema\/person\/4e08ccf29b506ca916ff86d46bb700e6"},"headline":"Skup\u0161tina grada Prijedora: Za 11 udru\u017eenja utvr\u0111en status javnog interesa","datePublished":"2023-02-27T17:53:29+00:00","dateModified":"2023-02-27T17:53:29+00:00","mainEntityOfPage":{"@id":"https:\/\/www.prijedordanas.com\/?p=200926"},"wordCount":244,"publisher":{"@id":"https:\/\/www.prijedordanas.com\/#organization"},"articleSection":["Dru\u0161tvo"],"inLanguage":"en-US"},{"@type":"WebPage","@id":"https:\/\/www.prijedordanas.com\/?p=200926","url":"https:\/\/www.prijedordanas.com\/?p=200926","name":"Skup\u0161tina grada Prijedora: Za 11 udru\u017eenja utvr\u0111en status javnog interesa - PrijedorDanas.com - Prijedorski gradski portal","isPartOf":{"@id":"https:\/\/www.prijedordanas.com\/#website"},"datePublished":"2023-02-27T17:53:29+00:00","dateModified":"2023-02-27T17:53:29+00:00","breadcrumb":{"@id":"https:\/\/www.prijedordanas.com\/?p=200926#breadcrumb"},"inLanguage":"en-US","potentialAction":[{"@type":"ReadAction","target":["https:\/\/www.prijedordanas.com\/?p=200926"]}]},{"@type":"BreadcrumbList","@id":"https:\/\/www.prijedordanas.com\/?p=200926#breadcrumb","itemListElement":[{"@type":"ListItem","position":1,"name":"Home","item":"https:\/\/www.prijedordanas.com\/"},{"@type":"ListItem","position":2,"name":"Skup\u0161tina grada Prijedora: Za 11 udru\u017eenja utvr\u0111en status javnog interesa"}]},{"@type":"WebSite","@id":"https:\/\/www.prijedordanas.com\/#website","url":"https:\/\/www.prijedordanas.com\/","name":"PrijedorDanas.com - Prijedorski gradski portal","description":"Portal o doga\u0111anjima u gradu Prijedoru","publisher":{"@id":"https:\/\/www.prijedordanas.com\/#organization"},"potentialAction":[{"@type":"SearchAction","target":{"@type":"EntryPoint","urlTemplate":"https:\/\/www.prijedordanas.com\/?s={search_term_string}"},"query-input":"required name=search_term_string"}],"inLanguage":"en-US"},{"@type":"Organization","@id":"https:\/\/www.prijedordanas.com\/#organization","name":"PrijedorDanas.com","url":"https:\/\/www.prijedordanas.com\/","logo":{"@type":"ImageObject","inLanguage":"en-US","@id":"https:\/\/www.prijedordanas.com\/#\/schema\/logo\/image\/","url":"http:\/\/www.prijedordanas.com\/wp-content\/uploads\/2021\/12\/logopng.png","contentUrl":"http:\/\/www.prijedordanas.com\/wp-content\/uploads\/2021\/12\/logopng.png","width":1019,"height":776,"caption":"PrijedorDanas.com"},"image":{"@id":"https:\/\/www.prijedordanas.com\/#\/schema\/logo\/image\/"},"sameAs":["https:\/\/www.facebook.com\/PrijedorDanasCom\/"]},{"@type":"Person","@id":"https:\/\/www.prijedordanas.com\/#\/schema\/person\/4e08ccf29b506ca916ff86d46bb700e6","name":"admin","image":{"@type":"ImageObject","inLanguage":"en-US","@id":"https:\/\/www.prijedordanas.com\/#\/schema\/person\/image\/","url":"https:\/\/secure.gravatar.com\/avatar\/1d3fc949d550f0b53a5f0d51e06dfd79?s=96&d=mm&r=g","contentUrl":"https:\/\/secure.gravatar.com\/avatar\/1d3fc949d550f0b53a5f0d51e06dfd79?s=96&d=mm&r=g","caption":"admin"},"url":"https:\/\/www.prijedordanas.com\/?author=1"}]}},"_links":{"self":[{"href":"https:\/\/www.prijedordanas.com\/index.php?rest_route=\/wp\/v2\/posts\/200926"}],"collection":[{"href":"https:\/\/www.prijedordanas.com\/index.php?rest_route=\/wp\/v2\/posts"}],"about":[{"href":"https:\/\/www.prijedordanas.com\/index.php?rest_route=\/wp\/v2\/types\/post"}],"author":[{"embeddable":true,"href":"https:\/\/www.prijedordanas.com\/index.php?rest_route=\/wp\/v2\/users\/1"}],"replies":[{"embeddable":true,"href":"https:\/\/www.prijedordanas.com\/index.php?rest_route=%2Fwp%2Fv2%2Fcomments&post=200926"}],"version-history":[{"count":1,"href":"https:\/\/www.prijedordanas.com\/index.php?rest_route=\/wp\/v2\/posts\/200926\/revisions"}],"predecessor-version":[{"id":200929,"href":"https:\/\/www.prijedordanas.com\/index.php?rest_route=\/wp\/v2\/posts\/200926\/revisions\/200929"}],"wp:attachment":[{"href":"https:\/\/www.prijedordanas.com\/index.php?rest_route=%2Fwp%2Fv2%2Fmedia&parent=200926"}],"wp:term":[{"taxonomy":"category","embeddable":true,"href":"https:\/\/www.prijedordanas.com\/index.php?rest_route=%2Fwp%2Fv2%2Fcategories&post=200926"},{"taxonomy":"post_tag","embeddable":true,"href":"https:\/\/www.prijedordanas.com\/index.php?rest_route=%2Fwp%2Fv2%2Ftags&post=200926"}],"curies":[{"name":"wp","href":"https:\/\/api.w.org\/{rel}","templated":true}]}}