{"id":200594,"date":"2023-02-21T14:59:42","date_gmt":"2023-02-21T13:59:42","guid":{"rendered":"https:\/\/www.prijedordanas.com\/?p=200594"},"modified":"2023-02-21T14:59:42","modified_gmt":"2023-02-21T13:59:42","slug":"velika-akcija-u-vise-gradova-u-rs-medu-kojima-je-i-prijedor-hapsenja-na-fakultetima-zbog-prodaje-diploma","status":"publish","type":"post","link":"https:\/\/www.prijedordanas.com\/?p=200594","title":{"rendered":"Velika akcija u vi\u0161e gradova u RS me\u0111u kojima je i Prijedor: Hap\u0161enja na fakultetima zbog prodaje diploma"},"content":{"rendered":"<p><a href=\"https:\/\/www.prijedordanas.com\/wp-content\/uploads\/2023\/02\/blic-fakultetska-diploma.jpg\"><img loading=\"lazy\" decoding=\"async\" src=\"https:\/\/www.prijedordanas.com\/wp-content\/uploads\/2023\/02\/blic-fakultetska-diploma-300x225.jpg\" alt=\"\" width=\"300\" height=\"225\" class=\"alignleft size-medium wp-image-200595\" srcset=\"https:\/\/www.prijedordanas.com\/wp-content\/uploads\/2023\/02\/blic-fakultetska-diploma-300x225.jpg 300w, https:\/\/www.prijedordanas.com\/wp-content\/uploads\/2023\/02\/blic-fakultetska-diploma-640x480.jpg 640w, https:\/\/www.prijedordanas.com\/wp-content\/uploads\/2023\/02\/blic-fakultetska-diploma.jpg 667w\" sizes=\"(max-width: 300px) 100vw, 300px\" \/><\/a>Pripadnici Agencije za istrage i za\u0161titu na podru\u010dju vi\u0161e gradova u BiH provode akciju \u201eKlaster\u201c koja je usmjerena na nezakonitu prodaju fakultetskih diploma.<\/p>\n<p>Akcija se provodi na podru\u010dju Banjaluke, Bijeljine, Isto\u010dnog Sarajeva, Prijedora, Kozarske Dubice, Br\u010dkog, Travnika i Mostara.<\/p>\n<p>\u2013 Navedena operativna akcija rezultat je vi\u0161egodi\u0161njeg rada policijskih slu\u017ebenika Dr\u017eavne agencije za istrage i za\u0161titu, koja je usmjerena na otkrivanje po\u010dinilaca naprijed navedenih krivi\u010dnih djela.  Operativna akcija \u201eKlaster\u201c se realizuje po nalogu Suda Bosne i Hercegovine, pod nadzorom Tu\u017eila\u0161tva BiH i u saradnji sa policijskim slu\u017ebenicima Ministarstva unutra\u0161njih poslova Republike Srpske, Hercegova\u010dko-neretvanskog kantona, Srednjobosanskog kantona i policijom Br\u010dko distrikta Bosne i Hercegovine \u2013 rekli su u SIPA.<\/p>\n<p>U Tu\u017eila\u0161tvu BiH su rekli da je u okviru akcije privedeno vi\u0161e radnika i visokih funkcionera univerzitetskih i fakultetskih ustanova u BiH.<\/p>\n<p>U okviru pretresa zaplijenjena je i ve\u0107a koli\u010dina novca, koji poti\u010de iz nezakonitih aktivnosti, a u skladu sa naredbom Suda BiH, obavlja se oduzimanje obimne dokumentacije i predmeta u ve\u0107em broju ustanova.<\/p>\n<p>\u2013 Ova akcija je dio napora Tu\u017eila\u0161tva BiH i agencija za provedbu zakona u borbi protiv sistemske korupcije u BiH i otkrivanja i procesuiranja osoba koje \u010dinjenjem krivi\u010dnih djela, nanose veliku \u0161tetu vladavini prava i svim gra\u0111anima, kao i akademskoj i univerzitetskoj zajednici u segmentu  visokog obrazovanja u Bosni i Hercegovini \u2013 poru\u010dili su iz Tu\u017eila\u0161tva BiH.<\/p>\n<p>srpskainfo.com<\/p>\n","protected":false},"excerpt":{"rendered":"<p>Pripadnici Agencije za istrage i za\u0161titu na podru\u010dju vi\u0161e gradova u BiH provode akciju \u201eKlaster\u201c koja je usmjerena na nezakonitu prodaju fakultetskih diploma. Akcija se provodi na podru\u010dju Banjaluke, Bijeljine, [&hellip;]<\/p>\n","protected":false},"author":1,"featured_media":0,"comment_status":"closed","ping_status":"open","sticky":false,"template":"","format":"standard","meta":{"_monsterinsights_skip_tracking":false,"_monsterinsights_sitenote_active":false,"_monsterinsights_sitenote_note":"","_monsterinsights_sitenote_category":0,"footnotes":""},"categories":[5],"tags":[],"yoast_head":"<!-- This site is optimized with the Yoast SEO plugin v21.6 - https:\/\/yoast.com\/wordpress\/plugins\/seo\/ -->\n<title>Velika akcija u vi\u0161e gradova u RS me\u0111u kojima je i Prijedor: Hap\u0161enja na fakultetima zbog prodaje diploma - PrijedorDanas.com - Prijedorski gradski portal<\/title>\n<meta name=\"robots\" content=\"index, follow, max-snippet:-1, max-image-preview:large, max-video-preview:-1\" \/>\n<link rel=\"canonical\" href=\"https:\/\/www.prijedordanas.com\/?p=200594\" \/>\n<meta property=\"og:locale\" content=\"en_US\" \/>\n<meta property=\"og:type\" content=\"article\" \/>\n<meta property=\"og:title\" content=\"Velika akcija u vi\u0161e gradova u RS me\u0111u kojima je i Prijedor: Hap\u0161enja na fakultetima zbog prodaje diploma - PrijedorDanas.com - Prijedorski gradski portal\" \/>\n<meta property=\"og:description\" content=\"Pripadnici Agencije za istrage i za\u0161titu na podru\u010dju vi\u0161e gradova u BiH provode akciju \u201eKlaster\u201c koja je usmjerena na nezakonitu prodaju fakultetskih diploma. Akcija se provodi na podru\u010dju Banjaluke, Bijeljine, [&hellip;]\" \/>\n<meta property=\"og:url\" content=\"https:\/\/www.prijedordanas.com\/?p=200594\" \/>\n<meta property=\"og:site_name\" content=\"PrijedorDanas.com - Prijedorski gradski portal\" \/>\n<meta property=\"article:publisher\" content=\"https:\/\/www.facebook.com\/PrijedorDanasCom\/\" \/>\n<meta property=\"article:published_time\" content=\"2023-02-21T13:59:42+00:00\" \/>\n<meta property=\"og:image\" content=\"https:\/\/www.prijedordanas.com\/wp-content\/uploads\/2023\/02\/blic-fakultetska-diploma-300x225.jpg\" \/>\n<meta name=\"author\" content=\"admin\" \/>\n<meta name=\"twitter:card\" content=\"summary_large_image\" \/>\n<meta name=\"twitter:label1\" content=\"Written by\" \/>\n\t<meta name=\"twitter:data1\" content=\"admin\" \/>\n<script type=\"application\/ld+json\" class=\"yoast-schema-graph\">{\"@context\":\"https:\/\/schema.org\",\"@graph\":[{\"@type\":\"Article\",\"@id\":\"https:\/\/www.prijedordanas.com\/?p=200594#article\",\"isPartOf\":{\"@id\":\"https:\/\/www.prijedordanas.com\/?p=200594\"},\"author\":{\"name\":\"admin\",\"@id\":\"https:\/\/www.prijedordanas.com\/#\/schema\/person\/4e08ccf29b506ca916ff86d46bb700e6\"},\"headline\":\"Velika akcija u vi\u0161e gradova u RS me\u0111u kojima je i Prijedor: Hap\u0161enja na fakultetima zbog prodaje diploma\",\"datePublished\":\"2023-02-21T13:59:42+00:00\",\"dateModified\":\"2023-02-21T13:59:42+00:00\",\"mainEntityOfPage\":{\"@id\":\"https:\/\/www.prijedordanas.com\/?p=200594\"},\"wordCount\":270,\"publisher\":{\"@id\":\"https:\/\/www.prijedordanas.com\/#organization\"},\"articleSection\":[\"Hronika\"],\"inLanguage\":\"en-US\"},{\"@type\":\"WebPage\",\"@id\":\"https:\/\/www.prijedordanas.com\/?p=200594\",\"url\":\"https:\/\/www.prijedordanas.com\/?p=200594\",\"name\":\"Velika akcija u vi\u0161e gradova u RS me\u0111u kojima je i Prijedor: Hap\u0161enja na fakultetima zbog prodaje diploma - PrijedorDanas.com - Prijedorski gradski portal\",\"isPartOf\":{\"@id\":\"https:\/\/www.prijedordanas.com\/#website\"},\"datePublished\":\"2023-02-21T13:59:42+00:00\",\"dateModified\":\"2023-02-21T13:59:42+00:00\",\"breadcrumb\":{\"@id\":\"https:\/\/www.prijedordanas.com\/?p=200594#breadcrumb\"},\"inLanguage\":\"en-US\",\"potentialAction\":[{\"@type\":\"ReadAction\",\"target\":[\"https:\/\/www.prijedordanas.com\/?p=200594\"]}]},{\"@type\":\"BreadcrumbList\",\"@id\":\"https:\/\/www.prijedordanas.com\/?p=200594#breadcrumb\",\"itemListElement\":[{\"@type\":\"ListItem\",\"position\":1,\"name\":\"Home\",\"item\":\"https:\/\/www.prijedordanas.com\/\"},{\"@type\":\"ListItem\",\"position\":2,\"name\":\"Velika akcija u vi\u0161e gradova u RS me\u0111u kojima je i Prijedor: Hap\u0161enja na fakultetima zbog prodaje diploma\"}]},{\"@type\":\"WebSite\",\"@id\":\"https:\/\/www.prijedordanas.com\/#website\",\"url\":\"https:\/\/www.prijedordanas.com\/\",\"name\":\"PrijedorDanas.com - Prijedorski gradski portal\",\"description\":\"Portal o doga\u0111anjima u gradu Prijedoru\",\"publisher\":{\"@id\":\"https:\/\/www.prijedordanas.com\/#organization\"},\"potentialAction\":[{\"@type\":\"SearchAction\",\"target\":{\"@type\":\"EntryPoint\",\"urlTemplate\":\"https:\/\/www.prijedordanas.com\/?s={search_term_string}\"},\"query-input\":\"required name=search_term_string\"}],\"inLanguage\":\"en-US\"},{\"@type\":\"Organization\",\"@id\":\"https:\/\/www.prijedordanas.com\/#organization\",\"name\":\"PrijedorDanas.com\",\"url\":\"https:\/\/www.prijedordanas.com\/\",\"logo\":{\"@type\":\"ImageObject\",\"inLanguage\":\"en-US\",\"@id\":\"https:\/\/www.prijedordanas.com\/#\/schema\/logo\/image\/\",\"url\":\"http:\/\/www.prijedordanas.com\/wp-content\/uploads\/2021\/12\/logopng.png\",\"contentUrl\":\"http:\/\/www.prijedordanas.com\/wp-content\/uploads\/2021\/12\/logopng.png\",\"width\":1019,\"height\":776,\"caption\":\"PrijedorDanas.com\"},\"image\":{\"@id\":\"https:\/\/www.prijedordanas.com\/#\/schema\/logo\/image\/\"},\"sameAs\":[\"https:\/\/www.facebook.com\/PrijedorDanasCom\/\"]},{\"@type\":\"Person\",\"@id\":\"https:\/\/www.prijedordanas.com\/#\/schema\/person\/4e08ccf29b506ca916ff86d46bb700e6\",\"name\":\"admin\",\"image\":{\"@type\":\"ImageObject\",\"inLanguage\":\"en-US\",\"@id\":\"https:\/\/www.prijedordanas.com\/#\/schema\/person\/image\/\",\"url\":\"https:\/\/secure.gravatar.com\/avatar\/1d3fc949d550f0b53a5f0d51e06dfd79?s=96&d=mm&r=g\",\"contentUrl\":\"https:\/\/secure.gravatar.com\/avatar\/1d3fc949d550f0b53a5f0d51e06dfd79?s=96&d=mm&r=g\",\"caption\":\"admin\"},\"url\":\"https:\/\/www.prijedordanas.com\/?author=1\"}]}<\/script>\n<!-- \/ Yoast SEO plugin. -->","yoast_head_json":{"title":"Velika akcija u vi\u0161e gradova u RS me\u0111u kojima je i Prijedor: Hap\u0161enja na fakultetima zbog prodaje diploma - PrijedorDanas.com - Prijedorski gradski portal","robots":{"index":"index","follow":"follow","max-snippet":"max-snippet:-1","max-image-preview":"max-image-preview:large","max-video-preview":"max-video-preview:-1"},"canonical":"https:\/\/www.prijedordanas.com\/?p=200594","og_locale":"en_US","og_type":"article","og_title":"Velika akcija u vi\u0161e gradova u RS me\u0111u kojima je i Prijedor: Hap\u0161enja na fakultetima zbog prodaje diploma - PrijedorDanas.com - Prijedorski gradski portal","og_description":"Pripadnici Agencije za istrage i za\u0161titu na podru\u010dju vi\u0161e gradova u BiH provode akciju \u201eKlaster\u201c koja je usmjerena na nezakonitu prodaju fakultetskih diploma. Akcija se provodi na podru\u010dju Banjaluke, Bijeljine, [&hellip;]","og_url":"https:\/\/www.prijedordanas.com\/?p=200594","og_site_name":"PrijedorDanas.com - Prijedorski gradski portal","article_publisher":"https:\/\/www.facebook.com\/PrijedorDanasCom\/","article_published_time":"2023-02-21T13:59:42+00:00","og_image":[{"url":"https:\/\/www.prijedordanas.com\/wp-content\/uploads\/2023\/02\/blic-fakultetska-diploma-300x225.jpg"}],"author":"admin","twitter_card":"summary_large_image","twitter_misc":{"Written by":"admin"},"schema":{"@context":"https:\/\/schema.org","@graph":[{"@type":"Article","@id":"https:\/\/www.prijedordanas.com\/?p=200594#article","isPartOf":{"@id":"https:\/\/www.prijedordanas.com\/?p=200594"},"author":{"name":"admin","@id":"https:\/\/www.prijedordanas.com\/#\/schema\/person\/4e08ccf29b506ca916ff86d46bb700e6"},"headline":"Velika akcija u vi\u0161e gradova u RS me\u0111u kojima je i Prijedor: Hap\u0161enja na fakultetima zbog prodaje diploma","datePublished":"2023-02-21T13:59:42+00:00","dateModified":"2023-02-21T13:59:42+00:00","mainEntityOfPage":{"@id":"https:\/\/www.prijedordanas.com\/?p=200594"},"wordCount":270,"publisher":{"@id":"https:\/\/www.prijedordanas.com\/#organization"},"articleSection":["Hronika"],"inLanguage":"en-US"},{"@type":"WebPage","@id":"https:\/\/www.prijedordanas.com\/?p=200594","url":"https:\/\/www.prijedordanas.com\/?p=200594","name":"Velika akcija u vi\u0161e gradova u RS me\u0111u kojima je i Prijedor: Hap\u0161enja na fakultetima zbog prodaje diploma - PrijedorDanas.com - Prijedorski gradski portal","isPartOf":{"@id":"https:\/\/www.prijedordanas.com\/#website"},"datePublished":"2023-02-21T13:59:42+00:00","dateModified":"2023-02-21T13:59:42+00:00","breadcrumb":{"@id":"https:\/\/www.prijedordanas.com\/?p=200594#breadcrumb"},"inLanguage":"en-US","potentialAction":[{"@type":"ReadAction","target":["https:\/\/www.prijedordanas.com\/?p=200594"]}]},{"@type":"BreadcrumbList","@id":"https:\/\/www.prijedordanas.com\/?p=200594#breadcrumb","itemListElement":[{"@type":"ListItem","position":1,"name":"Home","item":"https:\/\/www.prijedordanas.com\/"},{"@type":"ListItem","position":2,"name":"Velika akcija u vi\u0161e gradova u RS me\u0111u kojima je i Prijedor: Hap\u0161enja na fakultetima zbog prodaje diploma"}]},{"@type":"WebSite","@id":"https:\/\/www.prijedordanas.com\/#website","url":"https:\/\/www.prijedordanas.com\/","name":"PrijedorDanas.com - Prijedorski gradski portal","description":"Portal o doga\u0111anjima u gradu Prijedoru","publisher":{"@id":"https:\/\/www.prijedordanas.com\/#organization"},"potentialAction":[{"@type":"SearchAction","target":{"@type":"EntryPoint","urlTemplate":"https:\/\/www.prijedordanas.com\/?s={search_term_string}"},"query-input":"required name=search_term_string"}],"inLanguage":"en-US"},{"@type":"Organization","@id":"https:\/\/www.prijedordanas.com\/#organization","name":"PrijedorDanas.com","url":"https:\/\/www.prijedordanas.com\/","logo":{"@type":"ImageObject","inLanguage":"en-US","@id":"https:\/\/www.prijedordanas.com\/#\/schema\/logo\/image\/","url":"http:\/\/www.prijedordanas.com\/wp-content\/uploads\/2021\/12\/logopng.png","contentUrl":"http:\/\/www.prijedordanas.com\/wp-content\/uploads\/2021\/12\/logopng.png","width":1019,"height":776,"caption":"PrijedorDanas.com"},"image":{"@id":"https:\/\/www.prijedordanas.com\/#\/schema\/logo\/image\/"},"sameAs":["https:\/\/www.facebook.com\/PrijedorDanasCom\/"]},{"@type":"Person","@id":"https:\/\/www.prijedordanas.com\/#\/schema\/person\/4e08ccf29b506ca916ff86d46bb700e6","name":"admin","image":{"@type":"ImageObject","inLanguage":"en-US","@id":"https:\/\/www.prijedordanas.com\/#\/schema\/person\/image\/","url":"https:\/\/secure.gravatar.com\/avatar\/1d3fc949d550f0b53a5f0d51e06dfd79?s=96&d=mm&r=g","contentUrl":"https:\/\/secure.gravatar.com\/avatar\/1d3fc949d550f0b53a5f0d51e06dfd79?s=96&d=mm&r=g","caption":"admin"},"url":"https:\/\/www.prijedordanas.com\/?author=1"}]}},"_links":{"self":[{"href":"https:\/\/www.prijedordanas.com\/index.php?rest_route=\/wp\/v2\/posts\/200594"}],"collection":[{"href":"https:\/\/www.prijedordanas.com\/index.php?rest_route=\/wp\/v2\/posts"}],"about":[{"href":"https:\/\/www.prijedordanas.com\/index.php?rest_route=\/wp\/v2\/types\/post"}],"author":[{"embeddable":true,"href":"https:\/\/www.prijedordanas.com\/index.php?rest_route=\/wp\/v2\/users\/1"}],"replies":[{"embeddable":true,"href":"https:\/\/www.prijedordanas.com\/index.php?rest_route=%2Fwp%2Fv2%2Fcomments&post=200594"}],"version-history":[{"count":1,"href":"https:\/\/www.prijedordanas.com\/index.php?rest_route=\/wp\/v2\/posts\/200594\/revisions"}],"predecessor-version":[{"id":200598,"href":"https:\/\/www.prijedordanas.com\/index.php?rest_route=\/wp\/v2\/posts\/200594\/revisions\/200598"}],"wp:attachment":[{"href":"https:\/\/www.prijedordanas.com\/index.php?rest_route=%2Fwp%2Fv2%2Fmedia&parent=200594"}],"wp:term":[{"taxonomy":"category","embeddable":true,"href":"https:\/\/www.prijedordanas.com\/index.php?rest_route=%2Fwp%2Fv2%2Fcategories&post=200594"},{"taxonomy":"post_tag","embeddable":true,"href":"https:\/\/www.prijedordanas.com\/index.php?rest_route=%2Fwp%2Fv2%2Ftags&post=200594"}],"curies":[{"name":"wp","href":"https:\/\/api.w.org\/{rel}","templated":true}]}}