{"id":199825,"date":"2023-02-06T10:57:25","date_gmt":"2023-02-06T09:57:25","guid":{"rendered":"https:\/\/www.prijedordanas.com\/?p=199825"},"modified":"2023-02-06T10:57:25","modified_gmt":"2023-02-06T09:57:25","slug":"opsovao-mu-majku-pa-ga-ranio-bombom-muskarac-optuzen-za-pokusaj-ubistva","status":"publish","type":"post","link":"https:\/\/www.prijedordanas.com\/?p=199825","title":{"rendered":"&#8220;Opsovao mu majku pa ga ranio bombom&#8221;: Mu\u0161karac optu\u017een za poku\u0161aj ubistva"},"content":{"rendered":"<p><a href=\"https:\/\/www.prijedordanas.com\/wp-content\/uploads\/2018\/05\/nezavisne-bomba.jpg\"><img loading=\"lazy\" decoding=\"async\" src=\"https:\/\/www.prijedordanas.com\/wp-content\/uploads\/2018\/05\/nezavisne-bomba-300x222.jpg\" alt=\"\" width=\"300\" height=\"222\" class=\"alignleft size-medium wp-image-104150\" srcset=\"https:\/\/www.prijedordanas.com\/wp-content\/uploads\/2018\/05\/nezavisne-bomba-300x222.jpg 300w, https:\/\/www.prijedordanas.com\/wp-content\/uploads\/2018\/05\/nezavisne-bomba-100x74.jpg 100w, https:\/\/www.prijedordanas.com\/wp-content\/uploads\/2018\/05\/nezavisne-bomba.jpg 675w\" sizes=\"(max-width: 300px) 100vw, 300px\" \/><\/a>Ivica G. (53) optu\u017een je da je na podru\u010dju O\u0161tre Luke prije nepune tri godine dvadesettrogodi\u0161njem Draganu \u0160. opsovao majku, a potom na njega bacio bombu te ga tako ranio.<\/p>\n<p>Ivicu je optu\u017eilo Okru\u017eno javno tu\u017eila\u0161tvo Prijedor, a optu\u017enicu protiv njega, koja ga tereti za poku\u0161aj ubistva te nedozvoljeno dr\u017eanje bombe, potvrdio je Okru\u017eni sud u ovom gradu.<\/p>\n<p><strong><a href=\"https:\/\/www.prijedordanas.com\/?p=104189\" rel=\"noopener\" target=\"_blank\">UHAP\u0160EN BOMBA\u0160 IZ O\u0160TRE LUKE: NAPADU PRETHODILA SVA\u0110A OKO \u0160UME<\/a><\/strong><\/p>\n<p>Prema optu\u017enici, napad se dogodio 1. maja 2018. godine u mjestu Batkovci, op\u0161tina O\u0161tra Luka, od 6.45 do 7.15, nakon \u0161to je provocirao i opsovao majku Draganu \u0160., koji ga je potom pitao &#8220;\u0160ta ho\u0107e\u0161 od mene?&#8221; te potr\u010dao za njim.<\/p>\n<p>&#8220;Ivica G. je po\u010deo da bje\u017ei od Dragana \u0160. uzbrdo putem koji vodi do Ivi\u010dine ku\u0107e. Dok je bje\u017eao, iz d\u017eepa jakne je izvadio crnu ru\u010dnu bombu M75, koju je suprotno Zakonu o oru\u017eju i municiji ponio sa sobom, te iz bombe izvadio osigura\u010d i bacio je iza sebe u pravcu Dragana, koji je i dalje tr\u010dao za njim&#8221;, navodi se u optu\u017enici.<\/p>\n<p><strong><a href=\"https:\/\/www.prijedordanas.com\/?p=104095\" target=\"_blank\" rel=\"noopener\">VERBALNI SUKOB ZAVR\u0160IO BACANJEM BOMBE: MLADI\u0106 POVRIJE\u0110EN, NAPADA\u010c U BIJEGU<\/a><\/strong><\/p>\n<p>Kako se dodaje, optu\u017eeni je bio svjestan da na ovaj na\u010din mo\u017ee ubiti Dragana \u0160., na \u0161ta je i pristao.<\/p>\n<p>&#8220;Bomba je eksplodirala i ranila Dragana \u0160. To su eksplozivne rane dimenzija do jednog cm, u predjelu lijevog obraza, grudnog ko\u0161a, ruku i nogu. Rije\u010d je o lakoj povredi&#8221;, navodi se u optu\u017enici.<\/p>\n<p><strong><a href=\"https:\/\/www.prijedordanas.com\/?p=104149\" target=\"_blank\" rel=\"noopener\">BACIO BOMBU NA MLADI\u0106A ZBOG \u0160UME<\/a><\/strong><\/p>\n<p>Podsjetimo, nakon napada Ivica G. je pobjegao.<\/p>\n<p>Izvori &#8220;Nezavisnih&#8221;, upu\u0107eni u detalje istrage, ispri\u010dali su tada da se obra\u010dun dogodio u \u0161umi na podru\u010dju O\u0161tre Luke.<\/p>\n<p>&#8220;Netrpeljivost izme\u0111u ranjenog mladi\u0107a i napada\u010da traje ve\u0107 du\u017ee vrijeme. I ranije su se sva\u0111ali zbog \u0161ume, a njihove nesuglasice kulminirale su tog jutra&#8221;, pojasnili su ranije izvori &#8220;Nezavisnih novina&#8221;.<\/p>\n<p>Ivicu G. su 2. maja 2018. godine uhapsili pripadnici Policijske stanice O\u0161tra Luka.<\/p>\n<p><a href=\"https:\/\/www.nezavisne.com\/novosti\/hronika\/Opsovao-mu-majku-pa-ga-ranio-bombom\/757369\" rel=\"noopener\" target=\"_blank\">nezavisne.com<\/a><\/p>\n","protected":false},"excerpt":{"rendered":"<p>Ivica G. (53) optu\u017een je da je na podru\u010dju O\u0161tre Luke prije nepune tri godine dvadesettrogodi\u0161njem Draganu \u0160. opsovao majku, a potom na njega bacio bombu te ga tako ranio. [&hellip;]<\/p>\n","protected":false},"author":1,"featured_media":0,"comment_status":"closed","ping_status":"open","sticky":false,"template":"","format":"standard","meta":{"_monsterinsights_skip_tracking":false,"_monsterinsights_sitenote_active":false,"_monsterinsights_sitenote_note":"","_monsterinsights_sitenote_category":0,"footnotes":""},"categories":[5],"tags":[],"yoast_head":"<!-- This site is optimized with the Yoast SEO plugin v21.6 - https:\/\/yoast.com\/wordpress\/plugins\/seo\/ -->\n<title>&quot;Opsovao mu majku pa ga ranio bombom&quot;: Mu\u0161karac optu\u017een za poku\u0161aj ubistva - PrijedorDanas.com - Prijedorski gradski portal<\/title>\n<meta name=\"robots\" content=\"index, follow, max-snippet:-1, max-image-preview:large, max-video-preview:-1\" \/>\n<link rel=\"canonical\" href=\"https:\/\/www.prijedordanas.com\/?p=199825\" \/>\n<meta property=\"og:locale\" content=\"en_US\" \/>\n<meta property=\"og:type\" content=\"article\" \/>\n<meta property=\"og:title\" content=\"&quot;Opsovao mu majku pa ga ranio bombom&quot;: Mu\u0161karac optu\u017een za poku\u0161aj ubistva - PrijedorDanas.com - Prijedorski gradski portal\" \/>\n<meta property=\"og:description\" content=\"Ivica G. (53) optu\u017een je da je na podru\u010dju O\u0161tre Luke prije nepune tri godine dvadesettrogodi\u0161njem Draganu \u0160. opsovao majku, a potom na njega bacio bombu te ga tako ranio. [&hellip;]\" \/>\n<meta property=\"og:url\" content=\"https:\/\/www.prijedordanas.com\/?p=199825\" \/>\n<meta property=\"og:site_name\" content=\"PrijedorDanas.com - Prijedorski gradski portal\" \/>\n<meta property=\"article:publisher\" content=\"https:\/\/www.facebook.com\/PrijedorDanasCom\/\" \/>\n<meta property=\"article:published_time\" content=\"2023-02-06T09:57:25+00:00\" \/>\n<meta property=\"og:image\" content=\"https:\/\/www.prijedordanas.com\/wp-content\/uploads\/2018\/05\/nezavisne-bomba-300x222.jpg\" \/>\n<meta name=\"author\" content=\"admin\" \/>\n<meta name=\"twitter:card\" content=\"summary_large_image\" \/>\n<meta name=\"twitter:label1\" content=\"Written by\" \/>\n\t<meta name=\"twitter:data1\" content=\"admin\" \/>\n<script type=\"application\/ld+json\" class=\"yoast-schema-graph\">{\"@context\":\"https:\/\/schema.org\",\"@graph\":[{\"@type\":\"Article\",\"@id\":\"https:\/\/www.prijedordanas.com\/?p=199825#article\",\"isPartOf\":{\"@id\":\"https:\/\/www.prijedordanas.com\/?p=199825\"},\"author\":{\"name\":\"admin\",\"@id\":\"https:\/\/www.prijedordanas.com\/#\/schema\/person\/4e08ccf29b506ca916ff86d46bb700e6\"},\"headline\":\"&#8220;Opsovao mu majku pa ga ranio bombom&#8221;: Mu\u0161karac optu\u017een za poku\u0161aj ubistva\",\"datePublished\":\"2023-02-06T09:57:25+00:00\",\"dateModified\":\"2023-02-06T09:57:25+00:00\",\"mainEntityOfPage\":{\"@id\":\"https:\/\/www.prijedordanas.com\/?p=199825\"},\"wordCount\":364,\"publisher\":{\"@id\":\"https:\/\/www.prijedordanas.com\/#organization\"},\"articleSection\":[\"Hronika\"],\"inLanguage\":\"en-US\"},{\"@type\":\"WebPage\",\"@id\":\"https:\/\/www.prijedordanas.com\/?p=199825\",\"url\":\"https:\/\/www.prijedordanas.com\/?p=199825\",\"name\":\"\\\"Opsovao mu majku pa ga ranio bombom\\\": Mu\u0161karac optu\u017een za poku\u0161aj ubistva - PrijedorDanas.com - Prijedorski gradski portal\",\"isPartOf\":{\"@id\":\"https:\/\/www.prijedordanas.com\/#website\"},\"datePublished\":\"2023-02-06T09:57:25+00:00\",\"dateModified\":\"2023-02-06T09:57:25+00:00\",\"breadcrumb\":{\"@id\":\"https:\/\/www.prijedordanas.com\/?p=199825#breadcrumb\"},\"inLanguage\":\"en-US\",\"potentialAction\":[{\"@type\":\"ReadAction\",\"target\":[\"https:\/\/www.prijedordanas.com\/?p=199825\"]}]},{\"@type\":\"BreadcrumbList\",\"@id\":\"https:\/\/www.prijedordanas.com\/?p=199825#breadcrumb\",\"itemListElement\":[{\"@type\":\"ListItem\",\"position\":1,\"name\":\"Home\",\"item\":\"https:\/\/www.prijedordanas.com\/\"},{\"@type\":\"ListItem\",\"position\":2,\"name\":\"&#8220;Opsovao mu majku pa ga ranio bombom&#8221;: Mu\u0161karac optu\u017een za poku\u0161aj ubistva\"}]},{\"@type\":\"WebSite\",\"@id\":\"https:\/\/www.prijedordanas.com\/#website\",\"url\":\"https:\/\/www.prijedordanas.com\/\",\"name\":\"PrijedorDanas.com - Prijedorski gradski portal\",\"description\":\"Portal o doga\u0111anjima u gradu Prijedoru\",\"publisher\":{\"@id\":\"https:\/\/www.prijedordanas.com\/#organization\"},\"potentialAction\":[{\"@type\":\"SearchAction\",\"target\":{\"@type\":\"EntryPoint\",\"urlTemplate\":\"https:\/\/www.prijedordanas.com\/?s={search_term_string}\"},\"query-input\":\"required name=search_term_string\"}],\"inLanguage\":\"en-US\"},{\"@type\":\"Organization\",\"@id\":\"https:\/\/www.prijedordanas.com\/#organization\",\"name\":\"PrijedorDanas.com\",\"url\":\"https:\/\/www.prijedordanas.com\/\",\"logo\":{\"@type\":\"ImageObject\",\"inLanguage\":\"en-US\",\"@id\":\"https:\/\/www.prijedordanas.com\/#\/schema\/logo\/image\/\",\"url\":\"http:\/\/www.prijedordanas.com\/wp-content\/uploads\/2021\/12\/logopng.png\",\"contentUrl\":\"http:\/\/www.prijedordanas.com\/wp-content\/uploads\/2021\/12\/logopng.png\",\"width\":1019,\"height\":776,\"caption\":\"PrijedorDanas.com\"},\"image\":{\"@id\":\"https:\/\/www.prijedordanas.com\/#\/schema\/logo\/image\/\"},\"sameAs\":[\"https:\/\/www.facebook.com\/PrijedorDanasCom\/\"]},{\"@type\":\"Person\",\"@id\":\"https:\/\/www.prijedordanas.com\/#\/schema\/person\/4e08ccf29b506ca916ff86d46bb700e6\",\"name\":\"admin\",\"image\":{\"@type\":\"ImageObject\",\"inLanguage\":\"en-US\",\"@id\":\"https:\/\/www.prijedordanas.com\/#\/schema\/person\/image\/\",\"url\":\"https:\/\/secure.gravatar.com\/avatar\/1d3fc949d550f0b53a5f0d51e06dfd79?s=96&d=mm&r=g\",\"contentUrl\":\"https:\/\/secure.gravatar.com\/avatar\/1d3fc949d550f0b53a5f0d51e06dfd79?s=96&d=mm&r=g\",\"caption\":\"admin\"},\"url\":\"https:\/\/www.prijedordanas.com\/?author=1\"}]}<\/script>\n<!-- \/ Yoast SEO plugin. -->","yoast_head_json":{"title":"\"Opsovao mu majku pa ga ranio bombom\": Mu\u0161karac optu\u017een za poku\u0161aj ubistva - PrijedorDanas.com - Prijedorski gradski portal","robots":{"index":"index","follow":"follow","max-snippet":"max-snippet:-1","max-image-preview":"max-image-preview:large","max-video-preview":"max-video-preview:-1"},"canonical":"https:\/\/www.prijedordanas.com\/?p=199825","og_locale":"en_US","og_type":"article","og_title":"\"Opsovao mu majku pa ga ranio bombom\": Mu\u0161karac optu\u017een za poku\u0161aj ubistva - PrijedorDanas.com - Prijedorski gradski portal","og_description":"Ivica G. (53) optu\u017een je da je na podru\u010dju O\u0161tre Luke prije nepune tri godine dvadesettrogodi\u0161njem Draganu \u0160. opsovao majku, a potom na njega bacio bombu te ga tako ranio. [&hellip;]","og_url":"https:\/\/www.prijedordanas.com\/?p=199825","og_site_name":"PrijedorDanas.com - Prijedorski gradski portal","article_publisher":"https:\/\/www.facebook.com\/PrijedorDanasCom\/","article_published_time":"2023-02-06T09:57:25+00:00","og_image":[{"url":"https:\/\/www.prijedordanas.com\/wp-content\/uploads\/2018\/05\/nezavisne-bomba-300x222.jpg"}],"author":"admin","twitter_card":"summary_large_image","twitter_misc":{"Written by":"admin"},"schema":{"@context":"https:\/\/schema.org","@graph":[{"@type":"Article","@id":"https:\/\/www.prijedordanas.com\/?p=199825#article","isPartOf":{"@id":"https:\/\/www.prijedordanas.com\/?p=199825"},"author":{"name":"admin","@id":"https:\/\/www.prijedordanas.com\/#\/schema\/person\/4e08ccf29b506ca916ff86d46bb700e6"},"headline":"&#8220;Opsovao mu majku pa ga ranio bombom&#8221;: Mu\u0161karac optu\u017een za poku\u0161aj ubistva","datePublished":"2023-02-06T09:57:25+00:00","dateModified":"2023-02-06T09:57:25+00:00","mainEntityOfPage":{"@id":"https:\/\/www.prijedordanas.com\/?p=199825"},"wordCount":364,"publisher":{"@id":"https:\/\/www.prijedordanas.com\/#organization"},"articleSection":["Hronika"],"inLanguage":"en-US"},{"@type":"WebPage","@id":"https:\/\/www.prijedordanas.com\/?p=199825","url":"https:\/\/www.prijedordanas.com\/?p=199825","name":"\"Opsovao mu majku pa ga ranio bombom\": Mu\u0161karac optu\u017een za poku\u0161aj ubistva - PrijedorDanas.com - Prijedorski gradski portal","isPartOf":{"@id":"https:\/\/www.prijedordanas.com\/#website"},"datePublished":"2023-02-06T09:57:25+00:00","dateModified":"2023-02-06T09:57:25+00:00","breadcrumb":{"@id":"https:\/\/www.prijedordanas.com\/?p=199825#breadcrumb"},"inLanguage":"en-US","potentialAction":[{"@type":"ReadAction","target":["https:\/\/www.prijedordanas.com\/?p=199825"]}]},{"@type":"BreadcrumbList","@id":"https:\/\/www.prijedordanas.com\/?p=199825#breadcrumb","itemListElement":[{"@type":"ListItem","position":1,"name":"Home","item":"https:\/\/www.prijedordanas.com\/"},{"@type":"ListItem","position":2,"name":"&#8220;Opsovao mu majku pa ga ranio bombom&#8221;: Mu\u0161karac optu\u017een za poku\u0161aj ubistva"}]},{"@type":"WebSite","@id":"https:\/\/www.prijedordanas.com\/#website","url":"https:\/\/www.prijedordanas.com\/","name":"PrijedorDanas.com - Prijedorski gradski portal","description":"Portal o doga\u0111anjima u gradu Prijedoru","publisher":{"@id":"https:\/\/www.prijedordanas.com\/#organization"},"potentialAction":[{"@type":"SearchAction","target":{"@type":"EntryPoint","urlTemplate":"https:\/\/www.prijedordanas.com\/?s={search_term_string}"},"query-input":"required name=search_term_string"}],"inLanguage":"en-US"},{"@type":"Organization","@id":"https:\/\/www.prijedordanas.com\/#organization","name":"PrijedorDanas.com","url":"https:\/\/www.prijedordanas.com\/","logo":{"@type":"ImageObject","inLanguage":"en-US","@id":"https:\/\/www.prijedordanas.com\/#\/schema\/logo\/image\/","url":"http:\/\/www.prijedordanas.com\/wp-content\/uploads\/2021\/12\/logopng.png","contentUrl":"http:\/\/www.prijedordanas.com\/wp-content\/uploads\/2021\/12\/logopng.png","width":1019,"height":776,"caption":"PrijedorDanas.com"},"image":{"@id":"https:\/\/www.prijedordanas.com\/#\/schema\/logo\/image\/"},"sameAs":["https:\/\/www.facebook.com\/PrijedorDanasCom\/"]},{"@type":"Person","@id":"https:\/\/www.prijedordanas.com\/#\/schema\/person\/4e08ccf29b506ca916ff86d46bb700e6","name":"admin","image":{"@type":"ImageObject","inLanguage":"en-US","@id":"https:\/\/www.prijedordanas.com\/#\/schema\/person\/image\/","url":"https:\/\/secure.gravatar.com\/avatar\/1d3fc949d550f0b53a5f0d51e06dfd79?s=96&d=mm&r=g","contentUrl":"https:\/\/secure.gravatar.com\/avatar\/1d3fc949d550f0b53a5f0d51e06dfd79?s=96&d=mm&r=g","caption":"admin"},"url":"https:\/\/www.prijedordanas.com\/?author=1"}]}},"_links":{"self":[{"href":"https:\/\/www.prijedordanas.com\/index.php?rest_route=\/wp\/v2\/posts\/199825"}],"collection":[{"href":"https:\/\/www.prijedordanas.com\/index.php?rest_route=\/wp\/v2\/posts"}],"about":[{"href":"https:\/\/www.prijedordanas.com\/index.php?rest_route=\/wp\/v2\/types\/post"}],"author":[{"embeddable":true,"href":"https:\/\/www.prijedordanas.com\/index.php?rest_route=\/wp\/v2\/users\/1"}],"replies":[{"embeddable":true,"href":"https:\/\/www.prijedordanas.com\/index.php?rest_route=%2Fwp%2Fv2%2Fcomments&post=199825"}],"version-history":[{"count":1,"href":"https:\/\/www.prijedordanas.com\/index.php?rest_route=\/wp\/v2\/posts\/199825\/revisions"}],"predecessor-version":[{"id":199826,"href":"https:\/\/www.prijedordanas.com\/index.php?rest_route=\/wp\/v2\/posts\/199825\/revisions\/199826"}],"wp:attachment":[{"href":"https:\/\/www.prijedordanas.com\/index.php?rest_route=%2Fwp%2Fv2%2Fmedia&parent=199825"}],"wp:term":[{"taxonomy":"category","embeddable":true,"href":"https:\/\/www.prijedordanas.com\/index.php?rest_route=%2Fwp%2Fv2%2Fcategories&post=199825"},{"taxonomy":"post_tag","embeddable":true,"href":"https:\/\/www.prijedordanas.com\/index.php?rest_route=%2Fwp%2Fv2%2Ftags&post=199825"}],"curies":[{"name":"wp","href":"https:\/\/api.w.org\/{rel}","templated":true}]}}