{"id":199776,"date":"2023-02-03T23:29:17","date_gmt":"2023-02-03T22:29:17","guid":{"rendered":"https:\/\/www.prijedordanas.com\/?p=199776"},"modified":"2023-02-04T18:36:22","modified_gmt":"2023-02-04T17:36:22","slug":"rijaset-islamske-zajednice-u-bih-o-izjavi-imama-vjerska-osjecanja-se-ne-smiju-vrijedati","status":"publish","type":"post","link":"https:\/\/www.prijedordanas.com\/?p=199776","title":{"rendered":"Rijaset Islamske zajednice u BiH o izjavi imama: Vjerska osje\u0107anja se ne smiju vrije\u0111ati"},"content":{"rendered":"<p><a href=\"https:\/\/www.prijedordanas.com\/wp-content\/uploads\/2023\/02\/kozaraceu-amir-efendija-mahic.jpg\"><img loading=\"lazy\" decoding=\"async\" src=\"https:\/\/www.prijedordanas.com\/wp-content\/uploads\/2023\/02\/kozaraceu-amir-efendija-mahic-300x225.jpg\" alt=\"\" width=\"300\" height=\"225\" class=\"alignleft size-medium wp-image-199777\" srcset=\"https:\/\/www.prijedordanas.com\/wp-content\/uploads\/2023\/02\/kozaraceu-amir-efendija-mahic-300x225.jpg 300w, https:\/\/www.prijedordanas.com\/wp-content\/uploads\/2023\/02\/kozaraceu-amir-efendija-mahic-640x480.jpg 640w, https:\/\/www.prijedordanas.com\/wp-content\/uploads\/2023\/02\/kozaraceu-amir-efendija-mahic.jpg 668w\" sizes=\"(max-width: 300px) 100vw, 300px\" \/><\/a>Rijaset Islamske zajednice (IZ) u BiH poru\u010dio je da se vjerska osje\u0107anja ne smiju vrije\u0111ati, a povodom uvredljive izjave glavnog imama Med\u017elisa IZ iz Kozarca Amira Mahi\u0107a, koji je Svetom Savi pripisao fa\u0161izam, a Srpskoj pravoslavnoj crkvi (SPC) sekta\u0161tvo<\/p>\n<p>&#8220;Imam iz Kozarca hfz. Amir-ef. Mahi\u0107 na hutbi odr\u017eanoj 27. januara 2023. godine, izrekao je nekoliko neprimjerenih re\u010denica o Svetom Savi, velikom vjerskom autoritetu Srpske pravoslavne crkve i samoj Crkvi. Netom po saznanju o tome, Rijaset Islamske zajednice je stupio u kontakt s Muftijstvom biha\u0107kim, pod \u010dijom ingerencijom je i Med\u017elis Islamske zajenice Kozarac. Oni su nam kazali da su ve\u0107 preduzeli korake i od samog Hafiza Mahi\u0107a zatra\u017eili izja\u0161njenje o tome, \u0161to je on i u\u010dinio&#8221;, saop\u0161tio je Rijaset IZ u BiH.<\/p>\n<p>Kako su dodali, on je u izvinjenju, pored ostalog, naveo da je svjestan te\u017eine koje te rije\u010di nose sa sobom i da je najmanje \u0161to mo\u017ee da uradi jeste da uputi ljudsko i profesionalno izvinjenje za ono \u0161to je kazano, a uvredljivo je za pravoslavne vjernike i njihovu crkvenu zajednicu.<\/p>\n<p>&#8220;\u017delim da ka\u017eem da imami u Islamskoj zajednici imaju potpunu slobodu u kreiranju sadr\u017eaja hutbi, te samim time i moja hutba, koja je medijski publikovana, nije instruisana bilo politi\u010dkim ili sli\u010dnim motivima, ali jeste djelimi\u010dno posljedica ukupnih ote\u017eavaju\u0107ih okolnosti u kojima se Bo\u0161njaci u ovom entitetu od poslije rata nalaze. Isto tako, \u017eao mi je \u0161to se odre\u0111eni navodi ove hutbe koriste u dnevnopoliti\u010dke svrhe, te na taj na\u010din \u017eeli da se stvori ambijent me\u0111uvjerske ostra\u0161\u0107enosti, koja, kako je ve\u0107 re\u010deno sa moje strane, niti institucije \u010diji sam zaposlenik, ne postoji, a \u0161to potvr\u0111uje vrijeme u proteklim decenijama u kojem imami nisu ni\u010dim doprinijeli me\u0111unacionalnim ili me\u0111uvjerskim tenzijama&#8221;, izjavio je Mahi\u0107, a prenosi u svom saop\u0161tenju Rijaset IZ u BiH.<\/p>\n<p>Iz Rijaseta su naveli i ono \u0161to je Amir ef. Mahi\u0107 rekao u svojoj dana\u0161njoj hutbi.<\/p>\n<p>&#8220;Moja namjera nije bila povrijediti ni\u010dija vjerska osje\u0107anja, posebno mojih prijatelja i kom\u0161ija, sve\u0161tenstva i pripadnika pravoslavne crkve. U nekim zaklju\u010dcima sam o\u010dito bio preo\u0161tar i zbog toga ako su moje rije\u010di bilo koga uznemirile ili povrijedile,  koristim ovu priliku da uputim iskreno javno izvinjenje. Izra\u017eavam svoje kajanje zbog toga&#8221;, rekao je Mahi\u0107.<\/p>\n<p>Kako je dodao, \u017eelja mu je &#8220;bila ukazati na prisutni fenomen zloupotrebe i instrumentalizacije vjere u ne\u010dasne svrhe i kakve posljedice u dru\u0161tvu nastaju kada vjera postane sredstvo manipulacije i ideolo\u0161ke zloupotrebe&#8221;.<\/p>\n<p>&#8220;Mi, ovdje u Kozarcu, smo na svojim le\u0111ima osjetili \u0161ta zna\u010di zloupotreba vjere, jer smo ubijani i zatvarani u logore zato \u0161to smo bili Bo\u0161njaci muslimani, odnosno po ne\u010demu druga\u010diji. Bili smo, i na\u017ealost ostali, \u017ertva, kojoj se ni nakon 30 godina ne iskazuje bilo kakvo \u017ealjenje, ve\u0107 naprotiv iskazuju nam se rije\u010di mr\u017enje i \u010dine ru\u017ena djela\u2026 Jo\u0161 jednom koristim priliku da iska\u017eem svoje iskreno izvinjenje i \u017ealjenje onima koji se osje\u0107aju uvrije\u0111enim, te pozivam sve nosioce javnih funkcija i institucija da ovo ne zloupotrebljavaju i ne koriste u dnevno politi\u010dke svrhe daju\u0107i tome politi\u010dku dimenziju&#8221;, naveo je Mahi\u0107.<\/p>\n<p>Iz Rijaseta IZ u BiH isti\u010du da je Amir-ef. Mahi\u0107 izvanredan imam, odgovoran i posve\u0107en svom radu, s velikim ugledom i bez ijedne mrlje u svom djelovanju, ali..<\/p>\n<p>&#8220;On je morao biti svjestan \u010dinjenice da je javna li\u010dnost i da njegove rije\u010di imaju posebnu te\u017einu, i da se posebno vagaju. Stoga \u0107e se morati javno o\u010ditovati o ovome pred disciplinskom komisijom Rijaseta Islamske zajednice u BiH, jer bez obzira na sve okolnosti i razloge: vjerska osje\u0107anja se ne smiju vrije\u0111ati. Islamska zajednica je do sada dosljedno branila pravo na vjerska uvjerenja i dizala svoj glas protiv svake povrede tog prava. Ona \u0107e to, bez sumnje, \u010diniti i ubudu\u0107e&#8221;, naveli su iz Rijaseta.<\/p>\n<p>Rije\u010d je, dodaju, o li\u010dnom stavu.<\/p>\n<p>&#8220;Islamska zajednica odbacuje sve insinuacije kojima se ovaj doga\u0111aj \u017eeli predstaviti kao dio planskog djelovanja, kako vjerskog tako i politi\u010dkog vo\u0111stva bo\u0161nja\u010dkog naroda. Rije\u010d je, isklju\u010divo, o li\u010dnom stavu iza kojeg ne stoji Islamska zajednica i njeni zvani\u010dni organi&#8221;, naglasili su iz Rijaseta.<\/p>\n<p><a href=\"https:\/\/www.nezavisne.com\/novosti\/bih\/Rijaset-IZ-u-BiH-o-izjavi-imama-Vjerska-osjecanja-se-ne-smiju-vrijedjati\/757160\" rel=\"noopener\" target=\"_blank\">nezavisne.com<\/a><br \/>\nFoto &#8211; kozarac.eu<\/p>\n","protected":false},"excerpt":{"rendered":"<p>Rijaset Islamske zajednice (IZ) u BiH poru\u010dio je da se vjerska osje\u0107anja ne smiju vrije\u0111ati, a povodom uvredljive izjave glavnog imama Med\u017elisa IZ iz Kozarca Amira Mahi\u0107a, koji je Svetom [&hellip;]<\/p>\n","protected":false},"author":1,"featured_media":0,"comment_status":"closed","ping_status":"open","sticky":false,"template":"","format":"standard","meta":{"_monsterinsights_skip_tracking":false,"_monsterinsights_sitenote_active":false,"_monsterinsights_sitenote_note":"","_monsterinsights_sitenote_category":0,"footnotes":""},"categories":[8],"tags":[],"yoast_head":"<!-- This site is optimized with the Yoast SEO plugin v21.6 - https:\/\/yoast.com\/wordpress\/plugins\/seo\/ -->\n<title>Rijaset Islamske zajednice u BiH o izjavi imama: Vjerska osje\u0107anja se ne smiju vrije\u0111ati - PrijedorDanas.com - Prijedorski gradski portal<\/title>\n<meta name=\"robots\" content=\"index, follow, max-snippet:-1, max-image-preview:large, max-video-preview:-1\" \/>\n<link rel=\"canonical\" href=\"https:\/\/www.prijedordanas.com\/?p=199776\" \/>\n<meta property=\"og:locale\" content=\"en_US\" \/>\n<meta property=\"og:type\" content=\"article\" \/>\n<meta property=\"og:title\" content=\"Rijaset Islamske zajednice u BiH o izjavi imama: Vjerska osje\u0107anja se ne smiju vrije\u0111ati - PrijedorDanas.com - Prijedorski gradski portal\" \/>\n<meta property=\"og:description\" content=\"Rijaset Islamske zajednice (IZ) u BiH poru\u010dio je da se vjerska osje\u0107anja ne smiju vrije\u0111ati, a povodom uvredljive izjave glavnog imama Med\u017elisa IZ iz Kozarca Amira Mahi\u0107a, koji je Svetom [&hellip;]\" \/>\n<meta property=\"og:url\" content=\"https:\/\/www.prijedordanas.com\/?p=199776\" \/>\n<meta property=\"og:site_name\" content=\"PrijedorDanas.com - Prijedorski gradski portal\" \/>\n<meta property=\"article:publisher\" content=\"https:\/\/www.facebook.com\/PrijedorDanasCom\/\" \/>\n<meta property=\"article:published_time\" content=\"2023-02-03T22:29:17+00:00\" \/>\n<meta property=\"article:modified_time\" content=\"2023-02-04T17:36:22+00:00\" \/>\n<meta property=\"og:image\" content=\"https:\/\/www.prijedordanas.com\/wp-content\/uploads\/2023\/02\/kozaraceu-amir-efendija-mahic-300x225.jpg\" \/>\n<meta name=\"author\" content=\"admin\" \/>\n<meta name=\"twitter:card\" content=\"summary_large_image\" \/>\n<meta name=\"twitter:label1\" content=\"Written by\" \/>\n\t<meta name=\"twitter:data1\" content=\"admin\" \/>\n<script type=\"application\/ld+json\" class=\"yoast-schema-graph\">{\"@context\":\"https:\/\/schema.org\",\"@graph\":[{\"@type\":\"Article\",\"@id\":\"https:\/\/www.prijedordanas.com\/?p=199776#article\",\"isPartOf\":{\"@id\":\"https:\/\/www.prijedordanas.com\/?p=199776\"},\"author\":{\"name\":\"admin\",\"@id\":\"https:\/\/www.prijedordanas.com\/#\/schema\/person\/4e08ccf29b506ca916ff86d46bb700e6\"},\"headline\":\"Rijaset Islamske zajednice u BiH o izjavi imama: Vjerska osje\u0107anja se ne smiju vrije\u0111ati\",\"datePublished\":\"2023-02-03T22:29:17+00:00\",\"dateModified\":\"2023-02-04T17:36:22+00:00\",\"mainEntityOfPage\":{\"@id\":\"https:\/\/www.prijedordanas.com\/?p=199776\"},\"wordCount\":757,\"publisher\":{\"@id\":\"https:\/\/www.prijedordanas.com\/#organization\"},\"articleSection\":[\"Svakodnevno\"],\"inLanguage\":\"en-US\"},{\"@type\":\"WebPage\",\"@id\":\"https:\/\/www.prijedordanas.com\/?p=199776\",\"url\":\"https:\/\/www.prijedordanas.com\/?p=199776\",\"name\":\"Rijaset Islamske zajednice u BiH o izjavi imama: Vjerska osje\u0107anja se ne smiju vrije\u0111ati - PrijedorDanas.com - Prijedorski gradski portal\",\"isPartOf\":{\"@id\":\"https:\/\/www.prijedordanas.com\/#website\"},\"datePublished\":\"2023-02-03T22:29:17+00:00\",\"dateModified\":\"2023-02-04T17:36:22+00:00\",\"breadcrumb\":{\"@id\":\"https:\/\/www.prijedordanas.com\/?p=199776#breadcrumb\"},\"inLanguage\":\"en-US\",\"potentialAction\":[{\"@type\":\"ReadAction\",\"target\":[\"https:\/\/www.prijedordanas.com\/?p=199776\"]}]},{\"@type\":\"BreadcrumbList\",\"@id\":\"https:\/\/www.prijedordanas.com\/?p=199776#breadcrumb\",\"itemListElement\":[{\"@type\":\"ListItem\",\"position\":1,\"name\":\"Home\",\"item\":\"https:\/\/www.prijedordanas.com\/\"},{\"@type\":\"ListItem\",\"position\":2,\"name\":\"Rijaset Islamske zajednice u BiH o izjavi imama: Vjerska osje\u0107anja se ne smiju vrije\u0111ati\"}]},{\"@type\":\"WebSite\",\"@id\":\"https:\/\/www.prijedordanas.com\/#website\",\"url\":\"https:\/\/www.prijedordanas.com\/\",\"name\":\"PrijedorDanas.com - Prijedorski gradski portal\",\"description\":\"Portal o doga\u0111anjima u gradu Prijedoru\",\"publisher\":{\"@id\":\"https:\/\/www.prijedordanas.com\/#organization\"},\"potentialAction\":[{\"@type\":\"SearchAction\",\"target\":{\"@type\":\"EntryPoint\",\"urlTemplate\":\"https:\/\/www.prijedordanas.com\/?s={search_term_string}\"},\"query-input\":\"required name=search_term_string\"}],\"inLanguage\":\"en-US\"},{\"@type\":\"Organization\",\"@id\":\"https:\/\/www.prijedordanas.com\/#organization\",\"name\":\"PrijedorDanas.com\",\"url\":\"https:\/\/www.prijedordanas.com\/\",\"logo\":{\"@type\":\"ImageObject\",\"inLanguage\":\"en-US\",\"@id\":\"https:\/\/www.prijedordanas.com\/#\/schema\/logo\/image\/\",\"url\":\"http:\/\/www.prijedordanas.com\/wp-content\/uploads\/2021\/12\/logopng.png\",\"contentUrl\":\"http:\/\/www.prijedordanas.com\/wp-content\/uploads\/2021\/12\/logopng.png\",\"width\":1019,\"height\":776,\"caption\":\"PrijedorDanas.com\"},\"image\":{\"@id\":\"https:\/\/www.prijedordanas.com\/#\/schema\/logo\/image\/\"},\"sameAs\":[\"https:\/\/www.facebook.com\/PrijedorDanasCom\/\"]},{\"@type\":\"Person\",\"@id\":\"https:\/\/www.prijedordanas.com\/#\/schema\/person\/4e08ccf29b506ca916ff86d46bb700e6\",\"name\":\"admin\",\"image\":{\"@type\":\"ImageObject\",\"inLanguage\":\"en-US\",\"@id\":\"https:\/\/www.prijedordanas.com\/#\/schema\/person\/image\/\",\"url\":\"https:\/\/secure.gravatar.com\/avatar\/1d3fc949d550f0b53a5f0d51e06dfd79?s=96&d=mm&r=g\",\"contentUrl\":\"https:\/\/secure.gravatar.com\/avatar\/1d3fc949d550f0b53a5f0d51e06dfd79?s=96&d=mm&r=g\",\"caption\":\"admin\"},\"url\":\"https:\/\/www.prijedordanas.com\/?author=1\"}]}<\/script>\n<!-- \/ Yoast SEO plugin. -->","yoast_head_json":{"title":"Rijaset Islamske zajednice u BiH o izjavi imama: Vjerska osje\u0107anja se ne smiju vrije\u0111ati - PrijedorDanas.com - Prijedorski gradski portal","robots":{"index":"index","follow":"follow","max-snippet":"max-snippet:-1","max-image-preview":"max-image-preview:large","max-video-preview":"max-video-preview:-1"},"canonical":"https:\/\/www.prijedordanas.com\/?p=199776","og_locale":"en_US","og_type":"article","og_title":"Rijaset Islamske zajednice u BiH o izjavi imama: Vjerska osje\u0107anja se ne smiju vrije\u0111ati - PrijedorDanas.com - Prijedorski gradski portal","og_description":"Rijaset Islamske zajednice (IZ) u BiH poru\u010dio je da se vjerska osje\u0107anja ne smiju vrije\u0111ati, a povodom uvredljive izjave glavnog imama Med\u017elisa IZ iz Kozarca Amira Mahi\u0107a, koji je Svetom [&hellip;]","og_url":"https:\/\/www.prijedordanas.com\/?p=199776","og_site_name":"PrijedorDanas.com - Prijedorski gradski portal","article_publisher":"https:\/\/www.facebook.com\/PrijedorDanasCom\/","article_published_time":"2023-02-03T22:29:17+00:00","article_modified_time":"2023-02-04T17:36:22+00:00","og_image":[{"url":"https:\/\/www.prijedordanas.com\/wp-content\/uploads\/2023\/02\/kozaraceu-amir-efendija-mahic-300x225.jpg"}],"author":"admin","twitter_card":"summary_large_image","twitter_misc":{"Written by":"admin"},"schema":{"@context":"https:\/\/schema.org","@graph":[{"@type":"Article","@id":"https:\/\/www.prijedordanas.com\/?p=199776#article","isPartOf":{"@id":"https:\/\/www.prijedordanas.com\/?p=199776"},"author":{"name":"admin","@id":"https:\/\/www.prijedordanas.com\/#\/schema\/person\/4e08ccf29b506ca916ff86d46bb700e6"},"headline":"Rijaset Islamske zajednice u BiH o izjavi imama: Vjerska osje\u0107anja se ne smiju vrije\u0111ati","datePublished":"2023-02-03T22:29:17+00:00","dateModified":"2023-02-04T17:36:22+00:00","mainEntityOfPage":{"@id":"https:\/\/www.prijedordanas.com\/?p=199776"},"wordCount":757,"publisher":{"@id":"https:\/\/www.prijedordanas.com\/#organization"},"articleSection":["Svakodnevno"],"inLanguage":"en-US"},{"@type":"WebPage","@id":"https:\/\/www.prijedordanas.com\/?p=199776","url":"https:\/\/www.prijedordanas.com\/?p=199776","name":"Rijaset Islamske zajednice u BiH o izjavi imama: Vjerska osje\u0107anja se ne smiju vrije\u0111ati - PrijedorDanas.com - Prijedorski gradski portal","isPartOf":{"@id":"https:\/\/www.prijedordanas.com\/#website"},"datePublished":"2023-02-03T22:29:17+00:00","dateModified":"2023-02-04T17:36:22+00:00","breadcrumb":{"@id":"https:\/\/www.prijedordanas.com\/?p=199776#breadcrumb"},"inLanguage":"en-US","potentialAction":[{"@type":"ReadAction","target":["https:\/\/www.prijedordanas.com\/?p=199776"]}]},{"@type":"BreadcrumbList","@id":"https:\/\/www.prijedordanas.com\/?p=199776#breadcrumb","itemListElement":[{"@type":"ListItem","position":1,"name":"Home","item":"https:\/\/www.prijedordanas.com\/"},{"@type":"ListItem","position":2,"name":"Rijaset Islamske zajednice u BiH o izjavi imama: Vjerska osje\u0107anja se ne smiju vrije\u0111ati"}]},{"@type":"WebSite","@id":"https:\/\/www.prijedordanas.com\/#website","url":"https:\/\/www.prijedordanas.com\/","name":"PrijedorDanas.com - Prijedorski gradski portal","description":"Portal o doga\u0111anjima u gradu Prijedoru","publisher":{"@id":"https:\/\/www.prijedordanas.com\/#organization"},"potentialAction":[{"@type":"SearchAction","target":{"@type":"EntryPoint","urlTemplate":"https:\/\/www.prijedordanas.com\/?s={search_term_string}"},"query-input":"required name=search_term_string"}],"inLanguage":"en-US"},{"@type":"Organization","@id":"https:\/\/www.prijedordanas.com\/#organization","name":"PrijedorDanas.com","url":"https:\/\/www.prijedordanas.com\/","logo":{"@type":"ImageObject","inLanguage":"en-US","@id":"https:\/\/www.prijedordanas.com\/#\/schema\/logo\/image\/","url":"http:\/\/www.prijedordanas.com\/wp-content\/uploads\/2021\/12\/logopng.png","contentUrl":"http:\/\/www.prijedordanas.com\/wp-content\/uploads\/2021\/12\/logopng.png","width":1019,"height":776,"caption":"PrijedorDanas.com"},"image":{"@id":"https:\/\/www.prijedordanas.com\/#\/schema\/logo\/image\/"},"sameAs":["https:\/\/www.facebook.com\/PrijedorDanasCom\/"]},{"@type":"Person","@id":"https:\/\/www.prijedordanas.com\/#\/schema\/person\/4e08ccf29b506ca916ff86d46bb700e6","name":"admin","image":{"@type":"ImageObject","inLanguage":"en-US","@id":"https:\/\/www.prijedordanas.com\/#\/schema\/person\/image\/","url":"https:\/\/secure.gravatar.com\/avatar\/1d3fc949d550f0b53a5f0d51e06dfd79?s=96&d=mm&r=g","contentUrl":"https:\/\/secure.gravatar.com\/avatar\/1d3fc949d550f0b53a5f0d51e06dfd79?s=96&d=mm&r=g","caption":"admin"},"url":"https:\/\/www.prijedordanas.com\/?author=1"}]}},"_links":{"self":[{"href":"https:\/\/www.prijedordanas.com\/index.php?rest_route=\/wp\/v2\/posts\/199776"}],"collection":[{"href":"https:\/\/www.prijedordanas.com\/index.php?rest_route=\/wp\/v2\/posts"}],"about":[{"href":"https:\/\/www.prijedordanas.com\/index.php?rest_route=\/wp\/v2\/types\/post"}],"author":[{"embeddable":true,"href":"https:\/\/www.prijedordanas.com\/index.php?rest_route=\/wp\/v2\/users\/1"}],"replies":[{"embeddable":true,"href":"https:\/\/www.prijedordanas.com\/index.php?rest_route=%2Fwp%2Fv2%2Fcomments&post=199776"}],"version-history":[{"count":1,"href":"https:\/\/www.prijedordanas.com\/index.php?rest_route=\/wp\/v2\/posts\/199776\/revisions"}],"predecessor-version":[{"id":199778,"href":"https:\/\/www.prijedordanas.com\/index.php?rest_route=\/wp\/v2\/posts\/199776\/revisions\/199778"}],"wp:attachment":[{"href":"https:\/\/www.prijedordanas.com\/index.php?rest_route=%2Fwp%2Fv2%2Fmedia&parent=199776"}],"wp:term":[{"taxonomy":"category","embeddable":true,"href":"https:\/\/www.prijedordanas.com\/index.php?rest_route=%2Fwp%2Fv2%2Fcategories&post=199776"},{"taxonomy":"post_tag","embeddable":true,"href":"https:\/\/www.prijedordanas.com\/index.php?rest_route=%2Fwp%2Fv2%2Ftags&post=199776"}],"curies":[{"name":"wp","href":"https:\/\/api.w.org\/{rel}","templated":true}]}}