{"id":199763,"date":"2023-02-03T19:19:20","date_gmt":"2023-02-03T18:19:20","guid":{"rendered":"https:\/\/www.prijedordanas.com\/?p=199763"},"modified":"2023-02-04T16:21:55","modified_gmt":"2023-02-04T15:21:55","slug":"srpska-pravoslavna-crkva-zahtijevamo-od-islamske-zajednice-bih-da-se-izvini-i-ogradi-od-izjave-imama-mahica","status":"publish","type":"post","link":"https:\/\/www.prijedordanas.com\/?p=199763","title":{"rendered":"Srpska pravoslavna crkva: Zahtijevamo od Islamske zajednice BiH da se izvini i ogradi od izjave imama Mahi\u0107a"},"content":{"rendered":"<p><a href=\"https:\/\/www.prijedordanas.com\/wp-content\/uploads\/2023\/02\/tanjug-spc.jpg\"><img loading=\"lazy\" decoding=\"async\" src=\"https:\/\/www.prijedordanas.com\/wp-content\/uploads\/2023\/02\/tanjug-spc-300x225.jpg\" alt=\"\" width=\"300\" height=\"225\" class=\"alignleft size-medium wp-image-199764\" srcset=\"https:\/\/www.prijedordanas.com\/wp-content\/uploads\/2023\/02\/tanjug-spc-300x225.jpg 300w, https:\/\/www.prijedordanas.com\/wp-content\/uploads\/2023\/02\/tanjug-spc-640x480.jpg 640w, https:\/\/www.prijedordanas.com\/wp-content\/uploads\/2023\/02\/tanjug-spc.jpg 666w\" sizes=\"(max-width: 300px) 100vw, 300px\" \/><\/a>Povodom besramnih tvrdnji glavnog imama Med\u017elisa Islamske zajednice u Kozarcu, Amira Mahi\u0107a, izre\u010denih javno, 27. januara ove godine, na Savindan, kojima je na najgrublji na\u010din nastojao poniziti Svetog Savu i Srpsku Pravoslavnu Crkvu, SPC izra\u017eava \u017ealjenje, nevjericu i povrije\u0111enost pomenutim \u010dinom kojim je na najgrublji na\u010din povrijedio osje\u0107aje svih vjernika Srpske Pravoslavne Crkve, ali i svih gra\u0111ana Bosne i Hercogovine, kojima je stalo do mira, kulture \u017eivljenja, te vjerske i nacionalne tolerancije.<\/p>\n<p>U saop\u0161tenju SPC isti\u010de se da je Amir Mahi\u0107, vjerski slu\u017ebenik Islamske zajednice, Svetog Savu nazvao je &#8220;takozvanom&#8221; i &#8220;veoma kontroverznom li\u010dno\u0161\u0107u&#8221;, imenuju\u0107i sve\u010devu prosvjetiteljsku misiju kao &#8220;notornu la\u017e&#8221;.<\/p>\n<p>&#8211; Tu se efendija Mahi\u0107 nije zaustavio, ve\u0107 je izrekao tvrdnju da je na u\u010denju Svetog Save &#8220;za\u010deta jedna sekta \u2013 srpska pravoslavna sekta&#8221;, koja, po njemu, sa hri\u0161\u0107anstvom nema ni\u0161ta. Glavni kozara\u010dki imam dalje je ustvrdio da su nacionalizam i fa\u0161izam &#8220;dvije osnovne ideolo\u0161ke postavke na kojima je utemeljeno svetosavlje&#8221;, te da je Sveti Sava &#8220;za\u010detnik ideologije mr\u017enje prema drugome&#8221;, kao i da su u svetosavlju &#8220;temelji genocida&#8221; &#8211; ka\u017ee se u saop\u0161tenju i dodaje da imaju\u0107i na umu izre\u010dene uvrede, zahtijevaju:<\/p>\n<p>1. Da se Islamska vjerska zajednica u Bosni i Hercegovini izvini svim pravoslavnim vjernicima zbog ne\u010duvenih uvreda efendije Mahi\u0107a;<\/p>\n<p>2. Da se Islamska zajednica ogradi od beskrupuloznih izjava efendije Mahi\u0107a, koje ne prili\u010de bilo kome, a ponajmanje jednom uticajnom vjerskom slu\u017ebeniku, kako bi javnost uvidjela da je sve izre\u010deno stav jednog neodgovornog pojedinca, a ne stav cjelokupne Islamske vjerske zajednice.<\/p>\n<p>&#8211; Nadaju\u0107i se da \u0107e ovo na\u0161e Saop\u0161tenje za javnost imati odjeka u rukovodstvu Islamske vjerske zajednice Bosne i Hercegovine, pozivamo sve vjernike, ali i sve gra\u0111ane, da ostanu mirni, suzdr\u017eani, ali i odlu\u010dni da istinom, ljubavlju i me\u0111usobnim po\u0161tovanjem sa\u010duvaju dostojanstvo vjere kojoj pripadaju, ali i svih vjerskih zajednica koje egzistiraju u Bosni i Hercegovini &#8211; navodi se u saop\u0161tenju SPC koji potpisuju mitropolit dabrobosanski Hrizostom, episkop banjalu\u010dki \u0408efrem, episkop zvorni\u010dko-tuzlanski Fotije, episkop biha\u0107ko-petrova\u010dki Sergije i episkop zahumsko-hercegova\u010dki i primorski Dimitrije.<\/p>\n<p>RTRS<br \/>\nFoto &#8211; TANJUG<\/p>\n","protected":false},"excerpt":{"rendered":"<p>Povodom besramnih tvrdnji glavnog imama Med\u017elisa Islamske zajednice u Kozarcu, Amira Mahi\u0107a, izre\u010denih javno, 27. januara ove godine, na Savindan, kojima je na najgrublji na\u010din nastojao poniziti Svetog Savu i [&hellip;]<\/p>\n","protected":false},"author":1,"featured_media":0,"comment_status":"closed","ping_status":"open","sticky":false,"template":"","format":"standard","meta":{"_monsterinsights_skip_tracking":false,"_monsterinsights_sitenote_active":false,"_monsterinsights_sitenote_note":"","_monsterinsights_sitenote_category":0,"footnotes":""},"categories":[8],"tags":[],"yoast_head":"<!-- This site is optimized with the Yoast SEO plugin v21.6 - https:\/\/yoast.com\/wordpress\/plugins\/seo\/ -->\n<title>Srpska pravoslavna crkva: Zahtijevamo od Islamske zajednice BiH da se izvini i ogradi od izjave imama Mahi\u0107a - PrijedorDanas.com - Prijedorski gradski portal<\/title>\n<meta name=\"robots\" content=\"index, follow, max-snippet:-1, max-image-preview:large, max-video-preview:-1\" \/>\n<link rel=\"canonical\" href=\"https:\/\/www.prijedordanas.com\/?p=199763\" \/>\n<meta property=\"og:locale\" content=\"en_US\" \/>\n<meta property=\"og:type\" content=\"article\" \/>\n<meta property=\"og:title\" content=\"Srpska pravoslavna crkva: Zahtijevamo od Islamske zajednice BiH da se izvini i ogradi od izjave imama Mahi\u0107a - PrijedorDanas.com - Prijedorski gradski portal\" \/>\n<meta property=\"og:description\" content=\"Povodom besramnih tvrdnji glavnog imama Med\u017elisa Islamske zajednice u Kozarcu, Amira Mahi\u0107a, izre\u010denih javno, 27. januara ove godine, na Savindan, kojima je na najgrublji na\u010din nastojao poniziti Svetog Savu i [&hellip;]\" \/>\n<meta property=\"og:url\" content=\"https:\/\/www.prijedordanas.com\/?p=199763\" \/>\n<meta property=\"og:site_name\" content=\"PrijedorDanas.com - Prijedorski gradski portal\" \/>\n<meta property=\"article:publisher\" content=\"https:\/\/www.facebook.com\/PrijedorDanasCom\/\" \/>\n<meta property=\"article:published_time\" content=\"2023-02-03T18:19:20+00:00\" \/>\n<meta property=\"article:modified_time\" content=\"2023-02-04T15:21:55+00:00\" \/>\n<meta property=\"og:image\" content=\"https:\/\/www.prijedordanas.com\/wp-content\/uploads\/2023\/02\/tanjug-spc-300x225.jpg\" \/>\n<meta name=\"author\" content=\"admin\" \/>\n<meta name=\"twitter:card\" content=\"summary_large_image\" \/>\n<meta name=\"twitter:label1\" content=\"Written by\" \/>\n\t<meta name=\"twitter:data1\" content=\"admin\" \/>\n<script type=\"application\/ld+json\" class=\"yoast-schema-graph\">{\"@context\":\"https:\/\/schema.org\",\"@graph\":[{\"@type\":\"Article\",\"@id\":\"https:\/\/www.prijedordanas.com\/?p=199763#article\",\"isPartOf\":{\"@id\":\"https:\/\/www.prijedordanas.com\/?p=199763\"},\"author\":{\"name\":\"admin\",\"@id\":\"https:\/\/www.prijedordanas.com\/#\/schema\/person\/4e08ccf29b506ca916ff86d46bb700e6\"},\"headline\":\"Srpska pravoslavna crkva: Zahtijevamo od Islamske zajednice BiH da se izvini i ogradi od izjave imama Mahi\u0107a\",\"datePublished\":\"2023-02-03T18:19:20+00:00\",\"dateModified\":\"2023-02-04T15:21:55+00:00\",\"mainEntityOfPage\":{\"@id\":\"https:\/\/www.prijedordanas.com\/?p=199763\"},\"wordCount\":394,\"publisher\":{\"@id\":\"https:\/\/www.prijedordanas.com\/#organization\"},\"articleSection\":[\"Svakodnevno\"],\"inLanguage\":\"en-US\"},{\"@type\":\"WebPage\",\"@id\":\"https:\/\/www.prijedordanas.com\/?p=199763\",\"url\":\"https:\/\/www.prijedordanas.com\/?p=199763\",\"name\":\"Srpska pravoslavna crkva: Zahtijevamo od Islamske zajednice BiH da se izvini i ogradi od izjave imama Mahi\u0107a - PrijedorDanas.com - Prijedorski gradski portal\",\"isPartOf\":{\"@id\":\"https:\/\/www.prijedordanas.com\/#website\"},\"datePublished\":\"2023-02-03T18:19:20+00:00\",\"dateModified\":\"2023-02-04T15:21:55+00:00\",\"breadcrumb\":{\"@id\":\"https:\/\/www.prijedordanas.com\/?p=199763#breadcrumb\"},\"inLanguage\":\"en-US\",\"potentialAction\":[{\"@type\":\"ReadAction\",\"target\":[\"https:\/\/www.prijedordanas.com\/?p=199763\"]}]},{\"@type\":\"BreadcrumbList\",\"@id\":\"https:\/\/www.prijedordanas.com\/?p=199763#breadcrumb\",\"itemListElement\":[{\"@type\":\"ListItem\",\"position\":1,\"name\":\"Home\",\"item\":\"https:\/\/www.prijedordanas.com\/\"},{\"@type\":\"ListItem\",\"position\":2,\"name\":\"Srpska pravoslavna crkva: Zahtijevamo od Islamske zajednice BiH da se izvini i ogradi od izjave imama Mahi\u0107a\"}]},{\"@type\":\"WebSite\",\"@id\":\"https:\/\/www.prijedordanas.com\/#website\",\"url\":\"https:\/\/www.prijedordanas.com\/\",\"name\":\"PrijedorDanas.com - Prijedorski gradski portal\",\"description\":\"Portal o doga\u0111anjima u gradu Prijedoru\",\"publisher\":{\"@id\":\"https:\/\/www.prijedordanas.com\/#organization\"},\"potentialAction\":[{\"@type\":\"SearchAction\",\"target\":{\"@type\":\"EntryPoint\",\"urlTemplate\":\"https:\/\/www.prijedordanas.com\/?s={search_term_string}\"},\"query-input\":\"required name=search_term_string\"}],\"inLanguage\":\"en-US\"},{\"@type\":\"Organization\",\"@id\":\"https:\/\/www.prijedordanas.com\/#organization\",\"name\":\"PrijedorDanas.com\",\"url\":\"https:\/\/www.prijedordanas.com\/\",\"logo\":{\"@type\":\"ImageObject\",\"inLanguage\":\"en-US\",\"@id\":\"https:\/\/www.prijedordanas.com\/#\/schema\/logo\/image\/\",\"url\":\"http:\/\/www.prijedordanas.com\/wp-content\/uploads\/2021\/12\/logopng.png\",\"contentUrl\":\"http:\/\/www.prijedordanas.com\/wp-content\/uploads\/2021\/12\/logopng.png\",\"width\":1019,\"height\":776,\"caption\":\"PrijedorDanas.com\"},\"image\":{\"@id\":\"https:\/\/www.prijedordanas.com\/#\/schema\/logo\/image\/\"},\"sameAs\":[\"https:\/\/www.facebook.com\/PrijedorDanasCom\/\"]},{\"@type\":\"Person\",\"@id\":\"https:\/\/www.prijedordanas.com\/#\/schema\/person\/4e08ccf29b506ca916ff86d46bb700e6\",\"name\":\"admin\",\"image\":{\"@type\":\"ImageObject\",\"inLanguage\":\"en-US\",\"@id\":\"https:\/\/www.prijedordanas.com\/#\/schema\/person\/image\/\",\"url\":\"https:\/\/secure.gravatar.com\/avatar\/1d3fc949d550f0b53a5f0d51e06dfd79?s=96&d=mm&r=g\",\"contentUrl\":\"https:\/\/secure.gravatar.com\/avatar\/1d3fc949d550f0b53a5f0d51e06dfd79?s=96&d=mm&r=g\",\"caption\":\"admin\"},\"url\":\"https:\/\/www.prijedordanas.com\/?author=1\"}]}<\/script>\n<!-- \/ Yoast SEO plugin. -->","yoast_head_json":{"title":"Srpska pravoslavna crkva: Zahtijevamo od Islamske zajednice BiH da se izvini i ogradi od izjave imama Mahi\u0107a - PrijedorDanas.com - Prijedorski gradski portal","robots":{"index":"index","follow":"follow","max-snippet":"max-snippet:-1","max-image-preview":"max-image-preview:large","max-video-preview":"max-video-preview:-1"},"canonical":"https:\/\/www.prijedordanas.com\/?p=199763","og_locale":"en_US","og_type":"article","og_title":"Srpska pravoslavna crkva: Zahtijevamo od Islamske zajednice BiH da se izvini i ogradi od izjave imama Mahi\u0107a - PrijedorDanas.com - Prijedorski gradski portal","og_description":"Povodom besramnih tvrdnji glavnog imama Med\u017elisa Islamske zajednice u Kozarcu, Amira Mahi\u0107a, izre\u010denih javno, 27. januara ove godine, na Savindan, kojima je na najgrublji na\u010din nastojao poniziti Svetog Savu i [&hellip;]","og_url":"https:\/\/www.prijedordanas.com\/?p=199763","og_site_name":"PrijedorDanas.com - Prijedorski gradski portal","article_publisher":"https:\/\/www.facebook.com\/PrijedorDanasCom\/","article_published_time":"2023-02-03T18:19:20+00:00","article_modified_time":"2023-02-04T15:21:55+00:00","og_image":[{"url":"https:\/\/www.prijedordanas.com\/wp-content\/uploads\/2023\/02\/tanjug-spc-300x225.jpg"}],"author":"admin","twitter_card":"summary_large_image","twitter_misc":{"Written by":"admin"},"schema":{"@context":"https:\/\/schema.org","@graph":[{"@type":"Article","@id":"https:\/\/www.prijedordanas.com\/?p=199763#article","isPartOf":{"@id":"https:\/\/www.prijedordanas.com\/?p=199763"},"author":{"name":"admin","@id":"https:\/\/www.prijedordanas.com\/#\/schema\/person\/4e08ccf29b506ca916ff86d46bb700e6"},"headline":"Srpska pravoslavna crkva: Zahtijevamo od Islamske zajednice BiH da se izvini i ogradi od izjave imama Mahi\u0107a","datePublished":"2023-02-03T18:19:20+00:00","dateModified":"2023-02-04T15:21:55+00:00","mainEntityOfPage":{"@id":"https:\/\/www.prijedordanas.com\/?p=199763"},"wordCount":394,"publisher":{"@id":"https:\/\/www.prijedordanas.com\/#organization"},"articleSection":["Svakodnevno"],"inLanguage":"en-US"},{"@type":"WebPage","@id":"https:\/\/www.prijedordanas.com\/?p=199763","url":"https:\/\/www.prijedordanas.com\/?p=199763","name":"Srpska pravoslavna crkva: Zahtijevamo od Islamske zajednice BiH da se izvini i ogradi od izjave imama Mahi\u0107a - PrijedorDanas.com - Prijedorski gradski portal","isPartOf":{"@id":"https:\/\/www.prijedordanas.com\/#website"},"datePublished":"2023-02-03T18:19:20+00:00","dateModified":"2023-02-04T15:21:55+00:00","breadcrumb":{"@id":"https:\/\/www.prijedordanas.com\/?p=199763#breadcrumb"},"inLanguage":"en-US","potentialAction":[{"@type":"ReadAction","target":["https:\/\/www.prijedordanas.com\/?p=199763"]}]},{"@type":"BreadcrumbList","@id":"https:\/\/www.prijedordanas.com\/?p=199763#breadcrumb","itemListElement":[{"@type":"ListItem","position":1,"name":"Home","item":"https:\/\/www.prijedordanas.com\/"},{"@type":"ListItem","position":2,"name":"Srpska pravoslavna crkva: Zahtijevamo od Islamske zajednice BiH da se izvini i ogradi od izjave imama Mahi\u0107a"}]},{"@type":"WebSite","@id":"https:\/\/www.prijedordanas.com\/#website","url":"https:\/\/www.prijedordanas.com\/","name":"PrijedorDanas.com - Prijedorski gradski portal","description":"Portal o doga\u0111anjima u gradu Prijedoru","publisher":{"@id":"https:\/\/www.prijedordanas.com\/#organization"},"potentialAction":[{"@type":"SearchAction","target":{"@type":"EntryPoint","urlTemplate":"https:\/\/www.prijedordanas.com\/?s={search_term_string}"},"query-input":"required name=search_term_string"}],"inLanguage":"en-US"},{"@type":"Organization","@id":"https:\/\/www.prijedordanas.com\/#organization","name":"PrijedorDanas.com","url":"https:\/\/www.prijedordanas.com\/","logo":{"@type":"ImageObject","inLanguage":"en-US","@id":"https:\/\/www.prijedordanas.com\/#\/schema\/logo\/image\/","url":"http:\/\/www.prijedordanas.com\/wp-content\/uploads\/2021\/12\/logopng.png","contentUrl":"http:\/\/www.prijedordanas.com\/wp-content\/uploads\/2021\/12\/logopng.png","width":1019,"height":776,"caption":"PrijedorDanas.com"},"image":{"@id":"https:\/\/www.prijedordanas.com\/#\/schema\/logo\/image\/"},"sameAs":["https:\/\/www.facebook.com\/PrijedorDanasCom\/"]},{"@type":"Person","@id":"https:\/\/www.prijedordanas.com\/#\/schema\/person\/4e08ccf29b506ca916ff86d46bb700e6","name":"admin","image":{"@type":"ImageObject","inLanguage":"en-US","@id":"https:\/\/www.prijedordanas.com\/#\/schema\/person\/image\/","url":"https:\/\/secure.gravatar.com\/avatar\/1d3fc949d550f0b53a5f0d51e06dfd79?s=96&d=mm&r=g","contentUrl":"https:\/\/secure.gravatar.com\/avatar\/1d3fc949d550f0b53a5f0d51e06dfd79?s=96&d=mm&r=g","caption":"admin"},"url":"https:\/\/www.prijedordanas.com\/?author=1"}]}},"_links":{"self":[{"href":"https:\/\/www.prijedordanas.com\/index.php?rest_route=\/wp\/v2\/posts\/199763"}],"collection":[{"href":"https:\/\/www.prijedordanas.com\/index.php?rest_route=\/wp\/v2\/posts"}],"about":[{"href":"https:\/\/www.prijedordanas.com\/index.php?rest_route=\/wp\/v2\/types\/post"}],"author":[{"embeddable":true,"href":"https:\/\/www.prijedordanas.com\/index.php?rest_route=\/wp\/v2\/users\/1"}],"replies":[{"embeddable":true,"href":"https:\/\/www.prijedordanas.com\/index.php?rest_route=%2Fwp%2Fv2%2Fcomments&post=199763"}],"version-history":[{"count":1,"href":"https:\/\/www.prijedordanas.com\/index.php?rest_route=\/wp\/v2\/posts\/199763\/revisions"}],"predecessor-version":[{"id":199765,"href":"https:\/\/www.prijedordanas.com\/index.php?rest_route=\/wp\/v2\/posts\/199763\/revisions\/199765"}],"wp:attachment":[{"href":"https:\/\/www.prijedordanas.com\/index.php?rest_route=%2Fwp%2Fv2%2Fmedia&parent=199763"}],"wp:term":[{"taxonomy":"category","embeddable":true,"href":"https:\/\/www.prijedordanas.com\/index.php?rest_route=%2Fwp%2Fv2%2Fcategories&post=199763"},{"taxonomy":"post_tag","embeddable":true,"href":"https:\/\/www.prijedordanas.com\/index.php?rest_route=%2Fwp%2Fv2%2Ftags&post=199763"}],"curies":[{"name":"wp","href":"https:\/\/api.w.org\/{rel}","templated":true}]}}