{"id":199730,"date":"2023-02-03T19:05:13","date_gmt":"2023-02-03T18:05:13","guid":{"rendered":"https:\/\/www.prijedordanas.com\/?p=199730"},"modified":"2023-02-03T21:20:04","modified_gmt":"2023-02-03T20:20:04","slug":"imam-iz-kozarca-se-izvinio-za-izgovorene-rijeci-islamska-zajednica-pokrenuce-disciplinski-postupak","status":"publish","type":"post","link":"https:\/\/www.prijedordanas.com\/?p=199730","title":{"rendered":"Imam iz Kozarca se izvinio za izgovorene rije\u010di: Islamska zajednica pokrenu\u0107e disciplinski postupak &#8211; VIDEO"},"content":{"rendered":"<p><a href=\"https:\/\/www.prijedordanas.com\/wp-content\/uploads\/2023\/02\/rtrs-izvinjenje-imama.jpg\"><img loading=\"lazy\" decoding=\"async\" src=\"https:\/\/www.prijedordanas.com\/wp-content\/uploads\/2023\/02\/rtrs-izvinjenje-imama-300x225.jpg\" alt=\"\" width=\"300\" height=\"225\" class=\"alignleft size-medium wp-image-199731\" srcset=\"https:\/\/www.prijedordanas.com\/wp-content\/uploads\/2023\/02\/rtrs-izvinjenje-imama-300x225.jpg 300w, https:\/\/www.prijedordanas.com\/wp-content\/uploads\/2023\/02\/rtrs-izvinjenje-imama-640x480.jpg 640w, https:\/\/www.prijedordanas.com\/wp-content\/uploads\/2023\/02\/rtrs-izvinjenje-imama.jpg 667w\" sizes=\"(max-width: 300px) 100vw, 300px\" \/><\/a>Amir Mahi\u0107, imam iz Kozarca kod Prijedora, izvinio se danas na hudbi pred islamskim vjernicima za govor tokom kojeg je srpskog svetitelja Savu nazvao za\u010detnikom fa\u0161izma, a Srpsku pravoslavnu crkvu &#8211; sektom.<\/p>\n<p>Podsje\u0107amo, Mahi\u0107 je tokom slu\u017ebe na Savindan, 27. januara istakao da je Sveti Sava bio &#8220;veoma kontraverzna li\u010dnost&#8221;, da je to &#8220;jedan od \u010dinovnika SPC&#8221; i da je &#8220;la\u017e da je prosvetitelj&#8221;.<\/p>\n<p><strong><a href=\"https:\/\/www.prijedordanas.com\/?p=199723\" rel=\"noopener\" target=\"_blank\">Prijedorsko tu\u017eila\u0161tvo tereti imama iz Kozarca za izazivanje mr\u017enje<\/a><\/strong><\/p>\n<p>&#8211; \u0160ta je s druge strane, iz ugla pravoslavaca iz drugih dijelova svijeta, taj \u010dovjek? To je \u010dovjek na \u010dijem u\u010denju i ideologiji je za\u010deta jedna sekta, koju mi ovde dobro poznajemo. To je srpska pravoslavna sekta &#8211; rekao je Mahi\u0107.<\/p>\n<p>Prema Mahi\u0107evim rije\u010dima &#8220;za\u010detnik ideologije mr\u017enje prema drugome je upravo Sveti Sava&#8221;, a dvije osnovne ideolo\u0161ke postavke na kojima je utemeljeno svetosavlje su nacionalizam i fa\u0161izam.<\/p>\n<p><strong><a href=\"https:\/\/www.prijedordanas.com\/?p=199712\" rel=\"noopener\" target=\"_blank\">Islamska zajednica u BiH pokre\u0107e postupak protiv imama koji je Srpsku pravoslavnu crkvu nazvao sektom<\/a><\/strong><\/p>\n<p>Kako javljaju federalni mediji Islamska zajednica BiH pokrenu\u0107e disciplinski postupak protiv imama.<\/p>\n<p>Islamska zajednica u BiH i njeni zvani\u010dni organi ne stoje iza li\u010dnog stava glavnog imama Med\u017elisa Islamske zajednice u prijedorskom naselju Kozarac Amira Mahi\u0107a, koji je Srpskoj pravoslavnoj crkvi  pripisao sekta\u0161tvo, a Svetom Savi fa\u0161izam, i on \u0107e se morati javno o tome izjasniti pred disciplinskom komisijom Rijaseta.<\/p>\n<p><strong><a href=\"https:\/\/www.prijedordanas.com\/?p=199698\" rel=\"noopener\" target=\"_blank\">Uvreda za srpski narod \u2013 imam Amir Mahi\u0107 iz Kozarca Svetom Savi pripisao fa\u0161izam \u2013 VIDEO<\/a><\/strong><\/p>\n<p>Mahi\u0107 \u0107e se o pomenutom doga\u0111aju morati javno izjasniti pred disciplinskom komisijom Rijaseta Islamske zajednice u BiH, jer se, kako je navedeno, vjerska osje\u0107anja ne smiju vrije\u0111ati, saop\u0161teno je iz Islamske zajednice.<\/p>\n<p>&#8211; Iako je efendija Amir Mahi\u0107 izvanredan imam, odgovoran i posve\u0107en svom radu, s velikim ugledom i bez ijedne mrlje u svom djelovanju, on je morao biti svjestan \u010dinjenice da je javna li\u010dnost i da njegove rije\u010di imaju posebnu te\u017einu i da se posebno vagaju &#8211; navedeno je u saop\u0161tenju Islamske zajednice.<\/p>\n<p>RTRS<\/p>\n<div style=\"width: 640px;\" class=\"wp-video\"><!--[if lt IE 9]><script>document.createElement('video');<\/script><![endif]-->\n<video class=\"wp-video-shortcode\" id=\"video-199730-1\" width=\"640\" height=\"360\" preload=\"metadata\" controls=\"controls\"><source type=\"video\/mp4\" src=\"https:\/\/arh1.rtrs.tv\/arhiva\/2023\/02\/03\/03_02_2023_srpska_danas_6e6fo_live_yMb_lyG.mp4?_=1\" \/><a href=\"https:\/\/arh1.rtrs.tv\/arhiva\/2023\/02\/03\/03_02_2023_srpska_danas_6e6fo_live_yMb_lyG.mp4\">https:\/\/arh1.rtrs.tv\/arhiva\/2023\/02\/03\/03_02_2023_srpska_danas_6e6fo_live_yMb_lyG.mp4<\/a><\/video><\/div>\n","protected":false},"excerpt":{"rendered":"<p>Amir Mahi\u0107, imam iz Kozarca kod Prijedora, izvinio se danas na hudbi pred islamskim vjernicima za govor tokom kojeg je srpskog svetitelja Savu nazvao za\u010detnikom fa\u0161izma, a Srpsku pravoslavnu crkvu [&hellip;]<\/p>\n","protected":false},"author":1,"featured_media":0,"comment_status":"closed","ping_status":"open","sticky":false,"template":"","format":"standard","meta":{"_monsterinsights_skip_tracking":false,"_monsterinsights_sitenote_active":false,"_monsterinsights_sitenote_note":"","_monsterinsights_sitenote_category":0,"footnotes":""},"categories":[4],"tags":[],"yoast_head":"<!-- This site is optimized with the Yoast SEO plugin v21.6 - https:\/\/yoast.com\/wordpress\/plugins\/seo\/ -->\n<title>Imam iz Kozarca se izvinio za izgovorene rije\u010di: Islamska zajednica pokrenu\u0107e disciplinski postupak - VIDEO - PrijedorDanas.com - Prijedorski gradski portal<\/title>\n<meta name=\"robots\" content=\"index, follow, max-snippet:-1, max-image-preview:large, max-video-preview:-1\" \/>\n<link rel=\"canonical\" href=\"https:\/\/www.prijedordanas.com\/?p=199730\" \/>\n<meta property=\"og:locale\" content=\"en_US\" \/>\n<meta property=\"og:type\" content=\"article\" \/>\n<meta property=\"og:title\" content=\"Imam iz Kozarca se izvinio za izgovorene rije\u010di: Islamska zajednica pokrenu\u0107e disciplinski postupak - VIDEO - PrijedorDanas.com - Prijedorski gradski portal\" \/>\n<meta property=\"og:description\" content=\"Amir Mahi\u0107, imam iz Kozarca kod Prijedora, izvinio se danas na hudbi pred islamskim vjernicima za govor tokom kojeg je srpskog svetitelja Savu nazvao za\u010detnikom fa\u0161izma, a Srpsku pravoslavnu crkvu [&hellip;]\" \/>\n<meta property=\"og:url\" content=\"https:\/\/www.prijedordanas.com\/?p=199730\" \/>\n<meta property=\"og:site_name\" content=\"PrijedorDanas.com - Prijedorski gradski portal\" \/>\n<meta property=\"article:publisher\" content=\"https:\/\/www.facebook.com\/PrijedorDanasCom\/\" \/>\n<meta property=\"article:published_time\" content=\"2023-02-03T18:05:13+00:00\" \/>\n<meta property=\"article:modified_time\" content=\"2023-02-03T20:20:04+00:00\" \/>\n<meta property=\"og:image\" content=\"https:\/\/www.prijedordanas.com\/wp-content\/uploads\/2023\/02\/rtrs-izvinjenje-imama-300x225.jpg\" \/>\n<meta name=\"author\" content=\"admin\" \/>\n<meta name=\"twitter:card\" content=\"summary_large_image\" \/>\n<meta name=\"twitter:label1\" content=\"Written by\" \/>\n\t<meta name=\"twitter:data1\" content=\"admin\" \/>\n\t<meta name=\"twitter:label2\" content=\"Est. reading time\" \/>\n\t<meta name=\"twitter:data2\" content=\"2 minutes\" \/>\n<script type=\"application\/ld+json\" class=\"yoast-schema-graph\">{\"@context\":\"https:\/\/schema.org\",\"@graph\":[{\"@type\":\"Article\",\"@id\":\"https:\/\/www.prijedordanas.com\/?p=199730#article\",\"isPartOf\":{\"@id\":\"https:\/\/www.prijedordanas.com\/?p=199730\"},\"author\":{\"name\":\"admin\",\"@id\":\"https:\/\/www.prijedordanas.com\/#\/schema\/person\/4e08ccf29b506ca916ff86d46bb700e6\"},\"headline\":\"Imam iz Kozarca se izvinio za izgovorene rije\u010di: Islamska zajednica pokrenu\u0107e disciplinski postupak &#8211; VIDEO\",\"datePublished\":\"2023-02-03T18:05:13+00:00\",\"dateModified\":\"2023-02-03T20:20:04+00:00\",\"mainEntityOfPage\":{\"@id\":\"https:\/\/www.prijedordanas.com\/?p=199730\"},\"wordCount\":377,\"publisher\":{\"@id\":\"https:\/\/www.prijedordanas.com\/#organization\"},\"articleSection\":[\"Dru\u0161tvo\"],\"inLanguage\":\"en-US\"},{\"@type\":\"WebPage\",\"@id\":\"https:\/\/www.prijedordanas.com\/?p=199730\",\"url\":\"https:\/\/www.prijedordanas.com\/?p=199730\",\"name\":\"Imam iz Kozarca se izvinio za izgovorene rije\u010di: Islamska zajednica pokrenu\u0107e disciplinski postupak - VIDEO - PrijedorDanas.com - Prijedorski gradski portal\",\"isPartOf\":{\"@id\":\"https:\/\/www.prijedordanas.com\/#website\"},\"datePublished\":\"2023-02-03T18:05:13+00:00\",\"dateModified\":\"2023-02-03T20:20:04+00:00\",\"breadcrumb\":{\"@id\":\"https:\/\/www.prijedordanas.com\/?p=199730#breadcrumb\"},\"inLanguage\":\"en-US\",\"potentialAction\":[{\"@type\":\"ReadAction\",\"target\":[\"https:\/\/www.prijedordanas.com\/?p=199730\"]}]},{\"@type\":\"BreadcrumbList\",\"@id\":\"https:\/\/www.prijedordanas.com\/?p=199730#breadcrumb\",\"itemListElement\":[{\"@type\":\"ListItem\",\"position\":1,\"name\":\"Home\",\"item\":\"https:\/\/www.prijedordanas.com\/\"},{\"@type\":\"ListItem\",\"position\":2,\"name\":\"Imam iz Kozarca se izvinio za izgovorene rije\u010di: Islamska zajednica pokrenu\u0107e disciplinski postupak &#8211; VIDEO\"}]},{\"@type\":\"WebSite\",\"@id\":\"https:\/\/www.prijedordanas.com\/#website\",\"url\":\"https:\/\/www.prijedordanas.com\/\",\"name\":\"PrijedorDanas.com - Prijedorski gradski portal\",\"description\":\"Portal o doga\u0111anjima u gradu Prijedoru\",\"publisher\":{\"@id\":\"https:\/\/www.prijedordanas.com\/#organization\"},\"potentialAction\":[{\"@type\":\"SearchAction\",\"target\":{\"@type\":\"EntryPoint\",\"urlTemplate\":\"https:\/\/www.prijedordanas.com\/?s={search_term_string}\"},\"query-input\":\"required name=search_term_string\"}],\"inLanguage\":\"en-US\"},{\"@type\":\"Organization\",\"@id\":\"https:\/\/www.prijedordanas.com\/#organization\",\"name\":\"PrijedorDanas.com\",\"url\":\"https:\/\/www.prijedordanas.com\/\",\"logo\":{\"@type\":\"ImageObject\",\"inLanguage\":\"en-US\",\"@id\":\"https:\/\/www.prijedordanas.com\/#\/schema\/logo\/image\/\",\"url\":\"http:\/\/www.prijedordanas.com\/wp-content\/uploads\/2021\/12\/logopng.png\",\"contentUrl\":\"http:\/\/www.prijedordanas.com\/wp-content\/uploads\/2021\/12\/logopng.png\",\"width\":1019,\"height\":776,\"caption\":\"PrijedorDanas.com\"},\"image\":{\"@id\":\"https:\/\/www.prijedordanas.com\/#\/schema\/logo\/image\/\"},\"sameAs\":[\"https:\/\/www.facebook.com\/PrijedorDanasCom\/\"]},{\"@type\":\"Person\",\"@id\":\"https:\/\/www.prijedordanas.com\/#\/schema\/person\/4e08ccf29b506ca916ff86d46bb700e6\",\"name\":\"admin\",\"image\":{\"@type\":\"ImageObject\",\"inLanguage\":\"en-US\",\"@id\":\"https:\/\/www.prijedordanas.com\/#\/schema\/person\/image\/\",\"url\":\"https:\/\/secure.gravatar.com\/avatar\/1d3fc949d550f0b53a5f0d51e06dfd79?s=96&d=mm&r=g\",\"contentUrl\":\"https:\/\/secure.gravatar.com\/avatar\/1d3fc949d550f0b53a5f0d51e06dfd79?s=96&d=mm&r=g\",\"caption\":\"admin\"},\"url\":\"https:\/\/www.prijedordanas.com\/?author=1\"}]}<\/script>\n<!-- \/ Yoast SEO plugin. -->","yoast_head_json":{"title":"Imam iz Kozarca se izvinio za izgovorene rije\u010di: Islamska zajednica pokrenu\u0107e disciplinski postupak - VIDEO - PrijedorDanas.com - Prijedorski gradski portal","robots":{"index":"index","follow":"follow","max-snippet":"max-snippet:-1","max-image-preview":"max-image-preview:large","max-video-preview":"max-video-preview:-1"},"canonical":"https:\/\/www.prijedordanas.com\/?p=199730","og_locale":"en_US","og_type":"article","og_title":"Imam iz Kozarca se izvinio za izgovorene rije\u010di: Islamska zajednica pokrenu\u0107e disciplinski postupak - VIDEO - PrijedorDanas.com - Prijedorski gradski portal","og_description":"Amir Mahi\u0107, imam iz Kozarca kod Prijedora, izvinio se danas na hudbi pred islamskim vjernicima za govor tokom kojeg je srpskog svetitelja Savu nazvao za\u010detnikom fa\u0161izma, a Srpsku pravoslavnu crkvu [&hellip;]","og_url":"https:\/\/www.prijedordanas.com\/?p=199730","og_site_name":"PrijedorDanas.com - Prijedorski gradski portal","article_publisher":"https:\/\/www.facebook.com\/PrijedorDanasCom\/","article_published_time":"2023-02-03T18:05:13+00:00","article_modified_time":"2023-02-03T20:20:04+00:00","og_image":[{"url":"https:\/\/www.prijedordanas.com\/wp-content\/uploads\/2023\/02\/rtrs-izvinjenje-imama-300x225.jpg"}],"author":"admin","twitter_card":"summary_large_image","twitter_misc":{"Written by":"admin","Est. reading time":"2 minutes"},"schema":{"@context":"https:\/\/schema.org","@graph":[{"@type":"Article","@id":"https:\/\/www.prijedordanas.com\/?p=199730#article","isPartOf":{"@id":"https:\/\/www.prijedordanas.com\/?p=199730"},"author":{"name":"admin","@id":"https:\/\/www.prijedordanas.com\/#\/schema\/person\/4e08ccf29b506ca916ff86d46bb700e6"},"headline":"Imam iz Kozarca se izvinio za izgovorene rije\u010di: Islamska zajednica pokrenu\u0107e disciplinski postupak &#8211; VIDEO","datePublished":"2023-02-03T18:05:13+00:00","dateModified":"2023-02-03T20:20:04+00:00","mainEntityOfPage":{"@id":"https:\/\/www.prijedordanas.com\/?p=199730"},"wordCount":377,"publisher":{"@id":"https:\/\/www.prijedordanas.com\/#organization"},"articleSection":["Dru\u0161tvo"],"inLanguage":"en-US"},{"@type":"WebPage","@id":"https:\/\/www.prijedordanas.com\/?p=199730","url":"https:\/\/www.prijedordanas.com\/?p=199730","name":"Imam iz Kozarca se izvinio za izgovorene rije\u010di: Islamska zajednica pokrenu\u0107e disciplinski postupak - VIDEO - PrijedorDanas.com - Prijedorski gradski portal","isPartOf":{"@id":"https:\/\/www.prijedordanas.com\/#website"},"datePublished":"2023-02-03T18:05:13+00:00","dateModified":"2023-02-03T20:20:04+00:00","breadcrumb":{"@id":"https:\/\/www.prijedordanas.com\/?p=199730#breadcrumb"},"inLanguage":"en-US","potentialAction":[{"@type":"ReadAction","target":["https:\/\/www.prijedordanas.com\/?p=199730"]}]},{"@type":"BreadcrumbList","@id":"https:\/\/www.prijedordanas.com\/?p=199730#breadcrumb","itemListElement":[{"@type":"ListItem","position":1,"name":"Home","item":"https:\/\/www.prijedordanas.com\/"},{"@type":"ListItem","position":2,"name":"Imam iz Kozarca se izvinio za izgovorene rije\u010di: Islamska zajednica pokrenu\u0107e disciplinski postupak &#8211; VIDEO"}]},{"@type":"WebSite","@id":"https:\/\/www.prijedordanas.com\/#website","url":"https:\/\/www.prijedordanas.com\/","name":"PrijedorDanas.com - Prijedorski gradski portal","description":"Portal o doga\u0111anjima u gradu Prijedoru","publisher":{"@id":"https:\/\/www.prijedordanas.com\/#organization"},"potentialAction":[{"@type":"SearchAction","target":{"@type":"EntryPoint","urlTemplate":"https:\/\/www.prijedordanas.com\/?s={search_term_string}"},"query-input":"required name=search_term_string"}],"inLanguage":"en-US"},{"@type":"Organization","@id":"https:\/\/www.prijedordanas.com\/#organization","name":"PrijedorDanas.com","url":"https:\/\/www.prijedordanas.com\/","logo":{"@type":"ImageObject","inLanguage":"en-US","@id":"https:\/\/www.prijedordanas.com\/#\/schema\/logo\/image\/","url":"http:\/\/www.prijedordanas.com\/wp-content\/uploads\/2021\/12\/logopng.png","contentUrl":"http:\/\/www.prijedordanas.com\/wp-content\/uploads\/2021\/12\/logopng.png","width":1019,"height":776,"caption":"PrijedorDanas.com"},"image":{"@id":"https:\/\/www.prijedordanas.com\/#\/schema\/logo\/image\/"},"sameAs":["https:\/\/www.facebook.com\/PrijedorDanasCom\/"]},{"@type":"Person","@id":"https:\/\/www.prijedordanas.com\/#\/schema\/person\/4e08ccf29b506ca916ff86d46bb700e6","name":"admin","image":{"@type":"ImageObject","inLanguage":"en-US","@id":"https:\/\/www.prijedordanas.com\/#\/schema\/person\/image\/","url":"https:\/\/secure.gravatar.com\/avatar\/1d3fc949d550f0b53a5f0d51e06dfd79?s=96&d=mm&r=g","contentUrl":"https:\/\/secure.gravatar.com\/avatar\/1d3fc949d550f0b53a5f0d51e06dfd79?s=96&d=mm&r=g","caption":"admin"},"url":"https:\/\/www.prijedordanas.com\/?author=1"}]}},"_links":{"self":[{"href":"https:\/\/www.prijedordanas.com\/index.php?rest_route=\/wp\/v2\/posts\/199730"}],"collection":[{"href":"https:\/\/www.prijedordanas.com\/index.php?rest_route=\/wp\/v2\/posts"}],"about":[{"href":"https:\/\/www.prijedordanas.com\/index.php?rest_route=\/wp\/v2\/types\/post"}],"author":[{"embeddable":true,"href":"https:\/\/www.prijedordanas.com\/index.php?rest_route=\/wp\/v2\/users\/1"}],"replies":[{"embeddable":true,"href":"https:\/\/www.prijedordanas.com\/index.php?rest_route=%2Fwp%2Fv2%2Fcomments&post=199730"}],"version-history":[{"count":2,"href":"https:\/\/www.prijedordanas.com\/index.php?rest_route=\/wp\/v2\/posts\/199730\/revisions"}],"predecessor-version":[{"id":199736,"href":"https:\/\/www.prijedordanas.com\/index.php?rest_route=\/wp\/v2\/posts\/199730\/revisions\/199736"}],"wp:attachment":[{"href":"https:\/\/www.prijedordanas.com\/index.php?rest_route=%2Fwp%2Fv2%2Fmedia&parent=199730"}],"wp:term":[{"taxonomy":"category","embeddable":true,"href":"https:\/\/www.prijedordanas.com\/index.php?rest_route=%2Fwp%2Fv2%2Fcategories&post=199730"},{"taxonomy":"post_tag","embeddable":true,"href":"https:\/\/www.prijedordanas.com\/index.php?rest_route=%2Fwp%2Fv2%2Ftags&post=199730"}],"curies":[{"name":"wp","href":"https:\/\/api.w.org\/{rel}","templated":true}]}}