{"id":199675,"date":"2023-02-02T19:35:56","date_gmt":"2023-02-02T18:35:56","guid":{"rendered":"https:\/\/www.prijedordanas.com\/?p=199675"},"modified":"2023-02-02T19:44:52","modified_gmt":"2023-02-02T18:44:52","slug":"policija-utvrduje-odgovornost-imama-koji-je-vrijedao-svetog-savu-i-spc","status":"publish","type":"post","link":"https:\/\/www.prijedordanas.com\/?p=199675","title":{"rendered":"Policija utvr\u0111uje odgovornost imama koji je vrije\u0111ao Svetog Savu i SPC"},"content":{"rendered":"<p><a href=\"https:\/\/www.prijedordanas.com\/wp-content\/uploads\/2023\/02\/nezavisne-policija-istraga-mahic.jpg\"><img loading=\"lazy\" decoding=\"async\" src=\"https:\/\/www.prijedordanas.com\/wp-content\/uploads\/2023\/02\/nezavisne-policija-istraga-mahic-300x225.jpg\" alt=\"\" width=\"300\" height=\"225\" class=\"alignleft size-medium wp-image-199678\" srcset=\"https:\/\/www.prijedordanas.com\/wp-content\/uploads\/2023\/02\/nezavisne-policija-istraga-mahic-300x225.jpg 300w, https:\/\/www.prijedordanas.com\/wp-content\/uploads\/2023\/02\/nezavisne-policija-istraga-mahic-640x480.jpg 640w, https:\/\/www.prijedordanas.com\/wp-content\/uploads\/2023\/02\/nezavisne-policija-istraga-mahic.jpg 667w\" sizes=\"(max-width: 300px) 100vw, 300px\" \/><\/a>Policija iz Prijedora radi na utvr\u0111ivanju odgovornosti glavnog imama Med\u017elisa Islamske zajednice u prijedorskom naselju Kozarac Amira Mahi\u0107a koji je Svetom Savi pripisao fa\u0161izam, a Srpskoj pravoslavnoj crkvi (SPC) sekta\u0161tvo, potvr\u0111eno je &#8220;Nezavisnim novinama&#8221;.<\/p>\n<p><strong><a href=\"https:\/\/www.prijedordanas.com\/?p=199646\" rel=\"noopener\" target=\"_blank\">Prijedor: Imam Amir Mahi\u0107 pripisao Svetom Savi fa\u0161izam, a Srpskoj pravoslavnoj crkvi sekta\u0161tvo<\/a><\/strong><\/p>\n<p>&#8220;Policijski slu\u017ebenici Policijske uprave Prijedor su, po saznanju o postojanju video snimka u kojem vjerski slu\u017ebenik iz Kozarca \u0161iri govor mr\u017enje i iznosi niz uvreda na ra\u010dun Srpske pravoslavne crkve, obavjestili Okru\u017eno javno tu\u017eila\u0161tvo Prijedor i u skladu s tim preduzimaju se mjere i radnje  cilju dokumentovanja navedenog&#8221;, re\u010deno je iz Policijske uprave Prijedor.<\/p>\n<p><strong><a href=\"https:\/\/www.prijedordanas.com\/?p=199653\" target=\"_blank\" rel=\"noopener\">Gradona\u010delnik Javor: Skandalozna izjava imama iz Kozarca naru\u0161ava sve ono \u0161to je godinama gra\u0111eno u Prijedoru \u2013 FOTO\/VIDEO<\/a><\/strong><\/p>\n<p>Mahi\u0107 je, podsjetimo, tokom vjerske slu\u017ebe u Kozarcu, rekao da je Sveti Sava bio &#8220;veoma kontroverzna li\u010dnost&#8221;, da je to &#8220;jedan od \u010dinovnika SPC&#8221; i da je &#8220;la\u017e da je prosvetitelj&#8221;.<\/p>\n<p>&#8220;\u0160ta je s druge strane, iz ugla pravoslavaca iz drugih dijelova svijeta, taj \u010dovjek? To je \u010dovjek na \u010dijem u\u010denju i ideologiji je za\u010deta jedna sekta, koju mi ovdje dobro poznajemo. To je srpska pravoslavna sekta&#8221;, rekao je glavni imam iz Kozarca vjernicima na Savindan, 27. januara.<\/p>\n<p><strong><a href=\"https:\/\/www.prijedordanas.com\/?p=199661\" rel=\"noopener\" target=\"_blank\">Kabi\u0107: Osuditi skandaloznu izjavu imama i istra\u017eiti za\u0161to neko \u0161iri vjersku mr\u017enju \u2013 FOTO\/VIDEO<\/a><\/strong><\/p>\n<p><a href=\"https:\/\/www.nezavisne.com\/novosti\/hronika\/Policija-utvrdjuje-odgovornost-imama-koji-je-vrijedjao-Svetog-Savu-i-SPC\/756999\" rel=\"noopener\" target=\"_blank\">nezavisne.com<\/a><\/p>\n","protected":false},"excerpt":{"rendered":"<p>Policija iz Prijedora radi na utvr\u0111ivanju odgovornosti glavnog imama Med\u017elisa Islamske zajednice u prijedorskom naselju Kozarac Amira Mahi\u0107a koji je Svetom Savi pripisao fa\u0161izam, a Srpskoj pravoslavnoj crkvi (SPC) sekta\u0161tvo, [&hellip;]<\/p>\n","protected":false},"author":1,"featured_media":0,"comment_status":"closed","ping_status":"open","sticky":false,"template":"","format":"standard","meta":{"_monsterinsights_skip_tracking":false,"_monsterinsights_sitenote_active":false,"_monsterinsights_sitenote_note":"","_monsterinsights_sitenote_category":0,"footnotes":""},"categories":[5],"tags":[],"yoast_head":"<!-- This site is optimized with the Yoast SEO plugin v21.6 - https:\/\/yoast.com\/wordpress\/plugins\/seo\/ -->\n<title>Policija utvr\u0111uje odgovornost imama koji je vrije\u0111ao Svetog Savu i SPC - PrijedorDanas.com - Prijedorski gradski portal<\/title>\n<meta name=\"robots\" content=\"index, follow, max-snippet:-1, max-image-preview:large, max-video-preview:-1\" \/>\n<link rel=\"canonical\" href=\"https:\/\/www.prijedordanas.com\/?p=199675\" \/>\n<meta property=\"og:locale\" content=\"en_US\" \/>\n<meta property=\"og:type\" content=\"article\" \/>\n<meta property=\"og:title\" content=\"Policija utvr\u0111uje odgovornost imama koji je vrije\u0111ao Svetog Savu i SPC - PrijedorDanas.com - Prijedorski gradski portal\" \/>\n<meta property=\"og:description\" content=\"Policija iz Prijedora radi na utvr\u0111ivanju odgovornosti glavnog imama Med\u017elisa Islamske zajednice u prijedorskom naselju Kozarac Amira Mahi\u0107a koji je Svetom Savi pripisao fa\u0161izam, a Srpskoj pravoslavnoj crkvi (SPC) sekta\u0161tvo, [&hellip;]\" \/>\n<meta property=\"og:url\" content=\"https:\/\/www.prijedordanas.com\/?p=199675\" \/>\n<meta property=\"og:site_name\" content=\"PrijedorDanas.com - Prijedorski gradski portal\" \/>\n<meta property=\"article:publisher\" content=\"https:\/\/www.facebook.com\/PrijedorDanasCom\/\" \/>\n<meta property=\"article:published_time\" content=\"2023-02-02T18:35:56+00:00\" \/>\n<meta property=\"article:modified_time\" content=\"2023-02-02T18:44:52+00:00\" \/>\n<meta property=\"og:image\" content=\"https:\/\/www.prijedordanas.com\/wp-content\/uploads\/2023\/02\/nezavisne-policija-istraga-mahic-300x225.jpg\" \/>\n<meta name=\"author\" content=\"admin\" \/>\n<meta name=\"twitter:card\" content=\"summary_large_image\" \/>\n<meta name=\"twitter:label1\" content=\"Written by\" \/>\n\t<meta name=\"twitter:data1\" content=\"admin\" \/>\n\t<meta name=\"twitter:label2\" content=\"Est. reading time\" \/>\n\t<meta name=\"twitter:data2\" content=\"1 minute\" \/>\n<script type=\"application\/ld+json\" class=\"yoast-schema-graph\">{\"@context\":\"https:\/\/schema.org\",\"@graph\":[{\"@type\":\"Article\",\"@id\":\"https:\/\/www.prijedordanas.com\/?p=199675#article\",\"isPartOf\":{\"@id\":\"https:\/\/www.prijedordanas.com\/?p=199675\"},\"author\":{\"name\":\"admin\",\"@id\":\"https:\/\/www.prijedordanas.com\/#\/schema\/person\/4e08ccf29b506ca916ff86d46bb700e6\"},\"headline\":\"Policija utvr\u0111uje odgovornost imama koji je vrije\u0111ao Svetog Savu i SPC\",\"datePublished\":\"2023-02-02T18:35:56+00:00\",\"dateModified\":\"2023-02-02T18:44:52+00:00\",\"mainEntityOfPage\":{\"@id\":\"https:\/\/www.prijedordanas.com\/?p=199675\"},\"wordCount\":251,\"publisher\":{\"@id\":\"https:\/\/www.prijedordanas.com\/#organization\"},\"articleSection\":[\"Hronika\"],\"inLanguage\":\"en-US\"},{\"@type\":\"WebPage\",\"@id\":\"https:\/\/www.prijedordanas.com\/?p=199675\",\"url\":\"https:\/\/www.prijedordanas.com\/?p=199675\",\"name\":\"Policija utvr\u0111uje odgovornost imama koji je vrije\u0111ao Svetog Savu i SPC - PrijedorDanas.com - Prijedorski gradski portal\",\"isPartOf\":{\"@id\":\"https:\/\/www.prijedordanas.com\/#website\"},\"datePublished\":\"2023-02-02T18:35:56+00:00\",\"dateModified\":\"2023-02-02T18:44:52+00:00\",\"breadcrumb\":{\"@id\":\"https:\/\/www.prijedordanas.com\/?p=199675#breadcrumb\"},\"inLanguage\":\"en-US\",\"potentialAction\":[{\"@type\":\"ReadAction\",\"target\":[\"https:\/\/www.prijedordanas.com\/?p=199675\"]}]},{\"@type\":\"BreadcrumbList\",\"@id\":\"https:\/\/www.prijedordanas.com\/?p=199675#breadcrumb\",\"itemListElement\":[{\"@type\":\"ListItem\",\"position\":1,\"name\":\"Home\",\"item\":\"https:\/\/www.prijedordanas.com\/\"},{\"@type\":\"ListItem\",\"position\":2,\"name\":\"Policija utvr\u0111uje odgovornost imama koji je vrije\u0111ao Svetog Savu i SPC\"}]},{\"@type\":\"WebSite\",\"@id\":\"https:\/\/www.prijedordanas.com\/#website\",\"url\":\"https:\/\/www.prijedordanas.com\/\",\"name\":\"PrijedorDanas.com - Prijedorski gradski portal\",\"description\":\"Portal o doga\u0111anjima u gradu Prijedoru\",\"publisher\":{\"@id\":\"https:\/\/www.prijedordanas.com\/#organization\"},\"potentialAction\":[{\"@type\":\"SearchAction\",\"target\":{\"@type\":\"EntryPoint\",\"urlTemplate\":\"https:\/\/www.prijedordanas.com\/?s={search_term_string}\"},\"query-input\":\"required name=search_term_string\"}],\"inLanguage\":\"en-US\"},{\"@type\":\"Organization\",\"@id\":\"https:\/\/www.prijedordanas.com\/#organization\",\"name\":\"PrijedorDanas.com\",\"url\":\"https:\/\/www.prijedordanas.com\/\",\"logo\":{\"@type\":\"ImageObject\",\"inLanguage\":\"en-US\",\"@id\":\"https:\/\/www.prijedordanas.com\/#\/schema\/logo\/image\/\",\"url\":\"http:\/\/www.prijedordanas.com\/wp-content\/uploads\/2021\/12\/logopng.png\",\"contentUrl\":\"http:\/\/www.prijedordanas.com\/wp-content\/uploads\/2021\/12\/logopng.png\",\"width\":1019,\"height\":776,\"caption\":\"PrijedorDanas.com\"},\"image\":{\"@id\":\"https:\/\/www.prijedordanas.com\/#\/schema\/logo\/image\/\"},\"sameAs\":[\"https:\/\/www.facebook.com\/PrijedorDanasCom\/\"]},{\"@type\":\"Person\",\"@id\":\"https:\/\/www.prijedordanas.com\/#\/schema\/person\/4e08ccf29b506ca916ff86d46bb700e6\",\"name\":\"admin\",\"image\":{\"@type\":\"ImageObject\",\"inLanguage\":\"en-US\",\"@id\":\"https:\/\/www.prijedordanas.com\/#\/schema\/person\/image\/\",\"url\":\"https:\/\/secure.gravatar.com\/avatar\/1d3fc949d550f0b53a5f0d51e06dfd79?s=96&d=mm&r=g\",\"contentUrl\":\"https:\/\/secure.gravatar.com\/avatar\/1d3fc949d550f0b53a5f0d51e06dfd79?s=96&d=mm&r=g\",\"caption\":\"admin\"},\"url\":\"https:\/\/www.prijedordanas.com\/?author=1\"}]}<\/script>\n<!-- \/ Yoast SEO plugin. -->","yoast_head_json":{"title":"Policija utvr\u0111uje odgovornost imama koji je vrije\u0111ao Svetog Savu i SPC - PrijedorDanas.com - Prijedorski gradski portal","robots":{"index":"index","follow":"follow","max-snippet":"max-snippet:-1","max-image-preview":"max-image-preview:large","max-video-preview":"max-video-preview:-1"},"canonical":"https:\/\/www.prijedordanas.com\/?p=199675","og_locale":"en_US","og_type":"article","og_title":"Policija utvr\u0111uje odgovornost imama koji je vrije\u0111ao Svetog Savu i SPC - PrijedorDanas.com - Prijedorski gradski portal","og_description":"Policija iz Prijedora radi na utvr\u0111ivanju odgovornosti glavnog imama Med\u017elisa Islamske zajednice u prijedorskom naselju Kozarac Amira Mahi\u0107a koji je Svetom Savi pripisao fa\u0161izam, a Srpskoj pravoslavnoj crkvi (SPC) sekta\u0161tvo, [&hellip;]","og_url":"https:\/\/www.prijedordanas.com\/?p=199675","og_site_name":"PrijedorDanas.com - Prijedorski gradski portal","article_publisher":"https:\/\/www.facebook.com\/PrijedorDanasCom\/","article_published_time":"2023-02-02T18:35:56+00:00","article_modified_time":"2023-02-02T18:44:52+00:00","og_image":[{"url":"https:\/\/www.prijedordanas.com\/wp-content\/uploads\/2023\/02\/nezavisne-policija-istraga-mahic-300x225.jpg"}],"author":"admin","twitter_card":"summary_large_image","twitter_misc":{"Written by":"admin","Est. reading time":"1 minute"},"schema":{"@context":"https:\/\/schema.org","@graph":[{"@type":"Article","@id":"https:\/\/www.prijedordanas.com\/?p=199675#article","isPartOf":{"@id":"https:\/\/www.prijedordanas.com\/?p=199675"},"author":{"name":"admin","@id":"https:\/\/www.prijedordanas.com\/#\/schema\/person\/4e08ccf29b506ca916ff86d46bb700e6"},"headline":"Policija utvr\u0111uje odgovornost imama koji je vrije\u0111ao Svetog Savu i SPC","datePublished":"2023-02-02T18:35:56+00:00","dateModified":"2023-02-02T18:44:52+00:00","mainEntityOfPage":{"@id":"https:\/\/www.prijedordanas.com\/?p=199675"},"wordCount":251,"publisher":{"@id":"https:\/\/www.prijedordanas.com\/#organization"},"articleSection":["Hronika"],"inLanguage":"en-US"},{"@type":"WebPage","@id":"https:\/\/www.prijedordanas.com\/?p=199675","url":"https:\/\/www.prijedordanas.com\/?p=199675","name":"Policija utvr\u0111uje odgovornost imama koji je vrije\u0111ao Svetog Savu i SPC - PrijedorDanas.com - Prijedorski gradski portal","isPartOf":{"@id":"https:\/\/www.prijedordanas.com\/#website"},"datePublished":"2023-02-02T18:35:56+00:00","dateModified":"2023-02-02T18:44:52+00:00","breadcrumb":{"@id":"https:\/\/www.prijedordanas.com\/?p=199675#breadcrumb"},"inLanguage":"en-US","potentialAction":[{"@type":"ReadAction","target":["https:\/\/www.prijedordanas.com\/?p=199675"]}]},{"@type":"BreadcrumbList","@id":"https:\/\/www.prijedordanas.com\/?p=199675#breadcrumb","itemListElement":[{"@type":"ListItem","position":1,"name":"Home","item":"https:\/\/www.prijedordanas.com\/"},{"@type":"ListItem","position":2,"name":"Policija utvr\u0111uje odgovornost imama koji je vrije\u0111ao Svetog Savu i SPC"}]},{"@type":"WebSite","@id":"https:\/\/www.prijedordanas.com\/#website","url":"https:\/\/www.prijedordanas.com\/","name":"PrijedorDanas.com - Prijedorski gradski portal","description":"Portal o doga\u0111anjima u gradu Prijedoru","publisher":{"@id":"https:\/\/www.prijedordanas.com\/#organization"},"potentialAction":[{"@type":"SearchAction","target":{"@type":"EntryPoint","urlTemplate":"https:\/\/www.prijedordanas.com\/?s={search_term_string}"},"query-input":"required name=search_term_string"}],"inLanguage":"en-US"},{"@type":"Organization","@id":"https:\/\/www.prijedordanas.com\/#organization","name":"PrijedorDanas.com","url":"https:\/\/www.prijedordanas.com\/","logo":{"@type":"ImageObject","inLanguage":"en-US","@id":"https:\/\/www.prijedordanas.com\/#\/schema\/logo\/image\/","url":"http:\/\/www.prijedordanas.com\/wp-content\/uploads\/2021\/12\/logopng.png","contentUrl":"http:\/\/www.prijedordanas.com\/wp-content\/uploads\/2021\/12\/logopng.png","width":1019,"height":776,"caption":"PrijedorDanas.com"},"image":{"@id":"https:\/\/www.prijedordanas.com\/#\/schema\/logo\/image\/"},"sameAs":["https:\/\/www.facebook.com\/PrijedorDanasCom\/"]},{"@type":"Person","@id":"https:\/\/www.prijedordanas.com\/#\/schema\/person\/4e08ccf29b506ca916ff86d46bb700e6","name":"admin","image":{"@type":"ImageObject","inLanguage":"en-US","@id":"https:\/\/www.prijedordanas.com\/#\/schema\/person\/image\/","url":"https:\/\/secure.gravatar.com\/avatar\/1d3fc949d550f0b53a5f0d51e06dfd79?s=96&d=mm&r=g","contentUrl":"https:\/\/secure.gravatar.com\/avatar\/1d3fc949d550f0b53a5f0d51e06dfd79?s=96&d=mm&r=g","caption":"admin"},"url":"https:\/\/www.prijedordanas.com\/?author=1"}]}},"_links":{"self":[{"href":"https:\/\/www.prijedordanas.com\/index.php?rest_route=\/wp\/v2\/posts\/199675"}],"collection":[{"href":"https:\/\/www.prijedordanas.com\/index.php?rest_route=\/wp\/v2\/posts"}],"about":[{"href":"https:\/\/www.prijedordanas.com\/index.php?rest_route=\/wp\/v2\/types\/post"}],"author":[{"embeddable":true,"href":"https:\/\/www.prijedordanas.com\/index.php?rest_route=\/wp\/v2\/users\/1"}],"replies":[{"embeddable":true,"href":"https:\/\/www.prijedordanas.com\/index.php?rest_route=%2Fwp%2Fv2%2Fcomments&post=199675"}],"version-history":[{"count":3,"href":"https:\/\/www.prijedordanas.com\/index.php?rest_route=\/wp\/v2\/posts\/199675\/revisions"}],"predecessor-version":[{"id":199681,"href":"https:\/\/www.prijedordanas.com\/index.php?rest_route=\/wp\/v2\/posts\/199675\/revisions\/199681"}],"wp:attachment":[{"href":"https:\/\/www.prijedordanas.com\/index.php?rest_route=%2Fwp%2Fv2%2Fmedia&parent=199675"}],"wp:term":[{"taxonomy":"category","embeddable":true,"href":"https:\/\/www.prijedordanas.com\/index.php?rest_route=%2Fwp%2Fv2%2Fcategories&post=199675"},{"taxonomy":"post_tag","embeddable":true,"href":"https:\/\/www.prijedordanas.com\/index.php?rest_route=%2Fwp%2Fv2%2Ftags&post=199675"}],"curies":[{"name":"wp","href":"https:\/\/api.w.org\/{rel}","templated":true}]}}