{"id":199653,"date":"2023-02-02T15:28:00","date_gmt":"2023-02-02T14:28:00","guid":{"rendered":"https:\/\/www.prijedordanas.com\/?p=199653"},"modified":"2023-02-02T15:41:44","modified_gmt":"2023-02-02T14:41:44","slug":"gradonacelnik-javor-skandalozna-izjava-imama-iz-kozarca-narusava-sve-ono-sto-je-godinama-gradeno-u-prijedoru-foto-video","status":"publish","type":"post","link":"https:\/\/www.prijedordanas.com\/?p=199653","title":{"rendered":"Gradona\u010delnik Javor: Skandalozna izjava imama iz Kozarca naru\u0161ava sve ono \u0161to je godinama gra\u0111eno u Prijedoru &#8211; FOTO\/VIDEO"},"content":{"rendered":"<p><a href=\"https:\/\/www.prijedordanas.com\/wp-content\/uploads\/2023\/02\/pres-2februar-1.jpg\"><img loading=\"lazy\" decoding=\"async\" class=\"alignleft size-medium wp-image-199655\" src=\"https:\/\/www.prijedordanas.com\/wp-content\/uploads\/2023\/02\/pres-2februar-1-300x261.jpg\" alt=\"\" width=\"300\" height=\"261\" srcset=\"https:\/\/www.prijedordanas.com\/wp-content\/uploads\/2023\/02\/pres-2februar-1-300x261.jpg 300w, https:\/\/www.prijedordanas.com\/wp-content\/uploads\/2023\/02\/pres-2februar-1.jpg 633w\" sizes=\"(max-width: 300px) 100vw, 300px\" \/><\/a>Gradona\u010delnik Prijedora Slobodan Javor najo\u0161trije je osudio vrije\u0111anje srpskog naroda, pravoslavnih vjernika i srpske pravoslavne crkve koje je na Saviidan u Kozarcu iznio tamo\u0161nji imam.<\/p>\n<p>&#8220;U \u0161oku sam i veoma razo\u010daran kada sam vidio izjavu imama iz Kozarca i zapitam se ko sve danas ima priliku da predstavlja jednu vjeru i da se obra\u0107a vjernicima&#8221;, izjavio je Javor na pres konferenciji koju je danas organizovao zajedno sa predstavnicima politi\u010dkih partija i nezavisnih odbornika u Skup\u0161tini grada, a povodom skandalozne izjave o Svetom Savi i pravoslavlju glavnog imama Med\u017elisa Islamske zajednice Kozarac Amira Mahi\u0107a.<\/p>\n<p>Javor je dodao i da je stvar jo\u0161 gora jer je pomenuti imam svoju izjavu dao 27.januara na Savindan gdje je Svetog Savu nazvao sekta\u0161em i da je za\u010detnik fa\u0161izma na ovom podru\u010dju.<\/p>\n<p>&#8220;Isto tako sve pravoslavne vjernike je nazvao sekta\u0161ima i sljedbenicima fa\u0161isti\u010dke ideologije svetosavlja. Ovo je jedan veoma osjetljiv momenat i mogu slobodno da ka\u017eem da je ovo govor mr\u017enje kojim treba da se pozabave nadle\u017eni organi i nadle\u017ene institucije kako u na\u0161em gradu tako i na republi\u010dkom nivou&#8221;, naglasio je Javor.<\/p>\n<p><strong><a href=\"https:\/\/www.prijedordanas.com\/?p=199646\" rel=\"noopener\" target=\"_blank\">Prijedor: Imam Amir Mahi\u0107 pripisao Svetom Savi fa\u0161izam, a Srpskoj pravoslavnoj crkvi sekta\u0161tvo<\/a><\/strong><\/p>\n<p>On je dodao da je povodom toga odmah jutros sazvao sastanak na kojem je bio prisutan i na\u010delnik Policijske uprave Prijedor sa svojim saradnicima gdje su se usaglasili oko odre\u0111enih stavova i zaklju\u010daka.<\/p>\n<p><a href=\"https:\/\/www.prijedordanas.com\/wp-content\/uploads\/2023\/02\/pres-2februar-2.jpg\"><img loading=\"lazy\" decoding=\"async\" src=\"https:\/\/www.prijedordanas.com\/wp-content\/uploads\/2023\/02\/pres-2februar-2-300x225.jpg\" alt=\"\" width=\"300\" height=\"225\" class=\"alignleft size-medium wp-image-199656\" srcset=\"https:\/\/www.prijedordanas.com\/wp-content\/uploads\/2023\/02\/pres-2februar-2-300x225.jpg 300w, https:\/\/www.prijedordanas.com\/wp-content\/uploads\/2023\/02\/pres-2februar-2-640x480.jpg 640w, https:\/\/www.prijedordanas.com\/wp-content\/uploads\/2023\/02\/pres-2februar-2.jpg 667w\" sizes=\"(max-width: 300px) 100vw, 300px\" \/><\/a>&#8220;Na\u017ealost, Prijedor je takav grad, ima te\u0161ku istoriju i te\u0161ku pro\u0161lost i godinama unazad trudimo se svi zajedno da budemo primjer jedne lokalne zajednice u kojoj vlada su\u017eivot, mir i tolerancija i veoma smo uspje\u0161ni u tome i to se vidi&#8221;, rekao je Javor.<\/p>\n<p>On je dodao da se upravo zbog toga ne smije dozvoliti da pojedinci poput imama iz Kozarca naru\u0161ava sve ono \u0161to je unazad godinama gra\u0111eno.<\/p>\n<p>&#8220;Pozivam sve gra\u0111ane na\u0161eg grada da budemo mirni, da budemo dostojanstveni i da ne nasjedamo na provokacije , da prepustimo nadle\u017enim organima da rade svoj posao. Isto tako pozivam Islamsku zajednicu BiH , grada Prijedora i sve islamske zajednice iz susjednih op\u0161tina i gradova da se ograde od ovih stavova jer ovakvi govori mr\u017enje \u0161kode svima,a naro\u010dito islamskoj zajednici&#8221;, istakao je Javor.<\/p>\n<p>On je za narednu sedmicu najavio da se sazvati posebnu sjednicu Skup\u0161tine grada Prijedora.<\/p>\n<p>&#8220;Bi\u0107e samo jedna ta\u010dka dnevnog reda, a to je skandalozno pona\u0161anje i sama izjava imama iz Kozarca gdje \u0107e biti prisutni predstavnici svih relevantnih institucija u gradu&#8221;, rekao je Javor.<\/p>\n<p>Glavni imam Med\u017elisa Islamske zajednice u prijedorskom naselju Kozarac Amir Mahi\u0107 tokom vjerske slu\u017ebe u Kozarcu Svetom Savi pripisao je fa\u0161izam, a Srpskoj pravoslavnoj crkvi sekta\u0161tvo.<\/p>\n<p>Mahi\u0107 je rekao da je Sveti Sava bio &#8220;veoma kontraverzna li\u010dnost&#8221;, da je to &#8220;jedan od \u010dinovnika SPC&#8221; i da je &#8220;la\u017e da je prosvetitelj&#8221;, objavljeno je u videu sa te slu\u017ebe na lokalnom portalu &#8220;kozarac.eu&#8221;.<\/p>\n<p>Prema njegovim rije\u010dima, dvije osnovne ideolo\u0161ke postavke na kojima je utemeljeno svetosavlje su, kako je naveo, nacionalizam i fa\u0161izam, a &#8220;za\u010detnik ideologije mr\u017enje prema drugome je upravo Sveti Sava&#8221;.<\/p>\n<p>Snimak je uklonjen sa navedenog portala &#8221; kozarac.eu&#8221; na kojem je bio dostupan do jutros.<\/p>\n<p><a href=\"https:\/\/www.prijedorgrad.org\/sr-EU\/vijesti-sadrzaj.html?vid=17178\" rel=\"noopener\" target=\"_blank\">prijedorgrad.org<\/a><\/p>\n<p><iframe loading=\"lazy\" title=\"PRESS KONFERENCIJA U GU POVODOM SKANDALOZNE IZJAVE EFENDIJE AMIRA MAHI\u0106A\" width=\"500\" height=\"281\" src=\"https:\/\/www.youtube.com\/embed\/B_spMO8o2TA?feature=oembed\" frameborder=\"0\" allow=\"accelerometer; autoplay; clipboard-write; encrypted-media; gyroscope; picture-in-picture; web-share\" allowfullscreen><\/iframe><\/p>\n","protected":false},"excerpt":{"rendered":"<p>Gradona\u010delnik Prijedora Slobodan Javor najo\u0161trije je osudio vrije\u0111anje srpskog naroda, pravoslavnih vjernika i srpske pravoslavne crkve koje je na Saviidan u Kozarcu iznio tamo\u0161nji imam. &#8220;U \u0161oku sam i veoma [&hellip;]<\/p>\n","protected":false},"author":1,"featured_media":0,"comment_status":"closed","ping_status":"open","sticky":false,"template":"","format":"standard","meta":{"_monsterinsights_skip_tracking":false,"_monsterinsights_sitenote_active":false,"_monsterinsights_sitenote_note":"","_monsterinsights_sitenote_category":0,"footnotes":""},"categories":[4],"tags":[],"yoast_head":"<!-- This site is optimized with the Yoast SEO plugin v21.6 - https:\/\/yoast.com\/wordpress\/plugins\/seo\/ -->\n<title>Gradona\u010delnik Javor: Skandalozna izjava imama iz Kozarca naru\u0161ava sve ono \u0161to je godinama gra\u0111eno u Prijedoru - FOTO\/VIDEO - PrijedorDanas.com - Prijedorski gradski portal<\/title>\n<meta name=\"robots\" content=\"index, follow, max-snippet:-1, max-image-preview:large, max-video-preview:-1\" \/>\n<link rel=\"canonical\" href=\"https:\/\/www.prijedordanas.com\/?p=199653\" \/>\n<meta property=\"og:locale\" content=\"en_US\" \/>\n<meta property=\"og:type\" content=\"article\" \/>\n<meta property=\"og:title\" content=\"Gradona\u010delnik Javor: Skandalozna izjava imama iz Kozarca naru\u0161ava sve ono \u0161to je godinama gra\u0111eno u Prijedoru - FOTO\/VIDEO - PrijedorDanas.com - Prijedorski gradski portal\" \/>\n<meta property=\"og:description\" content=\"Gradona\u010delnik Prijedora Slobodan Javor najo\u0161trije je osudio vrije\u0111anje srpskog naroda, pravoslavnih vjernika i srpske pravoslavne crkve koje je na Saviidan u Kozarcu iznio tamo\u0161nji imam. &#8220;U \u0161oku sam i veoma [&hellip;]\" \/>\n<meta property=\"og:url\" content=\"https:\/\/www.prijedordanas.com\/?p=199653\" \/>\n<meta property=\"og:site_name\" content=\"PrijedorDanas.com - Prijedorski gradski portal\" \/>\n<meta property=\"article:publisher\" content=\"https:\/\/www.facebook.com\/PrijedorDanasCom\/\" \/>\n<meta property=\"article:published_time\" content=\"2023-02-02T14:28:00+00:00\" \/>\n<meta property=\"article:modified_time\" content=\"2023-02-02T14:41:44+00:00\" \/>\n<meta property=\"og:image\" content=\"https:\/\/www.prijedordanas.com\/wp-content\/uploads\/2023\/02\/pres-2februar-1-300x261.jpg\" \/>\n<meta name=\"author\" content=\"admin\" \/>\n<meta name=\"twitter:card\" content=\"summary_large_image\" \/>\n<meta name=\"twitter:label1\" content=\"Written by\" \/>\n\t<meta name=\"twitter:data1\" content=\"admin\" \/>\n\t<meta name=\"twitter:label2\" content=\"Est. reading time\" \/>\n\t<meta name=\"twitter:data2\" content=\"3 minutes\" \/>\n<script type=\"application\/ld+json\" class=\"yoast-schema-graph\">{\"@context\":\"https:\/\/schema.org\",\"@graph\":[{\"@type\":\"Article\",\"@id\":\"https:\/\/www.prijedordanas.com\/?p=199653#article\",\"isPartOf\":{\"@id\":\"https:\/\/www.prijedordanas.com\/?p=199653\"},\"author\":{\"name\":\"admin\",\"@id\":\"https:\/\/www.prijedordanas.com\/#\/schema\/person\/4e08ccf29b506ca916ff86d46bb700e6\"},\"headline\":\"Gradona\u010delnik Javor: Skandalozna izjava imama iz Kozarca naru\u0161ava sve ono \u0161to je godinama gra\u0111eno u Prijedoru &#8211; FOTO\/VIDEO\",\"datePublished\":\"2023-02-02T14:28:00+00:00\",\"dateModified\":\"2023-02-02T14:41:44+00:00\",\"mainEntityOfPage\":{\"@id\":\"https:\/\/www.prijedordanas.com\/?p=199653\"},\"wordCount\":592,\"publisher\":{\"@id\":\"https:\/\/www.prijedordanas.com\/#organization\"},\"articleSection\":[\"Dru\u0161tvo\"],\"inLanguage\":\"en-US\"},{\"@type\":\"WebPage\",\"@id\":\"https:\/\/www.prijedordanas.com\/?p=199653\",\"url\":\"https:\/\/www.prijedordanas.com\/?p=199653\",\"name\":\"Gradona\u010delnik Javor: Skandalozna izjava imama iz Kozarca naru\u0161ava sve ono \u0161to je godinama gra\u0111eno u Prijedoru - FOTO\/VIDEO - PrijedorDanas.com - Prijedorski gradski portal\",\"isPartOf\":{\"@id\":\"https:\/\/www.prijedordanas.com\/#website\"},\"datePublished\":\"2023-02-02T14:28:00+00:00\",\"dateModified\":\"2023-02-02T14:41:44+00:00\",\"breadcrumb\":{\"@id\":\"https:\/\/www.prijedordanas.com\/?p=199653#breadcrumb\"},\"inLanguage\":\"en-US\",\"potentialAction\":[{\"@type\":\"ReadAction\",\"target\":[\"https:\/\/www.prijedordanas.com\/?p=199653\"]}]},{\"@type\":\"BreadcrumbList\",\"@id\":\"https:\/\/www.prijedordanas.com\/?p=199653#breadcrumb\",\"itemListElement\":[{\"@type\":\"ListItem\",\"position\":1,\"name\":\"Home\",\"item\":\"https:\/\/www.prijedordanas.com\/\"},{\"@type\":\"ListItem\",\"position\":2,\"name\":\"Gradona\u010delnik Javor: Skandalozna izjava imama iz Kozarca naru\u0161ava sve ono \u0161to je godinama gra\u0111eno u Prijedoru &#8211; FOTO\/VIDEO\"}]},{\"@type\":\"WebSite\",\"@id\":\"https:\/\/www.prijedordanas.com\/#website\",\"url\":\"https:\/\/www.prijedordanas.com\/\",\"name\":\"PrijedorDanas.com - Prijedorski gradski portal\",\"description\":\"Portal o doga\u0111anjima u gradu Prijedoru\",\"publisher\":{\"@id\":\"https:\/\/www.prijedordanas.com\/#organization\"},\"potentialAction\":[{\"@type\":\"SearchAction\",\"target\":{\"@type\":\"EntryPoint\",\"urlTemplate\":\"https:\/\/www.prijedordanas.com\/?s={search_term_string}\"},\"query-input\":\"required name=search_term_string\"}],\"inLanguage\":\"en-US\"},{\"@type\":\"Organization\",\"@id\":\"https:\/\/www.prijedordanas.com\/#organization\",\"name\":\"PrijedorDanas.com\",\"url\":\"https:\/\/www.prijedordanas.com\/\",\"logo\":{\"@type\":\"ImageObject\",\"inLanguage\":\"en-US\",\"@id\":\"https:\/\/www.prijedordanas.com\/#\/schema\/logo\/image\/\",\"url\":\"http:\/\/www.prijedordanas.com\/wp-content\/uploads\/2021\/12\/logopng.png\",\"contentUrl\":\"http:\/\/www.prijedordanas.com\/wp-content\/uploads\/2021\/12\/logopng.png\",\"width\":1019,\"height\":776,\"caption\":\"PrijedorDanas.com\"},\"image\":{\"@id\":\"https:\/\/www.prijedordanas.com\/#\/schema\/logo\/image\/\"},\"sameAs\":[\"https:\/\/www.facebook.com\/PrijedorDanasCom\/\"]},{\"@type\":\"Person\",\"@id\":\"https:\/\/www.prijedordanas.com\/#\/schema\/person\/4e08ccf29b506ca916ff86d46bb700e6\",\"name\":\"admin\",\"image\":{\"@type\":\"ImageObject\",\"inLanguage\":\"en-US\",\"@id\":\"https:\/\/www.prijedordanas.com\/#\/schema\/person\/image\/\",\"url\":\"https:\/\/secure.gravatar.com\/avatar\/1d3fc949d550f0b53a5f0d51e06dfd79?s=96&d=mm&r=g\",\"contentUrl\":\"https:\/\/secure.gravatar.com\/avatar\/1d3fc949d550f0b53a5f0d51e06dfd79?s=96&d=mm&r=g\",\"caption\":\"admin\"},\"url\":\"https:\/\/www.prijedordanas.com\/?author=1\"}]}<\/script>\n<!-- \/ Yoast SEO plugin. -->","yoast_head_json":{"title":"Gradona\u010delnik Javor: Skandalozna izjava imama iz Kozarca naru\u0161ava sve ono \u0161to je godinama gra\u0111eno u Prijedoru - FOTO\/VIDEO - PrijedorDanas.com - Prijedorski gradski portal","robots":{"index":"index","follow":"follow","max-snippet":"max-snippet:-1","max-image-preview":"max-image-preview:large","max-video-preview":"max-video-preview:-1"},"canonical":"https:\/\/www.prijedordanas.com\/?p=199653","og_locale":"en_US","og_type":"article","og_title":"Gradona\u010delnik Javor: Skandalozna izjava imama iz Kozarca naru\u0161ava sve ono \u0161to je godinama gra\u0111eno u Prijedoru - FOTO\/VIDEO - PrijedorDanas.com - Prijedorski gradski portal","og_description":"Gradona\u010delnik Prijedora Slobodan Javor najo\u0161trije je osudio vrije\u0111anje srpskog naroda, pravoslavnih vjernika i srpske pravoslavne crkve koje je na Saviidan u Kozarcu iznio tamo\u0161nji imam. &#8220;U \u0161oku sam i veoma [&hellip;]","og_url":"https:\/\/www.prijedordanas.com\/?p=199653","og_site_name":"PrijedorDanas.com - Prijedorski gradski portal","article_publisher":"https:\/\/www.facebook.com\/PrijedorDanasCom\/","article_published_time":"2023-02-02T14:28:00+00:00","article_modified_time":"2023-02-02T14:41:44+00:00","og_image":[{"url":"https:\/\/www.prijedordanas.com\/wp-content\/uploads\/2023\/02\/pres-2februar-1-300x261.jpg"}],"author":"admin","twitter_card":"summary_large_image","twitter_misc":{"Written by":"admin","Est. reading time":"3 minutes"},"schema":{"@context":"https:\/\/schema.org","@graph":[{"@type":"Article","@id":"https:\/\/www.prijedordanas.com\/?p=199653#article","isPartOf":{"@id":"https:\/\/www.prijedordanas.com\/?p=199653"},"author":{"name":"admin","@id":"https:\/\/www.prijedordanas.com\/#\/schema\/person\/4e08ccf29b506ca916ff86d46bb700e6"},"headline":"Gradona\u010delnik Javor: Skandalozna izjava imama iz Kozarca naru\u0161ava sve ono \u0161to je godinama gra\u0111eno u Prijedoru &#8211; FOTO\/VIDEO","datePublished":"2023-02-02T14:28:00+00:00","dateModified":"2023-02-02T14:41:44+00:00","mainEntityOfPage":{"@id":"https:\/\/www.prijedordanas.com\/?p=199653"},"wordCount":592,"publisher":{"@id":"https:\/\/www.prijedordanas.com\/#organization"},"articleSection":["Dru\u0161tvo"],"inLanguage":"en-US"},{"@type":"WebPage","@id":"https:\/\/www.prijedordanas.com\/?p=199653","url":"https:\/\/www.prijedordanas.com\/?p=199653","name":"Gradona\u010delnik Javor: Skandalozna izjava imama iz Kozarca naru\u0161ava sve ono \u0161to je godinama gra\u0111eno u Prijedoru - FOTO\/VIDEO - PrijedorDanas.com - Prijedorski gradski portal","isPartOf":{"@id":"https:\/\/www.prijedordanas.com\/#website"},"datePublished":"2023-02-02T14:28:00+00:00","dateModified":"2023-02-02T14:41:44+00:00","breadcrumb":{"@id":"https:\/\/www.prijedordanas.com\/?p=199653#breadcrumb"},"inLanguage":"en-US","potentialAction":[{"@type":"ReadAction","target":["https:\/\/www.prijedordanas.com\/?p=199653"]}]},{"@type":"BreadcrumbList","@id":"https:\/\/www.prijedordanas.com\/?p=199653#breadcrumb","itemListElement":[{"@type":"ListItem","position":1,"name":"Home","item":"https:\/\/www.prijedordanas.com\/"},{"@type":"ListItem","position":2,"name":"Gradona\u010delnik Javor: Skandalozna izjava imama iz Kozarca naru\u0161ava sve ono \u0161to je godinama gra\u0111eno u Prijedoru &#8211; FOTO\/VIDEO"}]},{"@type":"WebSite","@id":"https:\/\/www.prijedordanas.com\/#website","url":"https:\/\/www.prijedordanas.com\/","name":"PrijedorDanas.com - Prijedorski gradski portal","description":"Portal o doga\u0111anjima u gradu Prijedoru","publisher":{"@id":"https:\/\/www.prijedordanas.com\/#organization"},"potentialAction":[{"@type":"SearchAction","target":{"@type":"EntryPoint","urlTemplate":"https:\/\/www.prijedordanas.com\/?s={search_term_string}"},"query-input":"required name=search_term_string"}],"inLanguage":"en-US"},{"@type":"Organization","@id":"https:\/\/www.prijedordanas.com\/#organization","name":"PrijedorDanas.com","url":"https:\/\/www.prijedordanas.com\/","logo":{"@type":"ImageObject","inLanguage":"en-US","@id":"https:\/\/www.prijedordanas.com\/#\/schema\/logo\/image\/","url":"http:\/\/www.prijedordanas.com\/wp-content\/uploads\/2021\/12\/logopng.png","contentUrl":"http:\/\/www.prijedordanas.com\/wp-content\/uploads\/2021\/12\/logopng.png","width":1019,"height":776,"caption":"PrijedorDanas.com"},"image":{"@id":"https:\/\/www.prijedordanas.com\/#\/schema\/logo\/image\/"},"sameAs":["https:\/\/www.facebook.com\/PrijedorDanasCom\/"]},{"@type":"Person","@id":"https:\/\/www.prijedordanas.com\/#\/schema\/person\/4e08ccf29b506ca916ff86d46bb700e6","name":"admin","image":{"@type":"ImageObject","inLanguage":"en-US","@id":"https:\/\/www.prijedordanas.com\/#\/schema\/person\/image\/","url":"https:\/\/secure.gravatar.com\/avatar\/1d3fc949d550f0b53a5f0d51e06dfd79?s=96&d=mm&r=g","contentUrl":"https:\/\/secure.gravatar.com\/avatar\/1d3fc949d550f0b53a5f0d51e06dfd79?s=96&d=mm&r=g","caption":"admin"},"url":"https:\/\/www.prijedordanas.com\/?author=1"}]}},"_links":{"self":[{"href":"https:\/\/www.prijedordanas.com\/index.php?rest_route=\/wp\/v2\/posts\/199653"}],"collection":[{"href":"https:\/\/www.prijedordanas.com\/index.php?rest_route=\/wp\/v2\/posts"}],"about":[{"href":"https:\/\/www.prijedordanas.com\/index.php?rest_route=\/wp\/v2\/types\/post"}],"author":[{"embeddable":true,"href":"https:\/\/www.prijedordanas.com\/index.php?rest_route=\/wp\/v2\/users\/1"}],"replies":[{"embeddable":true,"href":"https:\/\/www.prijedordanas.com\/index.php?rest_route=%2Fwp%2Fv2%2Fcomments&post=199653"}],"version-history":[{"count":2,"href":"https:\/\/www.prijedordanas.com\/index.php?rest_route=\/wp\/v2\/posts\/199653\/revisions"}],"predecessor-version":[{"id":199658,"href":"https:\/\/www.prijedordanas.com\/index.php?rest_route=\/wp\/v2\/posts\/199653\/revisions\/199658"}],"wp:attachment":[{"href":"https:\/\/www.prijedordanas.com\/index.php?rest_route=%2Fwp%2Fv2%2Fmedia&parent=199653"}],"wp:term":[{"taxonomy":"category","embeddable":true,"href":"https:\/\/www.prijedordanas.com\/index.php?rest_route=%2Fwp%2Fv2%2Fcategories&post=199653"},{"taxonomy":"post_tag","embeddable":true,"href":"https:\/\/www.prijedordanas.com\/index.php?rest_route=%2Fwp%2Fv2%2Ftags&post=199653"}],"curies":[{"name":"wp","href":"https:\/\/api.w.org\/{rel}","templated":true}]}}