{"id":198878,"date":"2023-01-21T14:27:49","date_gmt":"2023-01-21T13:27:49","guid":{"rendered":"https:\/\/www.prijedordanas.com\/?p=198878"},"modified":"2023-01-21T14:27:49","modified_gmt":"2023-01-21T13:27:49","slug":"prijedor-svecana-akademija-svetosavski-vremeplov-u-cetvrtak-26-januara","status":"publish","type":"post","link":"https:\/\/www.prijedordanas.com\/?p=198878","title":{"rendered":"Prijedor: Sve\u010dana akademija &#8220;Svetosavski vremeplov&#8221; u \u010detvrtak, 26. januara"},"content":{"rendered":"<p><a href=\"https:\/\/www.prijedordanas.com\/wp-content\/uploads\/2023\/01\/svetosavska-akademija-2023-plakat.jpg\"><img loading=\"lazy\" decoding=\"async\" src=\"https:\/\/www.prijedordanas.com\/wp-content\/uploads\/2023\/01\/svetosavska-akademija-2023-plakat-212x300.jpg\" alt=\"\" width=\"212\" height=\"300\" class=\"alignleft size-medium wp-image-198879\" srcset=\"https:\/\/www.prijedordanas.com\/wp-content\/uploads\/2023\/01\/svetosavska-akademija-2023-plakat-212x300.jpg 212w, https:\/\/www.prijedordanas.com\/wp-content\/uploads\/2023\/01\/svetosavska-akademija-2023-plakat.jpg 453w\" sizes=\"(max-width: 212px) 100vw, 212px\" \/><\/a>Povodom Svetog Save, prvog srpskog prosvjetitelja i arhiepiskopa, Gradska uprava Prijedor i ove godine organizuje sve\u010danu akademiju pod nazivom &#8220;Svetosavski vremeplov&#8221;.<\/p>\n<p>Akademija \u0107e biti uprili\u010dena u \u010detvrtak 26. januara 2023. godine s po\u010detkom u 19 \u010dasova u sali Pozori\u0161ta &#8220;Prijedor&#8221;. O Svetom Savi besjedi\u0107e Zoran Arsovi\u0107, redovni profesor Filozofskog fakulteta u Banjoj Luci i dopisni \u010dlan Akademije nauka i umjetnosti Republike Srpske.<\/p>\n<p>Rukovode\u0107i se prvim pisanim tragovima o proslavljanju Svetog Save u Prijedoru od 1892. godine, po scenariju, koji je i ove godine izradio Mladenko Sad\u017eak, profesor Filolo\u0161kog fakulteta u Banjoj Luci, u\u010desnici akademije su u\u010denici nekoliko gradskih prijedorskih osnovnih i srednjih \u0161kola. <\/p>\n<p>Na taj na\u010din ovogodi\u0161nja Svetosavska akademija predstavlja svojevrsni vremeplov i podsje\u0107anje na duh svetosavlja u na\u0161em gradu krajem 19. i po\u010detkom 20. vijeka. Podsje\u0107anja radi, po starom kalendaru 14., a po novom kalendaru 26. januara 1892. godine odr\u017eana je svetosavska zabava na kojoj su \u0111aci Srpske osnovne \u0161kole i Srpskog pravoslavnog pjeva\u010dkog dru\u0161tva &#8220;Vila&#8221; izveli himnu Sv. Savi i jo\u0161 nekoliko kompozicija posve\u0107enih ovom velikom svecu.<\/p>\n<p>Osim u\u010denika, u muzi\u010dkom dijelu akademije u\u010destvova\u0107e Gradski hor &#8220;Prijedor&#8221; na \u010delu sa dirigentom Aljo\u0161om Novakovi\u0107em i Hor u\u010denika O\u0160 &#8220;Petar Ko\u010di\u0107&#8221; iz Prijedora kojim upravlja Dra\u017eenka Jovi\u010din.<\/p>\n<p>Akademiji \u0107e prethoditi otvaranje izlo\u017ebe (zakazano za 18,30 \u010dasova u foajeu Pozori\u0161ta) nagra\u0111enih u\u010deni\u010dkih literarnih i likovnih radova na Javnom konkrusu koji je, u \u010dast Svetom Savi, raspisala Srpska pravoslavna crkvena op\u0161tina Prijedor pod pokroviteljstvom Gradske uprave Prijedor. Izlo\u017eba \u0107e biti dostupna gra\u0111anstvu nekoliko dana nakon otvaranja u foajeu Pozori\u0161ta &#8220;Prijedor&#8221;.<\/p>\n<p>Nakon trogodi\u0161nje pauze prouzrokovane korona virusom, iz Kola srpskih sestara Prijedor najavljuju Svetosavski humanitarni bal na Savindan u 19 \u010dasova u hotelu &#8220;Prijedor&#8221;.<\/p>\n<p><a href=\"https:\/\/www.prijedorgrad.org\/sr-EU\/vijesti-sadrzaj.html?vid=17081\" rel=\"noopener\" target=\"_blank\">prijedorgrad.org<\/a><\/p>\n","protected":false},"excerpt":{"rendered":"<p>Povodom Svetog Save, prvog srpskog prosvjetitelja i arhiepiskopa, Gradska uprava Prijedor i ove godine organizuje sve\u010danu akademiju pod nazivom &#8220;Svetosavski vremeplov&#8221;. Akademija \u0107e biti uprili\u010dena u \u010detvrtak 26. januara 2023. [&hellip;]<\/p>\n","protected":false},"author":1,"featured_media":0,"comment_status":"closed","ping_status":"open","sticky":false,"template":"","format":"standard","meta":{"_monsterinsights_skip_tracking":false,"_monsterinsights_sitenote_active":false,"_monsterinsights_sitenote_note":"","_monsterinsights_sitenote_category":0,"footnotes":""},"categories":[6,11584,8],"tags":[],"yoast_head":"<!-- This site is optimized with the Yoast SEO plugin v21.6 - https:\/\/yoast.com\/wordpress\/plugins\/seo\/ -->\n<title>Prijedor: Sve\u010dana akademija &quot;Svetosavski vremeplov&quot; u \u010detvrtak, 26. januara - PrijedorDanas.com - Prijedorski gradski portal<\/title>\n<meta name=\"robots\" content=\"index, follow, max-snippet:-1, max-image-preview:large, max-video-preview:-1\" \/>\n<link rel=\"canonical\" href=\"https:\/\/www.prijedordanas.com\/?p=198878\" \/>\n<meta property=\"og:locale\" content=\"en_US\" \/>\n<meta property=\"og:type\" content=\"article\" \/>\n<meta property=\"og:title\" content=\"Prijedor: Sve\u010dana akademija &quot;Svetosavski vremeplov&quot; u \u010detvrtak, 26. januara - PrijedorDanas.com - Prijedorski gradski portal\" \/>\n<meta property=\"og:description\" content=\"Povodom Svetog Save, prvog srpskog prosvjetitelja i arhiepiskopa, Gradska uprava Prijedor i ove godine organizuje sve\u010danu akademiju pod nazivom &#8220;Svetosavski vremeplov&#8221;. Akademija \u0107e biti uprili\u010dena u \u010detvrtak 26. januara 2023. [&hellip;]\" \/>\n<meta property=\"og:url\" content=\"https:\/\/www.prijedordanas.com\/?p=198878\" \/>\n<meta property=\"og:site_name\" content=\"PrijedorDanas.com - Prijedorski gradski portal\" \/>\n<meta property=\"article:publisher\" content=\"https:\/\/www.facebook.com\/PrijedorDanasCom\/\" \/>\n<meta property=\"article:published_time\" content=\"2023-01-21T13:27:49+00:00\" \/>\n<meta property=\"og:image\" content=\"https:\/\/www.prijedordanas.com\/wp-content\/uploads\/2023\/01\/svetosavska-akademija-2023-plakat-212x300.jpg\" \/>\n<meta name=\"author\" content=\"admin\" \/>\n<meta name=\"twitter:card\" content=\"summary_large_image\" \/>\n<meta name=\"twitter:label1\" content=\"Written by\" \/>\n\t<meta name=\"twitter:data1\" content=\"admin\" \/>\n<script type=\"application\/ld+json\" class=\"yoast-schema-graph\">{\"@context\":\"https:\/\/schema.org\",\"@graph\":[{\"@type\":\"Article\",\"@id\":\"https:\/\/www.prijedordanas.com\/?p=198878#article\",\"isPartOf\":{\"@id\":\"https:\/\/www.prijedordanas.com\/?p=198878\"},\"author\":{\"name\":\"admin\",\"@id\":\"https:\/\/www.prijedordanas.com\/#\/schema\/person\/4e08ccf29b506ca916ff86d46bb700e6\"},\"headline\":\"Prijedor: Sve\u010dana akademija &#8220;Svetosavski vremeplov&#8221; u \u010detvrtak, 26. januara\",\"datePublished\":\"2023-01-21T13:27:49+00:00\",\"dateModified\":\"2023-01-21T13:27:49+00:00\",\"mainEntityOfPage\":{\"@id\":\"https:\/\/www.prijedordanas.com\/?p=198878\"},\"wordCount\":311,\"publisher\":{\"@id\":\"https:\/\/www.prijedordanas.com\/#organization\"},\"articleSection\":[\"Kultura\",\"Najave\",\"Svakodnevno\"],\"inLanguage\":\"en-US\"},{\"@type\":\"WebPage\",\"@id\":\"https:\/\/www.prijedordanas.com\/?p=198878\",\"url\":\"https:\/\/www.prijedordanas.com\/?p=198878\",\"name\":\"Prijedor: Sve\u010dana akademija \\\"Svetosavski vremeplov\\\" u \u010detvrtak, 26. januara - PrijedorDanas.com - Prijedorski gradski portal\",\"isPartOf\":{\"@id\":\"https:\/\/www.prijedordanas.com\/#website\"},\"datePublished\":\"2023-01-21T13:27:49+00:00\",\"dateModified\":\"2023-01-21T13:27:49+00:00\",\"breadcrumb\":{\"@id\":\"https:\/\/www.prijedordanas.com\/?p=198878#breadcrumb\"},\"inLanguage\":\"en-US\",\"potentialAction\":[{\"@type\":\"ReadAction\",\"target\":[\"https:\/\/www.prijedordanas.com\/?p=198878\"]}]},{\"@type\":\"BreadcrumbList\",\"@id\":\"https:\/\/www.prijedordanas.com\/?p=198878#breadcrumb\",\"itemListElement\":[{\"@type\":\"ListItem\",\"position\":1,\"name\":\"Home\",\"item\":\"https:\/\/www.prijedordanas.com\/\"},{\"@type\":\"ListItem\",\"position\":2,\"name\":\"Prijedor: Sve\u010dana akademija &#8220;Svetosavski vremeplov&#8221; u \u010detvrtak, 26. januara\"}]},{\"@type\":\"WebSite\",\"@id\":\"https:\/\/www.prijedordanas.com\/#website\",\"url\":\"https:\/\/www.prijedordanas.com\/\",\"name\":\"PrijedorDanas.com - Prijedorski gradski portal\",\"description\":\"Portal o doga\u0111anjima u gradu Prijedoru\",\"publisher\":{\"@id\":\"https:\/\/www.prijedordanas.com\/#organization\"},\"potentialAction\":[{\"@type\":\"SearchAction\",\"target\":{\"@type\":\"EntryPoint\",\"urlTemplate\":\"https:\/\/www.prijedordanas.com\/?s={search_term_string}\"},\"query-input\":\"required name=search_term_string\"}],\"inLanguage\":\"en-US\"},{\"@type\":\"Organization\",\"@id\":\"https:\/\/www.prijedordanas.com\/#organization\",\"name\":\"PrijedorDanas.com\",\"url\":\"https:\/\/www.prijedordanas.com\/\",\"logo\":{\"@type\":\"ImageObject\",\"inLanguage\":\"en-US\",\"@id\":\"https:\/\/www.prijedordanas.com\/#\/schema\/logo\/image\/\",\"url\":\"http:\/\/www.prijedordanas.com\/wp-content\/uploads\/2021\/12\/logopng.png\",\"contentUrl\":\"http:\/\/www.prijedordanas.com\/wp-content\/uploads\/2021\/12\/logopng.png\",\"width\":1019,\"height\":776,\"caption\":\"PrijedorDanas.com\"},\"image\":{\"@id\":\"https:\/\/www.prijedordanas.com\/#\/schema\/logo\/image\/\"},\"sameAs\":[\"https:\/\/www.facebook.com\/PrijedorDanasCom\/\"]},{\"@type\":\"Person\",\"@id\":\"https:\/\/www.prijedordanas.com\/#\/schema\/person\/4e08ccf29b506ca916ff86d46bb700e6\",\"name\":\"admin\",\"image\":{\"@type\":\"ImageObject\",\"inLanguage\":\"en-US\",\"@id\":\"https:\/\/www.prijedordanas.com\/#\/schema\/person\/image\/\",\"url\":\"https:\/\/secure.gravatar.com\/avatar\/1d3fc949d550f0b53a5f0d51e06dfd79?s=96&d=mm&r=g\",\"contentUrl\":\"https:\/\/secure.gravatar.com\/avatar\/1d3fc949d550f0b53a5f0d51e06dfd79?s=96&d=mm&r=g\",\"caption\":\"admin\"},\"url\":\"https:\/\/www.prijedordanas.com\/?author=1\"}]}<\/script>\n<!-- \/ Yoast SEO plugin. -->","yoast_head_json":{"title":"Prijedor: Sve\u010dana akademija \"Svetosavski vremeplov\" u \u010detvrtak, 26. januara - PrijedorDanas.com - Prijedorski gradski portal","robots":{"index":"index","follow":"follow","max-snippet":"max-snippet:-1","max-image-preview":"max-image-preview:large","max-video-preview":"max-video-preview:-1"},"canonical":"https:\/\/www.prijedordanas.com\/?p=198878","og_locale":"en_US","og_type":"article","og_title":"Prijedor: Sve\u010dana akademija \"Svetosavski vremeplov\" u \u010detvrtak, 26. januara - PrijedorDanas.com - Prijedorski gradski portal","og_description":"Povodom Svetog Save, prvog srpskog prosvjetitelja i arhiepiskopa, Gradska uprava Prijedor i ove godine organizuje sve\u010danu akademiju pod nazivom &#8220;Svetosavski vremeplov&#8221;. Akademija \u0107e biti uprili\u010dena u \u010detvrtak 26. januara 2023. [&hellip;]","og_url":"https:\/\/www.prijedordanas.com\/?p=198878","og_site_name":"PrijedorDanas.com - Prijedorski gradski portal","article_publisher":"https:\/\/www.facebook.com\/PrijedorDanasCom\/","article_published_time":"2023-01-21T13:27:49+00:00","og_image":[{"url":"https:\/\/www.prijedordanas.com\/wp-content\/uploads\/2023\/01\/svetosavska-akademija-2023-plakat-212x300.jpg"}],"author":"admin","twitter_card":"summary_large_image","twitter_misc":{"Written by":"admin"},"schema":{"@context":"https:\/\/schema.org","@graph":[{"@type":"Article","@id":"https:\/\/www.prijedordanas.com\/?p=198878#article","isPartOf":{"@id":"https:\/\/www.prijedordanas.com\/?p=198878"},"author":{"name":"admin","@id":"https:\/\/www.prijedordanas.com\/#\/schema\/person\/4e08ccf29b506ca916ff86d46bb700e6"},"headline":"Prijedor: Sve\u010dana akademija &#8220;Svetosavski vremeplov&#8221; u \u010detvrtak, 26. januara","datePublished":"2023-01-21T13:27:49+00:00","dateModified":"2023-01-21T13:27:49+00:00","mainEntityOfPage":{"@id":"https:\/\/www.prijedordanas.com\/?p=198878"},"wordCount":311,"publisher":{"@id":"https:\/\/www.prijedordanas.com\/#organization"},"articleSection":["Kultura","Najave","Svakodnevno"],"inLanguage":"en-US"},{"@type":"WebPage","@id":"https:\/\/www.prijedordanas.com\/?p=198878","url":"https:\/\/www.prijedordanas.com\/?p=198878","name":"Prijedor: Sve\u010dana akademija \"Svetosavski vremeplov\" u \u010detvrtak, 26. januara - PrijedorDanas.com - Prijedorski gradski portal","isPartOf":{"@id":"https:\/\/www.prijedordanas.com\/#website"},"datePublished":"2023-01-21T13:27:49+00:00","dateModified":"2023-01-21T13:27:49+00:00","breadcrumb":{"@id":"https:\/\/www.prijedordanas.com\/?p=198878#breadcrumb"},"inLanguage":"en-US","potentialAction":[{"@type":"ReadAction","target":["https:\/\/www.prijedordanas.com\/?p=198878"]}]},{"@type":"BreadcrumbList","@id":"https:\/\/www.prijedordanas.com\/?p=198878#breadcrumb","itemListElement":[{"@type":"ListItem","position":1,"name":"Home","item":"https:\/\/www.prijedordanas.com\/"},{"@type":"ListItem","position":2,"name":"Prijedor: Sve\u010dana akademija &#8220;Svetosavski vremeplov&#8221; u \u010detvrtak, 26. januara"}]},{"@type":"WebSite","@id":"https:\/\/www.prijedordanas.com\/#website","url":"https:\/\/www.prijedordanas.com\/","name":"PrijedorDanas.com - Prijedorski gradski portal","description":"Portal o doga\u0111anjima u gradu Prijedoru","publisher":{"@id":"https:\/\/www.prijedordanas.com\/#organization"},"potentialAction":[{"@type":"SearchAction","target":{"@type":"EntryPoint","urlTemplate":"https:\/\/www.prijedordanas.com\/?s={search_term_string}"},"query-input":"required name=search_term_string"}],"inLanguage":"en-US"},{"@type":"Organization","@id":"https:\/\/www.prijedordanas.com\/#organization","name":"PrijedorDanas.com","url":"https:\/\/www.prijedordanas.com\/","logo":{"@type":"ImageObject","inLanguage":"en-US","@id":"https:\/\/www.prijedordanas.com\/#\/schema\/logo\/image\/","url":"http:\/\/www.prijedordanas.com\/wp-content\/uploads\/2021\/12\/logopng.png","contentUrl":"http:\/\/www.prijedordanas.com\/wp-content\/uploads\/2021\/12\/logopng.png","width":1019,"height":776,"caption":"PrijedorDanas.com"},"image":{"@id":"https:\/\/www.prijedordanas.com\/#\/schema\/logo\/image\/"},"sameAs":["https:\/\/www.facebook.com\/PrijedorDanasCom\/"]},{"@type":"Person","@id":"https:\/\/www.prijedordanas.com\/#\/schema\/person\/4e08ccf29b506ca916ff86d46bb700e6","name":"admin","image":{"@type":"ImageObject","inLanguage":"en-US","@id":"https:\/\/www.prijedordanas.com\/#\/schema\/person\/image\/","url":"https:\/\/secure.gravatar.com\/avatar\/1d3fc949d550f0b53a5f0d51e06dfd79?s=96&d=mm&r=g","contentUrl":"https:\/\/secure.gravatar.com\/avatar\/1d3fc949d550f0b53a5f0d51e06dfd79?s=96&d=mm&r=g","caption":"admin"},"url":"https:\/\/www.prijedordanas.com\/?author=1"}]}},"_links":{"self":[{"href":"https:\/\/www.prijedordanas.com\/index.php?rest_route=\/wp\/v2\/posts\/198878"}],"collection":[{"href":"https:\/\/www.prijedordanas.com\/index.php?rest_route=\/wp\/v2\/posts"}],"about":[{"href":"https:\/\/www.prijedordanas.com\/index.php?rest_route=\/wp\/v2\/types\/post"}],"author":[{"embeddable":true,"href":"https:\/\/www.prijedordanas.com\/index.php?rest_route=\/wp\/v2\/users\/1"}],"replies":[{"embeddable":true,"href":"https:\/\/www.prijedordanas.com\/index.php?rest_route=%2Fwp%2Fv2%2Fcomments&post=198878"}],"version-history":[{"count":1,"href":"https:\/\/www.prijedordanas.com\/index.php?rest_route=\/wp\/v2\/posts\/198878\/revisions"}],"predecessor-version":[{"id":198880,"href":"https:\/\/www.prijedordanas.com\/index.php?rest_route=\/wp\/v2\/posts\/198878\/revisions\/198880"}],"wp:attachment":[{"href":"https:\/\/www.prijedordanas.com\/index.php?rest_route=%2Fwp%2Fv2%2Fmedia&parent=198878"}],"wp:term":[{"taxonomy":"category","embeddable":true,"href":"https:\/\/www.prijedordanas.com\/index.php?rest_route=%2Fwp%2Fv2%2Fcategories&post=198878"},{"taxonomy":"post_tag","embeddable":true,"href":"https:\/\/www.prijedordanas.com\/index.php?rest_route=%2Fwp%2Fv2%2Ftags&post=198878"}],"curies":[{"name":"wp","href":"https:\/\/api.w.org\/{rel}","templated":true}]}}