{"id":198871,"date":"2023-01-21T11:28:28","date_gmt":"2023-01-21T10:28:28","guid":{"rendered":"https:\/\/www.prijedordanas.com\/?p=198871"},"modified":"2023-01-21T11:28:28","modified_gmt":"2023-01-21T10:28:28","slug":"dom-za-lica-sa-invaliditetom-prijedor-visak-kupusa-i-brokule-poklonili-najstarijim-i-najmladim-sugradanima","status":"publish","type":"post","link":"https:\/\/www.prijedordanas.com\/?p=198871","title":{"rendered":"Dom za lica sa invaliditetom Prijedor: Vi\u0161ak kupusa i brokule poklonili najstarijim i najmla\u0111im sugra\u0111anima"},"content":{"rendered":"<p><a href=\"https:\/\/www.prijedordanas.com\/wp-content\/uploads\/2023\/01\/dom-za-lica-sa-invaliditetom-kupus-poklon-1.jpg\"><img loading=\"lazy\" decoding=\"async\" class=\"alignleft size-medium wp-image-198872\" src=\"https:\/\/www.prijedordanas.com\/wp-content\/uploads\/2023\/01\/dom-za-lica-sa-invaliditetom-kupus-poklon-1-276x300.jpg\" alt=\"\" width=\"276\" height=\"300\" srcset=\"https:\/\/www.prijedordanas.com\/wp-content\/uploads\/2023\/01\/dom-za-lica-sa-invaliditetom-kupus-poklon-1-276x300.jpg 276w, https:\/\/www.prijedordanas.com\/wp-content\/uploads\/2023\/01\/dom-za-lica-sa-invaliditetom-kupus-poklon-1.jpg 552w\" sizes=\"(max-width: 276px) 100vw, 276px\" \/><\/a>\u0160ti\u0107enici Doma za lica sa invaliditetom Prijedor uz pomo\u0107 bijeljinske firma &#8220;Agromatko&#8221; proizveli su kupus i brokule za potrebe ove javne ustanove, a vi\u0161ak proizvoda poklonili su ovda\u0161njem Domu za starija lica i Dje\u010dijem vrti\u0107u &#8220;Radost&#8221;, rekao je vr\u0161ilac du\u017enosti direktora ovog doma Nikola Vujasinovi\u0107.<\/p>\n<p>Vujasinovi\u0107 je naveo da \u0161ti\u0107enici i instruktori radne okupacije ovog doma obavljaju poslove na oko deset dunuma raznih usjeva.<\/p>\n<p>On je dodao da je pro\u0161le godine prvi put ostvarena saradnja sa bijeljinskom firmom u okviru koje je na oglednom polju kupusa od oko 900 metara kvadratnih uzgojeno po pet sorti kupusa i brokule poznate japanske sjemenske ku\u0107e &#8220;Sakata&#8221;.<\/p>\n<p><a href=\"https:\/\/www.prijedordanas.com\/wp-content\/uploads\/2023\/01\/dom-za-lica-sa-invaliditetom-kupus-poklon-2.jpg\"><img loading=\"lazy\" decoding=\"async\" src=\"https:\/\/www.prijedordanas.com\/wp-content\/uploads\/2023\/01\/dom-za-lica-sa-invaliditetom-kupus-poklon-2-300x225.jpg\" alt=\"\" width=\"300\" height=\"225\" class=\"alignleft size-medium wp-image-198873\" srcset=\"https:\/\/www.prijedordanas.com\/wp-content\/uploads\/2023\/01\/dom-za-lica-sa-invaliditetom-kupus-poklon-2-300x225.jpg 300w, https:\/\/www.prijedordanas.com\/wp-content\/uploads\/2023\/01\/dom-za-lica-sa-invaliditetom-kupus-poklon-2-640x480.jpg 640w, https:\/\/www.prijedordanas.com\/wp-content\/uploads\/2023\/01\/dom-za-lica-sa-invaliditetom-kupus-poklon-2.jpg 668w\" sizes=\"(max-width: 300px) 100vw, 300px\" \/><\/a>&#8220;Imali smo rod od sedam tona kupusa i dvije tone brokule, tako da smo zadovoljili svoje potrebe, a imali i vi\u0161ka. Taj vi\u0161ak poklonili smo najstarijim i najmla\u0111im sugra\u0111anima, a ponudili smo i javnim kuhinjama&#8221;, rekao je Vujasinovi\u0107.<\/p>\n<p>On je najavio da \u0107e i idu\u0107e godine partneri iz Bijeljine donirati sjemenski materijal i obezbijediti stru\u010dnu podr\u0161ku.<\/p>\n<p>Saradnju sa renomiranom bijeljinskom firmom prijedorski Dom za lica sa invaliditetom ostvario je posredstvom Odjeljenja za poljoprivredu i ruralni razvoj grada Prijedora, a prijedorska fimra &#8220;Poljonet&#8221; donirala je ovom domu najlon za plastenik.<\/p>\n<p>SRNA<\/p>\n","protected":false},"excerpt":{"rendered":"<p>\u0160ti\u0107enici Doma za lica sa invaliditetom Prijedor uz pomo\u0107 bijeljinske firma &#8220;Agromatko&#8221; proizveli su kupus i brokule za potrebe ove javne ustanove, a vi\u0161ak proizvoda poklonili su ovda\u0161njem Domu za [&hellip;]<\/p>\n","protected":false},"author":1,"featured_media":0,"comment_status":"closed","ping_status":"open","sticky":false,"template":"","format":"standard","meta":{"_monsterinsights_skip_tracking":false,"_monsterinsights_sitenote_active":false,"_monsterinsights_sitenote_note":"","_monsterinsights_sitenote_category":0,"footnotes":""},"categories":[3],"tags":[],"yoast_head":"<!-- This site is optimized with the Yoast SEO plugin v21.6 - https:\/\/yoast.com\/wordpress\/plugins\/seo\/ -->\n<title>Dom za lica sa invaliditetom Prijedor: Vi\u0161ak kupusa i brokule poklonili najstarijim i najmla\u0111im sugra\u0111anima - PrijedorDanas.com - Prijedorski gradski portal<\/title>\n<meta name=\"robots\" content=\"index, follow, max-snippet:-1, max-image-preview:large, max-video-preview:-1\" \/>\n<link rel=\"canonical\" href=\"https:\/\/www.prijedordanas.com\/?p=198871\" \/>\n<meta property=\"og:locale\" content=\"en_US\" \/>\n<meta property=\"og:type\" content=\"article\" \/>\n<meta property=\"og:title\" content=\"Dom za lica sa invaliditetom Prijedor: Vi\u0161ak kupusa i brokule poklonili najstarijim i najmla\u0111im sugra\u0111anima - PrijedorDanas.com - Prijedorski gradski portal\" \/>\n<meta property=\"og:description\" content=\"\u0160ti\u0107enici Doma za lica sa invaliditetom Prijedor uz pomo\u0107 bijeljinske firma &#8220;Agromatko&#8221; proizveli su kupus i brokule za potrebe ove javne ustanove, a vi\u0161ak proizvoda poklonili su ovda\u0161njem Domu za [&hellip;]\" \/>\n<meta property=\"og:url\" content=\"https:\/\/www.prijedordanas.com\/?p=198871\" \/>\n<meta property=\"og:site_name\" content=\"PrijedorDanas.com - Prijedorski gradski portal\" \/>\n<meta property=\"article:publisher\" content=\"https:\/\/www.facebook.com\/PrijedorDanasCom\/\" \/>\n<meta property=\"article:published_time\" content=\"2023-01-21T10:28:28+00:00\" \/>\n<meta property=\"og:image\" content=\"https:\/\/www.prijedordanas.com\/wp-content\/uploads\/2023\/01\/dom-za-lica-sa-invaliditetom-kupus-poklon-1-276x300.jpg\" \/>\n<meta name=\"author\" content=\"admin\" \/>\n<meta name=\"twitter:card\" content=\"summary_large_image\" \/>\n<meta name=\"twitter:label1\" content=\"Written by\" \/>\n\t<meta name=\"twitter:data1\" content=\"admin\" \/>\n\t<meta name=\"twitter:label2\" content=\"Est. reading time\" \/>\n\t<meta name=\"twitter:data2\" content=\"2 minutes\" \/>\n<script type=\"application\/ld+json\" class=\"yoast-schema-graph\">{\"@context\":\"https:\/\/schema.org\",\"@graph\":[{\"@type\":\"Article\",\"@id\":\"https:\/\/www.prijedordanas.com\/?p=198871#article\",\"isPartOf\":{\"@id\":\"https:\/\/www.prijedordanas.com\/?p=198871\"},\"author\":{\"name\":\"admin\",\"@id\":\"https:\/\/www.prijedordanas.com\/#\/schema\/person\/4e08ccf29b506ca916ff86d46bb700e6\"},\"headline\":\"Dom za lica sa invaliditetom Prijedor: Vi\u0161ak kupusa i brokule poklonili najstarijim i najmla\u0111im sugra\u0111anima\",\"datePublished\":\"2023-01-21T10:28:28+00:00\",\"dateModified\":\"2023-01-21T10:28:28+00:00\",\"mainEntityOfPage\":{\"@id\":\"https:\/\/www.prijedordanas.com\/?p=198871\"},\"wordCount\":227,\"publisher\":{\"@id\":\"https:\/\/www.prijedordanas.com\/#organization\"},\"articleSection\":[\"\u017divot\"],\"inLanguage\":\"en-US\"},{\"@type\":\"WebPage\",\"@id\":\"https:\/\/www.prijedordanas.com\/?p=198871\",\"url\":\"https:\/\/www.prijedordanas.com\/?p=198871\",\"name\":\"Dom za lica sa invaliditetom Prijedor: Vi\u0161ak kupusa i brokule poklonili najstarijim i najmla\u0111im sugra\u0111anima - PrijedorDanas.com - Prijedorski gradski portal\",\"isPartOf\":{\"@id\":\"https:\/\/www.prijedordanas.com\/#website\"},\"datePublished\":\"2023-01-21T10:28:28+00:00\",\"dateModified\":\"2023-01-21T10:28:28+00:00\",\"breadcrumb\":{\"@id\":\"https:\/\/www.prijedordanas.com\/?p=198871#breadcrumb\"},\"inLanguage\":\"en-US\",\"potentialAction\":[{\"@type\":\"ReadAction\",\"target\":[\"https:\/\/www.prijedordanas.com\/?p=198871\"]}]},{\"@type\":\"BreadcrumbList\",\"@id\":\"https:\/\/www.prijedordanas.com\/?p=198871#breadcrumb\",\"itemListElement\":[{\"@type\":\"ListItem\",\"position\":1,\"name\":\"Home\",\"item\":\"https:\/\/www.prijedordanas.com\/\"},{\"@type\":\"ListItem\",\"position\":2,\"name\":\"Dom za lica sa invaliditetom Prijedor: Vi\u0161ak kupusa i brokule poklonili najstarijim i najmla\u0111im sugra\u0111anima\"}]},{\"@type\":\"WebSite\",\"@id\":\"https:\/\/www.prijedordanas.com\/#website\",\"url\":\"https:\/\/www.prijedordanas.com\/\",\"name\":\"PrijedorDanas.com - Prijedorski gradski portal\",\"description\":\"Portal o doga\u0111anjima u gradu Prijedoru\",\"publisher\":{\"@id\":\"https:\/\/www.prijedordanas.com\/#organization\"},\"potentialAction\":[{\"@type\":\"SearchAction\",\"target\":{\"@type\":\"EntryPoint\",\"urlTemplate\":\"https:\/\/www.prijedordanas.com\/?s={search_term_string}\"},\"query-input\":\"required name=search_term_string\"}],\"inLanguage\":\"en-US\"},{\"@type\":\"Organization\",\"@id\":\"https:\/\/www.prijedordanas.com\/#organization\",\"name\":\"PrijedorDanas.com\",\"url\":\"https:\/\/www.prijedordanas.com\/\",\"logo\":{\"@type\":\"ImageObject\",\"inLanguage\":\"en-US\",\"@id\":\"https:\/\/www.prijedordanas.com\/#\/schema\/logo\/image\/\",\"url\":\"http:\/\/www.prijedordanas.com\/wp-content\/uploads\/2021\/12\/logopng.png\",\"contentUrl\":\"http:\/\/www.prijedordanas.com\/wp-content\/uploads\/2021\/12\/logopng.png\",\"width\":1019,\"height\":776,\"caption\":\"PrijedorDanas.com\"},\"image\":{\"@id\":\"https:\/\/www.prijedordanas.com\/#\/schema\/logo\/image\/\"},\"sameAs\":[\"https:\/\/www.facebook.com\/PrijedorDanasCom\/\"]},{\"@type\":\"Person\",\"@id\":\"https:\/\/www.prijedordanas.com\/#\/schema\/person\/4e08ccf29b506ca916ff86d46bb700e6\",\"name\":\"admin\",\"image\":{\"@type\":\"ImageObject\",\"inLanguage\":\"en-US\",\"@id\":\"https:\/\/www.prijedordanas.com\/#\/schema\/person\/image\/\",\"url\":\"https:\/\/secure.gravatar.com\/avatar\/1d3fc949d550f0b53a5f0d51e06dfd79?s=96&d=mm&r=g\",\"contentUrl\":\"https:\/\/secure.gravatar.com\/avatar\/1d3fc949d550f0b53a5f0d51e06dfd79?s=96&d=mm&r=g\",\"caption\":\"admin\"},\"url\":\"https:\/\/www.prijedordanas.com\/?author=1\"}]}<\/script>\n<!-- \/ Yoast SEO plugin. -->","yoast_head_json":{"title":"Dom za lica sa invaliditetom Prijedor: Vi\u0161ak kupusa i brokule poklonili najstarijim i najmla\u0111im sugra\u0111anima - PrijedorDanas.com - Prijedorski gradski portal","robots":{"index":"index","follow":"follow","max-snippet":"max-snippet:-1","max-image-preview":"max-image-preview:large","max-video-preview":"max-video-preview:-1"},"canonical":"https:\/\/www.prijedordanas.com\/?p=198871","og_locale":"en_US","og_type":"article","og_title":"Dom za lica sa invaliditetom Prijedor: Vi\u0161ak kupusa i brokule poklonili najstarijim i najmla\u0111im sugra\u0111anima - PrijedorDanas.com - Prijedorski gradski portal","og_description":"\u0160ti\u0107enici Doma za lica sa invaliditetom Prijedor uz pomo\u0107 bijeljinske firma &#8220;Agromatko&#8221; proizveli su kupus i brokule za potrebe ove javne ustanove, a vi\u0161ak proizvoda poklonili su ovda\u0161njem Domu za [&hellip;]","og_url":"https:\/\/www.prijedordanas.com\/?p=198871","og_site_name":"PrijedorDanas.com - Prijedorski gradski portal","article_publisher":"https:\/\/www.facebook.com\/PrijedorDanasCom\/","article_published_time":"2023-01-21T10:28:28+00:00","og_image":[{"url":"https:\/\/www.prijedordanas.com\/wp-content\/uploads\/2023\/01\/dom-za-lica-sa-invaliditetom-kupus-poklon-1-276x300.jpg"}],"author":"admin","twitter_card":"summary_large_image","twitter_misc":{"Written by":"admin","Est. reading time":"2 minutes"},"schema":{"@context":"https:\/\/schema.org","@graph":[{"@type":"Article","@id":"https:\/\/www.prijedordanas.com\/?p=198871#article","isPartOf":{"@id":"https:\/\/www.prijedordanas.com\/?p=198871"},"author":{"name":"admin","@id":"https:\/\/www.prijedordanas.com\/#\/schema\/person\/4e08ccf29b506ca916ff86d46bb700e6"},"headline":"Dom za lica sa invaliditetom Prijedor: Vi\u0161ak kupusa i brokule poklonili najstarijim i najmla\u0111im sugra\u0111anima","datePublished":"2023-01-21T10:28:28+00:00","dateModified":"2023-01-21T10:28:28+00:00","mainEntityOfPage":{"@id":"https:\/\/www.prijedordanas.com\/?p=198871"},"wordCount":227,"publisher":{"@id":"https:\/\/www.prijedordanas.com\/#organization"},"articleSection":["\u017divot"],"inLanguage":"en-US"},{"@type":"WebPage","@id":"https:\/\/www.prijedordanas.com\/?p=198871","url":"https:\/\/www.prijedordanas.com\/?p=198871","name":"Dom za lica sa invaliditetom Prijedor: Vi\u0161ak kupusa i brokule poklonili najstarijim i najmla\u0111im sugra\u0111anima - PrijedorDanas.com - Prijedorski gradski portal","isPartOf":{"@id":"https:\/\/www.prijedordanas.com\/#website"},"datePublished":"2023-01-21T10:28:28+00:00","dateModified":"2023-01-21T10:28:28+00:00","breadcrumb":{"@id":"https:\/\/www.prijedordanas.com\/?p=198871#breadcrumb"},"inLanguage":"en-US","potentialAction":[{"@type":"ReadAction","target":["https:\/\/www.prijedordanas.com\/?p=198871"]}]},{"@type":"BreadcrumbList","@id":"https:\/\/www.prijedordanas.com\/?p=198871#breadcrumb","itemListElement":[{"@type":"ListItem","position":1,"name":"Home","item":"https:\/\/www.prijedordanas.com\/"},{"@type":"ListItem","position":2,"name":"Dom za lica sa invaliditetom Prijedor: Vi\u0161ak kupusa i brokule poklonili najstarijim i najmla\u0111im sugra\u0111anima"}]},{"@type":"WebSite","@id":"https:\/\/www.prijedordanas.com\/#website","url":"https:\/\/www.prijedordanas.com\/","name":"PrijedorDanas.com - Prijedorski gradski portal","description":"Portal o doga\u0111anjima u gradu Prijedoru","publisher":{"@id":"https:\/\/www.prijedordanas.com\/#organization"},"potentialAction":[{"@type":"SearchAction","target":{"@type":"EntryPoint","urlTemplate":"https:\/\/www.prijedordanas.com\/?s={search_term_string}"},"query-input":"required name=search_term_string"}],"inLanguage":"en-US"},{"@type":"Organization","@id":"https:\/\/www.prijedordanas.com\/#organization","name":"PrijedorDanas.com","url":"https:\/\/www.prijedordanas.com\/","logo":{"@type":"ImageObject","inLanguage":"en-US","@id":"https:\/\/www.prijedordanas.com\/#\/schema\/logo\/image\/","url":"http:\/\/www.prijedordanas.com\/wp-content\/uploads\/2021\/12\/logopng.png","contentUrl":"http:\/\/www.prijedordanas.com\/wp-content\/uploads\/2021\/12\/logopng.png","width":1019,"height":776,"caption":"PrijedorDanas.com"},"image":{"@id":"https:\/\/www.prijedordanas.com\/#\/schema\/logo\/image\/"},"sameAs":["https:\/\/www.facebook.com\/PrijedorDanasCom\/"]},{"@type":"Person","@id":"https:\/\/www.prijedordanas.com\/#\/schema\/person\/4e08ccf29b506ca916ff86d46bb700e6","name":"admin","image":{"@type":"ImageObject","inLanguage":"en-US","@id":"https:\/\/www.prijedordanas.com\/#\/schema\/person\/image\/","url":"https:\/\/secure.gravatar.com\/avatar\/1d3fc949d550f0b53a5f0d51e06dfd79?s=96&d=mm&r=g","contentUrl":"https:\/\/secure.gravatar.com\/avatar\/1d3fc949d550f0b53a5f0d51e06dfd79?s=96&d=mm&r=g","caption":"admin"},"url":"https:\/\/www.prijedordanas.com\/?author=1"}]}},"_links":{"self":[{"href":"https:\/\/www.prijedordanas.com\/index.php?rest_route=\/wp\/v2\/posts\/198871"}],"collection":[{"href":"https:\/\/www.prijedordanas.com\/index.php?rest_route=\/wp\/v2\/posts"}],"about":[{"href":"https:\/\/www.prijedordanas.com\/index.php?rest_route=\/wp\/v2\/types\/post"}],"author":[{"embeddable":true,"href":"https:\/\/www.prijedordanas.com\/index.php?rest_route=\/wp\/v2\/users\/1"}],"replies":[{"embeddable":true,"href":"https:\/\/www.prijedordanas.com\/index.php?rest_route=%2Fwp%2Fv2%2Fcomments&post=198871"}],"version-history":[{"count":1,"href":"https:\/\/www.prijedordanas.com\/index.php?rest_route=\/wp\/v2\/posts\/198871\/revisions"}],"predecessor-version":[{"id":198874,"href":"https:\/\/www.prijedordanas.com\/index.php?rest_route=\/wp\/v2\/posts\/198871\/revisions\/198874"}],"wp:attachment":[{"href":"https:\/\/www.prijedordanas.com\/index.php?rest_route=%2Fwp%2Fv2%2Fmedia&parent=198871"}],"wp:term":[{"taxonomy":"category","embeddable":true,"href":"https:\/\/www.prijedordanas.com\/index.php?rest_route=%2Fwp%2Fv2%2Fcategories&post=198871"},{"taxonomy":"post_tag","embeddable":true,"href":"https:\/\/www.prijedordanas.com\/index.php?rest_route=%2Fwp%2Fv2%2Ftags&post=198871"}],"curies":[{"name":"wp","href":"https:\/\/api.w.org\/{rel}","templated":true}]}}