{"id":198756,"date":"2023-01-19T16:45:20","date_gmt":"2023-01-19T15:45:20","guid":{"rendered":"https:\/\/www.prijedordanas.com\/?p=198756"},"modified":"2023-01-19T16:45:20","modified_gmt":"2023-01-19T15:45:20","slug":"prijedor-dusko-kaurin-osvojio-casni-krst-i-zlatnik-na-bogojavljenje-foto","status":"publish","type":"post","link":"https:\/\/www.prijedordanas.com\/?p=198756","title":{"rendered":"Prijedor: Du\u0161ko Kaurin osvojio \u010casni krst i zlatnik na Bogojavljenje &#8211; FOTO"},"content":{"rendered":"<p><a href=\"https:\/\/www.prijedordanas.com\/wp-content\/uploads\/2023\/01\/prijedorgradorg-bogojavljenje-2023-1.jpg\"><img loading=\"lazy\" decoding=\"async\" class=\"alignleft size-medium wp-image-198759\" src=\"https:\/\/www.prijedordanas.com\/wp-content\/uploads\/2023\/01\/prijedorgradorg-bogojavljenje-2023-1-300x225.jpg\" alt=\"\" width=\"300\" height=\"225\" srcset=\"https:\/\/www.prijedordanas.com\/wp-content\/uploads\/2023\/01\/prijedorgradorg-bogojavljenje-2023-1-300x225.jpg 300w, https:\/\/www.prijedordanas.com\/wp-content\/uploads\/2023\/01\/prijedorgradorg-bogojavljenje-2023-1-640x480.jpg 640w, https:\/\/www.prijedordanas.com\/wp-content\/uploads\/2023\/01\/prijedorgradorg-bogojavljenje-2023-1.jpg 667w\" sizes=\"(max-width: 300px) 100vw, 300px\" \/><\/a>Du\u0161ko Kaurin ponosni je osvaja\u010d \u010casnog krsta, vijenca i dukata na kraju bogojavljenskih sve\u010danosti koje su danas odr\u017eane u Prijedoru.<\/p>\n<p>Kaurin je bio prvi me\u0111u jednakima koji su danas nakon osve\u0107ena vode u\u0161li u rijeku Sanu i simboli\u010dno zaplivali za \u010casni krst budu\u0107i da vremenske neprilike i visok vodostaj rijeke nije dozvolio da se obavi plivanje u du\u017eini od 33 metra sa jedne na drugu obalu.<\/p>\n<p><strong><a href=\"https:\/\/www.prijedordanas.com\/?p=198710\" target=\"_blank\" rel=\"noopener\">Prijedor: Spisak 70 najodva\u017enijih koji su prijavljeni za 10. plivanje za \u010casni krst na Bogojavljenje \u2013 FOTO<\/a><\/strong><\/p>\n<p>&#8220;Plivanje je u Prijedoru obnovljeno 2014.godine \u0161to zna\u010di da je ova godina bila deseta jubilarna, ali vremenske prilike nisu dozvolile da svi plivamo pa je sino\u0107 dogovoreno da ja u\u0111em prvi u vodu ,a iza mene svi ostali u\u0111u u vodu, potope se i cjelivaju krst&#8221;, izjavio je Kaurin novinarima.<\/p>\n<p><a href=\"https:\/\/www.prijedordanas.com\/wp-content\/uploads\/2023\/01\/prijedorgradorg-bogojavljenje-2023-2.jpg\"><img loading=\"lazy\" decoding=\"async\" class=\"alignleft size-medium wp-image-198760\" src=\"https:\/\/www.prijedordanas.com\/wp-content\/uploads\/2023\/01\/prijedorgradorg-bogojavljenje-2023-2-300x225.jpg\" alt=\"\" width=\"300\" height=\"225\" srcset=\"https:\/\/www.prijedordanas.com\/wp-content\/uploads\/2023\/01\/prijedorgradorg-bogojavljenje-2023-2-300x225.jpg 300w, https:\/\/www.prijedordanas.com\/wp-content\/uploads\/2023\/01\/prijedorgradorg-bogojavljenje-2023-2-640x480.jpg 640w, https:\/\/www.prijedordanas.com\/wp-content\/uploads\/2023\/01\/prijedorgradorg-bogojavljenje-2023-2.jpg 667w\" sizes=\"(max-width: 300px) 100vw, 300px\" \/><\/a>On je tokom \u010ditave decenije bio redovni u\u010desnik plivanja za \u010casni krst.<\/p>\n<p>&#8220;Tradicija je nastavljena i pobjednici smo svi koji smo danas u\u0161li u rijeku Sanu&#8221;, rekao je Kaurin koji , ina\u010de, vodi prijedorski ogranak humanitarne organizacije &#8220;Srbi za Srbe&#8221;.<\/p>\n<p>Protonamjesnik Dragan Hrva\u0107anin zahvalio je gradu Prijedoru i svima koji su do\u0161li i jutros na sve\u010danu liturgiju u Crkvu Svete Trpojice i bili dio sve\u010dane litije, kao i prijavljenim u\u010desnicima plivanja za \u010casni krst.<\/p>\n<p><a href=\"https:\/\/www.prijedordanas.com\/wp-content\/uploads\/2023\/01\/prijedorgradorg-bogojavljenje-2023-3.jpg\"><img loading=\"lazy\" decoding=\"async\" class=\"alignleft size-medium wp-image-198761\" src=\"https:\/\/www.prijedordanas.com\/wp-content\/uploads\/2023\/01\/prijedorgradorg-bogojavljenje-2023-3-300x225.jpg\" alt=\"\" width=\"300\" height=\"225\" srcset=\"https:\/\/www.prijedordanas.com\/wp-content\/uploads\/2023\/01\/prijedorgradorg-bogojavljenje-2023-3-300x225.jpg 300w, https:\/\/www.prijedordanas.com\/wp-content\/uploads\/2023\/01\/prijedorgradorg-bogojavljenje-2023-3-640x480.jpg 640w, https:\/\/www.prijedordanas.com\/wp-content\/uploads\/2023\/01\/prijedorgradorg-bogojavljenje-2023-3.jpg 667w\" sizes=\"(max-width: 300px) 100vw, 300px\" \/><\/a>&#8220;Danas nismo preplivavali rijeku ve\u0107 smo to obavili onako kako je bilo najsigurnije za prijavljene u\u010desnike plivanja za \u010casni krst i njima i svim ostalim gra\u0111anima Prijedora \u010destitam ovaj veliki hri\u0161\u0107anski praznik pozdravom `Bog se javi`&#8221;, poru\u010dio je Hrva\u0107anin.<\/p>\n<p>Gradona\u010delnik Prijedora Slobodan Javor izjavio je da je Bogojavljenje jedan od najve\u0107ih hri\u0161\u0107anskih praznika i da se \u010ditavu deceniju u gradu odr\u017eavaju bogojavljenske sve\u010danosti.<\/p>\n<p>&#8220;Drago mi je da ve\u0107 deceniju u na\u0161em gradu odr\u017eavamo litiju i plivanje za \u010casni krst, a ove godine imamo najvi\u0161e prijavljenih u\u010desnika. Ponosan sam \u0161to smo po tom pitanju jedni od brojnijih u Republici Srpskoj&#8221;, naveo je Javor.<\/p>\n<p>On je dodao da \u0107e i u budu\u0107nosti Grad podr\u017eavati ovu manifestaciju, jer vjera je o\u010duvala narod na ovim prostorima.<\/p>\n<p>Za dana\u0161nje plivanje za \u010casni krst bilo je prijavljeno 70 pliva\u010da.<\/p>\n<p><a href=\"https:\/\/www.prijedorgrad.org\/sr-EU\/vijesti-sadrzaj.html?vid=17064\" target=\"_blank\" rel=\"noopener\">prijedorgrad.org<\/a><\/p>\n<p><a href=\"https:\/\/www.prijedordanas.com\/wp-content\/uploads\/2023\/01\/prijedorgradorg-bogojavljenje-2023-4.jpg\"><img loading=\"lazy\" decoding=\"async\" class=\"alignleft size-medium wp-image-198762\" src=\"https:\/\/www.prijedordanas.com\/wp-content\/uploads\/2023\/01\/prijedorgradorg-bogojavljenje-2023-4-300x225.jpg\" alt=\"\" width=\"300\" height=\"225\" srcset=\"https:\/\/www.prijedordanas.com\/wp-content\/uploads\/2023\/01\/prijedorgradorg-bogojavljenje-2023-4-300x225.jpg 300w, https:\/\/www.prijedordanas.com\/wp-content\/uploads\/2023\/01\/prijedorgradorg-bogojavljenje-2023-4.jpg 600w\" sizes=\"(max-width: 300px) 100vw, 300px\" \/><\/a> <a href=\"https:\/\/www.prijedordanas.com\/wp-content\/uploads\/2023\/01\/prijedorgradorg-bogojavljenje-2023-5.jpg\"><img loading=\"lazy\" decoding=\"async\" class=\"alignleft size-medium wp-image-198763\" src=\"https:\/\/www.prijedordanas.com\/wp-content\/uploads\/2023\/01\/prijedorgradorg-bogojavljenje-2023-5-300x225.jpg\" alt=\"\" width=\"300\" height=\"225\" srcset=\"https:\/\/www.prijedordanas.com\/wp-content\/uploads\/2023\/01\/prijedorgradorg-bogojavljenje-2023-5-300x225.jpg 300w, https:\/\/www.prijedordanas.com\/wp-content\/uploads\/2023\/01\/prijedorgradorg-bogojavljenje-2023-5.jpg 600w\" sizes=\"(max-width: 300px) 100vw, 300px\" \/><\/a> <a href=\"https:\/\/www.prijedordanas.com\/wp-content\/uploads\/2023\/01\/prijedorgradorg-bogojavljenje-2023-6.jpg\"><img loading=\"lazy\" decoding=\"async\" class=\"alignleft size-medium wp-image-198764\" src=\"https:\/\/www.prijedordanas.com\/wp-content\/uploads\/2023\/01\/prijedorgradorg-bogojavljenje-2023-6-300x225.jpg\" alt=\"\" width=\"300\" height=\"225\" srcset=\"https:\/\/www.prijedordanas.com\/wp-content\/uploads\/2023\/01\/prijedorgradorg-bogojavljenje-2023-6-300x225.jpg 300w, https:\/\/www.prijedordanas.com\/wp-content\/uploads\/2023\/01\/prijedorgradorg-bogojavljenje-2023-6.jpg 600w\" sizes=\"(max-width: 300px) 100vw, 300px\" \/><\/a> <a href=\"https:\/\/www.prijedordanas.com\/wp-content\/uploads\/2023\/01\/prijedorgradorg-bogojavljenje-2023-7.jpg\"><img loading=\"lazy\" decoding=\"async\" class=\"alignleft size-medium wp-image-198765\" src=\"https:\/\/www.prijedordanas.com\/wp-content\/uploads\/2023\/01\/prijedorgradorg-bogojavljenje-2023-7-300x225.jpg\" alt=\"\" width=\"300\" height=\"225\" srcset=\"https:\/\/www.prijedordanas.com\/wp-content\/uploads\/2023\/01\/prijedorgradorg-bogojavljenje-2023-7-300x225.jpg 300w, https:\/\/www.prijedordanas.com\/wp-content\/uploads\/2023\/01\/prijedorgradorg-bogojavljenje-2023-7.jpg 600w\" sizes=\"(max-width: 300px) 100vw, 300px\" \/><\/a> <a href=\"https:\/\/www.prijedordanas.com\/wp-content\/uploads\/2023\/01\/prijedorgradorg-bogojavljenje-2023-8.jpg\"><img loading=\"lazy\" decoding=\"async\" class=\"alignleft size-medium wp-image-198766\" src=\"https:\/\/www.prijedordanas.com\/wp-content\/uploads\/2023\/01\/prijedorgradorg-bogojavljenje-2023-8-300x225.jpg\" alt=\"\" width=\"300\" height=\"225\" srcset=\"https:\/\/www.prijedordanas.com\/wp-content\/uploads\/2023\/01\/prijedorgradorg-bogojavljenje-2023-8-300x225.jpg 300w, https:\/\/www.prijedordanas.com\/wp-content\/uploads\/2023\/01\/prijedorgradorg-bogojavljenje-2023-8.jpg 600w\" sizes=\"(max-width: 300px) 100vw, 300px\" \/><\/a> <a href=\"https:\/\/www.prijedordanas.com\/wp-content\/uploads\/2023\/01\/prijedorgradorg-bogojavljenje-2023-9.jpg\"><img loading=\"lazy\" decoding=\"async\" class=\"alignleft size-medium wp-image-198767\" src=\"https:\/\/www.prijedordanas.com\/wp-content\/uploads\/2023\/01\/prijedorgradorg-bogojavljenje-2023-9-300x225.jpg\" alt=\"\" width=\"300\" height=\"225\" srcset=\"https:\/\/www.prijedordanas.com\/wp-content\/uploads\/2023\/01\/prijedorgradorg-bogojavljenje-2023-9-300x225.jpg 300w, https:\/\/www.prijedordanas.com\/wp-content\/uploads\/2023\/01\/prijedorgradorg-bogojavljenje-2023-9.jpg 600w\" sizes=\"(max-width: 300px) 100vw, 300px\" \/><\/a> <a href=\"https:\/\/www.prijedordanas.com\/wp-content\/uploads\/2023\/01\/prijedorgradorg-bogojavljenje-2023-10.jpg\"><img loading=\"lazy\" decoding=\"async\" class=\"alignleft size-medium wp-image-198768\" src=\"https:\/\/www.prijedordanas.com\/wp-content\/uploads\/2023\/01\/prijedorgradorg-bogojavljenje-2023-10-300x225.jpg\" alt=\"\" width=\"300\" height=\"225\" srcset=\"https:\/\/www.prijedordanas.com\/wp-content\/uploads\/2023\/01\/prijedorgradorg-bogojavljenje-2023-10-300x225.jpg 300w, https:\/\/www.prijedordanas.com\/wp-content\/uploads\/2023\/01\/prijedorgradorg-bogojavljenje-2023-10.jpg 600w\" sizes=\"(max-width: 300px) 100vw, 300px\" \/><\/a> <a href=\"https:\/\/www.prijedordanas.com\/wp-content\/uploads\/2023\/01\/prijedorgradorg-bogojavljenje-2023-11.jpg\"><img loading=\"lazy\" decoding=\"async\" class=\"alignleft size-medium wp-image-198769\" src=\"https:\/\/www.prijedordanas.com\/wp-content\/uploads\/2023\/01\/prijedorgradorg-bogojavljenje-2023-11-300x225.jpg\" alt=\"\" width=\"300\" height=\"225\" srcset=\"https:\/\/www.prijedordanas.com\/wp-content\/uploads\/2023\/01\/prijedorgradorg-bogojavljenje-2023-11-300x225.jpg 300w, https:\/\/www.prijedordanas.com\/wp-content\/uploads\/2023\/01\/prijedorgradorg-bogojavljenje-2023-11.jpg 600w\" sizes=\"(max-width: 300px) 100vw, 300px\" \/><\/a> <a href=\"https:\/\/www.prijedordanas.com\/wp-content\/uploads\/2023\/01\/prijedorgradorg-bogojavljenje-2023-12.jpg\"><img loading=\"lazy\" decoding=\"async\" class=\"alignleft size-medium wp-image-198770\" src=\"https:\/\/www.prijedordanas.com\/wp-content\/uploads\/2023\/01\/prijedorgradorg-bogojavljenje-2023-12-300x225.jpg\" alt=\"\" width=\"300\" height=\"225\" srcset=\"https:\/\/www.prijedordanas.com\/wp-content\/uploads\/2023\/01\/prijedorgradorg-bogojavljenje-2023-12-300x225.jpg 300w, https:\/\/www.prijedordanas.com\/wp-content\/uploads\/2023\/01\/prijedorgradorg-bogojavljenje-2023-12.jpg 600w\" sizes=\"(max-width: 300px) 100vw, 300px\" \/><\/a> <a href=\"https:\/\/www.prijedordanas.com\/wp-content\/uploads\/2023\/01\/prijedorgradorg-bogojavljenje-2023-13.jpg\"><img loading=\"lazy\" decoding=\"async\" class=\"alignleft size-medium wp-image-198771\" src=\"https:\/\/www.prijedordanas.com\/wp-content\/uploads\/2023\/01\/prijedorgradorg-bogojavljenje-2023-13-300x225.jpg\" alt=\"\" width=\"300\" height=\"225\" srcset=\"https:\/\/www.prijedordanas.com\/wp-content\/uploads\/2023\/01\/prijedorgradorg-bogojavljenje-2023-13-300x225.jpg 300w, https:\/\/www.prijedordanas.com\/wp-content\/uploads\/2023\/01\/prijedorgradorg-bogojavljenje-2023-13.jpg 600w\" sizes=\"(max-width: 300px) 100vw, 300px\" \/><\/a> <a href=\"https:\/\/www.prijedordanas.com\/wp-content\/uploads\/2023\/01\/prijedorgradorg-bogojavljenje-2023-14.jpg\"><img loading=\"lazy\" decoding=\"async\" class=\"alignleft size-medium wp-image-198772\" src=\"https:\/\/www.prijedordanas.com\/wp-content\/uploads\/2023\/01\/prijedorgradorg-bogojavljenje-2023-14-300x225.jpg\" alt=\"\" width=\"300\" height=\"225\" srcset=\"https:\/\/www.prijedordanas.com\/wp-content\/uploads\/2023\/01\/prijedorgradorg-bogojavljenje-2023-14-300x225.jpg 300w, https:\/\/www.prijedordanas.com\/wp-content\/uploads\/2023\/01\/prijedorgradorg-bogojavljenje-2023-14.jpg 600w\" sizes=\"(max-width: 300px) 100vw, 300px\" \/><\/a> <a href=\"https:\/\/www.prijedordanas.com\/wp-content\/uploads\/2023\/01\/prijedorgradorg-bogojavljenje-2023-15.jpg\"><img loading=\"lazy\" decoding=\"async\" class=\"alignleft size-medium wp-image-198773\" src=\"https:\/\/www.prijedordanas.com\/wp-content\/uploads\/2023\/01\/prijedorgradorg-bogojavljenje-2023-15-300x225.jpg\" alt=\"\" width=\"300\" height=\"225\" srcset=\"https:\/\/www.prijedordanas.com\/wp-content\/uploads\/2023\/01\/prijedorgradorg-bogojavljenje-2023-15-300x225.jpg 300w, https:\/\/www.prijedordanas.com\/wp-content\/uploads\/2023\/01\/prijedorgradorg-bogojavljenje-2023-15.jpg 600w\" sizes=\"(max-width: 300px) 100vw, 300px\" \/><\/a> <a href=\"https:\/\/www.prijedordanas.com\/wp-content\/uploads\/2023\/01\/prijedorgradorg-bogojavljenje-2023-16.jpg\"><img loading=\"lazy\" decoding=\"async\" class=\"alignleft size-medium wp-image-198774\" src=\"https:\/\/www.prijedordanas.com\/wp-content\/uploads\/2023\/01\/prijedorgradorg-bogojavljenje-2023-16-300x225.jpg\" alt=\"\" width=\"300\" height=\"225\" srcset=\"https:\/\/www.prijedordanas.com\/wp-content\/uploads\/2023\/01\/prijedorgradorg-bogojavljenje-2023-16-300x225.jpg 300w, https:\/\/www.prijedordanas.com\/wp-content\/uploads\/2023\/01\/prijedorgradorg-bogojavljenje-2023-16.jpg 600w\" sizes=\"(max-width: 300px) 100vw, 300px\" \/><\/a> <a href=\"https:\/\/www.prijedordanas.com\/wp-content\/uploads\/2023\/01\/prijedorgradorg-bogojavljenje-2023-17.jpg\"><img loading=\"lazy\" decoding=\"async\" class=\"alignleft size-medium wp-image-198775\" src=\"https:\/\/www.prijedordanas.com\/wp-content\/uploads\/2023\/01\/prijedorgradorg-bogojavljenje-2023-17-300x225.jpg\" alt=\"\" width=\"300\" height=\"225\" srcset=\"https:\/\/www.prijedordanas.com\/wp-content\/uploads\/2023\/01\/prijedorgradorg-bogojavljenje-2023-17-300x225.jpg 300w, https:\/\/www.prijedordanas.com\/wp-content\/uploads\/2023\/01\/prijedorgradorg-bogojavljenje-2023-17.jpg 600w\" sizes=\"(max-width: 300px) 100vw, 300px\" \/><\/a> <a href=\"https:\/\/www.prijedordanas.com\/wp-content\/uploads\/2023\/01\/prijedorgradorg-bogojavljenje-2023-18.jpg\"><img loading=\"lazy\" decoding=\"async\" class=\"alignleft size-medium wp-image-198776\" src=\"https:\/\/www.prijedordanas.com\/wp-content\/uploads\/2023\/01\/prijedorgradorg-bogojavljenje-2023-18-300x225.jpg\" alt=\"\" width=\"300\" height=\"225\" srcset=\"https:\/\/www.prijedordanas.com\/wp-content\/uploads\/2023\/01\/prijedorgradorg-bogojavljenje-2023-18-300x225.jpg 300w, https:\/\/www.prijedordanas.com\/wp-content\/uploads\/2023\/01\/prijedorgradorg-bogojavljenje-2023-18.jpg 600w\" sizes=\"(max-width: 300px) 100vw, 300px\" \/><\/a> <a href=\"https:\/\/www.prijedordanas.com\/wp-content\/uploads\/2023\/01\/prijedorgradorg-bogojavljenje-2023-19.jpg\"><img loading=\"lazy\" decoding=\"async\" class=\"alignleft size-medium wp-image-198777\" src=\"https:\/\/www.prijedordanas.com\/wp-content\/uploads\/2023\/01\/prijedorgradorg-bogojavljenje-2023-19-300x225.jpg\" alt=\"\" width=\"300\" height=\"225\" srcset=\"https:\/\/www.prijedordanas.com\/wp-content\/uploads\/2023\/01\/prijedorgradorg-bogojavljenje-2023-19-300x225.jpg 300w, https:\/\/www.prijedordanas.com\/wp-content\/uploads\/2023\/01\/prijedorgradorg-bogojavljenje-2023-19.jpg 600w\" sizes=\"(max-width: 300px) 100vw, 300px\" \/><\/a> <a href=\"https:\/\/www.prijedordanas.com\/wp-content\/uploads\/2023\/01\/prijedorgradorg-bogojavljenje-2023-20.jpg\"><img loading=\"lazy\" decoding=\"async\" class=\"alignleft size-medium wp-image-198778\" src=\"https:\/\/www.prijedordanas.com\/wp-content\/uploads\/2023\/01\/prijedorgradorg-bogojavljenje-2023-20-300x225.jpg\" alt=\"\" width=\"300\" height=\"225\" srcset=\"https:\/\/www.prijedordanas.com\/wp-content\/uploads\/2023\/01\/prijedorgradorg-bogojavljenje-2023-20-300x225.jpg 300w, https:\/\/www.prijedordanas.com\/wp-content\/uploads\/2023\/01\/prijedorgradorg-bogojavljenje-2023-20.jpg 600w\" sizes=\"(max-width: 300px) 100vw, 300px\" \/><\/a><\/p>\n","protected":false},"excerpt":{"rendered":"<p>Du\u0161ko Kaurin ponosni je osvaja\u010d \u010casnog krsta, vijenca i dukata na kraju bogojavljenskih sve\u010danosti koje su danas odr\u017eane u Prijedoru. Kaurin je bio prvi me\u0111u jednakima koji su danas nakon [&hellip;]<\/p>\n","protected":false},"author":1,"featured_media":0,"comment_status":"closed","ping_status":"open","sticky":false,"template":"","format":"standard","meta":{"_monsterinsights_skip_tracking":false,"_monsterinsights_sitenote_active":false,"_monsterinsights_sitenote_note":"","_monsterinsights_sitenote_category":0,"footnotes":""},"categories":[4,7515],"tags":[],"yoast_head":"<!-- This site is optimized with the Yoast SEO plugin v21.6 - https:\/\/yoast.com\/wordpress\/plugins\/seo\/ -->\n<title>Prijedor: Du\u0161ko Kaurin osvojio \u010casni krst i zlatnik na Bogojavljenje - FOTO - PrijedorDanas.com - Prijedorski gradski portal<\/title>\n<meta name=\"robots\" content=\"index, follow, max-snippet:-1, max-image-preview:large, max-video-preview:-1\" \/>\n<link rel=\"canonical\" href=\"https:\/\/www.prijedordanas.com\/?p=198756\" \/>\n<meta property=\"og:locale\" content=\"en_US\" \/>\n<meta property=\"og:type\" content=\"article\" \/>\n<meta property=\"og:title\" content=\"Prijedor: Du\u0161ko Kaurin osvojio \u010casni krst i zlatnik na Bogojavljenje - FOTO - PrijedorDanas.com - Prijedorski gradski portal\" \/>\n<meta property=\"og:description\" content=\"Du\u0161ko Kaurin ponosni je osvaja\u010d \u010casnog krsta, vijenca i dukata na kraju bogojavljenskih sve\u010danosti koje su danas odr\u017eane u Prijedoru. Kaurin je bio prvi me\u0111u jednakima koji su danas nakon [&hellip;]\" \/>\n<meta property=\"og:url\" content=\"https:\/\/www.prijedordanas.com\/?p=198756\" \/>\n<meta property=\"og:site_name\" content=\"PrijedorDanas.com - Prijedorski gradski portal\" \/>\n<meta property=\"article:publisher\" content=\"https:\/\/www.facebook.com\/PrijedorDanasCom\/\" \/>\n<meta property=\"article:published_time\" content=\"2023-01-19T15:45:20+00:00\" \/>\n<meta property=\"og:image\" content=\"https:\/\/www.prijedordanas.com\/wp-content\/uploads\/2023\/01\/prijedorgradorg-bogojavljenje-2023-1-300x225.jpg\" \/>\n<meta name=\"author\" content=\"admin\" \/>\n<meta name=\"twitter:card\" content=\"summary_large_image\" \/>\n<meta name=\"twitter:label1\" content=\"Written by\" \/>\n\t<meta name=\"twitter:data1\" content=\"admin\" \/>\n\t<meta name=\"twitter:label2\" content=\"Est. reading time\" \/>\n\t<meta name=\"twitter:data2\" content=\"6 minutes\" \/>\n<script type=\"application\/ld+json\" class=\"yoast-schema-graph\">{\"@context\":\"https:\/\/schema.org\",\"@graph\":[{\"@type\":\"Article\",\"@id\":\"https:\/\/www.prijedordanas.com\/?p=198756#article\",\"isPartOf\":{\"@id\":\"https:\/\/www.prijedordanas.com\/?p=198756\"},\"author\":{\"name\":\"admin\",\"@id\":\"https:\/\/www.prijedordanas.com\/#\/schema\/person\/4e08ccf29b506ca916ff86d46bb700e6\"},\"headline\":\"Prijedor: Du\u0161ko Kaurin osvojio \u010casni krst i zlatnik na Bogojavljenje &#8211; FOTO\",\"datePublished\":\"2023-01-19T15:45:20+00:00\",\"dateModified\":\"2023-01-19T15:45:20+00:00\",\"mainEntityOfPage\":{\"@id\":\"https:\/\/www.prijedordanas.com\/?p=198756\"},\"wordCount\":389,\"publisher\":{\"@id\":\"https:\/\/www.prijedordanas.com\/#organization\"},\"articleSection\":[\"Dru\u0161tvo\",\"Foto dana\"],\"inLanguage\":\"en-US\"},{\"@type\":\"WebPage\",\"@id\":\"https:\/\/www.prijedordanas.com\/?p=198756\",\"url\":\"https:\/\/www.prijedordanas.com\/?p=198756\",\"name\":\"Prijedor: Du\u0161ko Kaurin osvojio \u010casni krst i zlatnik na Bogojavljenje - FOTO - PrijedorDanas.com - Prijedorski gradski portal\",\"isPartOf\":{\"@id\":\"https:\/\/www.prijedordanas.com\/#website\"},\"datePublished\":\"2023-01-19T15:45:20+00:00\",\"dateModified\":\"2023-01-19T15:45:20+00:00\",\"breadcrumb\":{\"@id\":\"https:\/\/www.prijedordanas.com\/?p=198756#breadcrumb\"},\"inLanguage\":\"en-US\",\"potentialAction\":[{\"@type\":\"ReadAction\",\"target\":[\"https:\/\/www.prijedordanas.com\/?p=198756\"]}]},{\"@type\":\"BreadcrumbList\",\"@id\":\"https:\/\/www.prijedordanas.com\/?p=198756#breadcrumb\",\"itemListElement\":[{\"@type\":\"ListItem\",\"position\":1,\"name\":\"Home\",\"item\":\"https:\/\/www.prijedordanas.com\/\"},{\"@type\":\"ListItem\",\"position\":2,\"name\":\"Prijedor: Du\u0161ko Kaurin osvojio \u010casni krst i zlatnik na Bogojavljenje &#8211; FOTO\"}]},{\"@type\":\"WebSite\",\"@id\":\"https:\/\/www.prijedordanas.com\/#website\",\"url\":\"https:\/\/www.prijedordanas.com\/\",\"name\":\"PrijedorDanas.com - Prijedorski gradski portal\",\"description\":\"Portal o doga\u0111anjima u gradu Prijedoru\",\"publisher\":{\"@id\":\"https:\/\/www.prijedordanas.com\/#organization\"},\"potentialAction\":[{\"@type\":\"SearchAction\",\"target\":{\"@type\":\"EntryPoint\",\"urlTemplate\":\"https:\/\/www.prijedordanas.com\/?s={search_term_string}\"},\"query-input\":\"required name=search_term_string\"}],\"inLanguage\":\"en-US\"},{\"@type\":\"Organization\",\"@id\":\"https:\/\/www.prijedordanas.com\/#organization\",\"name\":\"PrijedorDanas.com\",\"url\":\"https:\/\/www.prijedordanas.com\/\",\"logo\":{\"@type\":\"ImageObject\",\"inLanguage\":\"en-US\",\"@id\":\"https:\/\/www.prijedordanas.com\/#\/schema\/logo\/image\/\",\"url\":\"http:\/\/www.prijedordanas.com\/wp-content\/uploads\/2021\/12\/logopng.png\",\"contentUrl\":\"http:\/\/www.prijedordanas.com\/wp-content\/uploads\/2021\/12\/logopng.png\",\"width\":1019,\"height\":776,\"caption\":\"PrijedorDanas.com\"},\"image\":{\"@id\":\"https:\/\/www.prijedordanas.com\/#\/schema\/logo\/image\/\"},\"sameAs\":[\"https:\/\/www.facebook.com\/PrijedorDanasCom\/\"]},{\"@type\":\"Person\",\"@id\":\"https:\/\/www.prijedordanas.com\/#\/schema\/person\/4e08ccf29b506ca916ff86d46bb700e6\",\"name\":\"admin\",\"image\":{\"@type\":\"ImageObject\",\"inLanguage\":\"en-US\",\"@id\":\"https:\/\/www.prijedordanas.com\/#\/schema\/person\/image\/\",\"url\":\"https:\/\/secure.gravatar.com\/avatar\/1d3fc949d550f0b53a5f0d51e06dfd79?s=96&d=mm&r=g\",\"contentUrl\":\"https:\/\/secure.gravatar.com\/avatar\/1d3fc949d550f0b53a5f0d51e06dfd79?s=96&d=mm&r=g\",\"caption\":\"admin\"},\"url\":\"https:\/\/www.prijedordanas.com\/?author=1\"}]}<\/script>\n<!-- \/ Yoast SEO plugin. -->","yoast_head_json":{"title":"Prijedor: Du\u0161ko Kaurin osvojio \u010casni krst i zlatnik na Bogojavljenje - FOTO - PrijedorDanas.com - Prijedorski gradski portal","robots":{"index":"index","follow":"follow","max-snippet":"max-snippet:-1","max-image-preview":"max-image-preview:large","max-video-preview":"max-video-preview:-1"},"canonical":"https:\/\/www.prijedordanas.com\/?p=198756","og_locale":"en_US","og_type":"article","og_title":"Prijedor: Du\u0161ko Kaurin osvojio \u010casni krst i zlatnik na Bogojavljenje - FOTO - PrijedorDanas.com - Prijedorski gradski portal","og_description":"Du\u0161ko Kaurin ponosni je osvaja\u010d \u010casnog krsta, vijenca i dukata na kraju bogojavljenskih sve\u010danosti koje su danas odr\u017eane u Prijedoru. Kaurin je bio prvi me\u0111u jednakima koji su danas nakon [&hellip;]","og_url":"https:\/\/www.prijedordanas.com\/?p=198756","og_site_name":"PrijedorDanas.com - Prijedorski gradski portal","article_publisher":"https:\/\/www.facebook.com\/PrijedorDanasCom\/","article_published_time":"2023-01-19T15:45:20+00:00","og_image":[{"url":"https:\/\/www.prijedordanas.com\/wp-content\/uploads\/2023\/01\/prijedorgradorg-bogojavljenje-2023-1-300x225.jpg"}],"author":"admin","twitter_card":"summary_large_image","twitter_misc":{"Written by":"admin","Est. reading time":"6 minutes"},"schema":{"@context":"https:\/\/schema.org","@graph":[{"@type":"Article","@id":"https:\/\/www.prijedordanas.com\/?p=198756#article","isPartOf":{"@id":"https:\/\/www.prijedordanas.com\/?p=198756"},"author":{"name":"admin","@id":"https:\/\/www.prijedordanas.com\/#\/schema\/person\/4e08ccf29b506ca916ff86d46bb700e6"},"headline":"Prijedor: Du\u0161ko Kaurin osvojio \u010casni krst i zlatnik na Bogojavljenje &#8211; FOTO","datePublished":"2023-01-19T15:45:20+00:00","dateModified":"2023-01-19T15:45:20+00:00","mainEntityOfPage":{"@id":"https:\/\/www.prijedordanas.com\/?p=198756"},"wordCount":389,"publisher":{"@id":"https:\/\/www.prijedordanas.com\/#organization"},"articleSection":["Dru\u0161tvo","Foto dana"],"inLanguage":"en-US"},{"@type":"WebPage","@id":"https:\/\/www.prijedordanas.com\/?p=198756","url":"https:\/\/www.prijedordanas.com\/?p=198756","name":"Prijedor: Du\u0161ko Kaurin osvojio \u010casni krst i zlatnik na Bogojavljenje - FOTO - PrijedorDanas.com - Prijedorski gradski portal","isPartOf":{"@id":"https:\/\/www.prijedordanas.com\/#website"},"datePublished":"2023-01-19T15:45:20+00:00","dateModified":"2023-01-19T15:45:20+00:00","breadcrumb":{"@id":"https:\/\/www.prijedordanas.com\/?p=198756#breadcrumb"},"inLanguage":"en-US","potentialAction":[{"@type":"ReadAction","target":["https:\/\/www.prijedordanas.com\/?p=198756"]}]},{"@type":"BreadcrumbList","@id":"https:\/\/www.prijedordanas.com\/?p=198756#breadcrumb","itemListElement":[{"@type":"ListItem","position":1,"name":"Home","item":"https:\/\/www.prijedordanas.com\/"},{"@type":"ListItem","position":2,"name":"Prijedor: Du\u0161ko Kaurin osvojio \u010casni krst i zlatnik na Bogojavljenje &#8211; FOTO"}]},{"@type":"WebSite","@id":"https:\/\/www.prijedordanas.com\/#website","url":"https:\/\/www.prijedordanas.com\/","name":"PrijedorDanas.com - Prijedorski gradski portal","description":"Portal o doga\u0111anjima u gradu Prijedoru","publisher":{"@id":"https:\/\/www.prijedordanas.com\/#organization"},"potentialAction":[{"@type":"SearchAction","target":{"@type":"EntryPoint","urlTemplate":"https:\/\/www.prijedordanas.com\/?s={search_term_string}"},"query-input":"required name=search_term_string"}],"inLanguage":"en-US"},{"@type":"Organization","@id":"https:\/\/www.prijedordanas.com\/#organization","name":"PrijedorDanas.com","url":"https:\/\/www.prijedordanas.com\/","logo":{"@type":"ImageObject","inLanguage":"en-US","@id":"https:\/\/www.prijedordanas.com\/#\/schema\/logo\/image\/","url":"http:\/\/www.prijedordanas.com\/wp-content\/uploads\/2021\/12\/logopng.png","contentUrl":"http:\/\/www.prijedordanas.com\/wp-content\/uploads\/2021\/12\/logopng.png","width":1019,"height":776,"caption":"PrijedorDanas.com"},"image":{"@id":"https:\/\/www.prijedordanas.com\/#\/schema\/logo\/image\/"},"sameAs":["https:\/\/www.facebook.com\/PrijedorDanasCom\/"]},{"@type":"Person","@id":"https:\/\/www.prijedordanas.com\/#\/schema\/person\/4e08ccf29b506ca916ff86d46bb700e6","name":"admin","image":{"@type":"ImageObject","inLanguage":"en-US","@id":"https:\/\/www.prijedordanas.com\/#\/schema\/person\/image\/","url":"https:\/\/secure.gravatar.com\/avatar\/1d3fc949d550f0b53a5f0d51e06dfd79?s=96&d=mm&r=g","contentUrl":"https:\/\/secure.gravatar.com\/avatar\/1d3fc949d550f0b53a5f0d51e06dfd79?s=96&d=mm&r=g","caption":"admin"},"url":"https:\/\/www.prijedordanas.com\/?author=1"}]}},"_links":{"self":[{"href":"https:\/\/www.prijedordanas.com\/index.php?rest_route=\/wp\/v2\/posts\/198756"}],"collection":[{"href":"https:\/\/www.prijedordanas.com\/index.php?rest_route=\/wp\/v2\/posts"}],"about":[{"href":"https:\/\/www.prijedordanas.com\/index.php?rest_route=\/wp\/v2\/types\/post"}],"author":[{"embeddable":true,"href":"https:\/\/www.prijedordanas.com\/index.php?rest_route=\/wp\/v2\/users\/1"}],"replies":[{"embeddable":true,"href":"https:\/\/www.prijedordanas.com\/index.php?rest_route=%2Fwp%2Fv2%2Fcomments&post=198756"}],"version-history":[{"count":3,"href":"https:\/\/www.prijedordanas.com\/index.php?rest_route=\/wp\/v2\/posts\/198756\/revisions"}],"predecessor-version":[{"id":198779,"href":"https:\/\/www.prijedordanas.com\/index.php?rest_route=\/wp\/v2\/posts\/198756\/revisions\/198779"}],"wp:attachment":[{"href":"https:\/\/www.prijedordanas.com\/index.php?rest_route=%2Fwp%2Fv2%2Fmedia&parent=198756"}],"wp:term":[{"taxonomy":"category","embeddable":true,"href":"https:\/\/www.prijedordanas.com\/index.php?rest_route=%2Fwp%2Fv2%2Fcategories&post=198756"},{"taxonomy":"post_tag","embeddable":true,"href":"https:\/\/www.prijedordanas.com\/index.php?rest_route=%2Fwp%2Fv2%2Ftags&post=198756"}],"curies":[{"name":"wp","href":"https:\/\/api.w.org\/{rel}","templated":true}]}}