{"id":198710,"date":"2023-01-19T09:47:17","date_gmt":"2023-01-19T08:47:17","guid":{"rendered":"https:\/\/www.prijedordanas.com\/?p=198710"},"modified":"2023-01-19T09:47:17","modified_gmt":"2023-01-19T08:47:17","slug":"prijedor-spisak-70-najodvaznijih-koji-su-prijavljeni-za-10-plivanje-za-casni-krst-na-bogojavljenje-foto","status":"publish","type":"post","link":"https:\/\/www.prijedordanas.com\/?p=198710","title":{"rendered":"Prijedor: Spisak 70 najodva\u017enijih koji su prijavljeni za 10. plivanje za \u010casni krst na Bogojavljenje &#8211; FOTO"},"content":{"rendered":"<p><a href=\"https:\/\/www.prijedordanas.com\/wp-content\/uploads\/2023\/01\/prijedorgradorg-bogojavljenje-vecernja-liturgija-2.jpg\"><img loading=\"lazy\" decoding=\"async\" src=\"https:\/\/www.prijedordanas.com\/wp-content\/uploads\/2023\/01\/prijedorgradorg-bogojavljenje-vecernja-liturgija-2-300x225.jpg\" alt=\"\" width=\"300\" height=\"225\" class=\"alignleft size-medium wp-image-198724\" srcset=\"https:\/\/www.prijedordanas.com\/wp-content\/uploads\/2023\/01\/prijedorgradorg-bogojavljenje-vecernja-liturgija-2-300x225.jpg 300w, https:\/\/www.prijedordanas.com\/wp-content\/uploads\/2023\/01\/prijedorgradorg-bogojavljenje-vecernja-liturgija-2-640x480.jpg 640w, https:\/\/www.prijedordanas.com\/wp-content\/uploads\/2023\/01\/prijedorgradorg-bogojavljenje-vecernja-liturgija-2.jpg 667w\" sizes=\"(max-width: 300px) 100vw, 300px\" \/><\/a>Kako je sino\u0107 potvrdio Organizacioni odbor Bogojavljenske litije i plivanja za \u010casni krst, sve je spremno za ovu manifestaciju koja \u0107e biti odr\u017eana u Prijedoru po jubilarni deseti put.<\/p>\n<p>Osim \u010dlanova Organizacionog odbora, na ve\u010dernjoj molitvi u crkvi Svete trojice u na\u0161em gradu su se okupili i oni koji \u0107e plivati za \u010casni krst te su nakon bogoslu\u017eenja primili blagoslov i skromne darove pred ovu manifestaciju.<\/p>\n<p>Ipak, kona\u010dna odluka da li \u0107e biti odr\u017eano plivanje za \u010dasni krst bi\u0107e donesena nakon dana\u0161nje liturgije.<\/p>\n<p>Razlog za ovako ne\u0161to su nepovoljne vremenske prilike a sigurnost u\u010desnika je najva\u017enija.<\/p>\n<p>Nisu svi prijavljeni u\u010desnici bili na ve\u010dernjoj molitvi, a oni koji su opravdano odsutni danas trebaju potvrditi svoje u\u010destvovanje u plivanju za \u010casni krst.<\/p>\n<p>U dosada\u0161njih devet izdanja plivanja za \u010casni krst, \u010dak sedam puta pobjednik i osvaja\u010d zlatnika bio je Danijel Drlja\u010da, 2018. godine to je uradio Stefan Paunovi\u0107 dok je lani najbr\u017ei pliva\u010d bio Aleksa Krneta.<\/p>\n<p>Ko \u0107e biti pobjednik jubilarnog, 10. izdanja ove manifstaije, sazna\u0107emo u \u010detvrtak iza podneva.<\/p>\n<p>Za plivanje u rijeci Sani 19. januara 2023. godine prijavljeni je ukupno 70 u\u010desnika.<\/p>\n<p>Sino\u0107 su svoje u\u010de\u0161\u0107e potpisom potvrdili: Radoslav Stevi\u0107, Nenad Adamovi\u0107, Bojan Cviji\u0107, Danijel Drlja\u010da, Sr\u0111an Stupar, Miroslav Vukaljevi\u0107, Komljen Marjanovi\u0107, Aleksa Gaji\u0107, Bojan Mili\u0107, Neboj\u0161a Pu\u0161ac, Ljubi\u0161a \u010coprka, Aleksa Kesi\u0107, Aleksandar Mijatovi\u0107, Milo\u0161 Kondi\u0107, Dejan Krneta, Aleksa Krneta, Milan Krneta, Boro Adamovi\u0107, Jovica Li\u0161\u010dinski, Boban \u017divani\u0107, Stefan Paunovi\u0107, Slaven Zekanovi\u0107, Vanja Ra\u0111enovi\u0107, Dragan Muti\u0107, \u0110or\u0111e Vujkovi\u0107, Stefan Stojni\u0107, Luka Mi\u010di\u0107, Vuk Vasilije Dragi\u0107, Marko Draganovi\u0107, Milan O\u017eegovi\u0107, Marko Duji\u0107, Neven Objedovi\u0107, Vlado Ajdari\u0107, Mladen Blagojevi\u0107, Jovica Radakovi\u0107, Vid Radakovi\u0107, \u0110or\u0111e Radakovi\u0107, Milenko Kr\u010dmar, Radosav Stojanovi\u0107, Milan \u0110uri\u0107, Du\u0161ko Kaurin, Dragan Dragojevi\u0107, Nikola Drlja\u010da, Danilo Mr\u0161i\u0107, Stanislav Ru\u010dnov, Stefan Bili\u0107, Goran Pani\u0107, Marko Jauz, Dragi\u0161a Stojanovi\u0107, Milo\u0161 Strelarac, Davor Ivanovi\u0107, Stefan Vujani\u0107, Du\u0161ko Cviji\u0107, Mihajlo \u0110uri\u0107, Davor Kati\u0107.<\/p>\n<p>Prijavljeni su i Tanja Pilji\u0107, \u0110uka Bilakovi\u0107, Radenko Marinovi\u0107, Aleksandar Kecman, Milan Antoni\u0107, Sa\u0161a Dobrijevi\u0107, Dragan Pavi\u0107, Stefan Komosar, Adam Mari\u0107, Radovan Mari\u0107, Dragan Maksimovi\u0107, Marko \u0106ali\u0107, Sr\u0111an Milosavac, Nemanja Voki\u0107, Boban Vejinovi\u0107, koji svojim potpisom danas mogu potvrditi u\u010de\u0161\u0107e u plivanju za \u010dasni krst.<\/p>\n<p>Tekst &#8211; <a href=\"https:\/\/www.prijedordanas.com\" target=\"_blank\" rel=\"noopener noreferrer\">www.prijedordanas.com<\/a><br \/>\nFoto &#8211; prijedorgrad.org<\/p>\n","protected":false},"excerpt":{"rendered":"<p>Kako je sino\u0107 potvrdio Organizacioni odbor Bogojavljenske litije i plivanja za \u010casni krst, sve je spremno za ovu manifestaciju koja \u0107e biti odr\u017eana u Prijedoru po jubilarni deseti put. Osim [&hellip;]<\/p>\n","protected":false},"author":1,"featured_media":0,"comment_status":"closed","ping_status":"open","sticky":false,"template":"","format":"standard","meta":{"_monsterinsights_skip_tracking":false,"_monsterinsights_sitenote_active":false,"_monsterinsights_sitenote_note":"","_monsterinsights_sitenote_category":0,"footnotes":""},"categories":[4,7515],"tags":[],"yoast_head":"<!-- This site is optimized with the Yoast SEO plugin v21.6 - https:\/\/yoast.com\/wordpress\/plugins\/seo\/ -->\n<title>Prijedor: Spisak 70 najodva\u017enijih koji su prijavljeni za 10. plivanje za \u010casni krst na Bogojavljenje - FOTO - PrijedorDanas.com - Prijedorski gradski portal<\/title>\n<meta name=\"robots\" content=\"index, follow, max-snippet:-1, max-image-preview:large, max-video-preview:-1\" \/>\n<link rel=\"canonical\" href=\"https:\/\/www.prijedordanas.com\/?p=198710\" \/>\n<meta property=\"og:locale\" content=\"en_US\" \/>\n<meta property=\"og:type\" content=\"article\" \/>\n<meta property=\"og:title\" content=\"Prijedor: Spisak 70 najodva\u017enijih koji su prijavljeni za 10. plivanje za \u010casni krst na Bogojavljenje - FOTO - PrijedorDanas.com - Prijedorski gradski portal\" \/>\n<meta property=\"og:description\" content=\"Kako je sino\u0107 potvrdio Organizacioni odbor Bogojavljenske litije i plivanja za \u010casni krst, sve je spremno za ovu manifestaciju koja \u0107e biti odr\u017eana u Prijedoru po jubilarni deseti put. Osim [&hellip;]\" \/>\n<meta property=\"og:url\" content=\"https:\/\/www.prijedordanas.com\/?p=198710\" \/>\n<meta property=\"og:site_name\" content=\"PrijedorDanas.com - Prijedorski gradski portal\" \/>\n<meta property=\"article:publisher\" content=\"https:\/\/www.facebook.com\/PrijedorDanasCom\/\" \/>\n<meta property=\"article:published_time\" content=\"2023-01-19T08:47:17+00:00\" \/>\n<meta property=\"og:image\" content=\"https:\/\/www.prijedordanas.com\/wp-content\/uploads\/2023\/01\/prijedorgradorg-bogojavljenje-vecernja-liturgija-2-300x225.jpg\" \/>\n<meta name=\"author\" content=\"admin\" \/>\n<meta name=\"twitter:card\" content=\"summary_large_image\" \/>\n<meta name=\"twitter:label1\" content=\"Written by\" \/>\n\t<meta name=\"twitter:data1\" content=\"admin\" \/>\n\t<meta name=\"twitter:label2\" content=\"Est. reading time\" \/>\n\t<meta name=\"twitter:data2\" content=\"1 minute\" \/>\n<script type=\"application\/ld+json\" class=\"yoast-schema-graph\">{\"@context\":\"https:\/\/schema.org\",\"@graph\":[{\"@type\":\"Article\",\"@id\":\"https:\/\/www.prijedordanas.com\/?p=198710#article\",\"isPartOf\":{\"@id\":\"https:\/\/www.prijedordanas.com\/?p=198710\"},\"author\":{\"name\":\"admin\",\"@id\":\"https:\/\/www.prijedordanas.com\/#\/schema\/person\/4e08ccf29b506ca916ff86d46bb700e6\"},\"headline\":\"Prijedor: Spisak 70 najodva\u017enijih koji su prijavljeni za 10. plivanje za \u010casni krst na Bogojavljenje &#8211; FOTO\",\"datePublished\":\"2023-01-19T08:47:17+00:00\",\"dateModified\":\"2023-01-19T08:47:17+00:00\",\"mainEntityOfPage\":{\"@id\":\"https:\/\/www.prijedordanas.com\/?p=198710\"},\"wordCount\":407,\"publisher\":{\"@id\":\"https:\/\/www.prijedordanas.com\/#organization\"},\"articleSection\":[\"Dru\u0161tvo\",\"Foto dana\"],\"inLanguage\":\"en-US\"},{\"@type\":\"WebPage\",\"@id\":\"https:\/\/www.prijedordanas.com\/?p=198710\",\"url\":\"https:\/\/www.prijedordanas.com\/?p=198710\",\"name\":\"Prijedor: Spisak 70 najodva\u017enijih koji su prijavljeni za 10. plivanje za \u010casni krst na Bogojavljenje - FOTO - PrijedorDanas.com - Prijedorski gradski portal\",\"isPartOf\":{\"@id\":\"https:\/\/www.prijedordanas.com\/#website\"},\"datePublished\":\"2023-01-19T08:47:17+00:00\",\"dateModified\":\"2023-01-19T08:47:17+00:00\",\"breadcrumb\":{\"@id\":\"https:\/\/www.prijedordanas.com\/?p=198710#breadcrumb\"},\"inLanguage\":\"en-US\",\"potentialAction\":[{\"@type\":\"ReadAction\",\"target\":[\"https:\/\/www.prijedordanas.com\/?p=198710\"]}]},{\"@type\":\"BreadcrumbList\",\"@id\":\"https:\/\/www.prijedordanas.com\/?p=198710#breadcrumb\",\"itemListElement\":[{\"@type\":\"ListItem\",\"position\":1,\"name\":\"Home\",\"item\":\"https:\/\/www.prijedordanas.com\/\"},{\"@type\":\"ListItem\",\"position\":2,\"name\":\"Prijedor: Spisak 70 najodva\u017enijih koji su prijavljeni za 10. plivanje za \u010casni krst na Bogojavljenje &#8211; FOTO\"}]},{\"@type\":\"WebSite\",\"@id\":\"https:\/\/www.prijedordanas.com\/#website\",\"url\":\"https:\/\/www.prijedordanas.com\/\",\"name\":\"PrijedorDanas.com - Prijedorski gradski portal\",\"description\":\"Portal o doga\u0111anjima u gradu Prijedoru\",\"publisher\":{\"@id\":\"https:\/\/www.prijedordanas.com\/#organization\"},\"potentialAction\":[{\"@type\":\"SearchAction\",\"target\":{\"@type\":\"EntryPoint\",\"urlTemplate\":\"https:\/\/www.prijedordanas.com\/?s={search_term_string}\"},\"query-input\":\"required name=search_term_string\"}],\"inLanguage\":\"en-US\"},{\"@type\":\"Organization\",\"@id\":\"https:\/\/www.prijedordanas.com\/#organization\",\"name\":\"PrijedorDanas.com\",\"url\":\"https:\/\/www.prijedordanas.com\/\",\"logo\":{\"@type\":\"ImageObject\",\"inLanguage\":\"en-US\",\"@id\":\"https:\/\/www.prijedordanas.com\/#\/schema\/logo\/image\/\",\"url\":\"http:\/\/www.prijedordanas.com\/wp-content\/uploads\/2021\/12\/logopng.png\",\"contentUrl\":\"http:\/\/www.prijedordanas.com\/wp-content\/uploads\/2021\/12\/logopng.png\",\"width\":1019,\"height\":776,\"caption\":\"PrijedorDanas.com\"},\"image\":{\"@id\":\"https:\/\/www.prijedordanas.com\/#\/schema\/logo\/image\/\"},\"sameAs\":[\"https:\/\/www.facebook.com\/PrijedorDanasCom\/\"]},{\"@type\":\"Person\",\"@id\":\"https:\/\/www.prijedordanas.com\/#\/schema\/person\/4e08ccf29b506ca916ff86d46bb700e6\",\"name\":\"admin\",\"image\":{\"@type\":\"ImageObject\",\"inLanguage\":\"en-US\",\"@id\":\"https:\/\/www.prijedordanas.com\/#\/schema\/person\/image\/\",\"url\":\"https:\/\/secure.gravatar.com\/avatar\/1d3fc949d550f0b53a5f0d51e06dfd79?s=96&d=mm&r=g\",\"contentUrl\":\"https:\/\/secure.gravatar.com\/avatar\/1d3fc949d550f0b53a5f0d51e06dfd79?s=96&d=mm&r=g\",\"caption\":\"admin\"},\"url\":\"https:\/\/www.prijedordanas.com\/?author=1\"}]}<\/script>\n<!-- \/ Yoast SEO plugin. -->","yoast_head_json":{"title":"Prijedor: Spisak 70 najodva\u017enijih koji su prijavljeni za 10. plivanje za \u010casni krst na Bogojavljenje - FOTO - PrijedorDanas.com - Prijedorski gradski portal","robots":{"index":"index","follow":"follow","max-snippet":"max-snippet:-1","max-image-preview":"max-image-preview:large","max-video-preview":"max-video-preview:-1"},"canonical":"https:\/\/www.prijedordanas.com\/?p=198710","og_locale":"en_US","og_type":"article","og_title":"Prijedor: Spisak 70 najodva\u017enijih koji su prijavljeni za 10. plivanje za \u010casni krst na Bogojavljenje - FOTO - PrijedorDanas.com - Prijedorski gradski portal","og_description":"Kako je sino\u0107 potvrdio Organizacioni odbor Bogojavljenske litije i plivanja za \u010casni krst, sve je spremno za ovu manifestaciju koja \u0107e biti odr\u017eana u Prijedoru po jubilarni deseti put. Osim [&hellip;]","og_url":"https:\/\/www.prijedordanas.com\/?p=198710","og_site_name":"PrijedorDanas.com - Prijedorski gradski portal","article_publisher":"https:\/\/www.facebook.com\/PrijedorDanasCom\/","article_published_time":"2023-01-19T08:47:17+00:00","og_image":[{"url":"https:\/\/www.prijedordanas.com\/wp-content\/uploads\/2023\/01\/prijedorgradorg-bogojavljenje-vecernja-liturgija-2-300x225.jpg"}],"author":"admin","twitter_card":"summary_large_image","twitter_misc":{"Written by":"admin","Est. reading time":"1 minute"},"schema":{"@context":"https:\/\/schema.org","@graph":[{"@type":"Article","@id":"https:\/\/www.prijedordanas.com\/?p=198710#article","isPartOf":{"@id":"https:\/\/www.prijedordanas.com\/?p=198710"},"author":{"name":"admin","@id":"https:\/\/www.prijedordanas.com\/#\/schema\/person\/4e08ccf29b506ca916ff86d46bb700e6"},"headline":"Prijedor: Spisak 70 najodva\u017enijih koji su prijavljeni za 10. plivanje za \u010casni krst na Bogojavljenje &#8211; FOTO","datePublished":"2023-01-19T08:47:17+00:00","dateModified":"2023-01-19T08:47:17+00:00","mainEntityOfPage":{"@id":"https:\/\/www.prijedordanas.com\/?p=198710"},"wordCount":407,"publisher":{"@id":"https:\/\/www.prijedordanas.com\/#organization"},"articleSection":["Dru\u0161tvo","Foto dana"],"inLanguage":"en-US"},{"@type":"WebPage","@id":"https:\/\/www.prijedordanas.com\/?p=198710","url":"https:\/\/www.prijedordanas.com\/?p=198710","name":"Prijedor: Spisak 70 najodva\u017enijih koji su prijavljeni za 10. plivanje za \u010casni krst na Bogojavljenje - FOTO - PrijedorDanas.com - Prijedorski gradski portal","isPartOf":{"@id":"https:\/\/www.prijedordanas.com\/#website"},"datePublished":"2023-01-19T08:47:17+00:00","dateModified":"2023-01-19T08:47:17+00:00","breadcrumb":{"@id":"https:\/\/www.prijedordanas.com\/?p=198710#breadcrumb"},"inLanguage":"en-US","potentialAction":[{"@type":"ReadAction","target":["https:\/\/www.prijedordanas.com\/?p=198710"]}]},{"@type":"BreadcrumbList","@id":"https:\/\/www.prijedordanas.com\/?p=198710#breadcrumb","itemListElement":[{"@type":"ListItem","position":1,"name":"Home","item":"https:\/\/www.prijedordanas.com\/"},{"@type":"ListItem","position":2,"name":"Prijedor: Spisak 70 najodva\u017enijih koji su prijavljeni za 10. plivanje za \u010casni krst na Bogojavljenje &#8211; FOTO"}]},{"@type":"WebSite","@id":"https:\/\/www.prijedordanas.com\/#website","url":"https:\/\/www.prijedordanas.com\/","name":"PrijedorDanas.com - Prijedorski gradski portal","description":"Portal o doga\u0111anjima u gradu Prijedoru","publisher":{"@id":"https:\/\/www.prijedordanas.com\/#organization"},"potentialAction":[{"@type":"SearchAction","target":{"@type":"EntryPoint","urlTemplate":"https:\/\/www.prijedordanas.com\/?s={search_term_string}"},"query-input":"required name=search_term_string"}],"inLanguage":"en-US"},{"@type":"Organization","@id":"https:\/\/www.prijedordanas.com\/#organization","name":"PrijedorDanas.com","url":"https:\/\/www.prijedordanas.com\/","logo":{"@type":"ImageObject","inLanguage":"en-US","@id":"https:\/\/www.prijedordanas.com\/#\/schema\/logo\/image\/","url":"http:\/\/www.prijedordanas.com\/wp-content\/uploads\/2021\/12\/logopng.png","contentUrl":"http:\/\/www.prijedordanas.com\/wp-content\/uploads\/2021\/12\/logopng.png","width":1019,"height":776,"caption":"PrijedorDanas.com"},"image":{"@id":"https:\/\/www.prijedordanas.com\/#\/schema\/logo\/image\/"},"sameAs":["https:\/\/www.facebook.com\/PrijedorDanasCom\/"]},{"@type":"Person","@id":"https:\/\/www.prijedordanas.com\/#\/schema\/person\/4e08ccf29b506ca916ff86d46bb700e6","name":"admin","image":{"@type":"ImageObject","inLanguage":"en-US","@id":"https:\/\/www.prijedordanas.com\/#\/schema\/person\/image\/","url":"https:\/\/secure.gravatar.com\/avatar\/1d3fc949d550f0b53a5f0d51e06dfd79?s=96&d=mm&r=g","contentUrl":"https:\/\/secure.gravatar.com\/avatar\/1d3fc949d550f0b53a5f0d51e06dfd79?s=96&d=mm&r=g","caption":"admin"},"url":"https:\/\/www.prijedordanas.com\/?author=1"}]}},"_links":{"self":[{"href":"https:\/\/www.prijedordanas.com\/index.php?rest_route=\/wp\/v2\/posts\/198710"}],"collection":[{"href":"https:\/\/www.prijedordanas.com\/index.php?rest_route=\/wp\/v2\/posts"}],"about":[{"href":"https:\/\/www.prijedordanas.com\/index.php?rest_route=\/wp\/v2\/types\/post"}],"author":[{"embeddable":true,"href":"https:\/\/www.prijedordanas.com\/index.php?rest_route=\/wp\/v2\/users\/1"}],"replies":[{"embeddable":true,"href":"https:\/\/www.prijedordanas.com\/index.php?rest_route=%2Fwp%2Fv2%2Fcomments&post=198710"}],"version-history":[{"count":2,"href":"https:\/\/www.prijedordanas.com\/index.php?rest_route=\/wp\/v2\/posts\/198710\/revisions"}],"predecessor-version":[{"id":198740,"href":"https:\/\/www.prijedordanas.com\/index.php?rest_route=\/wp\/v2\/posts\/198710\/revisions\/198740"}],"wp:attachment":[{"href":"https:\/\/www.prijedordanas.com\/index.php?rest_route=%2Fwp%2Fv2%2Fmedia&parent=198710"}],"wp:term":[{"taxonomy":"category","embeddable":true,"href":"https:\/\/www.prijedordanas.com\/index.php?rest_route=%2Fwp%2Fv2%2Fcategories&post=198710"},{"taxonomy":"post_tag","embeddable":true,"href":"https:\/\/www.prijedordanas.com\/index.php?rest_route=%2Fwp%2Fv2%2Ftags&post=198710"}],"curies":[{"name":"wp","href":"https:\/\/api.w.org\/{rel}","templated":true}]}}