{"id":198429,"date":"2023-01-12T14:15:55","date_gmt":"2023-01-12T13:15:55","guid":{"rendered":"https:\/\/www.prijedordanas.com\/?p=198429"},"modified":"2023-01-12T21:48:45","modified_gmt":"2023-01-12T20:48:45","slug":"prijedor-tradicionalni-bozicni-prijem-u-kasarni-zarko-zgonjanin","status":"publish","type":"post","link":"https:\/\/www.prijedordanas.com\/?p=198429","title":{"rendered":"Prijedor: Tradicionalni Bo\u017ei\u0107ni prijem u kasarni &#8220;\u017darko Zgonjanin&#8221; &#8211; FOTO\/VIDEO"},"content":{"rendered":"<p><a href=\"https:\/\/www.prijedordanas.com\/wp-content\/uploads\/2023\/01\/kozarski-bozicni-prijem-kasarna-zarko-zgonjanin.jpg\"><img loading=\"lazy\" decoding=\"async\" class=\"alignleft size-medium wp-image-198430\" src=\"https:\/\/www.prijedordanas.com\/wp-content\/uploads\/2023\/01\/kozarski-bozicni-prijem-kasarna-zarko-zgonjanin-300x225.jpg\" alt=\"\" width=\"300\" height=\"225\" srcset=\"https:\/\/www.prijedordanas.com\/wp-content\/uploads\/2023\/01\/kozarski-bozicni-prijem-kasarna-zarko-zgonjanin-300x225.jpg 300w, https:\/\/www.prijedordanas.com\/wp-content\/uploads\/2023\/01\/kozarski-bozicni-prijem-kasarna-zarko-zgonjanin-640x480.jpg 640w, https:\/\/www.prijedordanas.com\/wp-content\/uploads\/2023\/01\/kozarski-bozicni-prijem-kasarna-zarko-zgonjanin.jpg 667w\" sizes=\"(max-width: 300px) 100vw, 300px\" \/><\/a>Prvi pje\u0161adijski bataljon \u0160este pje\u0161adijske brigade Oru\u017eanih snaga BiH organizovao je prijem povodom najradosnijeg hri\u0161\u0107anskog praznika \u2013 Bo\u017ei\u0107a.<\/p>\n<p>Prijemu su prisustvovali predstavnici vojske, lokalne vlasti i civilnog dru\u0161tva.<\/p>\n<p>Gradona\u010delnik Prijedora Slobodan Javor, istakao je da je ovaj tradicionalni prijem prilika da se u prijateljskoj atmosferi sumira rad u protekloj godini, te razgovara o planovima za teku\u0107u godinu.<\/p>\n<p>\u201cGrad Prijedor ima odli\u010dnu saradnju sa ovim divnim ljudima, sa na\u0161im vojnicima. To su zaista korektni ljudi koji su uvijek tu za na\u0161e sugra\u0111ane. Kada je bilo najte\u017ee bili su uz na\u0161e sugra\u0111ane, kada su nas pogodile elementarne nepogode, a sara\u0111ujemo i u okviru sportskih, humanitarnih i kulturnih manifestacija\u201d, rekao je Javor.<\/p>\n<p><a href=\"https:\/\/www.prijedordanas.com\/wp-content\/uploads\/2023\/01\/prijedorgradorg-bozicni-prijem-2023-kasarna-1.jpg\"><img loading=\"lazy\" decoding=\"async\" src=\"https:\/\/www.prijedordanas.com\/wp-content\/uploads\/2023\/01\/prijedorgradorg-bozicni-prijem-2023-kasarna-1-300x225.jpg\" alt=\"\" width=\"300\" height=\"225\" class=\"alignleft size-medium wp-image-198461\" srcset=\"https:\/\/www.prijedordanas.com\/wp-content\/uploads\/2023\/01\/prijedorgradorg-bozicni-prijem-2023-kasarna-1-300x225.jpg 300w, https:\/\/www.prijedordanas.com\/wp-content\/uploads\/2023\/01\/prijedorgradorg-bozicni-prijem-2023-kasarna-1.jpg 600w\" sizes=\"(max-width: 300px) 100vw, 300px\" \/><\/a>Pukovnik Dragan Mali\u0107, vr\u0161ilac du\u017enosti komandanta Prvog pje\u0161adijskog bataljona \u0160este pje\u0161adijske brigade istakao je da je tradicionalni bo\u017ei\u0107ni prijem prilika da ugoste saradnike sa podru\u010dja grada Prijedora.<\/p>\n<p>\u201cBo\u017ei\u0107 je na\u0161 najradosniji hri\u0161\u0107anski praznik, ali i dan okupljanja, kada se okupljamo u okviru na\u0161e porodice, prijatelja i dragih ljudi. Tako smo i mi na ovom prijemu okru\u017eeni nama dragim ljudima i saradnicima, s kojima dugo sara\u0111ujemo u izvr\u0161enju zajedni\u010dkih zadataka. Nadamo se da \u0107e tako biti i u budu\u0107nosti\u201d, rekao je Mali\u0107.<\/p>\n<p>kozarski.com<\/p>\n<p><a href=\"https:\/\/www.prijedordanas.com\/wp-content\/uploads\/2023\/01\/prijedorgradorg-bozicni-prijem-2023-kasarna-2.jpg\"><img loading=\"lazy\" decoding=\"async\" src=\"https:\/\/www.prijedordanas.com\/wp-content\/uploads\/2023\/01\/prijedorgradorg-bozicni-prijem-2023-kasarna-2-300x200.jpg\" alt=\"\" width=\"300\" height=\"200\" class=\"alignleft size-medium wp-image-198462\" srcset=\"https:\/\/www.prijedordanas.com\/wp-content\/uploads\/2023\/01\/prijedorgradorg-bozicni-prijem-2023-kasarna-2-300x200.jpg 300w, https:\/\/www.prijedordanas.com\/wp-content\/uploads\/2023\/01\/prijedorgradorg-bozicni-prijem-2023-kasarna-2-480x320.jpg 480w, https:\/\/www.prijedordanas.com\/wp-content\/uploads\/2023\/01\/prijedorgradorg-bozicni-prijem-2023-kasarna-2.jpg 600w\" sizes=\"(max-width: 300px) 100vw, 300px\" \/><\/a> <a href=\"https:\/\/www.prijedordanas.com\/wp-content\/uploads\/2023\/01\/prijedorgradorg-bozicni-prijem-2023-kasarna-3.jpg\"><img loading=\"lazy\" decoding=\"async\" src=\"https:\/\/www.prijedordanas.com\/wp-content\/uploads\/2023\/01\/prijedorgradorg-bozicni-prijem-2023-kasarna-3-300x200.jpg\" alt=\"\" width=\"300\" height=\"200\" class=\"alignleft size-medium wp-image-198463\" srcset=\"https:\/\/www.prijedordanas.com\/wp-content\/uploads\/2023\/01\/prijedorgradorg-bozicni-prijem-2023-kasarna-3-300x200.jpg 300w, https:\/\/www.prijedordanas.com\/wp-content\/uploads\/2023\/01\/prijedorgradorg-bozicni-prijem-2023-kasarna-3-480x320.jpg 480w, https:\/\/www.prijedordanas.com\/wp-content\/uploads\/2023\/01\/prijedorgradorg-bozicni-prijem-2023-kasarna-3.jpg 600w\" sizes=\"(max-width: 300px) 100vw, 300px\" \/><\/a> <a href=\"https:\/\/www.prijedordanas.com\/wp-content\/uploads\/2023\/01\/prijedorgradorg-bozicni-prijem-2023-kasarna-4.jpg\"><img loading=\"lazy\" decoding=\"async\" src=\"https:\/\/www.prijedordanas.com\/wp-content\/uploads\/2023\/01\/prijedorgradorg-bozicni-prijem-2023-kasarna-4-300x200.jpg\" alt=\"\" width=\"300\" height=\"200\" class=\"alignleft size-medium wp-image-198464\" srcset=\"https:\/\/www.prijedordanas.com\/wp-content\/uploads\/2023\/01\/prijedorgradorg-bozicni-prijem-2023-kasarna-4-300x200.jpg 300w, https:\/\/www.prijedordanas.com\/wp-content\/uploads\/2023\/01\/prijedorgradorg-bozicni-prijem-2023-kasarna-4-480x320.jpg 480w, https:\/\/www.prijedordanas.com\/wp-content\/uploads\/2023\/01\/prijedorgradorg-bozicni-prijem-2023-kasarna-4.jpg 600w\" sizes=\"(max-width: 300px) 100vw, 300px\" \/><\/a><\/p>\n<p><iframe loading=\"lazy\" title=\"BO\u017dI\u0106NI PRIJEM U KASARNI &#039;&#039;\u017dARKO ZGONJANIN&#039;&#039;\" width=\"500\" height=\"281\" src=\"https:\/\/www.youtube.com\/embed\/pFuA_VEc9M0?feature=oembed\" frameborder=\"0\" allow=\"accelerometer; autoplay; clipboard-write; encrypted-media; gyroscope; picture-in-picture; web-share\" allowfullscreen><\/iframe><\/p>\n","protected":false},"excerpt":{"rendered":"<p>Prvi pje\u0161adijski bataljon \u0160este pje\u0161adijske brigade Oru\u017eanih snaga BiH organizovao je prijem povodom najradosnijeg hri\u0161\u0107anskog praznika \u2013 Bo\u017ei\u0107a. Prijemu su prisustvovali predstavnici vojske, lokalne vlasti i civilnog dru\u0161tva. Gradona\u010delnik Prijedora [&hellip;]<\/p>\n","protected":false},"author":1,"featured_media":0,"comment_status":"closed","ping_status":"open","sticky":false,"template":"","format":"standard","meta":{"_monsterinsights_skip_tracking":false,"_monsterinsights_sitenote_active":false,"_monsterinsights_sitenote_note":"","_monsterinsights_sitenote_category":0,"footnotes":""},"categories":[4],"tags":[],"yoast_head":"<!-- This site is optimized with the Yoast SEO plugin v21.6 - https:\/\/yoast.com\/wordpress\/plugins\/seo\/ -->\n<title>Prijedor: Tradicionalni Bo\u017ei\u0107ni prijem u kasarni &quot;\u017darko Zgonjanin&quot; - FOTO\/VIDEO - PrijedorDanas.com - Prijedorski gradski portal<\/title>\n<meta name=\"robots\" content=\"index, follow, max-snippet:-1, max-image-preview:large, max-video-preview:-1\" \/>\n<link rel=\"canonical\" href=\"https:\/\/www.prijedordanas.com\/?p=198429\" \/>\n<meta property=\"og:locale\" content=\"en_US\" \/>\n<meta property=\"og:type\" content=\"article\" \/>\n<meta property=\"og:title\" content=\"Prijedor: Tradicionalni Bo\u017ei\u0107ni prijem u kasarni &quot;\u017darko Zgonjanin&quot; - FOTO\/VIDEO - PrijedorDanas.com - Prijedorski gradski portal\" \/>\n<meta property=\"og:description\" content=\"Prvi pje\u0161adijski bataljon \u0160este pje\u0161adijske brigade Oru\u017eanih snaga BiH organizovao je prijem povodom najradosnijeg hri\u0161\u0107anskog praznika \u2013 Bo\u017ei\u0107a. Prijemu su prisustvovali predstavnici vojske, lokalne vlasti i civilnog dru\u0161tva. Gradona\u010delnik Prijedora [&hellip;]\" \/>\n<meta property=\"og:url\" content=\"https:\/\/www.prijedordanas.com\/?p=198429\" \/>\n<meta property=\"og:site_name\" content=\"PrijedorDanas.com - Prijedorski gradski portal\" \/>\n<meta property=\"article:publisher\" content=\"https:\/\/www.facebook.com\/PrijedorDanasCom\/\" \/>\n<meta property=\"article:published_time\" content=\"2023-01-12T13:15:55+00:00\" \/>\n<meta property=\"article:modified_time\" content=\"2023-01-12T20:48:45+00:00\" \/>\n<meta property=\"og:image\" content=\"https:\/\/www.prijedordanas.com\/wp-content\/uploads\/2023\/01\/kozarski-bozicni-prijem-kasarna-zarko-zgonjanin-300x225.jpg\" \/>\n<meta name=\"author\" content=\"admin\" \/>\n<meta name=\"twitter:card\" content=\"summary_large_image\" \/>\n<meta name=\"twitter:label1\" content=\"Written by\" \/>\n\t<meta name=\"twitter:data1\" content=\"admin\" \/>\n\t<meta name=\"twitter:label2\" content=\"Est. reading time\" \/>\n\t<meta name=\"twitter:data2\" content=\"2 minutes\" \/>\n<script type=\"application\/ld+json\" class=\"yoast-schema-graph\">{\"@context\":\"https:\/\/schema.org\",\"@graph\":[{\"@type\":\"Article\",\"@id\":\"https:\/\/www.prijedordanas.com\/?p=198429#article\",\"isPartOf\":{\"@id\":\"https:\/\/www.prijedordanas.com\/?p=198429\"},\"author\":{\"name\":\"admin\",\"@id\":\"https:\/\/www.prijedordanas.com\/#\/schema\/person\/4e08ccf29b506ca916ff86d46bb700e6\"},\"headline\":\"Prijedor: Tradicionalni Bo\u017ei\u0107ni prijem u kasarni &#8220;\u017darko Zgonjanin&#8221; &#8211; FOTO\/VIDEO\",\"datePublished\":\"2023-01-12T13:15:55+00:00\",\"dateModified\":\"2023-01-12T20:48:45+00:00\",\"mainEntityOfPage\":{\"@id\":\"https:\/\/www.prijedordanas.com\/?p=198429\"},\"wordCount\":242,\"publisher\":{\"@id\":\"https:\/\/www.prijedordanas.com\/#organization\"},\"articleSection\":[\"Dru\u0161tvo\"],\"inLanguage\":\"en-US\"},{\"@type\":\"WebPage\",\"@id\":\"https:\/\/www.prijedordanas.com\/?p=198429\",\"url\":\"https:\/\/www.prijedordanas.com\/?p=198429\",\"name\":\"Prijedor: Tradicionalni Bo\u017ei\u0107ni prijem u kasarni \\\"\u017darko Zgonjanin\\\" - FOTO\/VIDEO - PrijedorDanas.com - Prijedorski gradski portal\",\"isPartOf\":{\"@id\":\"https:\/\/www.prijedordanas.com\/#website\"},\"datePublished\":\"2023-01-12T13:15:55+00:00\",\"dateModified\":\"2023-01-12T20:48:45+00:00\",\"breadcrumb\":{\"@id\":\"https:\/\/www.prijedordanas.com\/?p=198429#breadcrumb\"},\"inLanguage\":\"en-US\",\"potentialAction\":[{\"@type\":\"ReadAction\",\"target\":[\"https:\/\/www.prijedordanas.com\/?p=198429\"]}]},{\"@type\":\"BreadcrumbList\",\"@id\":\"https:\/\/www.prijedordanas.com\/?p=198429#breadcrumb\",\"itemListElement\":[{\"@type\":\"ListItem\",\"position\":1,\"name\":\"Home\",\"item\":\"https:\/\/www.prijedordanas.com\/\"},{\"@type\":\"ListItem\",\"position\":2,\"name\":\"Prijedor: Tradicionalni Bo\u017ei\u0107ni prijem u kasarni &#8220;\u017darko Zgonjanin&#8221; &#8211; FOTO\/VIDEO\"}]},{\"@type\":\"WebSite\",\"@id\":\"https:\/\/www.prijedordanas.com\/#website\",\"url\":\"https:\/\/www.prijedordanas.com\/\",\"name\":\"PrijedorDanas.com - Prijedorski gradski portal\",\"description\":\"Portal o doga\u0111anjima u gradu Prijedoru\",\"publisher\":{\"@id\":\"https:\/\/www.prijedordanas.com\/#organization\"},\"potentialAction\":[{\"@type\":\"SearchAction\",\"target\":{\"@type\":\"EntryPoint\",\"urlTemplate\":\"https:\/\/www.prijedordanas.com\/?s={search_term_string}\"},\"query-input\":\"required name=search_term_string\"}],\"inLanguage\":\"en-US\"},{\"@type\":\"Organization\",\"@id\":\"https:\/\/www.prijedordanas.com\/#organization\",\"name\":\"PrijedorDanas.com\",\"url\":\"https:\/\/www.prijedordanas.com\/\",\"logo\":{\"@type\":\"ImageObject\",\"inLanguage\":\"en-US\",\"@id\":\"https:\/\/www.prijedordanas.com\/#\/schema\/logo\/image\/\",\"url\":\"http:\/\/www.prijedordanas.com\/wp-content\/uploads\/2021\/12\/logopng.png\",\"contentUrl\":\"http:\/\/www.prijedordanas.com\/wp-content\/uploads\/2021\/12\/logopng.png\",\"width\":1019,\"height\":776,\"caption\":\"PrijedorDanas.com\"},\"image\":{\"@id\":\"https:\/\/www.prijedordanas.com\/#\/schema\/logo\/image\/\"},\"sameAs\":[\"https:\/\/www.facebook.com\/PrijedorDanasCom\/\"]},{\"@type\":\"Person\",\"@id\":\"https:\/\/www.prijedordanas.com\/#\/schema\/person\/4e08ccf29b506ca916ff86d46bb700e6\",\"name\":\"admin\",\"image\":{\"@type\":\"ImageObject\",\"inLanguage\":\"en-US\",\"@id\":\"https:\/\/www.prijedordanas.com\/#\/schema\/person\/image\/\",\"url\":\"https:\/\/secure.gravatar.com\/avatar\/1d3fc949d550f0b53a5f0d51e06dfd79?s=96&d=mm&r=g\",\"contentUrl\":\"https:\/\/secure.gravatar.com\/avatar\/1d3fc949d550f0b53a5f0d51e06dfd79?s=96&d=mm&r=g\",\"caption\":\"admin\"},\"url\":\"https:\/\/www.prijedordanas.com\/?author=1\"}]}<\/script>\n<!-- \/ Yoast SEO plugin. -->","yoast_head_json":{"title":"Prijedor: Tradicionalni Bo\u017ei\u0107ni prijem u kasarni \"\u017darko Zgonjanin\" - FOTO\/VIDEO - PrijedorDanas.com - Prijedorski gradski portal","robots":{"index":"index","follow":"follow","max-snippet":"max-snippet:-1","max-image-preview":"max-image-preview:large","max-video-preview":"max-video-preview:-1"},"canonical":"https:\/\/www.prijedordanas.com\/?p=198429","og_locale":"en_US","og_type":"article","og_title":"Prijedor: Tradicionalni Bo\u017ei\u0107ni prijem u kasarni \"\u017darko Zgonjanin\" - FOTO\/VIDEO - PrijedorDanas.com - Prijedorski gradski portal","og_description":"Prvi pje\u0161adijski bataljon \u0160este pje\u0161adijske brigade Oru\u017eanih snaga BiH organizovao je prijem povodom najradosnijeg hri\u0161\u0107anskog praznika \u2013 Bo\u017ei\u0107a. Prijemu su prisustvovali predstavnici vojske, lokalne vlasti i civilnog dru\u0161tva. Gradona\u010delnik Prijedora [&hellip;]","og_url":"https:\/\/www.prijedordanas.com\/?p=198429","og_site_name":"PrijedorDanas.com - Prijedorski gradski portal","article_publisher":"https:\/\/www.facebook.com\/PrijedorDanasCom\/","article_published_time":"2023-01-12T13:15:55+00:00","article_modified_time":"2023-01-12T20:48:45+00:00","og_image":[{"url":"https:\/\/www.prijedordanas.com\/wp-content\/uploads\/2023\/01\/kozarski-bozicni-prijem-kasarna-zarko-zgonjanin-300x225.jpg"}],"author":"admin","twitter_card":"summary_large_image","twitter_misc":{"Written by":"admin","Est. reading time":"2 minutes"},"schema":{"@context":"https:\/\/schema.org","@graph":[{"@type":"Article","@id":"https:\/\/www.prijedordanas.com\/?p=198429#article","isPartOf":{"@id":"https:\/\/www.prijedordanas.com\/?p=198429"},"author":{"name":"admin","@id":"https:\/\/www.prijedordanas.com\/#\/schema\/person\/4e08ccf29b506ca916ff86d46bb700e6"},"headline":"Prijedor: Tradicionalni Bo\u017ei\u0107ni prijem u kasarni &#8220;\u017darko Zgonjanin&#8221; &#8211; FOTO\/VIDEO","datePublished":"2023-01-12T13:15:55+00:00","dateModified":"2023-01-12T20:48:45+00:00","mainEntityOfPage":{"@id":"https:\/\/www.prijedordanas.com\/?p=198429"},"wordCount":242,"publisher":{"@id":"https:\/\/www.prijedordanas.com\/#organization"},"articleSection":["Dru\u0161tvo"],"inLanguage":"en-US"},{"@type":"WebPage","@id":"https:\/\/www.prijedordanas.com\/?p=198429","url":"https:\/\/www.prijedordanas.com\/?p=198429","name":"Prijedor: Tradicionalni Bo\u017ei\u0107ni prijem u kasarni \"\u017darko Zgonjanin\" - FOTO\/VIDEO - PrijedorDanas.com - Prijedorski gradski portal","isPartOf":{"@id":"https:\/\/www.prijedordanas.com\/#website"},"datePublished":"2023-01-12T13:15:55+00:00","dateModified":"2023-01-12T20:48:45+00:00","breadcrumb":{"@id":"https:\/\/www.prijedordanas.com\/?p=198429#breadcrumb"},"inLanguage":"en-US","potentialAction":[{"@type":"ReadAction","target":["https:\/\/www.prijedordanas.com\/?p=198429"]}]},{"@type":"BreadcrumbList","@id":"https:\/\/www.prijedordanas.com\/?p=198429#breadcrumb","itemListElement":[{"@type":"ListItem","position":1,"name":"Home","item":"https:\/\/www.prijedordanas.com\/"},{"@type":"ListItem","position":2,"name":"Prijedor: Tradicionalni Bo\u017ei\u0107ni prijem u kasarni &#8220;\u017darko Zgonjanin&#8221; &#8211; FOTO\/VIDEO"}]},{"@type":"WebSite","@id":"https:\/\/www.prijedordanas.com\/#website","url":"https:\/\/www.prijedordanas.com\/","name":"PrijedorDanas.com - Prijedorski gradski portal","description":"Portal o doga\u0111anjima u gradu Prijedoru","publisher":{"@id":"https:\/\/www.prijedordanas.com\/#organization"},"potentialAction":[{"@type":"SearchAction","target":{"@type":"EntryPoint","urlTemplate":"https:\/\/www.prijedordanas.com\/?s={search_term_string}"},"query-input":"required name=search_term_string"}],"inLanguage":"en-US"},{"@type":"Organization","@id":"https:\/\/www.prijedordanas.com\/#organization","name":"PrijedorDanas.com","url":"https:\/\/www.prijedordanas.com\/","logo":{"@type":"ImageObject","inLanguage":"en-US","@id":"https:\/\/www.prijedordanas.com\/#\/schema\/logo\/image\/","url":"http:\/\/www.prijedordanas.com\/wp-content\/uploads\/2021\/12\/logopng.png","contentUrl":"http:\/\/www.prijedordanas.com\/wp-content\/uploads\/2021\/12\/logopng.png","width":1019,"height":776,"caption":"PrijedorDanas.com"},"image":{"@id":"https:\/\/www.prijedordanas.com\/#\/schema\/logo\/image\/"},"sameAs":["https:\/\/www.facebook.com\/PrijedorDanasCom\/"]},{"@type":"Person","@id":"https:\/\/www.prijedordanas.com\/#\/schema\/person\/4e08ccf29b506ca916ff86d46bb700e6","name":"admin","image":{"@type":"ImageObject","inLanguage":"en-US","@id":"https:\/\/www.prijedordanas.com\/#\/schema\/person\/image\/","url":"https:\/\/secure.gravatar.com\/avatar\/1d3fc949d550f0b53a5f0d51e06dfd79?s=96&d=mm&r=g","contentUrl":"https:\/\/secure.gravatar.com\/avatar\/1d3fc949d550f0b53a5f0d51e06dfd79?s=96&d=mm&r=g","caption":"admin"},"url":"https:\/\/www.prijedordanas.com\/?author=1"}]}},"_links":{"self":[{"href":"https:\/\/www.prijedordanas.com\/index.php?rest_route=\/wp\/v2\/posts\/198429"}],"collection":[{"href":"https:\/\/www.prijedordanas.com\/index.php?rest_route=\/wp\/v2\/posts"}],"about":[{"href":"https:\/\/www.prijedordanas.com\/index.php?rest_route=\/wp\/v2\/types\/post"}],"author":[{"embeddable":true,"href":"https:\/\/www.prijedordanas.com\/index.php?rest_route=\/wp\/v2\/users\/1"}],"replies":[{"embeddable":true,"href":"https:\/\/www.prijedordanas.com\/index.php?rest_route=%2Fwp%2Fv2%2Fcomments&post=198429"}],"version-history":[{"count":3,"href":"https:\/\/www.prijedordanas.com\/index.php?rest_route=\/wp\/v2\/posts\/198429\/revisions"}],"predecessor-version":[{"id":198465,"href":"https:\/\/www.prijedordanas.com\/index.php?rest_route=\/wp\/v2\/posts\/198429\/revisions\/198465"}],"wp:attachment":[{"href":"https:\/\/www.prijedordanas.com\/index.php?rest_route=%2Fwp%2Fv2%2Fmedia&parent=198429"}],"wp:term":[{"taxonomy":"category","embeddable":true,"href":"https:\/\/www.prijedordanas.com\/index.php?rest_route=%2Fwp%2Fv2%2Fcategories&post=198429"},{"taxonomy":"post_tag","embeddable":true,"href":"https:\/\/www.prijedordanas.com\/index.php?rest_route=%2Fwp%2Fv2%2Ftags&post=198429"}],"curies":[{"name":"wp","href":"https:\/\/api.w.org\/{rel}","templated":true}]}}