{"id":198372,"date":"2023-01-10T23:25:28","date_gmt":"2023-01-10T22:25:28","guid":{"rendered":"https:\/\/www.prijedordanas.com\/?p=198372"},"modified":"2023-01-10T23:25:28","modified_gmt":"2023-01-10T22:25:28","slug":"snijeg-napokon-zabijelio-planine-moze-li-zimska-turisticka-sezona-biti-spasena-foto-video","status":"publish","type":"post","link":"https:\/\/www.prijedordanas.com\/?p=198372","title":{"rendered":"Snijeg napokon zabijelio planine: Mo\u017ee li zimska turisti\u010dka sezona biti spasena? &#8211; FOTO\/VIDEO"},"content":{"rendered":"<p><a href=\"https:\/\/www.prijedordanas.com\/wp-content\/uploads\/2023\/01\/rtrs-kozara-10januar-1.jpg\"><img loading=\"lazy\" decoding=\"async\" class=\"alignleft size-medium wp-image-198373\" src=\"https:\/\/www.prijedordanas.com\/wp-content\/uploads\/2023\/01\/rtrs-kozara-10januar-1-300x225.jpg\" alt=\"\" width=\"300\" height=\"225\" srcset=\"https:\/\/www.prijedordanas.com\/wp-content\/uploads\/2023\/01\/rtrs-kozara-10januar-1-300x225.jpg 300w, https:\/\/www.prijedordanas.com\/wp-content\/uploads\/2023\/01\/rtrs-kozara-10januar-1-640x480.jpg 640w, https:\/\/www.prijedordanas.com\/wp-content\/uploads\/2023\/01\/rtrs-kozara-10januar-1.jpg 666w\" sizes=\"(max-width: 300px) 100vw, 300px\" \/><\/a>Vijest da je prvi snijeg pao tek u januaru najbolja je potvrda klimatskih promjena.<\/p>\n<p>Planine u Srpskoj &#8211; prekrivene su snje\u017enim pokriva\u010dom. Me\u0111utim, pahulje se ne\u0107e dugo zadr\u017eati, jer predstoje relativno topli dani za ovo doba godine, zbog \u010dega su i skija\u0161ke sezone na &#8220;dugom \u0161tapu&#8221;.<\/p>\n<p>Klimatolozi upozoravaju pred nama su najtoplije godine u istoriji!<\/p>\n<p>Nakon rekordno toplih decembarskih dana u Srpskoj &#8211; snijeg u januaru do\u0161ao je kao iznenadna i neobi\u010dna pojava. Iako je kalendarski zima odavno nastupila.<\/p>\n<p>Pod snje\u017enim pokriva\u010dem, jutros su osvanule Kozara, Manja\u010da, Igman, Bjela\u0161nica, Trebevi\u0107 i \u0408ahorina. A prvim pahuljama na Kozari, najvi\u0161e su se obradovali mali\u0161ani.<\/p>\n<p><a href=\"https:\/\/www.prijedordanas.com\/wp-content\/uploads\/2023\/01\/rtrs-kozara-10januar-2.jpg\"><img loading=\"lazy\" decoding=\"async\" class=\"alignleft size-medium wp-image-198374\" src=\"https:\/\/www.prijedordanas.com\/wp-content\/uploads\/2023\/01\/rtrs-kozara-10januar-2-300x224.jpg\" alt=\"\" width=\"300\" height=\"224\" srcset=\"https:\/\/www.prijedordanas.com\/wp-content\/uploads\/2023\/01\/rtrs-kozara-10januar-2-300x224.jpg 300w, https:\/\/www.prijedordanas.com\/wp-content\/uploads\/2023\/01\/rtrs-kozara-10januar-2-640x480.jpg 640w, https:\/\/www.prijedordanas.com\/wp-content\/uploads\/2023\/01\/rtrs-kozara-10januar-2.jpg 669w\" sizes=\"(max-width: 300px) 100vw, 300px\" \/><\/a>I \u0408ahorinu je prekrio snje\u017eni pokriva\u010d od samo pet centimetara. No, nedovoljno za skijanje.<\/p>\n<p>Proizvodnju vje\u0161ta\u010dkog snijega ote\u017eava visoka temperatura i stoodstotna vla\u017enost vazduha.<\/p>\n<p>Naredna dva dana snijega \u0107e biti svega nekoliko centimentara i na ostalim planinama. A, ve\u0107 za vikend, klimatolozi najavljuju, temperature iznad 10 stepeni.<\/p>\n<p>Tako da \u0107emo, poslije ovog kratkog relativno zimskog vremena, ponovo biti u toplijem re\u017eimu.<\/p>\n<p>&#8211; I naredni period donosi ne\u0161to hladnije vrijeme, ne\u0161to ni\u017ee temperature dolaze. Ne pri\u010damo o ozbiljnoj hladno\u0107i, a padavine se ne\u0107e dugo zadr\u017eati u na\u0161em regionu. \u0408o\u0161 malo snijega danas\/sutra, zatim ponovo suvo vrijeme &#8211; istakla je klimatolog Milica \u0110or\u0111evi\u0107.<\/p>\n<p><a href=\"https:\/\/www.prijedordanas.com\/wp-content\/uploads\/2023\/01\/np-kozara-snijeg-10januar-1.jpg\"><img loading=\"lazy\" decoding=\"async\" src=\"https:\/\/www.prijedordanas.com\/wp-content\/uploads\/2023\/01\/np-kozara-snijeg-10januar-1-300x225.jpg\" alt=\"\" width=\"300\" height=\"225\" class=\"alignleft size-medium wp-image-198341\" srcset=\"https:\/\/www.prijedordanas.com\/wp-content\/uploads\/2023\/01\/np-kozara-snijeg-10januar-1-300x225.jpg 300w, https:\/\/www.prijedordanas.com\/wp-content\/uploads\/2023\/01\/np-kozara-snijeg-10januar-1-640x480.jpg 640w, https:\/\/www.prijedordanas.com\/wp-content\/uploads\/2023\/01\/np-kozara-snijeg-10januar-1.jpg 667w\" sizes=\"(max-width: 300px) 100vw, 300px\" \/><\/a>Ako se nastavi trend pove\u0107anja temperature, u naredne dvije-tri godine pro\u017eivi\u0107emo &#8220;najtopliju godinu u istoriji&#8221;, upozoravaju klimatolozi.<\/p>\n<p>Me\u0111utim, poja\u0161njavaju, \u010dak i takva godina u budu\u0107nosti &#8211; bi\u0107e &#8220;jedna od najhladnijih&#8221; koju \u0107emo do\u017eivjeti, jer nas \u010deka sve toplija klima.<\/p>\n<p>&#8211; \u0408edini na\u010din da se stanje stabilizuje jeste prestanak kori\u0161\u0107enja fosilnih goriva &#8211; rekao je klimatolog Vladimir \u0110ur\u0111evi\u0107.<\/p>\n<p>Zbog manjka padavina nastaje i veoma zaga\u0111en vazduh. Zbog \u010dega ne \u010dudi podatak da je posljednjih dana vazduh veoma lo\u0161 u Srpskoj, kao i u regionu.<\/p>\n<p>RTRS<\/p>\n<div style=\"width: 640px;\" class=\"wp-video\"><!--[if lt IE 9]><script>document.createElement('video');<\/script><![endif]-->\n<video class=\"wp-video-shortcode\" id=\"video-198372-1\" width=\"640\" height=\"360\" preload=\"metadata\" controls=\"controls\"><source type=\"video\/mp4\" src=\"https:\/\/arh3.rtrs.tv\/arhiva\/2023\/01\/10\/tvclip055709.mp4?_=1\" \/><a href=\"https:\/\/arh3.rtrs.tv\/arhiva\/2023\/01\/10\/tvclip055709.mp4\">https:\/\/arh3.rtrs.tv\/arhiva\/2023\/01\/10\/tvclip055709.mp4<\/a><\/video><\/div>\n","protected":false},"excerpt":{"rendered":"<p>Vijest da je prvi snijeg pao tek u januaru najbolja je potvrda klimatskih promjena. Planine u Srpskoj &#8211; prekrivene su snje\u017enim pokriva\u010dom. Me\u0111utim, pahulje se ne\u0107e dugo zadr\u017eati, jer predstoje [&hellip;]<\/p>\n","protected":false},"author":1,"featured_media":0,"comment_status":"closed","ping_status":"open","sticky":false,"template":"","format":"standard","meta":{"_monsterinsights_skip_tracking":false,"_monsterinsights_sitenote_active":false,"_monsterinsights_sitenote_note":"","_monsterinsights_sitenote_category":0,"footnotes":""},"categories":[8],"tags":[],"yoast_head":"<!-- This site is optimized with the Yoast SEO plugin v21.6 - https:\/\/yoast.com\/wordpress\/plugins\/seo\/ -->\n<title>Snijeg napokon zabijelio planine: Mo\u017ee li zimska turisti\u010dka sezona biti spasena? - FOTO\/VIDEO - PrijedorDanas.com - Prijedorski gradski portal<\/title>\n<meta name=\"robots\" content=\"index, follow, max-snippet:-1, max-image-preview:large, max-video-preview:-1\" \/>\n<link rel=\"canonical\" href=\"https:\/\/www.prijedordanas.com\/?p=198372\" \/>\n<meta property=\"og:locale\" content=\"en_US\" \/>\n<meta property=\"og:type\" content=\"article\" \/>\n<meta property=\"og:title\" content=\"Snijeg napokon zabijelio planine: Mo\u017ee li zimska turisti\u010dka sezona biti spasena? - FOTO\/VIDEO - PrijedorDanas.com - Prijedorski gradski portal\" \/>\n<meta property=\"og:description\" content=\"Vijest da je prvi snijeg pao tek u januaru najbolja je potvrda klimatskih promjena. Planine u Srpskoj &#8211; prekrivene su snje\u017enim pokriva\u010dom. Me\u0111utim, pahulje se ne\u0107e dugo zadr\u017eati, jer predstoje [&hellip;]\" \/>\n<meta property=\"og:url\" content=\"https:\/\/www.prijedordanas.com\/?p=198372\" \/>\n<meta property=\"og:site_name\" content=\"PrijedorDanas.com - Prijedorski gradski portal\" \/>\n<meta property=\"article:publisher\" content=\"https:\/\/www.facebook.com\/PrijedorDanasCom\/\" \/>\n<meta property=\"article:published_time\" content=\"2023-01-10T22:25:28+00:00\" \/>\n<meta property=\"og:image\" content=\"https:\/\/www.prijedordanas.com\/wp-content\/uploads\/2023\/01\/rtrs-kozara-10januar-1-300x225.jpg\" \/>\n<meta name=\"author\" content=\"admin\" \/>\n<meta name=\"twitter:card\" content=\"summary_large_image\" \/>\n<meta name=\"twitter:label1\" content=\"Written by\" \/>\n\t<meta name=\"twitter:data1\" content=\"admin\" \/>\n\t<meta name=\"twitter:label2\" content=\"Est. reading time\" \/>\n\t<meta name=\"twitter:data2\" content=\"2 minutes\" \/>\n<script type=\"application\/ld+json\" class=\"yoast-schema-graph\">{\"@context\":\"https:\/\/schema.org\",\"@graph\":[{\"@type\":\"Article\",\"@id\":\"https:\/\/www.prijedordanas.com\/?p=198372#article\",\"isPartOf\":{\"@id\":\"https:\/\/www.prijedordanas.com\/?p=198372\"},\"author\":{\"name\":\"admin\",\"@id\":\"https:\/\/www.prijedordanas.com\/#\/schema\/person\/4e08ccf29b506ca916ff86d46bb700e6\"},\"headline\":\"Snijeg napokon zabijelio planine: Mo\u017ee li zimska turisti\u010dka sezona biti spasena? &#8211; FOTO\/VIDEO\",\"datePublished\":\"2023-01-10T22:25:28+00:00\",\"dateModified\":\"2023-01-10T22:25:28+00:00\",\"mainEntityOfPage\":{\"@id\":\"https:\/\/www.prijedordanas.com\/?p=198372\"},\"wordCount\":351,\"publisher\":{\"@id\":\"https:\/\/www.prijedordanas.com\/#organization\"},\"articleSection\":[\"Svakodnevno\"],\"inLanguage\":\"en-US\"},{\"@type\":\"WebPage\",\"@id\":\"https:\/\/www.prijedordanas.com\/?p=198372\",\"url\":\"https:\/\/www.prijedordanas.com\/?p=198372\",\"name\":\"Snijeg napokon zabijelio planine: Mo\u017ee li zimska turisti\u010dka sezona biti spasena? - FOTO\/VIDEO - PrijedorDanas.com - Prijedorski gradski portal\",\"isPartOf\":{\"@id\":\"https:\/\/www.prijedordanas.com\/#website\"},\"datePublished\":\"2023-01-10T22:25:28+00:00\",\"dateModified\":\"2023-01-10T22:25:28+00:00\",\"breadcrumb\":{\"@id\":\"https:\/\/www.prijedordanas.com\/?p=198372#breadcrumb\"},\"inLanguage\":\"en-US\",\"potentialAction\":[{\"@type\":\"ReadAction\",\"target\":[\"https:\/\/www.prijedordanas.com\/?p=198372\"]}]},{\"@type\":\"BreadcrumbList\",\"@id\":\"https:\/\/www.prijedordanas.com\/?p=198372#breadcrumb\",\"itemListElement\":[{\"@type\":\"ListItem\",\"position\":1,\"name\":\"Home\",\"item\":\"https:\/\/www.prijedordanas.com\/\"},{\"@type\":\"ListItem\",\"position\":2,\"name\":\"Snijeg napokon zabijelio planine: Mo\u017ee li zimska turisti\u010dka sezona biti spasena? &#8211; FOTO\/VIDEO\"}]},{\"@type\":\"WebSite\",\"@id\":\"https:\/\/www.prijedordanas.com\/#website\",\"url\":\"https:\/\/www.prijedordanas.com\/\",\"name\":\"PrijedorDanas.com - Prijedorski gradski portal\",\"description\":\"Portal o doga\u0111anjima u gradu Prijedoru\",\"publisher\":{\"@id\":\"https:\/\/www.prijedordanas.com\/#organization\"},\"potentialAction\":[{\"@type\":\"SearchAction\",\"target\":{\"@type\":\"EntryPoint\",\"urlTemplate\":\"https:\/\/www.prijedordanas.com\/?s={search_term_string}\"},\"query-input\":\"required name=search_term_string\"}],\"inLanguage\":\"en-US\"},{\"@type\":\"Organization\",\"@id\":\"https:\/\/www.prijedordanas.com\/#organization\",\"name\":\"PrijedorDanas.com\",\"url\":\"https:\/\/www.prijedordanas.com\/\",\"logo\":{\"@type\":\"ImageObject\",\"inLanguage\":\"en-US\",\"@id\":\"https:\/\/www.prijedordanas.com\/#\/schema\/logo\/image\/\",\"url\":\"http:\/\/www.prijedordanas.com\/wp-content\/uploads\/2021\/12\/logopng.png\",\"contentUrl\":\"http:\/\/www.prijedordanas.com\/wp-content\/uploads\/2021\/12\/logopng.png\",\"width\":1019,\"height\":776,\"caption\":\"PrijedorDanas.com\"},\"image\":{\"@id\":\"https:\/\/www.prijedordanas.com\/#\/schema\/logo\/image\/\"},\"sameAs\":[\"https:\/\/www.facebook.com\/PrijedorDanasCom\/\"]},{\"@type\":\"Person\",\"@id\":\"https:\/\/www.prijedordanas.com\/#\/schema\/person\/4e08ccf29b506ca916ff86d46bb700e6\",\"name\":\"admin\",\"image\":{\"@type\":\"ImageObject\",\"inLanguage\":\"en-US\",\"@id\":\"https:\/\/www.prijedordanas.com\/#\/schema\/person\/image\/\",\"url\":\"https:\/\/secure.gravatar.com\/avatar\/1d3fc949d550f0b53a5f0d51e06dfd79?s=96&d=mm&r=g\",\"contentUrl\":\"https:\/\/secure.gravatar.com\/avatar\/1d3fc949d550f0b53a5f0d51e06dfd79?s=96&d=mm&r=g\",\"caption\":\"admin\"},\"url\":\"https:\/\/www.prijedordanas.com\/?author=1\"}]}<\/script>\n<!-- \/ Yoast SEO plugin. -->","yoast_head_json":{"title":"Snijeg napokon zabijelio planine: Mo\u017ee li zimska turisti\u010dka sezona biti spasena? - FOTO\/VIDEO - PrijedorDanas.com - Prijedorski gradski portal","robots":{"index":"index","follow":"follow","max-snippet":"max-snippet:-1","max-image-preview":"max-image-preview:large","max-video-preview":"max-video-preview:-1"},"canonical":"https:\/\/www.prijedordanas.com\/?p=198372","og_locale":"en_US","og_type":"article","og_title":"Snijeg napokon zabijelio planine: Mo\u017ee li zimska turisti\u010dka sezona biti spasena? - FOTO\/VIDEO - PrijedorDanas.com - Prijedorski gradski portal","og_description":"Vijest da je prvi snijeg pao tek u januaru najbolja je potvrda klimatskih promjena. Planine u Srpskoj &#8211; prekrivene su snje\u017enim pokriva\u010dom. Me\u0111utim, pahulje se ne\u0107e dugo zadr\u017eati, jer predstoje [&hellip;]","og_url":"https:\/\/www.prijedordanas.com\/?p=198372","og_site_name":"PrijedorDanas.com - Prijedorski gradski portal","article_publisher":"https:\/\/www.facebook.com\/PrijedorDanasCom\/","article_published_time":"2023-01-10T22:25:28+00:00","og_image":[{"url":"https:\/\/www.prijedordanas.com\/wp-content\/uploads\/2023\/01\/rtrs-kozara-10januar-1-300x225.jpg"}],"author":"admin","twitter_card":"summary_large_image","twitter_misc":{"Written by":"admin","Est. reading time":"2 minutes"},"schema":{"@context":"https:\/\/schema.org","@graph":[{"@type":"Article","@id":"https:\/\/www.prijedordanas.com\/?p=198372#article","isPartOf":{"@id":"https:\/\/www.prijedordanas.com\/?p=198372"},"author":{"name":"admin","@id":"https:\/\/www.prijedordanas.com\/#\/schema\/person\/4e08ccf29b506ca916ff86d46bb700e6"},"headline":"Snijeg napokon zabijelio planine: Mo\u017ee li zimska turisti\u010dka sezona biti spasena? &#8211; FOTO\/VIDEO","datePublished":"2023-01-10T22:25:28+00:00","dateModified":"2023-01-10T22:25:28+00:00","mainEntityOfPage":{"@id":"https:\/\/www.prijedordanas.com\/?p=198372"},"wordCount":351,"publisher":{"@id":"https:\/\/www.prijedordanas.com\/#organization"},"articleSection":["Svakodnevno"],"inLanguage":"en-US"},{"@type":"WebPage","@id":"https:\/\/www.prijedordanas.com\/?p=198372","url":"https:\/\/www.prijedordanas.com\/?p=198372","name":"Snijeg napokon zabijelio planine: Mo\u017ee li zimska turisti\u010dka sezona biti spasena? - FOTO\/VIDEO - PrijedorDanas.com - Prijedorski gradski portal","isPartOf":{"@id":"https:\/\/www.prijedordanas.com\/#website"},"datePublished":"2023-01-10T22:25:28+00:00","dateModified":"2023-01-10T22:25:28+00:00","breadcrumb":{"@id":"https:\/\/www.prijedordanas.com\/?p=198372#breadcrumb"},"inLanguage":"en-US","potentialAction":[{"@type":"ReadAction","target":["https:\/\/www.prijedordanas.com\/?p=198372"]}]},{"@type":"BreadcrumbList","@id":"https:\/\/www.prijedordanas.com\/?p=198372#breadcrumb","itemListElement":[{"@type":"ListItem","position":1,"name":"Home","item":"https:\/\/www.prijedordanas.com\/"},{"@type":"ListItem","position":2,"name":"Snijeg napokon zabijelio planine: Mo\u017ee li zimska turisti\u010dka sezona biti spasena? &#8211; FOTO\/VIDEO"}]},{"@type":"WebSite","@id":"https:\/\/www.prijedordanas.com\/#website","url":"https:\/\/www.prijedordanas.com\/","name":"PrijedorDanas.com - Prijedorski gradski portal","description":"Portal o doga\u0111anjima u gradu Prijedoru","publisher":{"@id":"https:\/\/www.prijedordanas.com\/#organization"},"potentialAction":[{"@type":"SearchAction","target":{"@type":"EntryPoint","urlTemplate":"https:\/\/www.prijedordanas.com\/?s={search_term_string}"},"query-input":"required name=search_term_string"}],"inLanguage":"en-US"},{"@type":"Organization","@id":"https:\/\/www.prijedordanas.com\/#organization","name":"PrijedorDanas.com","url":"https:\/\/www.prijedordanas.com\/","logo":{"@type":"ImageObject","inLanguage":"en-US","@id":"https:\/\/www.prijedordanas.com\/#\/schema\/logo\/image\/","url":"http:\/\/www.prijedordanas.com\/wp-content\/uploads\/2021\/12\/logopng.png","contentUrl":"http:\/\/www.prijedordanas.com\/wp-content\/uploads\/2021\/12\/logopng.png","width":1019,"height":776,"caption":"PrijedorDanas.com"},"image":{"@id":"https:\/\/www.prijedordanas.com\/#\/schema\/logo\/image\/"},"sameAs":["https:\/\/www.facebook.com\/PrijedorDanasCom\/"]},{"@type":"Person","@id":"https:\/\/www.prijedordanas.com\/#\/schema\/person\/4e08ccf29b506ca916ff86d46bb700e6","name":"admin","image":{"@type":"ImageObject","inLanguage":"en-US","@id":"https:\/\/www.prijedordanas.com\/#\/schema\/person\/image\/","url":"https:\/\/secure.gravatar.com\/avatar\/1d3fc949d550f0b53a5f0d51e06dfd79?s=96&d=mm&r=g","contentUrl":"https:\/\/secure.gravatar.com\/avatar\/1d3fc949d550f0b53a5f0d51e06dfd79?s=96&d=mm&r=g","caption":"admin"},"url":"https:\/\/www.prijedordanas.com\/?author=1"}]}},"_links":{"self":[{"href":"https:\/\/www.prijedordanas.com\/index.php?rest_route=\/wp\/v2\/posts\/198372"}],"collection":[{"href":"https:\/\/www.prijedordanas.com\/index.php?rest_route=\/wp\/v2\/posts"}],"about":[{"href":"https:\/\/www.prijedordanas.com\/index.php?rest_route=\/wp\/v2\/types\/post"}],"author":[{"embeddable":true,"href":"https:\/\/www.prijedordanas.com\/index.php?rest_route=\/wp\/v2\/users\/1"}],"replies":[{"embeddable":true,"href":"https:\/\/www.prijedordanas.com\/index.php?rest_route=%2Fwp%2Fv2%2Fcomments&post=198372"}],"version-history":[{"count":1,"href":"https:\/\/www.prijedordanas.com\/index.php?rest_route=\/wp\/v2\/posts\/198372\/revisions"}],"predecessor-version":[{"id":198375,"href":"https:\/\/www.prijedordanas.com\/index.php?rest_route=\/wp\/v2\/posts\/198372\/revisions\/198375"}],"wp:attachment":[{"href":"https:\/\/www.prijedordanas.com\/index.php?rest_route=%2Fwp%2Fv2%2Fmedia&parent=198372"}],"wp:term":[{"taxonomy":"category","embeddable":true,"href":"https:\/\/www.prijedordanas.com\/index.php?rest_route=%2Fwp%2Fv2%2Fcategories&post=198372"},{"taxonomy":"post_tag","embeddable":true,"href":"https:\/\/www.prijedordanas.com\/index.php?rest_route=%2Fwp%2Fv2%2Ftags&post=198372"}],"curies":[{"name":"wp","href":"https:\/\/api.w.org\/{rel}","templated":true}]}}