{"id":197999,"date":"2023-01-04T16:05:11","date_gmt":"2023-01-04T15:05:11","guid":{"rendered":"https:\/\/www.prijedordanas.com\/?p=197999"},"modified":"2023-01-04T16:05:11","modified_gmt":"2023-01-04T15:05:11","slug":"grad-prijedor-za-9-januar-besplatan-koncert-danice-crnogorcevic","status":"publish","type":"post","link":"https:\/\/www.prijedordanas.com\/?p=197999","title":{"rendered":"Grad Prijedor: Za 9. januar besplatan koncert Danice Crnogor\u010devi\u0107"},"content":{"rendered":"<p><a href=\"https:\/\/www.prijedordanas.com\/wp-content\/uploads\/2023\/01\/koncert-danica-crnogorcevic-plakat.jpg\"><img loading=\"lazy\" decoding=\"async\" class=\"alignleft size-medium wp-image-198000\" src=\"https:\/\/www.prijedordanas.com\/wp-content\/uploads\/2023\/01\/koncert-danica-crnogorcevic-plakat-208x300.jpg\" alt=\"\" width=\"208\" height=\"300\" srcset=\"https:\/\/www.prijedordanas.com\/wp-content\/uploads\/2023\/01\/koncert-danica-crnogorcevic-plakat-208x300.jpg 208w, https:\/\/www.prijedordanas.com\/wp-content\/uploads\/2023\/01\/koncert-danica-crnogorcevic-plakat.jpg 450w\" sizes=\"(max-width: 208px) 100vw, 208px\" \/><\/a>Grad Prijedor poklanja sugra\u0111anima cjelove\u010dernji koncert Danice Crnogor\u010devi\u0107 povodom obilje\u017eavanja 9. januara, Dana Republike Srpske, saop\u0161teno je iz Gradske uprave.<\/p>\n<p>Koncert \u0107e biti odr\u017ean u ponedjeljak, 9. januara, sa po\u010detkom u 19.00 \u010dasova u Sportskoj dvorani &#8220;Mladost&#8221; u Prijedoru, a ulaz je besplatan.<\/p>\n<p>Prvobitno je planirano da koncert bude odr\u017ean u Pozori\u0161tu Prijedor, ali je zbog velike zainteresovanosti Prijedor\u010dana i gra\u0111ana iz okolnih op\u0161tina i gradova, lokacija promijenjena, budu\u0107i da pozori\u0161te prima oko 300 ljudi, a dvorana vi\u0161e hiljada.<\/p>\n<p>&#8220;Do\u0111ite na koncert Danice Crnogo\u010devi\u0107 da svi zajedno proslavimo Dan Republike Srpske! Koncert i izvo\u0111a\u010d koje su Prijedor\u010dani dugo \u010dekali, na poklon svima za ovaj veliki dan za Republiku Srpsku i na\u0161 grad&#8221;, poru\u010dio je gradona\u010delnik Prijedora Slobodan Javor.<\/p>\n<p>Republika Srpska \u0107e 9. januara proslaviti Dan Republike i 31 godinu postojanja.<\/p>\n<p>Deveti januar se slavi kao Dan Republike Srpske jer je tog datuma 1992. godine nastala pod prvobitnim nazivom Srpska Republika BiH.<\/p>\n<p>Osnovali su je srpski poslanici u tada\u0161njoj Skup\u0161tini BiH nakon \u0161to su preglasani u klju\u010dnim pitanjima o opstanku Jugoslavije, a pripadnici druga dva naroda krenuli u secesiju mimo volje Srba koji su imali status konstitutivnog naroda.<\/p>\n<p>SRNA<\/p>\n","protected":false},"excerpt":{"rendered":"<p>Grad Prijedor poklanja sugra\u0111anima cjelove\u010dernji koncert Danice Crnogor\u010devi\u0107 povodom obilje\u017eavanja 9. januara, Dana Republike Srpske, saop\u0161teno je iz Gradske uprave. Koncert \u0107e biti odr\u017ean u ponedjeljak, 9. januara, sa po\u010detkom [&hellip;]<\/p>\n","protected":false},"author":1,"featured_media":0,"comment_status":"closed","ping_status":"open","sticky":false,"template":"","format":"standard","meta":{"_monsterinsights_skip_tracking":false,"_monsterinsights_sitenote_active":false,"_monsterinsights_sitenote_note":"","_monsterinsights_sitenote_category":0,"footnotes":""},"categories":[8],"tags":[],"yoast_head":"<!-- This site is optimized with the Yoast SEO plugin v21.6 - https:\/\/yoast.com\/wordpress\/plugins\/seo\/ -->\n<title>Grad Prijedor: Za 9. januar besplatan koncert Danice Crnogor\u010devi\u0107 - PrijedorDanas.com - Prijedorski gradski portal<\/title>\n<meta name=\"robots\" content=\"index, follow, max-snippet:-1, max-image-preview:large, max-video-preview:-1\" \/>\n<link rel=\"canonical\" href=\"https:\/\/www.prijedordanas.com\/?p=197999\" \/>\n<meta property=\"og:locale\" content=\"en_US\" \/>\n<meta property=\"og:type\" content=\"article\" \/>\n<meta property=\"og:title\" content=\"Grad Prijedor: Za 9. januar besplatan koncert Danice Crnogor\u010devi\u0107 - PrijedorDanas.com - Prijedorski gradski portal\" \/>\n<meta property=\"og:description\" content=\"Grad Prijedor poklanja sugra\u0111anima cjelove\u010dernji koncert Danice Crnogor\u010devi\u0107 povodom obilje\u017eavanja 9. januara, Dana Republike Srpske, saop\u0161teno je iz Gradske uprave. Koncert \u0107e biti odr\u017ean u ponedjeljak, 9. januara, sa po\u010detkom [&hellip;]\" \/>\n<meta property=\"og:url\" content=\"https:\/\/www.prijedordanas.com\/?p=197999\" \/>\n<meta property=\"og:site_name\" content=\"PrijedorDanas.com - Prijedorski gradski portal\" \/>\n<meta property=\"article:publisher\" content=\"https:\/\/www.facebook.com\/PrijedorDanasCom\/\" \/>\n<meta property=\"article:published_time\" content=\"2023-01-04T15:05:11+00:00\" \/>\n<meta property=\"og:image\" content=\"https:\/\/www.prijedordanas.com\/wp-content\/uploads\/2023\/01\/koncert-danica-crnogorcevic-plakat-208x300.jpg\" \/>\n<meta name=\"author\" content=\"admin\" \/>\n<meta name=\"twitter:card\" content=\"summary_large_image\" \/>\n<meta name=\"twitter:label1\" content=\"Written by\" \/>\n\t<meta name=\"twitter:data1\" content=\"admin\" \/>\n\t<meta name=\"twitter:label2\" content=\"Est. reading time\" \/>\n\t<meta name=\"twitter:data2\" content=\"2 minutes\" \/>\n<script type=\"application\/ld+json\" class=\"yoast-schema-graph\">{\"@context\":\"https:\/\/schema.org\",\"@graph\":[{\"@type\":\"Article\",\"@id\":\"https:\/\/www.prijedordanas.com\/?p=197999#article\",\"isPartOf\":{\"@id\":\"https:\/\/www.prijedordanas.com\/?p=197999\"},\"author\":{\"name\":\"admin\",\"@id\":\"https:\/\/www.prijedordanas.com\/#\/schema\/person\/4e08ccf29b506ca916ff86d46bb700e6\"},\"headline\":\"Grad Prijedor: Za 9. januar besplatan koncert Danice Crnogor\u010devi\u0107\",\"datePublished\":\"2023-01-04T15:05:11+00:00\",\"dateModified\":\"2023-01-04T15:05:11+00:00\",\"mainEntityOfPage\":{\"@id\":\"https:\/\/www.prijedordanas.com\/?p=197999\"},\"wordCount\":214,\"publisher\":{\"@id\":\"https:\/\/www.prijedordanas.com\/#organization\"},\"articleSection\":[\"Svakodnevno\"],\"inLanguage\":\"en-US\"},{\"@type\":\"WebPage\",\"@id\":\"https:\/\/www.prijedordanas.com\/?p=197999\",\"url\":\"https:\/\/www.prijedordanas.com\/?p=197999\",\"name\":\"Grad Prijedor: Za 9. januar besplatan koncert Danice Crnogor\u010devi\u0107 - PrijedorDanas.com - Prijedorski gradski portal\",\"isPartOf\":{\"@id\":\"https:\/\/www.prijedordanas.com\/#website\"},\"datePublished\":\"2023-01-04T15:05:11+00:00\",\"dateModified\":\"2023-01-04T15:05:11+00:00\",\"breadcrumb\":{\"@id\":\"https:\/\/www.prijedordanas.com\/?p=197999#breadcrumb\"},\"inLanguage\":\"en-US\",\"potentialAction\":[{\"@type\":\"ReadAction\",\"target\":[\"https:\/\/www.prijedordanas.com\/?p=197999\"]}]},{\"@type\":\"BreadcrumbList\",\"@id\":\"https:\/\/www.prijedordanas.com\/?p=197999#breadcrumb\",\"itemListElement\":[{\"@type\":\"ListItem\",\"position\":1,\"name\":\"Home\",\"item\":\"https:\/\/www.prijedordanas.com\/\"},{\"@type\":\"ListItem\",\"position\":2,\"name\":\"Grad Prijedor: Za 9. januar besplatan koncert Danice Crnogor\u010devi\u0107\"}]},{\"@type\":\"WebSite\",\"@id\":\"https:\/\/www.prijedordanas.com\/#website\",\"url\":\"https:\/\/www.prijedordanas.com\/\",\"name\":\"PrijedorDanas.com - Prijedorski gradski portal\",\"description\":\"Portal o doga\u0111anjima u gradu Prijedoru\",\"publisher\":{\"@id\":\"https:\/\/www.prijedordanas.com\/#organization\"},\"potentialAction\":[{\"@type\":\"SearchAction\",\"target\":{\"@type\":\"EntryPoint\",\"urlTemplate\":\"https:\/\/www.prijedordanas.com\/?s={search_term_string}\"},\"query-input\":\"required name=search_term_string\"}],\"inLanguage\":\"en-US\"},{\"@type\":\"Organization\",\"@id\":\"https:\/\/www.prijedordanas.com\/#organization\",\"name\":\"PrijedorDanas.com\",\"url\":\"https:\/\/www.prijedordanas.com\/\",\"logo\":{\"@type\":\"ImageObject\",\"inLanguage\":\"en-US\",\"@id\":\"https:\/\/www.prijedordanas.com\/#\/schema\/logo\/image\/\",\"url\":\"http:\/\/www.prijedordanas.com\/wp-content\/uploads\/2021\/12\/logopng.png\",\"contentUrl\":\"http:\/\/www.prijedordanas.com\/wp-content\/uploads\/2021\/12\/logopng.png\",\"width\":1019,\"height\":776,\"caption\":\"PrijedorDanas.com\"},\"image\":{\"@id\":\"https:\/\/www.prijedordanas.com\/#\/schema\/logo\/image\/\"},\"sameAs\":[\"https:\/\/www.facebook.com\/PrijedorDanasCom\/\"]},{\"@type\":\"Person\",\"@id\":\"https:\/\/www.prijedordanas.com\/#\/schema\/person\/4e08ccf29b506ca916ff86d46bb700e6\",\"name\":\"admin\",\"image\":{\"@type\":\"ImageObject\",\"inLanguage\":\"en-US\",\"@id\":\"https:\/\/www.prijedordanas.com\/#\/schema\/person\/image\/\",\"url\":\"https:\/\/secure.gravatar.com\/avatar\/1d3fc949d550f0b53a5f0d51e06dfd79?s=96&d=mm&r=g\",\"contentUrl\":\"https:\/\/secure.gravatar.com\/avatar\/1d3fc949d550f0b53a5f0d51e06dfd79?s=96&d=mm&r=g\",\"caption\":\"admin\"},\"url\":\"https:\/\/www.prijedordanas.com\/?author=1\"}]}<\/script>\n<!-- \/ Yoast SEO plugin. -->","yoast_head_json":{"title":"Grad Prijedor: Za 9. januar besplatan koncert Danice Crnogor\u010devi\u0107 - PrijedorDanas.com - Prijedorski gradski portal","robots":{"index":"index","follow":"follow","max-snippet":"max-snippet:-1","max-image-preview":"max-image-preview:large","max-video-preview":"max-video-preview:-1"},"canonical":"https:\/\/www.prijedordanas.com\/?p=197999","og_locale":"en_US","og_type":"article","og_title":"Grad Prijedor: Za 9. januar besplatan koncert Danice Crnogor\u010devi\u0107 - PrijedorDanas.com - Prijedorski gradski portal","og_description":"Grad Prijedor poklanja sugra\u0111anima cjelove\u010dernji koncert Danice Crnogor\u010devi\u0107 povodom obilje\u017eavanja 9. januara, Dana Republike Srpske, saop\u0161teno je iz Gradske uprave. Koncert \u0107e biti odr\u017ean u ponedjeljak, 9. januara, sa po\u010detkom [&hellip;]","og_url":"https:\/\/www.prijedordanas.com\/?p=197999","og_site_name":"PrijedorDanas.com - Prijedorski gradski portal","article_publisher":"https:\/\/www.facebook.com\/PrijedorDanasCom\/","article_published_time":"2023-01-04T15:05:11+00:00","og_image":[{"url":"https:\/\/www.prijedordanas.com\/wp-content\/uploads\/2023\/01\/koncert-danica-crnogorcevic-plakat-208x300.jpg"}],"author":"admin","twitter_card":"summary_large_image","twitter_misc":{"Written by":"admin","Est. reading time":"2 minutes"},"schema":{"@context":"https:\/\/schema.org","@graph":[{"@type":"Article","@id":"https:\/\/www.prijedordanas.com\/?p=197999#article","isPartOf":{"@id":"https:\/\/www.prijedordanas.com\/?p=197999"},"author":{"name":"admin","@id":"https:\/\/www.prijedordanas.com\/#\/schema\/person\/4e08ccf29b506ca916ff86d46bb700e6"},"headline":"Grad Prijedor: Za 9. januar besplatan koncert Danice Crnogor\u010devi\u0107","datePublished":"2023-01-04T15:05:11+00:00","dateModified":"2023-01-04T15:05:11+00:00","mainEntityOfPage":{"@id":"https:\/\/www.prijedordanas.com\/?p=197999"},"wordCount":214,"publisher":{"@id":"https:\/\/www.prijedordanas.com\/#organization"},"articleSection":["Svakodnevno"],"inLanguage":"en-US"},{"@type":"WebPage","@id":"https:\/\/www.prijedordanas.com\/?p=197999","url":"https:\/\/www.prijedordanas.com\/?p=197999","name":"Grad Prijedor: Za 9. januar besplatan koncert Danice Crnogor\u010devi\u0107 - PrijedorDanas.com - Prijedorski gradski portal","isPartOf":{"@id":"https:\/\/www.prijedordanas.com\/#website"},"datePublished":"2023-01-04T15:05:11+00:00","dateModified":"2023-01-04T15:05:11+00:00","breadcrumb":{"@id":"https:\/\/www.prijedordanas.com\/?p=197999#breadcrumb"},"inLanguage":"en-US","potentialAction":[{"@type":"ReadAction","target":["https:\/\/www.prijedordanas.com\/?p=197999"]}]},{"@type":"BreadcrumbList","@id":"https:\/\/www.prijedordanas.com\/?p=197999#breadcrumb","itemListElement":[{"@type":"ListItem","position":1,"name":"Home","item":"https:\/\/www.prijedordanas.com\/"},{"@type":"ListItem","position":2,"name":"Grad Prijedor: Za 9. januar besplatan koncert Danice Crnogor\u010devi\u0107"}]},{"@type":"WebSite","@id":"https:\/\/www.prijedordanas.com\/#website","url":"https:\/\/www.prijedordanas.com\/","name":"PrijedorDanas.com - Prijedorski gradski portal","description":"Portal o doga\u0111anjima u gradu Prijedoru","publisher":{"@id":"https:\/\/www.prijedordanas.com\/#organization"},"potentialAction":[{"@type":"SearchAction","target":{"@type":"EntryPoint","urlTemplate":"https:\/\/www.prijedordanas.com\/?s={search_term_string}"},"query-input":"required name=search_term_string"}],"inLanguage":"en-US"},{"@type":"Organization","@id":"https:\/\/www.prijedordanas.com\/#organization","name":"PrijedorDanas.com","url":"https:\/\/www.prijedordanas.com\/","logo":{"@type":"ImageObject","inLanguage":"en-US","@id":"https:\/\/www.prijedordanas.com\/#\/schema\/logo\/image\/","url":"http:\/\/www.prijedordanas.com\/wp-content\/uploads\/2021\/12\/logopng.png","contentUrl":"http:\/\/www.prijedordanas.com\/wp-content\/uploads\/2021\/12\/logopng.png","width":1019,"height":776,"caption":"PrijedorDanas.com"},"image":{"@id":"https:\/\/www.prijedordanas.com\/#\/schema\/logo\/image\/"},"sameAs":["https:\/\/www.facebook.com\/PrijedorDanasCom\/"]},{"@type":"Person","@id":"https:\/\/www.prijedordanas.com\/#\/schema\/person\/4e08ccf29b506ca916ff86d46bb700e6","name":"admin","image":{"@type":"ImageObject","inLanguage":"en-US","@id":"https:\/\/www.prijedordanas.com\/#\/schema\/person\/image\/","url":"https:\/\/secure.gravatar.com\/avatar\/1d3fc949d550f0b53a5f0d51e06dfd79?s=96&d=mm&r=g","contentUrl":"https:\/\/secure.gravatar.com\/avatar\/1d3fc949d550f0b53a5f0d51e06dfd79?s=96&d=mm&r=g","caption":"admin"},"url":"https:\/\/www.prijedordanas.com\/?author=1"}]}},"_links":{"self":[{"href":"https:\/\/www.prijedordanas.com\/index.php?rest_route=\/wp\/v2\/posts\/197999"}],"collection":[{"href":"https:\/\/www.prijedordanas.com\/index.php?rest_route=\/wp\/v2\/posts"}],"about":[{"href":"https:\/\/www.prijedordanas.com\/index.php?rest_route=\/wp\/v2\/types\/post"}],"author":[{"embeddable":true,"href":"https:\/\/www.prijedordanas.com\/index.php?rest_route=\/wp\/v2\/users\/1"}],"replies":[{"embeddable":true,"href":"https:\/\/www.prijedordanas.com\/index.php?rest_route=%2Fwp%2Fv2%2Fcomments&post=197999"}],"version-history":[{"count":1,"href":"https:\/\/www.prijedordanas.com\/index.php?rest_route=\/wp\/v2\/posts\/197999\/revisions"}],"predecessor-version":[{"id":198001,"href":"https:\/\/www.prijedordanas.com\/index.php?rest_route=\/wp\/v2\/posts\/197999\/revisions\/198001"}],"wp:attachment":[{"href":"https:\/\/www.prijedordanas.com\/index.php?rest_route=%2Fwp%2Fv2%2Fmedia&parent=197999"}],"wp:term":[{"taxonomy":"category","embeddable":true,"href":"https:\/\/www.prijedordanas.com\/index.php?rest_route=%2Fwp%2Fv2%2Fcategories&post=197999"},{"taxonomy":"post_tag","embeddable":true,"href":"https:\/\/www.prijedordanas.com\/index.php?rest_route=%2Fwp%2Fv2%2Ftags&post=197999"}],"curies":[{"name":"wp","href":"https:\/\/api.w.org\/{rel}","templated":true}]}}