{"id":197687,"date":"2022-12-31T12:53:35","date_gmt":"2022-12-31T11:53:35","guid":{"rendered":"https:\/\/www.prijedordanas.com\/?p=197687"},"modified":"2022-12-31T12:53:35","modified_gmt":"2022-12-31T11:53:35","slug":"gradonacelnik-javor-cast-je-biti-dio-akcije-s-ljubavlju-hrabrim-srcima-foto","status":"publish","type":"post","link":"https:\/\/www.prijedordanas.com\/?p=197687","title":{"rendered":"Gradona\u010delnik Javor: \u010cast je biti dio akcije &#8220;S ljubavlju hrabrim srcima&#8221; &#8211; FOTO"},"content":{"rendered":"<p><a href=\"https:\/\/www.prijedordanas.com\/wp-content\/uploads\/2022\/12\/s-ljubavlju-hrabrim-srcima-slobodan-javor-1.jpg\"><img loading=\"lazy\" decoding=\"async\" class=\"alignleft size-medium wp-image-197688\" src=\"https:\/\/www.prijedordanas.com\/wp-content\/uploads\/2022\/12\/s-ljubavlju-hrabrim-srcima-slobodan-javor-1-300x225.jpg\" alt=\"\" width=\"300\" height=\"225\" srcset=\"https:\/\/www.prijedordanas.com\/wp-content\/uploads\/2022\/12\/s-ljubavlju-hrabrim-srcima-slobodan-javor-1-300x225.jpg 300w, https:\/\/www.prijedordanas.com\/wp-content\/uploads\/2022\/12\/s-ljubavlju-hrabrim-srcima-slobodan-javor-1-640x480.jpg 640w, https:\/\/www.prijedordanas.com\/wp-content\/uploads\/2022\/12\/s-ljubavlju-hrabrim-srcima-slobodan-javor-1.jpg 667w\" sizes=\"(max-width: 300px) 100vw, 300px\" \/><\/a>Gradona\u010delnik Prijedora Slobodan Javor rekao je, nakon \u0161to je prvi put prisustvovao donatorskoj ve\u010deri &#8220;S ljubavlju hrabrim srcima&#8221; pod pokroviteljstvom predsjednika Republike Srpske, da je \u010dast biti dio te humanitarne akcije.<\/p>\n<p>&#8220;Prvi poziv koji sam primio gdje su bili fiksni telefoni bila je jedna \u017eena iz Dervente. Ka\u017ee: `Halo, ima l&#8217; Dodika&#8221;? I tako je uglavnom i bilo u svih tih 20-ak minuta koliko sam bio za onim stolom&#8221;, ispri\u010dao je Javor Srni nakon \u0161to je u ponedjeljak, 26. decembra, prisustvovao donatorskoj ve\u010deri u Banjaluci tokom koje su prikupljana sredstva za nabavku transportnih inkubatora za porodili\u0161ta u Srpskoj.<\/p>\n<p>On je naveo da je primio poziva iz svih krajeva Republike Srpske i da je primijetio da je zvalo mnogo ljudi koji su imali problem u vezi sa nedostatkom inkubatora.<\/p>\n<p><a href=\"https:\/\/www.prijedordanas.com\/wp-content\/uploads\/2022\/12\/s-ljubavlju-hrabrim-srcima-slobodan-javor-2.jpg\"><img loading=\"lazy\" decoding=\"async\" src=\"https:\/\/www.prijedordanas.com\/wp-content\/uploads\/2022\/12\/s-ljubavlju-hrabrim-srcima-slobodan-javor-2-300x225.jpg\" alt=\"\" width=\"300\" height=\"225\" class=\"alignleft size-medium wp-image-197689\" srcset=\"https:\/\/www.prijedordanas.com\/wp-content\/uploads\/2022\/12\/s-ljubavlju-hrabrim-srcima-slobodan-javor-2-300x225.jpg 300w, https:\/\/www.prijedordanas.com\/wp-content\/uploads\/2022\/12\/s-ljubavlju-hrabrim-srcima-slobodan-javor-2-640x480.jpg 640w, https:\/\/www.prijedordanas.com\/wp-content\/uploads\/2022\/12\/s-ljubavlju-hrabrim-srcima-slobodan-javor-2.jpg 667w\" sizes=\"(max-width: 300px) 100vw, 300px\" \/><\/a>Javor ka\u017ee i da nije primio nijedan poziv iz svog grada, ali da mu je gradona\u010delnik Doboja Boris Jerini\u0107 ustupio vezu sa svog telefona kada je njega dobila jedna gledateljka iz Prijedora koja je tra\u017eila da \u010duje Javora.<\/p>\n<p>&#8220;Onda, na primjer, ka\u017eu mi nazvali da vidimo ko \u0107e nam se javiti. Pa onda kad se predstavite ka\u017eu &#8211; `ajd kad smo ve\u0107 tu da malo i prozborimo`. Ba\u0161 je bilo simpati\u010dno. Ali velika ve\u0107ina se u stvari izjasnila da su se nadali Dodiku, da im se on javi i da s njim progovore koju. Pa pitaju kad \u0107e se on javiti. Ja ka\u017eem, evo, nazovite za minut&#8221;, rekao je Javor.<\/p>\n<p>On je dodao da je vezu bilo te\u0161ko dobiti, da su telefoni non-stop zvonili i da je to bilo jedinstveno iskustvo.<\/p>\n<p>Javor je i za stolom za zvanice i za stolom na kojem su se obavljali telefonski razgovori sjedio pored gradona\u010delnika Banjaluke Dra\u0161ka Stanivukovi\u0107a za kojeg ka\u017ee da s njim ima dobru i korektnu saradnju.<\/p>\n<p>U Banjaluci je u ponedjeljak, 26. decembra, odr\u017eano donatorsko ve\u010de &#8220;S ljubavlju hrabrim srcima&#8221; na kojem su prikupljana sredstva za nabavku transportnih inkubatora za porodili\u0161ta u Republici Srpskoj.<\/p>\n<p>SRNA<\/p>\n","protected":false},"excerpt":{"rendered":"<p>Gradona\u010delnik Prijedora Slobodan Javor rekao je, nakon \u0161to je prvi put prisustvovao donatorskoj ve\u010deri &#8220;S ljubavlju hrabrim srcima&#8221; pod pokroviteljstvom predsjednika Republike Srpske, da je \u010dast biti dio te humanitarne [&hellip;]<\/p>\n","protected":false},"author":1,"featured_media":0,"comment_status":"closed","ping_status":"open","sticky":false,"template":"","format":"standard","meta":{"_monsterinsights_skip_tracking":false,"_monsterinsights_sitenote_active":false,"_monsterinsights_sitenote_note":"","_monsterinsights_sitenote_category":0,"footnotes":""},"categories":[3],"tags":[],"yoast_head":"<!-- This site is optimized with the Yoast SEO plugin v21.6 - https:\/\/yoast.com\/wordpress\/plugins\/seo\/ -->\n<title>Gradona\u010delnik Javor: \u010cast je biti dio akcije &quot;S ljubavlju hrabrim srcima&quot; - FOTO - PrijedorDanas.com - Prijedorski gradski portal<\/title>\n<meta name=\"robots\" content=\"index, follow, max-snippet:-1, max-image-preview:large, max-video-preview:-1\" \/>\n<link rel=\"canonical\" href=\"https:\/\/www.prijedordanas.com\/?p=197687\" \/>\n<meta property=\"og:locale\" content=\"en_US\" \/>\n<meta property=\"og:type\" content=\"article\" \/>\n<meta property=\"og:title\" content=\"Gradona\u010delnik Javor: \u010cast je biti dio akcije &quot;S ljubavlju hrabrim srcima&quot; - FOTO - PrijedorDanas.com - Prijedorski gradski portal\" \/>\n<meta property=\"og:description\" content=\"Gradona\u010delnik Prijedora Slobodan Javor rekao je, nakon \u0161to je prvi put prisustvovao donatorskoj ve\u010deri &#8220;S ljubavlju hrabrim srcima&#8221; pod pokroviteljstvom predsjednika Republike Srpske, da je \u010dast biti dio te humanitarne [&hellip;]\" \/>\n<meta property=\"og:url\" content=\"https:\/\/www.prijedordanas.com\/?p=197687\" \/>\n<meta property=\"og:site_name\" content=\"PrijedorDanas.com - Prijedorski gradski portal\" \/>\n<meta property=\"article:publisher\" content=\"https:\/\/www.facebook.com\/PrijedorDanasCom\/\" \/>\n<meta property=\"article:published_time\" content=\"2022-12-31T11:53:35+00:00\" \/>\n<meta property=\"og:image\" content=\"https:\/\/www.prijedordanas.com\/wp-content\/uploads\/2022\/12\/s-ljubavlju-hrabrim-srcima-slobodan-javor-1-300x225.jpg\" \/>\n<meta name=\"author\" content=\"admin\" \/>\n<meta name=\"twitter:card\" content=\"summary_large_image\" \/>\n<meta name=\"twitter:label1\" content=\"Written by\" \/>\n\t<meta name=\"twitter:data1\" content=\"admin\" \/>\n\t<meta name=\"twitter:label2\" content=\"Est. reading time\" \/>\n\t<meta name=\"twitter:data2\" content=\"2 minutes\" \/>\n<script type=\"application\/ld+json\" class=\"yoast-schema-graph\">{\"@context\":\"https:\/\/schema.org\",\"@graph\":[{\"@type\":\"Article\",\"@id\":\"https:\/\/www.prijedordanas.com\/?p=197687#article\",\"isPartOf\":{\"@id\":\"https:\/\/www.prijedordanas.com\/?p=197687\"},\"author\":{\"name\":\"admin\",\"@id\":\"https:\/\/www.prijedordanas.com\/#\/schema\/person\/4e08ccf29b506ca916ff86d46bb700e6\"},\"headline\":\"Gradona\u010delnik Javor: \u010cast je biti dio akcije &#8220;S ljubavlju hrabrim srcima&#8221; &#8211; FOTO\",\"datePublished\":\"2022-12-31T11:53:35+00:00\",\"dateModified\":\"2022-12-31T11:53:35+00:00\",\"mainEntityOfPage\":{\"@id\":\"https:\/\/www.prijedordanas.com\/?p=197687\"},\"wordCount\":356,\"publisher\":{\"@id\":\"https:\/\/www.prijedordanas.com\/#organization\"},\"articleSection\":[\"\u017divot\"],\"inLanguage\":\"en-US\"},{\"@type\":\"WebPage\",\"@id\":\"https:\/\/www.prijedordanas.com\/?p=197687\",\"url\":\"https:\/\/www.prijedordanas.com\/?p=197687\",\"name\":\"Gradona\u010delnik Javor: \u010cast je biti dio akcije \\\"S ljubavlju hrabrim srcima\\\" - FOTO - PrijedorDanas.com - Prijedorski gradski portal\",\"isPartOf\":{\"@id\":\"https:\/\/www.prijedordanas.com\/#website\"},\"datePublished\":\"2022-12-31T11:53:35+00:00\",\"dateModified\":\"2022-12-31T11:53:35+00:00\",\"breadcrumb\":{\"@id\":\"https:\/\/www.prijedordanas.com\/?p=197687#breadcrumb\"},\"inLanguage\":\"en-US\",\"potentialAction\":[{\"@type\":\"ReadAction\",\"target\":[\"https:\/\/www.prijedordanas.com\/?p=197687\"]}]},{\"@type\":\"BreadcrumbList\",\"@id\":\"https:\/\/www.prijedordanas.com\/?p=197687#breadcrumb\",\"itemListElement\":[{\"@type\":\"ListItem\",\"position\":1,\"name\":\"Home\",\"item\":\"https:\/\/www.prijedordanas.com\/\"},{\"@type\":\"ListItem\",\"position\":2,\"name\":\"Gradona\u010delnik Javor: \u010cast je biti dio akcije &#8220;S ljubavlju hrabrim srcima&#8221; &#8211; FOTO\"}]},{\"@type\":\"WebSite\",\"@id\":\"https:\/\/www.prijedordanas.com\/#website\",\"url\":\"https:\/\/www.prijedordanas.com\/\",\"name\":\"PrijedorDanas.com - Prijedorski gradski portal\",\"description\":\"Portal o doga\u0111anjima u gradu Prijedoru\",\"publisher\":{\"@id\":\"https:\/\/www.prijedordanas.com\/#organization\"},\"potentialAction\":[{\"@type\":\"SearchAction\",\"target\":{\"@type\":\"EntryPoint\",\"urlTemplate\":\"https:\/\/www.prijedordanas.com\/?s={search_term_string}\"},\"query-input\":\"required name=search_term_string\"}],\"inLanguage\":\"en-US\"},{\"@type\":\"Organization\",\"@id\":\"https:\/\/www.prijedordanas.com\/#organization\",\"name\":\"PrijedorDanas.com\",\"url\":\"https:\/\/www.prijedordanas.com\/\",\"logo\":{\"@type\":\"ImageObject\",\"inLanguage\":\"en-US\",\"@id\":\"https:\/\/www.prijedordanas.com\/#\/schema\/logo\/image\/\",\"url\":\"http:\/\/www.prijedordanas.com\/wp-content\/uploads\/2021\/12\/logopng.png\",\"contentUrl\":\"http:\/\/www.prijedordanas.com\/wp-content\/uploads\/2021\/12\/logopng.png\",\"width\":1019,\"height\":776,\"caption\":\"PrijedorDanas.com\"},\"image\":{\"@id\":\"https:\/\/www.prijedordanas.com\/#\/schema\/logo\/image\/\"},\"sameAs\":[\"https:\/\/www.facebook.com\/PrijedorDanasCom\/\"]},{\"@type\":\"Person\",\"@id\":\"https:\/\/www.prijedordanas.com\/#\/schema\/person\/4e08ccf29b506ca916ff86d46bb700e6\",\"name\":\"admin\",\"image\":{\"@type\":\"ImageObject\",\"inLanguage\":\"en-US\",\"@id\":\"https:\/\/www.prijedordanas.com\/#\/schema\/person\/image\/\",\"url\":\"https:\/\/secure.gravatar.com\/avatar\/1d3fc949d550f0b53a5f0d51e06dfd79?s=96&d=mm&r=g\",\"contentUrl\":\"https:\/\/secure.gravatar.com\/avatar\/1d3fc949d550f0b53a5f0d51e06dfd79?s=96&d=mm&r=g\",\"caption\":\"admin\"},\"url\":\"https:\/\/www.prijedordanas.com\/?author=1\"}]}<\/script>\n<!-- \/ Yoast SEO plugin. -->","yoast_head_json":{"title":"Gradona\u010delnik Javor: \u010cast je biti dio akcije \"S ljubavlju hrabrim srcima\" - FOTO - PrijedorDanas.com - Prijedorski gradski portal","robots":{"index":"index","follow":"follow","max-snippet":"max-snippet:-1","max-image-preview":"max-image-preview:large","max-video-preview":"max-video-preview:-1"},"canonical":"https:\/\/www.prijedordanas.com\/?p=197687","og_locale":"en_US","og_type":"article","og_title":"Gradona\u010delnik Javor: \u010cast je biti dio akcije \"S ljubavlju hrabrim srcima\" - FOTO - PrijedorDanas.com - Prijedorski gradski portal","og_description":"Gradona\u010delnik Prijedora Slobodan Javor rekao je, nakon \u0161to je prvi put prisustvovao donatorskoj ve\u010deri &#8220;S ljubavlju hrabrim srcima&#8221; pod pokroviteljstvom predsjednika Republike Srpske, da je \u010dast biti dio te humanitarne [&hellip;]","og_url":"https:\/\/www.prijedordanas.com\/?p=197687","og_site_name":"PrijedorDanas.com - Prijedorski gradski portal","article_publisher":"https:\/\/www.facebook.com\/PrijedorDanasCom\/","article_published_time":"2022-12-31T11:53:35+00:00","og_image":[{"url":"https:\/\/www.prijedordanas.com\/wp-content\/uploads\/2022\/12\/s-ljubavlju-hrabrim-srcima-slobodan-javor-1-300x225.jpg"}],"author":"admin","twitter_card":"summary_large_image","twitter_misc":{"Written by":"admin","Est. reading time":"2 minutes"},"schema":{"@context":"https:\/\/schema.org","@graph":[{"@type":"Article","@id":"https:\/\/www.prijedordanas.com\/?p=197687#article","isPartOf":{"@id":"https:\/\/www.prijedordanas.com\/?p=197687"},"author":{"name":"admin","@id":"https:\/\/www.prijedordanas.com\/#\/schema\/person\/4e08ccf29b506ca916ff86d46bb700e6"},"headline":"Gradona\u010delnik Javor: \u010cast je biti dio akcije &#8220;S ljubavlju hrabrim srcima&#8221; &#8211; FOTO","datePublished":"2022-12-31T11:53:35+00:00","dateModified":"2022-12-31T11:53:35+00:00","mainEntityOfPage":{"@id":"https:\/\/www.prijedordanas.com\/?p=197687"},"wordCount":356,"publisher":{"@id":"https:\/\/www.prijedordanas.com\/#organization"},"articleSection":["\u017divot"],"inLanguage":"en-US"},{"@type":"WebPage","@id":"https:\/\/www.prijedordanas.com\/?p=197687","url":"https:\/\/www.prijedordanas.com\/?p=197687","name":"Gradona\u010delnik Javor: \u010cast je biti dio akcije \"S ljubavlju hrabrim srcima\" - FOTO - PrijedorDanas.com - Prijedorski gradski portal","isPartOf":{"@id":"https:\/\/www.prijedordanas.com\/#website"},"datePublished":"2022-12-31T11:53:35+00:00","dateModified":"2022-12-31T11:53:35+00:00","breadcrumb":{"@id":"https:\/\/www.prijedordanas.com\/?p=197687#breadcrumb"},"inLanguage":"en-US","potentialAction":[{"@type":"ReadAction","target":["https:\/\/www.prijedordanas.com\/?p=197687"]}]},{"@type":"BreadcrumbList","@id":"https:\/\/www.prijedordanas.com\/?p=197687#breadcrumb","itemListElement":[{"@type":"ListItem","position":1,"name":"Home","item":"https:\/\/www.prijedordanas.com\/"},{"@type":"ListItem","position":2,"name":"Gradona\u010delnik Javor: \u010cast je biti dio akcije &#8220;S ljubavlju hrabrim srcima&#8221; &#8211; FOTO"}]},{"@type":"WebSite","@id":"https:\/\/www.prijedordanas.com\/#website","url":"https:\/\/www.prijedordanas.com\/","name":"PrijedorDanas.com - Prijedorski gradski portal","description":"Portal o doga\u0111anjima u gradu Prijedoru","publisher":{"@id":"https:\/\/www.prijedordanas.com\/#organization"},"potentialAction":[{"@type":"SearchAction","target":{"@type":"EntryPoint","urlTemplate":"https:\/\/www.prijedordanas.com\/?s={search_term_string}"},"query-input":"required name=search_term_string"}],"inLanguage":"en-US"},{"@type":"Organization","@id":"https:\/\/www.prijedordanas.com\/#organization","name":"PrijedorDanas.com","url":"https:\/\/www.prijedordanas.com\/","logo":{"@type":"ImageObject","inLanguage":"en-US","@id":"https:\/\/www.prijedordanas.com\/#\/schema\/logo\/image\/","url":"http:\/\/www.prijedordanas.com\/wp-content\/uploads\/2021\/12\/logopng.png","contentUrl":"http:\/\/www.prijedordanas.com\/wp-content\/uploads\/2021\/12\/logopng.png","width":1019,"height":776,"caption":"PrijedorDanas.com"},"image":{"@id":"https:\/\/www.prijedordanas.com\/#\/schema\/logo\/image\/"},"sameAs":["https:\/\/www.facebook.com\/PrijedorDanasCom\/"]},{"@type":"Person","@id":"https:\/\/www.prijedordanas.com\/#\/schema\/person\/4e08ccf29b506ca916ff86d46bb700e6","name":"admin","image":{"@type":"ImageObject","inLanguage":"en-US","@id":"https:\/\/www.prijedordanas.com\/#\/schema\/person\/image\/","url":"https:\/\/secure.gravatar.com\/avatar\/1d3fc949d550f0b53a5f0d51e06dfd79?s=96&d=mm&r=g","contentUrl":"https:\/\/secure.gravatar.com\/avatar\/1d3fc949d550f0b53a5f0d51e06dfd79?s=96&d=mm&r=g","caption":"admin"},"url":"https:\/\/www.prijedordanas.com\/?author=1"}]}},"_links":{"self":[{"href":"https:\/\/www.prijedordanas.com\/index.php?rest_route=\/wp\/v2\/posts\/197687"}],"collection":[{"href":"https:\/\/www.prijedordanas.com\/index.php?rest_route=\/wp\/v2\/posts"}],"about":[{"href":"https:\/\/www.prijedordanas.com\/index.php?rest_route=\/wp\/v2\/types\/post"}],"author":[{"embeddable":true,"href":"https:\/\/www.prijedordanas.com\/index.php?rest_route=\/wp\/v2\/users\/1"}],"replies":[{"embeddable":true,"href":"https:\/\/www.prijedordanas.com\/index.php?rest_route=%2Fwp%2Fv2%2Fcomments&post=197687"}],"version-history":[{"count":1,"href":"https:\/\/www.prijedordanas.com\/index.php?rest_route=\/wp\/v2\/posts\/197687\/revisions"}],"predecessor-version":[{"id":197690,"href":"https:\/\/www.prijedordanas.com\/index.php?rest_route=\/wp\/v2\/posts\/197687\/revisions\/197690"}],"wp:attachment":[{"href":"https:\/\/www.prijedordanas.com\/index.php?rest_route=%2Fwp%2Fv2%2Fmedia&parent=197687"}],"wp:term":[{"taxonomy":"category","embeddable":true,"href":"https:\/\/www.prijedordanas.com\/index.php?rest_route=%2Fwp%2Fv2%2Fcategories&post=197687"},{"taxonomy":"post_tag","embeddable":true,"href":"https:\/\/www.prijedordanas.com\/index.php?rest_route=%2Fwp%2Fv2%2Ftags&post=197687"}],"curies":[{"name":"wp","href":"https:\/\/api.w.org\/{rel}","templated":true}]}}