{"id":197666,"date":"2022-12-31T09:09:18","date_gmt":"2022-12-31T08:09:18","guid":{"rendered":"https:\/\/www.prijedordanas.com\/?p=197666"},"modified":"2022-12-31T09:09:18","modified_gmt":"2022-12-31T08:09:18","slug":"bilbija-i-adamovic-oslobodeni-optuzbi-za-zlocine-u-prijedoru","status":"publish","type":"post","link":"https:\/\/www.prijedordanas.com\/?p=197666","title":{"rendered":"Bilbija i Adamovi\u0107 oslobo\u0111eni optu\u017ebi za zlo\u010dine u Prijedoru"},"content":{"rendered":"<p><a href=\"https:\/\/www.prijedordanas.com\/wp-content\/uploads\/2022\/12\/birn-sud-bih-1.jpg\"><img loading=\"lazy\" decoding=\"async\" src=\"https:\/\/www.prijedordanas.com\/wp-content\/uploads\/2022\/12\/birn-sud-bih-1-300x225.jpg\" alt=\"\" width=\"300\" height=\"225\" class=\"alignleft size-medium wp-image-197667\" srcset=\"https:\/\/www.prijedordanas.com\/wp-content\/uploads\/2022\/12\/birn-sud-bih-1-300x225.jpg 300w, https:\/\/www.prijedordanas.com\/wp-content\/uploads\/2022\/12\/birn-sud-bih-1-640x480.jpg 640w, https:\/\/www.prijedordanas.com\/wp-content\/uploads\/2022\/12\/birn-sud-bih-1.jpg 667w\" sizes=\"(max-width: 300px) 100vw, 300px\" \/><\/a>Bratislav Bilbija i \u0110uro Adamovi\u0107 oslobo\u0111eni su u drugostepenom postupku optu\u017ebi za zlo\u010dine na podru\u010dju Prijedora u avgustu 1992. godine.<\/p>\n<p>Bilbija i Adamovi\u0107 oslobo\u0111eni su optu\u017ebi za ne\u010dovje\u010dno postupanje prema civilima u zaseoku Bukvik, nakon obnovljenog su\u0111enja pred Apelacionim vije\u0107em Suda Bosne i Hercegovine.<\/p>\n<p>Oni su bili osu\u0111eni u prvostepenom postupku, ali je tu presudu ukinulo Apelaciono vije\u0107e jer se, kako je rekao predsjedavaju\u0107i Stani\u0161a Gluhaji\u0107, zasnivala na dokazima na kojima nije mogla biti zasnovana.<\/p>\n<p>\u201cApelaciono vije\u0107e nije moglo van razumne sumnje utvrditi da su optu\u017eeni po\u010dinili djela koja im se optu\u017enicom stavljaju na teret, dijelom zbog nedosljednosti iskaza svjedoka\u201d, rekao je Gluhaji\u0107.<\/p>\n<p>On se posebno osvrnuo na svjedoka \u201cA\u201c, koji je bio o\u010devidac doga\u0111aja, te na druge svjedoke koji su vidjeli fragmente de\u0161avanja.<\/p>\n<p>\u201cApelaciono vije\u0107e nije na\u0161lo da je svjedok \u2018A\u2019 dovoljno pouzdan i vjerodostojan jer u njegovom iskazu nalazi razlike koje su nedopustive\u201d, obrazlo\u017eio je Gluhaji\u0107.<\/p>\n<p>On je naveo da je ovaj svjedok na su\u0111enju rekao kako je vidio da Bilbija udara Smaila Kadiri\u0107a, \u0161to se optu\u017enicom na teret stavlja Adamovi\u0107u, dok u istrazi uop\u0161te nije spominjao ovaj doga\u0111aj. Sudija je dodao da je na pitanje o ovim razlikama svjedok rekao da je svako udarao, pa vjerovatno i on.<\/p>\n<p>Gluhaji\u0107 je naveo da je svjedok \u201cA\u201c davao razli\u010dite iskaze i u pogledu lica koja su njega udarala, kao i o drugim okolnostima.<\/p>\n<p>Apelaciono vije\u0107e je razmatralo i pitanje identiteta optu\u017eenih i zaklju\u010dilo da Odbrane nisu dovele u pitanje njihovo prisustvo, te da su svjedoci jasno imenovali.<\/p>\n<p>Bilbija je bio optu\u017een da je sredinom avgusta 1992. udarao rukama, nogama i kundakom Emsuda Kadiri\u0107a, a Adamovi\u0107 da je tukao Smaila Kadiri\u0107a.<\/p>\n<p>Apelaciono vije\u0107e je u julu prihvatilo \u017ealbe Odbrana i ukinulo u osu\u0111uju\u0107em dijelu prvostepenu presudu kojom su u novembru 2021. Bilbija i Adamovi\u0107 bili osu\u0111eni na dvije, odnosno tri godine zatvora. Potvr\u0111en je osloba\u0111aju\u0107i dio prvostepene presude u odnosu na optu\u017ebe protiv Bilbije, Adamovi\u0107a, kao i Ranka Babi\u0107a za ubistvo, mu\u010denje i prisilni nestanak.<\/p>\n<p>Na presudu Apelacionog vije\u0107a nije dozvoljena \u017ealba, a optu\u017eenima su ukinute mjere zabrane.<\/p>\n<p>detektor.ba<\/p>\n","protected":false},"excerpt":{"rendered":"<p>Bratislav Bilbija i \u0110uro Adamovi\u0107 oslobo\u0111eni su u drugostepenom postupku optu\u017ebi za zlo\u010dine na podru\u010dju Prijedora u avgustu 1992. godine. Bilbija i Adamovi\u0107 oslobo\u0111eni su optu\u017ebi za ne\u010dovje\u010dno postupanje prema [&hellip;]<\/p>\n","protected":false},"author":1,"featured_media":0,"comment_status":"closed","ping_status":"open","sticky":false,"template":"","format":"standard","meta":{"_monsterinsights_skip_tracking":false,"_monsterinsights_sitenote_active":false,"_monsterinsights_sitenote_note":"","_monsterinsights_sitenote_category":0,"footnotes":""},"categories":[5],"tags":[],"yoast_head":"<!-- This site is optimized with the Yoast SEO plugin v21.6 - https:\/\/yoast.com\/wordpress\/plugins\/seo\/ -->\n<title>Bilbija i Adamovi\u0107 oslobo\u0111eni optu\u017ebi za zlo\u010dine u Prijedoru - PrijedorDanas.com - Prijedorski gradski portal<\/title>\n<meta name=\"robots\" content=\"index, follow, max-snippet:-1, max-image-preview:large, max-video-preview:-1\" \/>\n<link rel=\"canonical\" href=\"https:\/\/www.prijedordanas.com\/?p=197666\" \/>\n<meta property=\"og:locale\" content=\"en_US\" \/>\n<meta property=\"og:type\" content=\"article\" \/>\n<meta property=\"og:title\" content=\"Bilbija i Adamovi\u0107 oslobo\u0111eni optu\u017ebi za zlo\u010dine u Prijedoru - PrijedorDanas.com - Prijedorski gradski portal\" \/>\n<meta property=\"og:description\" content=\"Bratislav Bilbija i \u0110uro Adamovi\u0107 oslobo\u0111eni su u drugostepenom postupku optu\u017ebi za zlo\u010dine na podru\u010dju Prijedora u avgustu 1992. godine. Bilbija i Adamovi\u0107 oslobo\u0111eni su optu\u017ebi za ne\u010dovje\u010dno postupanje prema [&hellip;]\" \/>\n<meta property=\"og:url\" content=\"https:\/\/www.prijedordanas.com\/?p=197666\" \/>\n<meta property=\"og:site_name\" content=\"PrijedorDanas.com - Prijedorski gradski portal\" \/>\n<meta property=\"article:publisher\" content=\"https:\/\/www.facebook.com\/PrijedorDanasCom\/\" \/>\n<meta property=\"article:published_time\" content=\"2022-12-31T08:09:18+00:00\" \/>\n<meta property=\"og:image\" content=\"https:\/\/www.prijedordanas.com\/wp-content\/uploads\/2022\/12\/birn-sud-bih-1-300x225.jpg\" \/>\n<meta name=\"author\" content=\"admin\" \/>\n<meta name=\"twitter:card\" content=\"summary_large_image\" \/>\n<meta name=\"twitter:label1\" content=\"Written by\" \/>\n\t<meta name=\"twitter:data1\" content=\"admin\" \/>\n<script type=\"application\/ld+json\" class=\"yoast-schema-graph\">{\"@context\":\"https:\/\/schema.org\",\"@graph\":[{\"@type\":\"Article\",\"@id\":\"https:\/\/www.prijedordanas.com\/?p=197666#article\",\"isPartOf\":{\"@id\":\"https:\/\/www.prijedordanas.com\/?p=197666\"},\"author\":{\"name\":\"admin\",\"@id\":\"https:\/\/www.prijedordanas.com\/#\/schema\/person\/4e08ccf29b506ca916ff86d46bb700e6\"},\"headline\":\"Bilbija i Adamovi\u0107 oslobo\u0111eni optu\u017ebi za zlo\u010dine u Prijedoru\",\"datePublished\":\"2022-12-31T08:09:18+00:00\",\"dateModified\":\"2022-12-31T08:09:18+00:00\",\"mainEntityOfPage\":{\"@id\":\"https:\/\/www.prijedordanas.com\/?p=197666\"},\"wordCount\":399,\"publisher\":{\"@id\":\"https:\/\/www.prijedordanas.com\/#organization\"},\"articleSection\":[\"Hronika\"],\"inLanguage\":\"en-US\"},{\"@type\":\"WebPage\",\"@id\":\"https:\/\/www.prijedordanas.com\/?p=197666\",\"url\":\"https:\/\/www.prijedordanas.com\/?p=197666\",\"name\":\"Bilbija i Adamovi\u0107 oslobo\u0111eni optu\u017ebi za zlo\u010dine u Prijedoru - PrijedorDanas.com - Prijedorski gradski portal\",\"isPartOf\":{\"@id\":\"https:\/\/www.prijedordanas.com\/#website\"},\"datePublished\":\"2022-12-31T08:09:18+00:00\",\"dateModified\":\"2022-12-31T08:09:18+00:00\",\"breadcrumb\":{\"@id\":\"https:\/\/www.prijedordanas.com\/?p=197666#breadcrumb\"},\"inLanguage\":\"en-US\",\"potentialAction\":[{\"@type\":\"ReadAction\",\"target\":[\"https:\/\/www.prijedordanas.com\/?p=197666\"]}]},{\"@type\":\"BreadcrumbList\",\"@id\":\"https:\/\/www.prijedordanas.com\/?p=197666#breadcrumb\",\"itemListElement\":[{\"@type\":\"ListItem\",\"position\":1,\"name\":\"Home\",\"item\":\"https:\/\/www.prijedordanas.com\/\"},{\"@type\":\"ListItem\",\"position\":2,\"name\":\"Bilbija i Adamovi\u0107 oslobo\u0111eni optu\u017ebi za zlo\u010dine u Prijedoru\"}]},{\"@type\":\"WebSite\",\"@id\":\"https:\/\/www.prijedordanas.com\/#website\",\"url\":\"https:\/\/www.prijedordanas.com\/\",\"name\":\"PrijedorDanas.com - Prijedorski gradski portal\",\"description\":\"Portal o doga\u0111anjima u gradu Prijedoru\",\"publisher\":{\"@id\":\"https:\/\/www.prijedordanas.com\/#organization\"},\"potentialAction\":[{\"@type\":\"SearchAction\",\"target\":{\"@type\":\"EntryPoint\",\"urlTemplate\":\"https:\/\/www.prijedordanas.com\/?s={search_term_string}\"},\"query-input\":\"required name=search_term_string\"}],\"inLanguage\":\"en-US\"},{\"@type\":\"Organization\",\"@id\":\"https:\/\/www.prijedordanas.com\/#organization\",\"name\":\"PrijedorDanas.com\",\"url\":\"https:\/\/www.prijedordanas.com\/\",\"logo\":{\"@type\":\"ImageObject\",\"inLanguage\":\"en-US\",\"@id\":\"https:\/\/www.prijedordanas.com\/#\/schema\/logo\/image\/\",\"url\":\"http:\/\/www.prijedordanas.com\/wp-content\/uploads\/2021\/12\/logopng.png\",\"contentUrl\":\"http:\/\/www.prijedordanas.com\/wp-content\/uploads\/2021\/12\/logopng.png\",\"width\":1019,\"height\":776,\"caption\":\"PrijedorDanas.com\"},\"image\":{\"@id\":\"https:\/\/www.prijedordanas.com\/#\/schema\/logo\/image\/\"},\"sameAs\":[\"https:\/\/www.facebook.com\/PrijedorDanasCom\/\"]},{\"@type\":\"Person\",\"@id\":\"https:\/\/www.prijedordanas.com\/#\/schema\/person\/4e08ccf29b506ca916ff86d46bb700e6\",\"name\":\"admin\",\"image\":{\"@type\":\"ImageObject\",\"inLanguage\":\"en-US\",\"@id\":\"https:\/\/www.prijedordanas.com\/#\/schema\/person\/image\/\",\"url\":\"https:\/\/secure.gravatar.com\/avatar\/1d3fc949d550f0b53a5f0d51e06dfd79?s=96&d=mm&r=g\",\"contentUrl\":\"https:\/\/secure.gravatar.com\/avatar\/1d3fc949d550f0b53a5f0d51e06dfd79?s=96&d=mm&r=g\",\"caption\":\"admin\"},\"url\":\"https:\/\/www.prijedordanas.com\/?author=1\"}]}<\/script>\n<!-- \/ Yoast SEO plugin. -->","yoast_head_json":{"title":"Bilbija i Adamovi\u0107 oslobo\u0111eni optu\u017ebi za zlo\u010dine u Prijedoru - PrijedorDanas.com - Prijedorski gradski portal","robots":{"index":"index","follow":"follow","max-snippet":"max-snippet:-1","max-image-preview":"max-image-preview:large","max-video-preview":"max-video-preview:-1"},"canonical":"https:\/\/www.prijedordanas.com\/?p=197666","og_locale":"en_US","og_type":"article","og_title":"Bilbija i Adamovi\u0107 oslobo\u0111eni optu\u017ebi za zlo\u010dine u Prijedoru - PrijedorDanas.com - Prijedorski gradski portal","og_description":"Bratislav Bilbija i \u0110uro Adamovi\u0107 oslobo\u0111eni su u drugostepenom postupku optu\u017ebi za zlo\u010dine na podru\u010dju Prijedora u avgustu 1992. godine. Bilbija i Adamovi\u0107 oslobo\u0111eni su optu\u017ebi za ne\u010dovje\u010dno postupanje prema [&hellip;]","og_url":"https:\/\/www.prijedordanas.com\/?p=197666","og_site_name":"PrijedorDanas.com - Prijedorski gradski portal","article_publisher":"https:\/\/www.facebook.com\/PrijedorDanasCom\/","article_published_time":"2022-12-31T08:09:18+00:00","og_image":[{"url":"https:\/\/www.prijedordanas.com\/wp-content\/uploads\/2022\/12\/birn-sud-bih-1-300x225.jpg"}],"author":"admin","twitter_card":"summary_large_image","twitter_misc":{"Written by":"admin"},"schema":{"@context":"https:\/\/schema.org","@graph":[{"@type":"Article","@id":"https:\/\/www.prijedordanas.com\/?p=197666#article","isPartOf":{"@id":"https:\/\/www.prijedordanas.com\/?p=197666"},"author":{"name":"admin","@id":"https:\/\/www.prijedordanas.com\/#\/schema\/person\/4e08ccf29b506ca916ff86d46bb700e6"},"headline":"Bilbija i Adamovi\u0107 oslobo\u0111eni optu\u017ebi za zlo\u010dine u Prijedoru","datePublished":"2022-12-31T08:09:18+00:00","dateModified":"2022-12-31T08:09:18+00:00","mainEntityOfPage":{"@id":"https:\/\/www.prijedordanas.com\/?p=197666"},"wordCount":399,"publisher":{"@id":"https:\/\/www.prijedordanas.com\/#organization"},"articleSection":["Hronika"],"inLanguage":"en-US"},{"@type":"WebPage","@id":"https:\/\/www.prijedordanas.com\/?p=197666","url":"https:\/\/www.prijedordanas.com\/?p=197666","name":"Bilbija i Adamovi\u0107 oslobo\u0111eni optu\u017ebi za zlo\u010dine u Prijedoru - PrijedorDanas.com - Prijedorski gradski portal","isPartOf":{"@id":"https:\/\/www.prijedordanas.com\/#website"},"datePublished":"2022-12-31T08:09:18+00:00","dateModified":"2022-12-31T08:09:18+00:00","breadcrumb":{"@id":"https:\/\/www.prijedordanas.com\/?p=197666#breadcrumb"},"inLanguage":"en-US","potentialAction":[{"@type":"ReadAction","target":["https:\/\/www.prijedordanas.com\/?p=197666"]}]},{"@type":"BreadcrumbList","@id":"https:\/\/www.prijedordanas.com\/?p=197666#breadcrumb","itemListElement":[{"@type":"ListItem","position":1,"name":"Home","item":"https:\/\/www.prijedordanas.com\/"},{"@type":"ListItem","position":2,"name":"Bilbija i Adamovi\u0107 oslobo\u0111eni optu\u017ebi za zlo\u010dine u Prijedoru"}]},{"@type":"WebSite","@id":"https:\/\/www.prijedordanas.com\/#website","url":"https:\/\/www.prijedordanas.com\/","name":"PrijedorDanas.com - Prijedorski gradski portal","description":"Portal o doga\u0111anjima u gradu Prijedoru","publisher":{"@id":"https:\/\/www.prijedordanas.com\/#organization"},"potentialAction":[{"@type":"SearchAction","target":{"@type":"EntryPoint","urlTemplate":"https:\/\/www.prijedordanas.com\/?s={search_term_string}"},"query-input":"required name=search_term_string"}],"inLanguage":"en-US"},{"@type":"Organization","@id":"https:\/\/www.prijedordanas.com\/#organization","name":"PrijedorDanas.com","url":"https:\/\/www.prijedordanas.com\/","logo":{"@type":"ImageObject","inLanguage":"en-US","@id":"https:\/\/www.prijedordanas.com\/#\/schema\/logo\/image\/","url":"http:\/\/www.prijedordanas.com\/wp-content\/uploads\/2021\/12\/logopng.png","contentUrl":"http:\/\/www.prijedordanas.com\/wp-content\/uploads\/2021\/12\/logopng.png","width":1019,"height":776,"caption":"PrijedorDanas.com"},"image":{"@id":"https:\/\/www.prijedordanas.com\/#\/schema\/logo\/image\/"},"sameAs":["https:\/\/www.facebook.com\/PrijedorDanasCom\/"]},{"@type":"Person","@id":"https:\/\/www.prijedordanas.com\/#\/schema\/person\/4e08ccf29b506ca916ff86d46bb700e6","name":"admin","image":{"@type":"ImageObject","inLanguage":"en-US","@id":"https:\/\/www.prijedordanas.com\/#\/schema\/person\/image\/","url":"https:\/\/secure.gravatar.com\/avatar\/1d3fc949d550f0b53a5f0d51e06dfd79?s=96&d=mm&r=g","contentUrl":"https:\/\/secure.gravatar.com\/avatar\/1d3fc949d550f0b53a5f0d51e06dfd79?s=96&d=mm&r=g","caption":"admin"},"url":"https:\/\/www.prijedordanas.com\/?author=1"}]}},"_links":{"self":[{"href":"https:\/\/www.prijedordanas.com\/index.php?rest_route=\/wp\/v2\/posts\/197666"}],"collection":[{"href":"https:\/\/www.prijedordanas.com\/index.php?rest_route=\/wp\/v2\/posts"}],"about":[{"href":"https:\/\/www.prijedordanas.com\/index.php?rest_route=\/wp\/v2\/types\/post"}],"author":[{"embeddable":true,"href":"https:\/\/www.prijedordanas.com\/index.php?rest_route=\/wp\/v2\/users\/1"}],"replies":[{"embeddable":true,"href":"https:\/\/www.prijedordanas.com\/index.php?rest_route=%2Fwp%2Fv2%2Fcomments&post=197666"}],"version-history":[{"count":1,"href":"https:\/\/www.prijedordanas.com\/index.php?rest_route=\/wp\/v2\/posts\/197666\/revisions"}],"predecessor-version":[{"id":197668,"href":"https:\/\/www.prijedordanas.com\/index.php?rest_route=\/wp\/v2\/posts\/197666\/revisions\/197668"}],"wp:attachment":[{"href":"https:\/\/www.prijedordanas.com\/index.php?rest_route=%2Fwp%2Fv2%2Fmedia&parent=197666"}],"wp:term":[{"taxonomy":"category","embeddable":true,"href":"https:\/\/www.prijedordanas.com\/index.php?rest_route=%2Fwp%2Fv2%2Fcategories&post=197666"},{"taxonomy":"post_tag","embeddable":true,"href":"https:\/\/www.prijedordanas.com\/index.php?rest_route=%2Fwp%2Fv2%2Ftags&post=197666"}],"curies":[{"name":"wp","href":"https:\/\/api.w.org\/{rel}","templated":true}]}}