{"id":197573,"date":"2022-12-29T09:56:03","date_gmt":"2022-12-29T08:56:03","guid":{"rendered":"https:\/\/www.prijedordanas.com\/?p=197573"},"modified":"2022-12-29T09:56:03","modified_gmt":"2022-12-29T08:56:03","slug":"goran-pejic-posljedice-hapsenja-i-postupka-za-ratne-zlocine","status":"publish","type":"post","link":"https:\/\/www.prijedordanas.com\/?p=197573","title":{"rendered":"Goran Peji\u0107: Posljedice hap\u0161enja i postupka za ratne zlo\u010dine"},"content":{"rendered":"<p><a href=\"https:\/\/www.prijedordanas.com\/wp-content\/uploads\/2022\/12\/detektorba-sud-bih.jpg\"><img loading=\"lazy\" decoding=\"async\" src=\"https:\/\/www.prijedordanas.com\/wp-content\/uploads\/2022\/12\/detektorba-sud-bih-300x225.jpg\" alt=\"\" width=\"300\" height=\"225\" class=\"alignleft size-medium wp-image-197574\" srcset=\"https:\/\/www.prijedordanas.com\/wp-content\/uploads\/2022\/12\/detektorba-sud-bih-300x225.jpg 300w, https:\/\/www.prijedordanas.com\/wp-content\/uploads\/2022\/12\/detektorba-sud-bih-640x480.jpg 640w, https:\/\/www.prijedordanas.com\/wp-content\/uploads\/2022\/12\/detektorba-sud-bih.jpg 667w\" sizes=\"(max-width: 300px) 100vw, 300px\" \/><\/a>Na glavnoj raspravi po tu\u017ebi protiv Bosne i Hercegovine, Goran Peji\u0107, oslobo\u0111en optu\u017ebi za zlo\u010dine na podru\u010dju Prijedora, izjavio je kako je, prilikom hap\u0161enja, mislio da je u pitanju gre\u0161ka i kako se nadao da \u0107e se brzo sve razjasniti, ali da su uslijedile godine potpunog haosa u njegovom \u017eivotu.<\/p>\n<p>Peji\u0107, koji je podnio tu\u017ebu za naknadu \u0161tete zbog li\u0161enja slobode i mjera zabrane, kazao je da su mu se \u201cnoge odsjekle\u201d kada je prilikom hap\u0161enja u junu 2015. \u010duo da ga sumnji\u010de za ratne zlo\u010dine.<\/p>\n<p>\u201cTri dana nisam jeo od stresa. Osje\u0107ao sam se bijedno i bespomo\u0107no\u201d, kazao je Peji\u0107.<\/p>\n<p>On je rekao da nije poznavao pet ljudi iz Tukova, za \u010dije je ubistvo bio osumnji\u010den, a kasnije optu\u017een, kao ni drugog osumnji\u010denog ni svjedoka, te da je navodio imena ljudi koji su mogli potvrditi gdje se nalazio.<\/p>\n<p>\u201cVjerovao sam da to samo treba razjasniti, ali ni danas nisam siguran, jer sam vidio da se ne ide u zadovoljenje pravde nego u dobijanje procesa\u201d, kazao je Peji\u0107.<\/p>\n<p>On je naveo da su njegova djeca, majka i supruga te\u0161ko primili sva ta de\u0161avanja. Kazao je da je povremeno uzimao lijekove da lak\u0161e podnese situaciju, ali da ih nije mogao stalno koristiti jer je radio kao in\u017eenjer elektrotehnike u rudniku.<\/p>\n<p>Na pitanje pomo\u0107nika pravobranioca Seada Zukanovi\u0107a, Peji\u0107 je rekao da se zbog problema koje je imao nije javljao ljekaru. Kazao je da je djelimi\u010dno olak\u0161anje do\u017eivio kada je pravosna\u017eno oslobo\u0111en optu\u017ebi. Prisjetio se novinskih naslova o hap\u0161enju monstruma.<\/p>\n<p>Na ro\u010di\u0161tu su svjedo\u010dili Peji\u0107evi supruga i sin, koji su govorili o te\u0161ko\u0107ama kroz koje su prolazili. Davroka Peji\u0107 je navela da joj je prilikom hap\u0161enja supruga bilo sumnjivo \u0161to je pisalo da mu je nadimak Ledeni, a da su poslije, kada su se raspitivali kako je on mogao biti optu\u017een, saznali da je bio \u010dovjek s tim nadimkom koji je \u201csva\u0161ta radio\u201d.<\/p>\n<p>Nemanja Peji\u0107 je rekao da je njegov otac nakon hap\u0161enja postao razdra\u017eljiv i da je bje\u017eao u samo\u0107u i da nakon svega vi\u0161e nije isti \u010dovjek.<\/p>\n<p>Nalaz i mi\u0161ljenje iznio je vje\u0161tak neuropsihijatar Slobodan Stankovi\u0107, koji je utvrdio da je Peji\u0107 trpio strah jakog intenziteta \u010detiri mjeseca, ra\u010dunaju\u0107i dane odlazaka na sud, da je strahu srednjeg intenziteta bio izlo\u017een godinu, a ostatak vremena trpio je strah blagog intenziteta.<\/p>\n<p>\u201cNije mogao shvatiti ni prihvatiti ono \u0161to mu se de\u0161ava\u201d, kazao je Stankovi\u0107.<\/p>\n<p>Zukanovi\u0107 je rekao da osporava nalaz vje\u0161taka, navode\u0107i da je Peji\u0107 bio li\u0161en slobode dva dana i da neosnovano potra\u017euje naknadu u visini od 15.000 maraka.<\/p>\n<p>\u201cNema nijedan dokaz da se obratio ljekaru zbog psihi\u010dkih tegoba. Podnosilac tu\u017ebe nije do\u017eivio trajne posljednice u emocionalnoj sferi\u201d, kazao je Zukanovi\u0107.<\/p>\n<p>Punomo\u0107nik Savan Zec u zavr\u0161noj rije\u010di naveo je da je dokazana osnovanost tu\u017ebenog zahtjeva, isti\u010du\u0107i da su li\u0161avanje slobode i mjere zabrane ostavile psihi\u010dke posljedice i ograni\u010dile ljudska prava Peji\u0107a.<\/p>\n<p>Zukanovi\u0107 je kazao da u cijelosti osporava tu\u017ebeni zahtjev, te da je ispitivanje podnosioca tu\u017ebe trajalo od 17. do 19. juna 2015. On je rekao i da je u pitanju zastara potra\u017eivanja jer je probijen rok od tri godine, \u010dime se nije slo\u017eio Zec.<\/p>\n<p>Peji\u0107 je u maju 2018. oslobo\u0111en optu\u017ebi da je sa Miloradom Radakovi\u0107em u\u010destvovao u ubistvu pet \u010dlanova porodice E\u0107imovi\u0107 u naselju Tukovi 13. juna 1992. Ova presuda je krajem 2018. potvr\u0111ena.<\/p>\n<p>detektor.ba<\/p>\n","protected":false},"excerpt":{"rendered":"<p>Na glavnoj raspravi po tu\u017ebi protiv Bosne i Hercegovine, Goran Peji\u0107, oslobo\u0111en optu\u017ebi za zlo\u010dine na podru\u010dju Prijedora, izjavio je kako je, prilikom hap\u0161enja, mislio da je u pitanju gre\u0161ka [&hellip;]<\/p>\n","protected":false},"author":1,"featured_media":0,"comment_status":"closed","ping_status":"open","sticky":false,"template":"","format":"standard","meta":{"_monsterinsights_skip_tracking":false,"_monsterinsights_sitenote_active":false,"_monsterinsights_sitenote_note":"","_monsterinsights_sitenote_category":0,"footnotes":""},"categories":[5],"tags":[],"yoast_head":"<!-- This site is optimized with the Yoast SEO plugin v21.6 - https:\/\/yoast.com\/wordpress\/plugins\/seo\/ -->\n<title>Goran Peji\u0107: Posljedice hap\u0161enja i postupka za ratne zlo\u010dine - PrijedorDanas.com - Prijedorski gradski portal<\/title>\n<meta name=\"robots\" content=\"index, follow, max-snippet:-1, max-image-preview:large, max-video-preview:-1\" \/>\n<link rel=\"canonical\" href=\"https:\/\/www.prijedordanas.com\/?p=197573\" \/>\n<meta property=\"og:locale\" content=\"en_US\" \/>\n<meta property=\"og:type\" content=\"article\" \/>\n<meta property=\"og:title\" content=\"Goran Peji\u0107: Posljedice hap\u0161enja i postupka za ratne zlo\u010dine - PrijedorDanas.com - Prijedorski gradski portal\" \/>\n<meta property=\"og:description\" content=\"Na glavnoj raspravi po tu\u017ebi protiv Bosne i Hercegovine, Goran Peji\u0107, oslobo\u0111en optu\u017ebi za zlo\u010dine na podru\u010dju Prijedora, izjavio je kako je, prilikom hap\u0161enja, mislio da je u pitanju gre\u0161ka [&hellip;]\" \/>\n<meta property=\"og:url\" content=\"https:\/\/www.prijedordanas.com\/?p=197573\" \/>\n<meta property=\"og:site_name\" content=\"PrijedorDanas.com - Prijedorski gradski portal\" \/>\n<meta property=\"article:publisher\" content=\"https:\/\/www.facebook.com\/PrijedorDanasCom\/\" \/>\n<meta property=\"article:published_time\" content=\"2022-12-29T08:56:03+00:00\" \/>\n<meta property=\"og:image\" content=\"https:\/\/www.prijedordanas.com\/wp-content\/uploads\/2022\/12\/detektorba-sud-bih-300x225.jpg\" \/>\n<meta name=\"author\" content=\"admin\" \/>\n<meta name=\"twitter:card\" content=\"summary_large_image\" \/>\n<meta name=\"twitter:label1\" content=\"Written by\" \/>\n\t<meta name=\"twitter:data1\" content=\"admin\" \/>\n<script type=\"application\/ld+json\" class=\"yoast-schema-graph\">{\"@context\":\"https:\/\/schema.org\",\"@graph\":[{\"@type\":\"Article\",\"@id\":\"https:\/\/www.prijedordanas.com\/?p=197573#article\",\"isPartOf\":{\"@id\":\"https:\/\/www.prijedordanas.com\/?p=197573\"},\"author\":{\"name\":\"admin\",\"@id\":\"https:\/\/www.prijedordanas.com\/#\/schema\/person\/4e08ccf29b506ca916ff86d46bb700e6\"},\"headline\":\"Goran Peji\u0107: Posljedice hap\u0161enja i postupka za ratne zlo\u010dine\",\"datePublished\":\"2022-12-29T08:56:03+00:00\",\"dateModified\":\"2022-12-29T08:56:03+00:00\",\"mainEntityOfPage\":{\"@id\":\"https:\/\/www.prijedordanas.com\/?p=197573\"},\"wordCount\":625,\"publisher\":{\"@id\":\"https:\/\/www.prijedordanas.com\/#organization\"},\"articleSection\":[\"Hronika\"],\"inLanguage\":\"en-US\"},{\"@type\":\"WebPage\",\"@id\":\"https:\/\/www.prijedordanas.com\/?p=197573\",\"url\":\"https:\/\/www.prijedordanas.com\/?p=197573\",\"name\":\"Goran Peji\u0107: Posljedice hap\u0161enja i postupka za ratne zlo\u010dine - PrijedorDanas.com - Prijedorski gradski portal\",\"isPartOf\":{\"@id\":\"https:\/\/www.prijedordanas.com\/#website\"},\"datePublished\":\"2022-12-29T08:56:03+00:00\",\"dateModified\":\"2022-12-29T08:56:03+00:00\",\"breadcrumb\":{\"@id\":\"https:\/\/www.prijedordanas.com\/?p=197573#breadcrumb\"},\"inLanguage\":\"en-US\",\"potentialAction\":[{\"@type\":\"ReadAction\",\"target\":[\"https:\/\/www.prijedordanas.com\/?p=197573\"]}]},{\"@type\":\"BreadcrumbList\",\"@id\":\"https:\/\/www.prijedordanas.com\/?p=197573#breadcrumb\",\"itemListElement\":[{\"@type\":\"ListItem\",\"position\":1,\"name\":\"Home\",\"item\":\"https:\/\/www.prijedordanas.com\/\"},{\"@type\":\"ListItem\",\"position\":2,\"name\":\"Goran Peji\u0107: Posljedice hap\u0161enja i postupka za ratne zlo\u010dine\"}]},{\"@type\":\"WebSite\",\"@id\":\"https:\/\/www.prijedordanas.com\/#website\",\"url\":\"https:\/\/www.prijedordanas.com\/\",\"name\":\"PrijedorDanas.com - Prijedorski gradski portal\",\"description\":\"Portal o doga\u0111anjima u gradu Prijedoru\",\"publisher\":{\"@id\":\"https:\/\/www.prijedordanas.com\/#organization\"},\"potentialAction\":[{\"@type\":\"SearchAction\",\"target\":{\"@type\":\"EntryPoint\",\"urlTemplate\":\"https:\/\/www.prijedordanas.com\/?s={search_term_string}\"},\"query-input\":\"required name=search_term_string\"}],\"inLanguage\":\"en-US\"},{\"@type\":\"Organization\",\"@id\":\"https:\/\/www.prijedordanas.com\/#organization\",\"name\":\"PrijedorDanas.com\",\"url\":\"https:\/\/www.prijedordanas.com\/\",\"logo\":{\"@type\":\"ImageObject\",\"inLanguage\":\"en-US\",\"@id\":\"https:\/\/www.prijedordanas.com\/#\/schema\/logo\/image\/\",\"url\":\"http:\/\/www.prijedordanas.com\/wp-content\/uploads\/2021\/12\/logopng.png\",\"contentUrl\":\"http:\/\/www.prijedordanas.com\/wp-content\/uploads\/2021\/12\/logopng.png\",\"width\":1019,\"height\":776,\"caption\":\"PrijedorDanas.com\"},\"image\":{\"@id\":\"https:\/\/www.prijedordanas.com\/#\/schema\/logo\/image\/\"},\"sameAs\":[\"https:\/\/www.facebook.com\/PrijedorDanasCom\/\"]},{\"@type\":\"Person\",\"@id\":\"https:\/\/www.prijedordanas.com\/#\/schema\/person\/4e08ccf29b506ca916ff86d46bb700e6\",\"name\":\"admin\",\"image\":{\"@type\":\"ImageObject\",\"inLanguage\":\"en-US\",\"@id\":\"https:\/\/www.prijedordanas.com\/#\/schema\/person\/image\/\",\"url\":\"https:\/\/secure.gravatar.com\/avatar\/1d3fc949d550f0b53a5f0d51e06dfd79?s=96&d=mm&r=g\",\"contentUrl\":\"https:\/\/secure.gravatar.com\/avatar\/1d3fc949d550f0b53a5f0d51e06dfd79?s=96&d=mm&r=g\",\"caption\":\"admin\"},\"url\":\"https:\/\/www.prijedordanas.com\/?author=1\"}]}<\/script>\n<!-- \/ Yoast SEO plugin. -->","yoast_head_json":{"title":"Goran Peji\u0107: Posljedice hap\u0161enja i postupka za ratne zlo\u010dine - PrijedorDanas.com - Prijedorski gradski portal","robots":{"index":"index","follow":"follow","max-snippet":"max-snippet:-1","max-image-preview":"max-image-preview:large","max-video-preview":"max-video-preview:-1"},"canonical":"https:\/\/www.prijedordanas.com\/?p=197573","og_locale":"en_US","og_type":"article","og_title":"Goran Peji\u0107: Posljedice hap\u0161enja i postupka za ratne zlo\u010dine - PrijedorDanas.com - Prijedorski gradski portal","og_description":"Na glavnoj raspravi po tu\u017ebi protiv Bosne i Hercegovine, Goran Peji\u0107, oslobo\u0111en optu\u017ebi za zlo\u010dine na podru\u010dju Prijedora, izjavio je kako je, prilikom hap\u0161enja, mislio da je u pitanju gre\u0161ka [&hellip;]","og_url":"https:\/\/www.prijedordanas.com\/?p=197573","og_site_name":"PrijedorDanas.com - Prijedorski gradski portal","article_publisher":"https:\/\/www.facebook.com\/PrijedorDanasCom\/","article_published_time":"2022-12-29T08:56:03+00:00","og_image":[{"url":"https:\/\/www.prijedordanas.com\/wp-content\/uploads\/2022\/12\/detektorba-sud-bih-300x225.jpg"}],"author":"admin","twitter_card":"summary_large_image","twitter_misc":{"Written by":"admin"},"schema":{"@context":"https:\/\/schema.org","@graph":[{"@type":"Article","@id":"https:\/\/www.prijedordanas.com\/?p=197573#article","isPartOf":{"@id":"https:\/\/www.prijedordanas.com\/?p=197573"},"author":{"name":"admin","@id":"https:\/\/www.prijedordanas.com\/#\/schema\/person\/4e08ccf29b506ca916ff86d46bb700e6"},"headline":"Goran Peji\u0107: Posljedice hap\u0161enja i postupka za ratne zlo\u010dine","datePublished":"2022-12-29T08:56:03+00:00","dateModified":"2022-12-29T08:56:03+00:00","mainEntityOfPage":{"@id":"https:\/\/www.prijedordanas.com\/?p=197573"},"wordCount":625,"publisher":{"@id":"https:\/\/www.prijedordanas.com\/#organization"},"articleSection":["Hronika"],"inLanguage":"en-US"},{"@type":"WebPage","@id":"https:\/\/www.prijedordanas.com\/?p=197573","url":"https:\/\/www.prijedordanas.com\/?p=197573","name":"Goran Peji\u0107: Posljedice hap\u0161enja i postupka za ratne zlo\u010dine - PrijedorDanas.com - Prijedorski gradski portal","isPartOf":{"@id":"https:\/\/www.prijedordanas.com\/#website"},"datePublished":"2022-12-29T08:56:03+00:00","dateModified":"2022-12-29T08:56:03+00:00","breadcrumb":{"@id":"https:\/\/www.prijedordanas.com\/?p=197573#breadcrumb"},"inLanguage":"en-US","potentialAction":[{"@type":"ReadAction","target":["https:\/\/www.prijedordanas.com\/?p=197573"]}]},{"@type":"BreadcrumbList","@id":"https:\/\/www.prijedordanas.com\/?p=197573#breadcrumb","itemListElement":[{"@type":"ListItem","position":1,"name":"Home","item":"https:\/\/www.prijedordanas.com\/"},{"@type":"ListItem","position":2,"name":"Goran Peji\u0107: Posljedice hap\u0161enja i postupka za ratne zlo\u010dine"}]},{"@type":"WebSite","@id":"https:\/\/www.prijedordanas.com\/#website","url":"https:\/\/www.prijedordanas.com\/","name":"PrijedorDanas.com - Prijedorski gradski portal","description":"Portal o doga\u0111anjima u gradu Prijedoru","publisher":{"@id":"https:\/\/www.prijedordanas.com\/#organization"},"potentialAction":[{"@type":"SearchAction","target":{"@type":"EntryPoint","urlTemplate":"https:\/\/www.prijedordanas.com\/?s={search_term_string}"},"query-input":"required name=search_term_string"}],"inLanguage":"en-US"},{"@type":"Organization","@id":"https:\/\/www.prijedordanas.com\/#organization","name":"PrijedorDanas.com","url":"https:\/\/www.prijedordanas.com\/","logo":{"@type":"ImageObject","inLanguage":"en-US","@id":"https:\/\/www.prijedordanas.com\/#\/schema\/logo\/image\/","url":"http:\/\/www.prijedordanas.com\/wp-content\/uploads\/2021\/12\/logopng.png","contentUrl":"http:\/\/www.prijedordanas.com\/wp-content\/uploads\/2021\/12\/logopng.png","width":1019,"height":776,"caption":"PrijedorDanas.com"},"image":{"@id":"https:\/\/www.prijedordanas.com\/#\/schema\/logo\/image\/"},"sameAs":["https:\/\/www.facebook.com\/PrijedorDanasCom\/"]},{"@type":"Person","@id":"https:\/\/www.prijedordanas.com\/#\/schema\/person\/4e08ccf29b506ca916ff86d46bb700e6","name":"admin","image":{"@type":"ImageObject","inLanguage":"en-US","@id":"https:\/\/www.prijedordanas.com\/#\/schema\/person\/image\/","url":"https:\/\/secure.gravatar.com\/avatar\/1d3fc949d550f0b53a5f0d51e06dfd79?s=96&d=mm&r=g","contentUrl":"https:\/\/secure.gravatar.com\/avatar\/1d3fc949d550f0b53a5f0d51e06dfd79?s=96&d=mm&r=g","caption":"admin"},"url":"https:\/\/www.prijedordanas.com\/?author=1"}]}},"_links":{"self":[{"href":"https:\/\/www.prijedordanas.com\/index.php?rest_route=\/wp\/v2\/posts\/197573"}],"collection":[{"href":"https:\/\/www.prijedordanas.com\/index.php?rest_route=\/wp\/v2\/posts"}],"about":[{"href":"https:\/\/www.prijedordanas.com\/index.php?rest_route=\/wp\/v2\/types\/post"}],"author":[{"embeddable":true,"href":"https:\/\/www.prijedordanas.com\/index.php?rest_route=\/wp\/v2\/users\/1"}],"replies":[{"embeddable":true,"href":"https:\/\/www.prijedordanas.com\/index.php?rest_route=%2Fwp%2Fv2%2Fcomments&post=197573"}],"version-history":[{"count":1,"href":"https:\/\/www.prijedordanas.com\/index.php?rest_route=\/wp\/v2\/posts\/197573\/revisions"}],"predecessor-version":[{"id":197575,"href":"https:\/\/www.prijedordanas.com\/index.php?rest_route=\/wp\/v2\/posts\/197573\/revisions\/197575"}],"wp:attachment":[{"href":"https:\/\/www.prijedordanas.com\/index.php?rest_route=%2Fwp%2Fv2%2Fmedia&parent=197573"}],"wp:term":[{"taxonomy":"category","embeddable":true,"href":"https:\/\/www.prijedordanas.com\/index.php?rest_route=%2Fwp%2Fv2%2Fcategories&post=197573"},{"taxonomy":"post_tag","embeddable":true,"href":"https:\/\/www.prijedordanas.com\/index.php?rest_route=%2Fwp%2Fv2%2Ftags&post=197573"}],"curies":[{"name":"wp","href":"https:\/\/api.w.org\/{rel}","templated":true}]}}